{"id":8580,"date":"2022-01-19T00:00:00","date_gmt":"2022-01-18T22:00:00","guid":{"rendered":"https:\/\/sfc.com\/espana-apuesta-por-el-turismo-cinematografico-para-impulsar-la-reactivacion-economica-del-sector\/"},"modified":"2025-02-11T08:06:48","modified_gmt":"2025-02-11T07:06:48","slug":"espana-apuesta-por-el-turismo-cinematografico-para-impulsar-la-reactivacion-economica-del-sector","status":"publish","type":"post","link":"https:\/\/spainfilmcommission.com\/en\/blog\/espana-apuesta-por-el-turismo-cinematografico-para-impulsar-la-reactivacion-economica-del-sector\/","title":{"rendered":"Espa\u00f1a apuesta por el Turismo Cinematogr\u00e1fico para impulsar la reactivaci\u00f3n econ\u00f3mica del sector"},"content":{"rendered":"<p style=\"text-align:justify;\">Visitas institucionales, rutas cinematogr\u00e1ficas para promocionar la actividad econ\u00f3mica y la visita de los Reyes marcan la agenda de la primera jornada de Fitur Screen 2022.<\/p>\n<p style=\"text-align:justify;\">El primer d\u00eda de Fitur Screen ha arrancado con la visita de Sus Majestades, que en el acto inaugural de Fitur 2022\u00a0 han podido visitar los diferentes stands del Pabell\u00f3n 8 de la mano del presidente de Spain Film Commission,\u00a0<strong>Carlos Rosado,<\/strong>\u00a0y su Secretario General,\u00a0<strong>Juan Manuel Guimerans<\/strong>. Tambi\u00e9n han conocido la apuesta estrat\u00e9gica de la red que conforman las diferentes Film Commissions y Film Offices espa\u00f1olas para impulsar el\u00a0<strong>Turismo Cinematogr\u00e1fico<\/strong>.<\/p>\n<p style=\"text-align:justify;\"><strong>Carlos Rosado<\/strong>\u00a0y\u00a0<strong>Ana Mu\u00f1oz<\/strong>, Subdirectora de Desarrollo y Sostenibilidad Tur\u00edstica de SETUR han inaugurado formalmente la cuarta edici\u00f3n de FITUR SCREEN. En la inauguraci\u00f3n, Rosado ha destacado el apoyo decisivo de la SETUR en 2019 cuando apost\u00f3 por esta idea novedosa en Espa\u00f1a que junto con la positiva visi\u00f3n de FITUR, vieron lo que supondr\u00eda el inicio de un recorrido para abrirse a nuevos campos.<\/p>\n<p style=\"text-align:justify;\"><strong>El p\u00fablico profesional ha tenido la oportunidad de conocer experiencias tur\u00edsticas<\/strong><\/p>\n<p style=\"text-align:justify;\">La primera sesi\u00f3n de Fitur Screen ha versado en torno al\u00a0<strong>Turismo de pantalla<\/strong>, que va m\u00e1s all\u00e1 del cine (videojuegos, animaci\u00f3n, publicidad, series&#8230;). Toda una serie de im\u00e1genes que nos inspiran a la hora de hacer turismo. La sesi\u00f3n ha estado guiada por Eusebio Alonso, investigador principal del grupo de investigaci\u00f3n reconocida de arquitectura y cine (GIRAC), un grupo de investigaci\u00f3n que tiene como objetivo mostrar las relaciones que se establecen entre cine y arquitectura. A la charla se han sumado sus colegas de GIRAC, Iv\u00e1n Rinc\u00f3n y Sara P\u00e9rez.<\/p>\n<p style=\"text-align:justify;\">La jornada ha continuado con la mesa redonda\u00a0<strong>Screen Grand Tour<\/strong>: experiencias tur\u00edsticas, conducida por\u00a0<strong>Juan Manuel Guimerans<\/strong>, secretario general de Spain Film Commission y con la presencia del\u00a0<strong>Rishabh Chopra<\/strong>, director general de producci\u00f3n de la compa\u00f1\u00eda\u00a0<strong>YashRaj Films<\/strong>.<\/p>\n<p style=\"text-align:justify;\">En Espa\u00f1a,\u00a0<strong>Rishabh Chopra<\/strong>\u00a0recomendar\u00eda localizaciones que tengan facilidades a nivel fiscal. Ha destacado que es &#8220;un momento en el que se espera un aumento de las producciones y recomienda la llegada de nuevos rodajes a la India en 2022&#8221;. Chopra ha explicado que se &#8220;est\u00e1 realizando un esfuerzo por conseguir llevar a cabo coproducciones con diferentes plataformas y se ha prometido rodar en Espa\u00f1a y comentar los resultados de la experiencia con la SFC&#8221;<\/p>\n<p style=\"text-align:justify;\">La sesi\u00f3n de tarde ha comenzado con la presentaci\u00f3n del\u00a0<strong>Parc Audiovisual de Catalunya<\/strong>,\u00a0<strong>Josep Forn I Cadafalch<\/strong>, Concejal de Econom\u00eda e Innovaci\u00f3n Universidades, Turismo y Proyectos Audiovisuales del Ajuntament de Terrassa, quien ha explicado que nos &#8220;encontramos en un momento de cambio, de digitalizaci\u00f3n pero que, en cualquier caso, hay que centrarse hacia d\u00f3nde queremos avanzar&#8221;<\/p>\n<p style=\"text-align:justify;\">A continuaci\u00f3n,\u00a0<strong>Andrea \u00c1lvarez<\/strong>, de La Rioja Film Commission ha coordinado una mesa redonda en la que han participado el realizador\u00a0<strong>Juanma Carrillo<\/strong>,\u00a0<strong>Joseba Casta\u00f1os<\/strong>, coordinador Acci\u00f3n Formativa Full Team y Franciso Quintero, coordinador Play La Rioja. \u00c1lvarez ha destacado &#8220;la necesidad de formaci\u00f3n en materia audiovisual&#8221;. Adem\u00e1s, Juanma Carrilo ha presentado el\u00a0<strong>nuevo spot de La Rioja Film Commission<\/strong>\u00a0que ha dirigido, con el que ha querido demostrar la cercan\u00eda y el cuidado de los detalles que ofrece este territorio.<\/p>\n<p style=\"text-align:justify;\">La primera jornada de Fitur Screen ha terminado con la presentaci\u00f3n de la\u00a0<strong>Valladolid Film Commission<\/strong>. La sesi\u00f3n ha contado con la presencia del alcalde de la ciudad,\u00a0<strong>\u00d3scar Puente,<\/strong>\u00a0el productor<strong>\u00a0Enrique L\u00f3pez Lavigne<\/strong>\u00a0y el vocalista de Hombres G,\u00a0<strong>David Summers\u00a0<\/strong>quienes han conversado sobre cine, turismo, rodajes y el impacto que en las ciudades puede tener la buena gesti\u00f3n de este tipo de proyectos.<\/p>\n<p style=\"text-align:justify;\">La jornada ha finalizado con la incorporaci\u00f3n de dos nuevos socios:\u00a0<strong>Pontevedra y Sevilla<\/strong>. La Presidente de la Diputaci\u00f3n de Pontevedra,\u00a0<strong>Carmela Silva<\/strong>, ha defendido que &#8220;la incorporaci\u00f3n de la provincia va a animar a asociarse a otros territorios en Galicia&#8221;. Por su parte, el Alcalde de Sevilla,\u00a0<strong>Antonio Mu\u00f1oz Mart\u00ednez<\/strong>\u00a0ha defendido que integrarse a Spain Film Commission es un gran paso para que &#8220;la ciudad se convierta en cuna de profesionales y escenario de numerosos rodajes&#8221;<\/p>\n","protected":false},"excerpt":{"rendered":"<p>Visitas institucionales, rutas cinematogr\u00e1ficas para promocionar la actividad econ\u00f3mica y la visita de los Reyes marcan la agenda de la primera jornada de Fitur Screen 2022. El primer d\u00eda de [&hellip;]<\/p>\n","protected":false},"author":2,"featured_media":8581,"comment_status":"closed","ping_status":"","sticky":false,"template":"","format":"standard","meta":{"footnotes":""},"categories":[38],"tags":[],"class_list":["post-8580","post","type-post","status-publish","format-standard","has-post-thumbnail","hentry","category-noticias"],"yoast_head":"<!-- This site is optimized with the Yoast SEO plugin v27.3 - https:\/\/yoast.com\/product\/yoast-seo-wordpress\/ -->\n<title>Espa\u00f1a apuesta por el Turismo Cinematogr\u00e1fico para impulsar la reactivaci\u00f3n econ\u00f3mica del sector - Spain Film Commission<\/title>\n<meta name=\"robots\" content=\"index, follow, max-snippet:-1, max-image-preview:large, max-video-preview:-1\" \/>\n<link rel=\"canonical\" href=\"https:\/\/spainfilmcommission.com\/en\/blog\/espana-apuesta-por-el-turismo-cinematografico-para-impulsar-la-reactivacion-economica-del-sector\/\" \/>\n<meta property=\"og:locale\" content=\"en_US\" \/>\n<meta property=\"og:type\" content=\"article\" \/>\n<meta property=\"og:title\" content=\"Espa\u00f1a apuesta por el Turismo Cinematogr\u00e1fico para impulsar la reactivaci\u00f3n econ\u00f3mica del sector - Spain Film Commission\" \/>\n<meta property=\"og:description\" content=\"Visitas institucionales, rutas cinematogr\u00e1ficas para promocionar la actividad econ\u00f3mica y la visita de los Reyes marcan la agenda de la primera jornada de Fitur Screen 2022. El primer d\u00eda de [&hellip;]\" \/>\n<meta property=\"og:url\" content=\"https:\/\/spainfilmcommission.com\/en\/blog\/espana-apuesta-por-el-turismo-cinematografico-para-impulsar-la-reactivacion-economica-del-sector\/\" \/>\n<meta property=\"og:site_name\" content=\"Spain Film Commission\" \/>\n<meta property=\"article:published_time\" content=\"2022-01-18T22:00:00+00:00\" \/>\n<meta property=\"article:modified_time\" content=\"2025-02-11T07:06:48+00:00\" \/>\n<meta property=\"og:image\" content=\"https:\/\/spainfilmcommission.com\/wp-content\/uploads\/2024\/11\/espana-apuesta-por-el-turismo-cinematografico-para-impulsar-la-reactivacion-economica-del-sector-247.jpg\" \/>\n\t<meta property=\"og:image:width\" content=\"1170\" \/>\n\t<meta property=\"og:image:height\" content=\"780\" \/>\n\t<meta property=\"og:image:type\" content=\"image\/jpeg\" \/>\n<meta name=\"author\" content=\"studio128k_dam\" \/>\n<meta name=\"twitter:card\" content=\"summary_large_image\" \/>\n<meta name=\"twitter:label1\" content=\"Written by\" \/>\n\t<meta name=\"twitter:data1\" content=\"studio128k_dam\" \/>\n\t<meta name=\"twitter:label2\" content=\"Est. reading time\" \/>\n\t<meta name=\"twitter:data2\" content=\"4 minutes\" \/>\n<script type=\"application\/ld+json\" class=\"yoast-schema-graph\">{\"@context\":\"https:\\\/\\\/schema.org\",\"@graph\":[{\"@type\":\"Article\",\"@id\":\"https:\\\/\\\/spainfilmcommission.com\\\/en\\\/blog\\\/espana-apuesta-por-el-turismo-cinematografico-para-impulsar-la-reactivacion-economica-del-sector\\\/#article\",\"isPartOf\":{\"@id\":\"https:\\\/\\\/spainfilmcommission.com\\\/en\\\/blog\\\/espana-apuesta-por-el-turismo-cinematografico-para-impulsar-la-reactivacion-economica-del-sector\\\/\"},\"author\":{\"name\":\"studio128k_dam\",\"@id\":\"https:\\\/\\\/spainfilmcommission.com\\\/en\\\/#\\\/schema\\\/person\\\/6c014ba6ceac198d178a6a9e61113c9d\"},\"headline\":\"Espa\u00f1a apuesta por el Turismo Cinematogr\u00e1fico para impulsar la reactivaci\u00f3n econ\u00f3mica del sector\",\"datePublished\":\"2022-01-18T22:00:00+00:00\",\"dateModified\":\"2025-02-11T07:06:48+00:00\",\"mainEntityOfPage\":{\"@id\":\"https:\\\/\\\/spainfilmcommission.com\\\/en\\\/blog\\\/espana-apuesta-por-el-turismo-cinematografico-para-impulsar-la-reactivacion-economica-del-sector\\\/\"},\"wordCount\":731,\"publisher\":{\"@id\":\"https:\\\/\\\/spainfilmcommission.com\\\/en\\\/#organization\"},\"image\":{\"@id\":\"https:\\\/\\\/spainfilmcommission.com\\\/en\\\/blog\\\/espana-apuesta-por-el-turismo-cinematografico-para-impulsar-la-reactivacion-economica-del-sector\\\/#primaryimage\"},\"thumbnailUrl\":\"https:\\\/\\\/spainfilmcommission.com\\\/wp-content\\\/uploads\\\/2024\\\/11\\\/espana-apuesta-por-el-turismo-cinematografico-para-impulsar-la-reactivacion-economica-del-sector-247.jpg\",\"articleSection\":[\"Noticias\"],\"inLanguage\":\"en-US\"},{\"@type\":\"WebPage\",\"@id\":\"https:\\\/\\\/spainfilmcommission.com\\\/en\\\/blog\\\/espana-apuesta-por-el-turismo-cinematografico-para-impulsar-la-reactivacion-economica-del-sector\\\/\",\"url\":\"https:\\\/\\\/spainfilmcommission.com\\\/en\\\/blog\\\/espana-apuesta-por-el-turismo-cinematografico-para-impulsar-la-reactivacion-economica-del-sector\\\/\",\"name\":\"Espa\u00f1a apuesta por el Turismo Cinematogr\u00e1fico para impulsar la reactivaci\u00f3n econ\u00f3mica del sector - Spain Film Commission\",\"isPartOf\":{\"@id\":\"https:\\\/\\\/spainfilmcommission.com\\\/en\\\/#website\"},\"primaryImageOfPage\":{\"@id\":\"https:\\\/\\\/spainfilmcommission.com\\\/en\\\/blog\\\/espana-apuesta-por-el-turismo-cinematografico-para-impulsar-la-reactivacion-economica-del-sector\\\/#primaryimage\"},\"image\":{\"@id\":\"https:\\\/\\\/spainfilmcommission.com\\\/en\\\/blog\\\/espana-apuesta-por-el-turismo-cinematografico-para-impulsar-la-reactivacion-economica-del-sector\\\/#primaryimage\"},\"thumbnailUrl\":\"https:\\\/\\\/spainfilmcommission.com\\\/wp-content\\\/uploads\\\/2024\\\/11\\\/espana-apuesta-por-el-turismo-cinematografico-para-impulsar-la-reactivacion-economica-del-sector-247.jpg\",\"datePublished\":\"2022-01-18T22:00:00+00:00\",\"dateModified\":\"2025-02-11T07:06:48+00:00\",\"breadcrumb\":{\"@id\":\"https:\\\/\\\/spainfilmcommission.com\\\/en\\\/blog\\\/espana-apuesta-por-el-turismo-cinematografico-para-impulsar-la-reactivacion-economica-del-sector\\\/#breadcrumb\"},\"inLanguage\":\"en-US\",\"potentialAction\":[{\"@type\":\"ReadAction\",\"target\":[\"https:\\\/\\\/spainfilmcommission.com\\\/en\\\/blog\\\/espana-apuesta-por-el-turismo-cinematografico-para-impulsar-la-reactivacion-economica-del-sector\\\/\"]}]},{\"@type\":\"ImageObject\",\"inLanguage\":\"en-US\",\"@id\":\"https:\\\/\\\/spainfilmcommission.com\\\/en\\\/blog\\\/espana-apuesta-por-el-turismo-cinematografico-para-impulsar-la-reactivacion-economica-del-sector\\\/#primaryimage\",\"url\":\"https:\\\/\\\/spainfilmcommission.com\\\/wp-content\\\/uploads\\\/2024\\\/11\\\/espana-apuesta-por-el-turismo-cinematografico-para-impulsar-la-reactivacion-economica-del-sector-247.jpg\",\"contentUrl\":\"https:\\\/\\\/spainfilmcommission.com\\\/wp-content\\\/uploads\\\/2024\\\/11\\\/espana-apuesta-por-el-turismo-cinematografico-para-impulsar-la-reactivacion-economica-del-sector-247.jpg\",\"width\":1170,\"height\":780},{\"@type\":\"BreadcrumbList\",\"@id\":\"https:\\\/\\\/spainfilmcommission.com\\\/en\\\/blog\\\/espana-apuesta-por-el-turismo-cinematografico-para-impulsar-la-reactivacion-economica-del-sector\\\/#breadcrumb\",\"itemListElement\":[{\"@type\":\"ListItem\",\"position\":1,\"name\":\"Portada\",\"item\":\"https:\\\/\\\/spainfilmcommission.com\\\/en\\\/\"},{\"@type\":\"ListItem\",\"position\":2,\"name\":\"Espa\u00f1a apuesta por el Turismo Cinematogr\u00e1fico para impulsar la reactivaci\u00f3n econ\u00f3mica del sector\"}]},{\"@type\":\"WebSite\",\"@id\":\"https:\\\/\\\/spainfilmcommission.com\\\/en\\\/#website\",\"url\":\"https:\\\/\\\/spainfilmcommission.com\\\/en\\\/\",\"name\":\"Spain Film Commission\",\"description\":\"\",\"publisher\":{\"@id\":\"https:\\\/\\\/spainfilmcommission.com\\\/en\\\/#organization\"},\"potentialAction\":[{\"@type\":\"SearchAction\",\"target\":{\"@type\":\"EntryPoint\",\"urlTemplate\":\"https:\\\/\\\/spainfilmcommission.com\\\/en\\\/?s={search_term_string}\"},\"query-input\":{\"@type\":\"PropertyValueSpecification\",\"valueRequired\":true,\"valueName\":\"search_term_string\"}}],\"inLanguage\":\"en-US\"},{\"@type\":\"Organization\",\"@id\":\"https:\\\/\\\/spainfilmcommission.com\\\/en\\\/#organization\",\"name\":\"Spain Film Commission\",\"url\":\"https:\\\/\\\/spainfilmcommission.com\\\/en\\\/\",\"logo\":{\"@type\":\"ImageObject\",\"inLanguage\":\"en-US\",\"@id\":\"https:\\\/\\\/spainfilmcommission.com\\\/en\\\/#\\\/schema\\\/logo\\\/image\\\/\",\"url\":\"https:\\\/\\\/spainfilmcommission.com\\\/wp-content\\\/uploads\\\/2024\\\/07\\\/SPC_COLOR.png\",\"contentUrl\":\"https:\\\/\\\/spainfilmcommission.com\\\/wp-content\\\/uploads\\\/2024\\\/07\\\/SPC_COLOR.png\",\"width\":1665,\"height\":1665,\"caption\":\"Spain Film Commission\"},\"image\":{\"@id\":\"https:\\\/\\\/spainfilmcommission.com\\\/en\\\/#\\\/schema\\\/logo\\\/image\\\/\"}},{\"@type\":\"Person\",\"@id\":\"https:\\\/\\\/spainfilmcommission.com\\\/en\\\/#\\\/schema\\\/person\\\/6c014ba6ceac198d178a6a9e61113c9d\",\"name\":\"studio128k_dam\",\"image\":{\"@type\":\"ImageObject\",\"inLanguage\":\"en-US\",\"@id\":\"https:\\\/\\\/secure.gravatar.com\\\/avatar\\\/810f99144a13522c24aa173f9cd8bf079d0e89758af00b5f2938443cd51b31e9?s=96&d=mm&r=g\",\"url\":\"https:\\\/\\\/secure.gravatar.com\\\/avatar\\\/810f99144a13522c24aa173f9cd8bf079d0e89758af00b5f2938443cd51b31e9?s=96&d=mm&r=g\",\"contentUrl\":\"https:\\\/\\\/secure.gravatar.com\\\/avatar\\\/810f99144a13522c24aa173f9cd8bf079d0e89758af00b5f2938443cd51b31e9?s=96&d=mm&r=g\",\"caption\":\"studio128k_dam\"}}]}<\/script>\n<!-- \/ Yoast SEO plugin. -->","yoast_head_json":{"title":"Espa\u00f1a apuesta por el Turismo Cinematogr\u00e1fico para impulsar la reactivaci\u00f3n econ\u00f3mica del sector - Spain Film Commission","robots":{"index":"index","follow":"follow","max-snippet":"max-snippet:-1","max-image-preview":"max-image-preview:large","max-video-preview":"max-video-preview:-1"},"canonical":"https:\/\/spainfilmcommission.com\/en\/blog\/espana-apuesta-por-el-turismo-cinematografico-para-impulsar-la-reactivacion-economica-del-sector\/","og_locale":"en_US","og_type":"article","og_title":"Espa\u00f1a apuesta por el Turismo Cinematogr\u00e1fico para impulsar la reactivaci\u00f3n econ\u00f3mica del sector - Spain Film Commission","og_description":"Visitas institucionales, rutas cinematogr\u00e1ficas para promocionar la actividad econ\u00f3mica y la visita de los Reyes marcan la agenda de la primera jornada de Fitur Screen 2022. El primer d\u00eda de [&hellip;]","og_url":"https:\/\/spainfilmcommission.com\/en\/blog\/espana-apuesta-por-el-turismo-cinematografico-para-impulsar-la-reactivacion-economica-del-sector\/","og_site_name":"Spain Film Commission","article_published_time":"2022-01-18T22:00:00+00:00","article_modified_time":"2025-02-11T07:06:48+00:00","og_image":[{"width":1170,"height":780,"url":"https:\/\/spainfilmcommission.com\/wp-content\/uploads\/2024\/11\/espana-apuesta-por-el-turismo-cinematografico-para-impulsar-la-reactivacion-economica-del-sector-247.jpg","type":"image\/jpeg"}],"author":"studio128k_dam","twitter_card":"summary_large_image","twitter_misc":{"Written by":"studio128k_dam","Est. reading time":"4 minutes"},"schema":{"@context":"https:\/\/schema.org","@graph":[{"@type":"Article","@id":"https:\/\/spainfilmcommission.com\/en\/blog\/espana-apuesta-por-el-turismo-cinematografico-para-impulsar-la-reactivacion-economica-del-sector\/#article","isPartOf":{"@id":"https:\/\/spainfilmcommission.com\/en\/blog\/espana-apuesta-por-el-turismo-cinematografico-para-impulsar-la-reactivacion-economica-del-sector\/"},"author":{"name":"studio128k_dam","@id":"https:\/\/spainfilmcommission.com\/en\/#\/schema\/person\/6c014ba6ceac198d178a6a9e61113c9d"},"headline":"Espa\u00f1a apuesta por el Turismo Cinematogr\u00e1fico para impulsar la reactivaci\u00f3n econ\u00f3mica del sector","datePublished":"2022-01-18T22:00:00+00:00","dateModified":"2025-02-11T07:06:48+00:00","mainEntityOfPage":{"@id":"https:\/\/spainfilmcommission.com\/en\/blog\/espana-apuesta-por-el-turismo-cinematografico-para-impulsar-la-reactivacion-economica-del-sector\/"},"wordCount":731,"publisher":{"@id":"https:\/\/spainfilmcommission.com\/en\/#organization"},"image":{"@id":"https:\/\/spainfilmcommission.com\/en\/blog\/espana-apuesta-por-el-turismo-cinematografico-para-impulsar-la-reactivacion-economica-del-sector\/#primaryimage"},"thumbnailUrl":"https:\/\/spainfilmcommission.com\/wp-content\/uploads\/2024\/11\/espana-apuesta-por-el-turismo-cinematografico-para-impulsar-la-reactivacion-economica-del-sector-247.jpg","articleSection":["Noticias"],"inLanguage":"en-US"},{"@type":"WebPage","@id":"https:\/\/spainfilmcommission.com\/en\/blog\/espana-apuesta-por-el-turismo-cinematografico-para-impulsar-la-reactivacion-economica-del-sector\/","url":"https:\/\/spainfilmcommission.com\/en\/blog\/espana-apuesta-por-el-turismo-cinematografico-para-impulsar-la-reactivacion-economica-del-sector\/","name":"Espa\u00f1a apuesta por el Turismo Cinematogr\u00e1fico para impulsar la reactivaci\u00f3n econ\u00f3mica del sector - Spain Film Commission","isPartOf":{"@id":"https:\/\/spainfilmcommission.com\/en\/#website"},"primaryImageOfPage":{"@id":"https:\/\/spainfilmcommission.com\/en\/blog\/espana-apuesta-por-el-turismo-cinematografico-para-impulsar-la-reactivacion-economica-del-sector\/#primaryimage"},"image":{"@id":"https:\/\/spainfilmcommission.com\/en\/blog\/espana-apuesta-por-el-turismo-cinematografico-para-impulsar-la-reactivacion-economica-del-sector\/#primaryimage"},"thumbnailUrl":"https:\/\/spainfilmcommission.com\/wp-content\/uploads\/2024\/11\/espana-apuesta-por-el-turismo-cinematografico-para-impulsar-la-reactivacion-economica-del-sector-247.jpg","datePublished":"2022-01-18T22:00:00+00:00","dateModified":"2025-02-11T07:06:48+00:00","breadcrumb":{"@id":"https:\/\/spainfilmcommission.com\/en\/blog\/espana-apuesta-por-el-turismo-cinematografico-para-impulsar-la-reactivacion-economica-del-sector\/#breadcrumb"},"inLanguage":"en-US","potentialAction":[{"@type":"ReadAction","target":["https:\/\/spainfilmcommission.com\/en\/blog\/espana-apuesta-por-el-turismo-cinematografico-para-impulsar-la-reactivacion-economica-del-sector\/"]}]},{"@type":"ImageObject","inLanguage":"en-US","@id":"https:\/\/spainfilmcommission.com\/en\/blog\/espana-apuesta-por-el-turismo-cinematografico-para-impulsar-la-reactivacion-economica-del-sector\/#primaryimage","url":"https:\/\/spainfilmcommission.com\/wp-content\/uploads\/2024\/11\/espana-apuesta-por-el-turismo-cinematografico-para-impulsar-la-reactivacion-economica-del-sector-247.jpg","contentUrl":"https:\/\/spainfilmcommission.com\/wp-content\/uploads\/2024\/11\/espana-apuesta-por-el-turismo-cinematografico-para-impulsar-la-reactivacion-economica-del-sector-247.jpg","width":1170,"height":780},{"@type":"BreadcrumbList","@id":"https:\/\/spainfilmcommission.com\/en\/blog\/espana-apuesta-por-el-turismo-cinematografico-para-impulsar-la-reactivacion-economica-del-sector\/#breadcrumb","itemListElement":[{"@type":"ListItem","position":1,"name":"Portada","item":"https:\/\/spainfilmcommission.com\/en\/"},{"@type":"ListItem","position":2,"name":"Espa\u00f1a apuesta por el Turismo Cinematogr\u00e1fico para impulsar la reactivaci\u00f3n econ\u00f3mica del sector"}]},{"@type":"WebSite","@id":"https:\/\/spainfilmcommission.com\/en\/#website","url":"https:\/\/spainfilmcommission.com\/en\/","name":"Spain Film Commission","description":"","publisher":{"@id":"https:\/\/spainfilmcommission.com\/en\/#organization"},"potentialAction":[{"@type":"SearchAction","target":{"@type":"EntryPoint","urlTemplate":"https:\/\/spainfilmcommission.com\/en\/?s={search_term_string}"},"query-input":{"@type":"PropertyValueSpecification","valueRequired":true,"valueName":"search_term_string"}}],"inLanguage":"en-US"},{"@type":"Organization","@id":"https:\/\/spainfilmcommission.com\/en\/#organization","name":"Spain Film Commission","url":"https:\/\/spainfilmcommission.com\/en\/","logo":{"@type":"ImageObject","inLanguage":"en-US","@id":"https:\/\/spainfilmcommission.com\/en\/#\/schema\/logo\/image\/","url":"https:\/\/spainfilmcommission.com\/wp-content\/uploads\/2024\/07\/SPC_COLOR.png","contentUrl":"https:\/\/spainfilmcommission.com\/wp-content\/uploads\/2024\/07\/SPC_COLOR.png","width":1665,"height":1665,"caption":"Spain Film Commission"},"image":{"@id":"https:\/\/spainfilmcommission.com\/en\/#\/schema\/logo\/image\/"}},{"@type":"Person","@id":"https:\/\/spainfilmcommission.com\/en\/#\/schema\/person\/6c014ba6ceac198d178a6a9e61113c9d","name":"studio128k_dam","image":{"@type":"ImageObject","inLanguage":"en-US","@id":"https:\/\/secure.gravatar.com\/avatar\/810f99144a13522c24aa173f9cd8bf079d0e89758af00b5f2938443cd51b31e9?s=96&d=mm&r=g","url":"https:\/\/secure.gravatar.com\/avatar\/810f99144a13522c24aa173f9cd8bf079d0e89758af00b5f2938443cd51b31e9?s=96&d=mm&r=g","contentUrl":"https:\/\/secure.gravatar.com\/avatar\/810f99144a13522c24aa173f9cd8bf079d0e89758af00b5f2938443cd51b31e9?s=96&d=mm&r=g","caption":"studio128k_dam"}}]}},"_links":{"self":[{"href":"https:\/\/spainfilmcommission.com\/en\/wp-json\/wp\/v2\/posts\/8580","targetHints":{"allow":["GET"]}}],"collection":[{"href":"https:\/\/spainfilmcommission.com\/en\/wp-json\/wp\/v2\/posts"}],"about":[{"href":"https:\/\/spainfilmcommission.com\/en\/wp-json\/wp\/v2\/types\/post"}],"author":[{"embeddable":true,"href":"https:\/\/spainfilmcommission.com\/en\/wp-json\/wp\/v2\/users\/2"}],"replies":[{"embeddable":true,"href":"https:\/\/spainfilmcommission.com\/en\/wp-json\/wp\/v2\/comments?post=8580"}],"version-history":[{"count":0,"href":"https:\/\/spainfilmcommission.com\/en\/wp-json\/wp\/v2\/posts\/8580\/revisions"}],"wp:featuredmedia":[{"embeddable":true,"href":"https:\/\/spainfilmcommission.com\/en\/wp-json\/wp\/v2\/media\/8581"}],"wp:attachment":[{"href":"https:\/\/spainfilmcommission.com\/en\/wp-json\/wp\/v2\/media?parent=8580"}],"wp:term":[{"taxonomy":"category","embeddable":true,"href":"https:\/\/spainfilmcommission.com\/en\/wp-json\/wp\/v2\/categories?post=8580"},{"taxonomy":"post_tag","embeddable":true,"href":"https:\/\/spainfilmcommission.com\/en\/wp-json\/wp\/v2\/tags?post=8580"}],"curies":[{"name":"wp","href":"https:\/\/api.w.org\/{rel}","templated":true}]}}