{"id":8577,"date":"2022-01-19T00:00:00","date_gmt":"2022-01-18T22:00:00","guid":{"rendered":"https:\/\/sfc.com\/los-reyes-de-espana-visitan-el-espacio-fitur-screen-2022\/"},"modified":"2025-02-11T08:06:48","modified_gmt":"2025-02-11T07:06:48","slug":"los-reyes-de-espana-visitan-el-espacio-fitur-screen-2022","status":"publish","type":"post","link":"https:\/\/spainfilmcommission.com\/en\/blog\/los-reyes-de-espana-visitan-el-espacio-fitur-screen-2022\/","title":{"rendered":"Los Reyes de Espa\u00f1a visitan el espacio Fitur Screen 2022"},"content":{"rendered":"<p dir=\"ltr\" style=\"font-size:12px;font-family:Arial, sans-serif;line-height:1.38;text-align:justify;margin-top:0pt;margin-bottom:0pt;padding:0pt 0pt 12pt;\"><span id=\"docs-internal-guid-da190955-7fff-f75d-80a9-dde3019b7c74\"><span style=\"font-size:12pt;font-family:Arial;color:rgb(0,0,0);background-color:transparent;vertical-align:baseline;white-space:pre-wrap;\">Los <\/span><span style=\"font-size:12pt;font-family:Arial;color:rgb(0,0,0);background-color:transparent;font-weight:700;vertical-align:baseline;white-space:pre-wrap;\">Reyes de Espa\u00f1a<\/span><span style=\"font-size:12pt;font-family:Arial;color:rgb(0,0,0);background-color:transparent;vertical-align:baseline;white-space:pre-wrap;\"> han visitado hoy, con motivo del acto inaugural de Fitur 2022,\u00a0 el espacio <\/span><span style=\"font-size:12pt;font-family:Arial;color:rgb(0,0,0);background-color:transparent;font-weight:700;vertical-align:baseline;white-space:pre-wrap;\">Fitur Screen,<\/span><span style=\"font-size:12pt;font-family:Arial;color:rgb(0,0,0);background-color:transparent;vertical-align:baseline;white-space:pre-wrap;\"> co-organizado conjuntamente por Spain Film Commission e Ifema-Madrid. El Presidente de Spain Film Commission, <\/span><span style=\"font-size:12pt;font-family:Arial;color:rgb(0,0,0);background-color:transparent;font-weight:700;font-style:italic;vertical-align:baseline;white-space:pre-wrap;\">Carlos Rosado,<\/span><span style=\"font-size:12pt;font-family:Arial;color:rgb(0,0,0);background-color:transparent;vertical-align:baseline;white-space:pre-wrap;\"> y su Secretario General, <\/span><span style=\"font-size:12pt;font-family:Arial;color:rgb(0,0,0);background-color:transparent;font-weight:700;font-style:italic;vertical-align:baseline;white-space:pre-wrap;\">Juan Manuel Guimerans,<\/span><span style=\"font-size:12pt;font-family:Arial;color:rgb(0,0,0);background-color:transparent;vertical-align:baseline;white-space:pre-wrap;\"> han acompa\u00f1ado a <em><strong>Don Felipe<\/strong><\/em> y a <strong><em>Do\u00f1a Letizia<\/em><\/strong> en su recorrido y han podido explicarles la apuesta estrat\u00e9gica de la red de Film Commissions y Film Offices espa\u00f1olas para impulsar el Turismo Cinematogr\u00e1fico como motor de reactivaci\u00f3n econ\u00f3mica del sector.\u00a0<\/span><\/span><\/p>\n<p dir=\"ltr\" style=\"font-size:12px;font-family:Arial, sans-serif;line-height:1.38;text-align:justify;margin-top:0pt;margin-bottom:0pt;padding:0pt 0pt 12pt;\"><span style=\"font-size:12pt;font-family:Arial;color:rgb(0,0,0);background-color:transparent;vertical-align:baseline;white-space:pre-wrap;\">Los Reyes han tenido la oportunidad de poder conocer in situ los proyectos y experiencias m\u00e1s innovadoras y punteras, sobre rutas cinematogr\u00e1ficas, llevadas a cabo, por<\/span><span style=\"font-size:12pt;font-family:Arial;color:rgb(0,0,0);background-color:transparent;font-weight:700;vertical-align:baseline;white-space:pre-wrap;\"> La Rioja Film Commission, Valladolid Film Commission, Madrid Film Office &#8211; Film Madrid, Zaragoza Film Office, Andaluc\u00eda Film Commission, Turisme Comunitat Valenciana, Castilla-La Mancha Film Commission, Cantabria Film Commission, Extremadura Film Commission (Extremadura audiovisual), y Terrassa Film Office &#8211; Parc Audiovisual de Catalunya.<\/span><\/p>\n<p dir=\"ltr\" style=\"font-size:12px;font-family:Arial, sans-serif;line-height:1.38;text-align:justify;margin-top:0pt;margin-bottom:0pt;padding:0pt 0pt 12pt;\"><span style=\"font-size:12pt;font-family:Arial;color:rgb(0,0,0);background-color:transparent;vertical-align:baseline;white-space:pre-wrap;\">Don Felipe y Do\u00f1a Letizia, que han expresado siempre su pasi\u00f3n por el s\u00e9ptimo arte, ponen de manifiesto con esta visita a Fitur Screen 2022 su compromiso con la industria audiovisual espa\u00f1ola y el posicionamiento\u00a0 de nuestro pa\u00eds como Hub Audiovisual Europeo m\u00e1s atractivo y competitivo.<\/span><\/p>\n<p dir=\"ltr\" style=\"font-size:12px;font-family:Arial, sans-serif;line-height:1.38;text-align:justify;margin-top:0pt;margin-bottom:0pt;\"><span style=\"font-size:12pt;font-family:Arial;color:rgb(0,0,0);background-color:transparent;font-weight:700;vertical-align:baseline;white-space:pre-wrap;\">Carlos Rosado<\/span><span style=\"font-size:12pt;font-family:Arial;color:rgb(0,0,0);background-color:transparent;vertical-align:baseline;white-space:pre-wrap;\"> ha trasladado a los Reyes el buen momento de la industria de los rodajes en Espa\u00f1a,\u00a0 que &#8220;<em>ha superado la crisis derivada de la pandemia, y que en nuestro pa\u00eds se rueda cada vez m\u00e1s, y las producciones son m\u00e1s ambiciosas, y reflejan el talento y la profesionalidad de nuestros equipos art\u00edsticos y t\u00e9cnicos<\/em>&#8221;.<\/span><\/p>\n<p dir=\"ltr\" style=\"font-size:12px;font-family:Arial, sans-serif;line-height:1.38;text-align:justify;margin-top:0pt;margin-bottom:0pt;\">\u00a0<\/p>\n<p dir=\"ltr\" style=\"font-size:12px;font-family:Arial, sans-serif;line-height:1.38;text-align:justify;margin-top:0pt;margin-bottom:0pt;\">\u00a0<\/p>\n<p dir=\"ltr\" style=\"font-size:12px;font-family:Arial, sans-serif;line-height:1.38;text-align:justify;margin-top:0pt;margin-bottom:0pt;\"><span style=\"font-size:12pt;font-family:Arial;color:rgb(0,0,0);background-color:transparent;vertical-align:baseline;white-space:pre-wrap;\">El Presidente de Spain Film Commission les ha recordado a Sus Majestades, que inauguraron Fitur Screen en su primera edici\u00f3n en 2018 y la evoluci\u00f3n durante estos cuatro a\u00f1os de la iniciativa con la puesta en marcha de <\/span><span style=\"font-size:12pt;font-family:Arial;color:rgb(0,0,0);background-color:transparent;font-weight:700;vertical-align:baseline;white-space:pre-wrap;\">Screen Grand Tour<\/span><span style=\"font-size:12pt;font-family:Arial;color:rgb(0,0,0);background-color:transparent;vertical-align:baseline;white-space:pre-wrap;\">, la ruta para conocer Espa\u00f1a siguiendo los lugares de rodaje de televisi\u00f3n, cine, series y otros productos audiovisuales rodados en el pa\u00eds.<\/span><\/p>\n<p dir=\"ltr\" style=\"font-size:12px;font-family:Arial, sans-serif;line-height:1.38;text-align:justify;margin-top:0pt;margin-bottom:0pt;\">\u00a0<\/p>\n<p dir=\"ltr\" style=\"font-size:12px;font-family:Arial, sans-serif;line-height:1.38;text-align:justify;margin-top:0pt;margin-bottom:0pt;\">\u00a0<\/p>\n<h3 style=\"font-family:Arial, sans-serif;font-weight:600;line-height:1.1;color:rgb(225,11,19);margin-top:20px;margin-bottom:10px;font-size:12px;text-transform:uppercase;\"><span style=\"font-size:16px;\">#SHOOTINGINSPAIN #YOURMOVIEYOURTRIP #FITURSCREEN2022<\/span><\/h3>\n<p dir=\"ltr\" style=\"font-size:12px;font-family:Arial, sans-serif;line-height:1.38;text-align:justify;margin-top:0pt;margin-bottom:0pt;\">\u00a0<\/p>\n","protected":false},"excerpt":{"rendered":"<p><strong style=\"font-family:Arial, sans-serif;font-size:12px;text-align:center;\"><span style=\"font-family:arial, helvetica, sans-serif;\">Don Felipe y Do\u00f1a Letizia han podido conocer in situ los proyectos y experiencias m\u00e1s innovadoras y punteras en Espa\u00f1a, sobre rutas cinematogr\u00e1ficas<\/span><\/strong><\/p>\n","protected":false},"author":2,"featured_media":8578,"comment_status":"closed","ping_status":"","sticky":false,"template":"","format":"standard","meta":{"footnotes":""},"categories":[38],"tags":[],"class_list":["post-8577","post","type-post","status-publish","format-standard","has-post-thumbnail","hentry","category-noticias"],"yoast_head":"<!-- This site is optimized with the Yoast SEO plugin v27.3 - https:\/\/yoast.com\/product\/yoast-seo-wordpress\/ -->\n<title>Los Reyes de Espa\u00f1a visitan el espacio Fitur Screen 2022 - Spain Film Commission<\/title>\n<meta name=\"robots\" content=\"index, follow, max-snippet:-1, max-image-preview:large, max-video-preview:-1\" \/>\n<link rel=\"canonical\" href=\"https:\/\/spainfilmcommission.com\/en\/blog\/los-reyes-de-espana-visitan-el-espacio-fitur-screen-2022\/\" \/>\n<meta property=\"og:locale\" content=\"en_US\" \/>\n<meta property=\"og:type\" content=\"article\" \/>\n<meta property=\"og:title\" content=\"Los Reyes de Espa\u00f1a visitan el espacio Fitur Screen 2022 - Spain Film Commission\" \/>\n<meta property=\"og:description\" content=\"Don Felipe y Do\u00f1a Letizia han podido conocer in situ los proyectos y experiencias m\u00e1s innovadoras y punteras en Espa\u00f1a, sobre rutas cinematogr\u00e1ficas\" \/>\n<meta property=\"og:url\" content=\"https:\/\/spainfilmcommission.com\/en\/blog\/los-reyes-de-espana-visitan-el-espacio-fitur-screen-2022\/\" \/>\n<meta property=\"og:site_name\" content=\"Spain Film Commission\" \/>\n<meta property=\"article:published_time\" content=\"2022-01-18T22:00:00+00:00\" \/>\n<meta property=\"article:modified_time\" content=\"2025-02-11T07:06:48+00:00\" \/>\n<meta property=\"og:image\" content=\"https:\/\/spainfilmcommission.com\/wp-content\/uploads\/2024\/11\/los-reyes-de-espana-visitan-el-espacio-fitur-screen-2022-246.jpeg\" \/>\n\t<meta property=\"og:image:width\" content=\"1170\" \/>\n\t<meta property=\"og:image:height\" content=\"820\" \/>\n\t<meta property=\"og:image:type\" content=\"image\/jpeg\" \/>\n<meta name=\"author\" content=\"studio128k_dam\" \/>\n<meta name=\"twitter:card\" content=\"summary_large_image\" \/>\n<meta name=\"twitter:label1\" content=\"Written by\" \/>\n\t<meta name=\"twitter:data1\" content=\"studio128k_dam\" \/>\n\t<meta name=\"twitter:label2\" content=\"Est. reading time\" \/>\n\t<meta name=\"twitter:data2\" content=\"2 minutes\" \/>\n<script type=\"application\/ld+json\" class=\"yoast-schema-graph\">{\"@context\":\"https:\\\/\\\/schema.org\",\"@graph\":[{\"@type\":\"Article\",\"@id\":\"https:\\\/\\\/spainfilmcommission.com\\\/en\\\/blog\\\/los-reyes-de-espana-visitan-el-espacio-fitur-screen-2022\\\/#article\",\"isPartOf\":{\"@id\":\"https:\\\/\\\/spainfilmcommission.com\\\/en\\\/blog\\\/los-reyes-de-espana-visitan-el-espacio-fitur-screen-2022\\\/\"},\"author\":{\"name\":\"studio128k_dam\",\"@id\":\"https:\\\/\\\/spainfilmcommission.com\\\/en\\\/#\\\/schema\\\/person\\\/6c014ba6ceac198d178a6a9e61113c9d\"},\"headline\":\"Los Reyes de Espa\u00f1a visitan el espacio Fitur Screen 2022\",\"datePublished\":\"2022-01-18T22:00:00+00:00\",\"dateModified\":\"2025-02-11T07:06:48+00:00\",\"mainEntityOfPage\":{\"@id\":\"https:\\\/\\\/spainfilmcommission.com\\\/en\\\/blog\\\/los-reyes-de-espana-visitan-el-espacio-fitur-screen-2022\\\/\"},\"wordCount\":356,\"publisher\":{\"@id\":\"https:\\\/\\\/spainfilmcommission.com\\\/en\\\/#organization\"},\"image\":{\"@id\":\"https:\\\/\\\/spainfilmcommission.com\\\/en\\\/blog\\\/los-reyes-de-espana-visitan-el-espacio-fitur-screen-2022\\\/#primaryimage\"},\"thumbnailUrl\":\"https:\\\/\\\/spainfilmcommission.com\\\/wp-content\\\/uploads\\\/2024\\\/11\\\/los-reyes-de-espana-visitan-el-espacio-fitur-screen-2022-246.jpeg\",\"articleSection\":[\"Noticias\"],\"inLanguage\":\"en-US\"},{\"@type\":\"WebPage\",\"@id\":\"https:\\\/\\\/spainfilmcommission.com\\\/en\\\/blog\\\/los-reyes-de-espana-visitan-el-espacio-fitur-screen-2022\\\/\",\"url\":\"https:\\\/\\\/spainfilmcommission.com\\\/en\\\/blog\\\/los-reyes-de-espana-visitan-el-espacio-fitur-screen-2022\\\/\",\"name\":\"Los Reyes de Espa\u00f1a visitan el espacio Fitur Screen 2022 - Spain Film Commission\",\"isPartOf\":{\"@id\":\"https:\\\/\\\/spainfilmcommission.com\\\/en\\\/#website\"},\"primaryImageOfPage\":{\"@id\":\"https:\\\/\\\/spainfilmcommission.com\\\/en\\\/blog\\\/los-reyes-de-espana-visitan-el-espacio-fitur-screen-2022\\\/#primaryimage\"},\"image\":{\"@id\":\"https:\\\/\\\/spainfilmcommission.com\\\/en\\\/blog\\\/los-reyes-de-espana-visitan-el-espacio-fitur-screen-2022\\\/#primaryimage\"},\"thumbnailUrl\":\"https:\\\/\\\/spainfilmcommission.com\\\/wp-content\\\/uploads\\\/2024\\\/11\\\/los-reyes-de-espana-visitan-el-espacio-fitur-screen-2022-246.jpeg\",\"datePublished\":\"2022-01-18T22:00:00+00:00\",\"dateModified\":\"2025-02-11T07:06:48+00:00\",\"breadcrumb\":{\"@id\":\"https:\\\/\\\/spainfilmcommission.com\\\/en\\\/blog\\\/los-reyes-de-espana-visitan-el-espacio-fitur-screen-2022\\\/#breadcrumb\"},\"inLanguage\":\"en-US\",\"potentialAction\":[{\"@type\":\"ReadAction\",\"target\":[\"https:\\\/\\\/spainfilmcommission.com\\\/en\\\/blog\\\/los-reyes-de-espana-visitan-el-espacio-fitur-screen-2022\\\/\"]}]},{\"@type\":\"ImageObject\",\"inLanguage\":\"en-US\",\"@id\":\"https:\\\/\\\/spainfilmcommission.com\\\/en\\\/blog\\\/los-reyes-de-espana-visitan-el-espacio-fitur-screen-2022\\\/#primaryimage\",\"url\":\"https:\\\/\\\/spainfilmcommission.com\\\/wp-content\\\/uploads\\\/2024\\\/11\\\/los-reyes-de-espana-visitan-el-espacio-fitur-screen-2022-246.jpeg\",\"contentUrl\":\"https:\\\/\\\/spainfilmcommission.com\\\/wp-content\\\/uploads\\\/2024\\\/11\\\/los-reyes-de-espana-visitan-el-espacio-fitur-screen-2022-246.jpeg\",\"width\":1170,\"height\":820},{\"@type\":\"BreadcrumbList\",\"@id\":\"https:\\\/\\\/spainfilmcommission.com\\\/en\\\/blog\\\/los-reyes-de-espana-visitan-el-espacio-fitur-screen-2022\\\/#breadcrumb\",\"itemListElement\":[{\"@type\":\"ListItem\",\"position\":1,\"name\":\"Portada\",\"item\":\"https:\\\/\\\/spainfilmcommission.com\\\/en\\\/\"},{\"@type\":\"ListItem\",\"position\":2,\"name\":\"Los Reyes de Espa\u00f1a visitan el espacio Fitur Screen 2022\"}]},{\"@type\":\"WebSite\",\"@id\":\"https:\\\/\\\/spainfilmcommission.com\\\/en\\\/#website\",\"url\":\"https:\\\/\\\/spainfilmcommission.com\\\/en\\\/\",\"name\":\"Spain Film Commission\",\"description\":\"\",\"publisher\":{\"@id\":\"https:\\\/\\\/spainfilmcommission.com\\\/en\\\/#organization\"},\"potentialAction\":[{\"@type\":\"SearchAction\",\"target\":{\"@type\":\"EntryPoint\",\"urlTemplate\":\"https:\\\/\\\/spainfilmcommission.com\\\/en\\\/?s={search_term_string}\"},\"query-input\":{\"@type\":\"PropertyValueSpecification\",\"valueRequired\":true,\"valueName\":\"search_term_string\"}}],\"inLanguage\":\"en-US\"},{\"@type\":\"Organization\",\"@id\":\"https:\\\/\\\/spainfilmcommission.com\\\/en\\\/#organization\",\"name\":\"Spain Film Commission\",\"url\":\"https:\\\/\\\/spainfilmcommission.com\\\/en\\\/\",\"logo\":{\"@type\":\"ImageObject\",\"inLanguage\":\"en-US\",\"@id\":\"https:\\\/\\\/spainfilmcommission.com\\\/en\\\/#\\\/schema\\\/logo\\\/image\\\/\",\"url\":\"https:\\\/\\\/spainfilmcommission.com\\\/wp-content\\\/uploads\\\/2024\\\/07\\\/SPC_COLOR.png\",\"contentUrl\":\"https:\\\/\\\/spainfilmcommission.com\\\/wp-content\\\/uploads\\\/2024\\\/07\\\/SPC_COLOR.png\",\"width\":1665,\"height\":1665,\"caption\":\"Spain Film Commission\"},\"image\":{\"@id\":\"https:\\\/\\\/spainfilmcommission.com\\\/en\\\/#\\\/schema\\\/logo\\\/image\\\/\"}},{\"@type\":\"Person\",\"@id\":\"https:\\\/\\\/spainfilmcommission.com\\\/en\\\/#\\\/schema\\\/person\\\/6c014ba6ceac198d178a6a9e61113c9d\",\"name\":\"studio128k_dam\",\"image\":{\"@type\":\"ImageObject\",\"inLanguage\":\"en-US\",\"@id\":\"https:\\\/\\\/secure.gravatar.com\\\/avatar\\\/810f99144a13522c24aa173f9cd8bf079d0e89758af00b5f2938443cd51b31e9?s=96&d=mm&r=g\",\"url\":\"https:\\\/\\\/secure.gravatar.com\\\/avatar\\\/810f99144a13522c24aa173f9cd8bf079d0e89758af00b5f2938443cd51b31e9?s=96&d=mm&r=g\",\"contentUrl\":\"https:\\\/\\\/secure.gravatar.com\\\/avatar\\\/810f99144a13522c24aa173f9cd8bf079d0e89758af00b5f2938443cd51b31e9?s=96&d=mm&r=g\",\"caption\":\"studio128k_dam\"}}]}<\/script>\n<!-- \/ Yoast SEO plugin. -->","yoast_head_json":{"title":"Los Reyes de Espa\u00f1a visitan el espacio Fitur Screen 2022 - Spain Film Commission","robots":{"index":"index","follow":"follow","max-snippet":"max-snippet:-1","max-image-preview":"max-image-preview:large","max-video-preview":"max-video-preview:-1"},"canonical":"https:\/\/spainfilmcommission.com\/en\/blog\/los-reyes-de-espana-visitan-el-espacio-fitur-screen-2022\/","og_locale":"en_US","og_type":"article","og_title":"Los Reyes de Espa\u00f1a visitan el espacio Fitur Screen 2022 - Spain Film Commission","og_description":"Don Felipe y Do\u00f1a Letizia han podido conocer in situ los proyectos y experiencias m\u00e1s innovadoras y punteras en Espa\u00f1a, sobre rutas cinematogr\u00e1ficas","og_url":"https:\/\/spainfilmcommission.com\/en\/blog\/los-reyes-de-espana-visitan-el-espacio-fitur-screen-2022\/","og_site_name":"Spain Film Commission","article_published_time":"2022-01-18T22:00:00+00:00","article_modified_time":"2025-02-11T07:06:48+00:00","og_image":[{"width":1170,"height":820,"url":"https:\/\/spainfilmcommission.com\/wp-content\/uploads\/2024\/11\/los-reyes-de-espana-visitan-el-espacio-fitur-screen-2022-246.jpeg","type":"image\/jpeg"}],"author":"studio128k_dam","twitter_card":"summary_large_image","twitter_misc":{"Written by":"studio128k_dam","Est. reading time":"2 minutes"},"schema":{"@context":"https:\/\/schema.org","@graph":[{"@type":"Article","@id":"https:\/\/spainfilmcommission.com\/en\/blog\/los-reyes-de-espana-visitan-el-espacio-fitur-screen-2022\/#article","isPartOf":{"@id":"https:\/\/spainfilmcommission.com\/en\/blog\/los-reyes-de-espana-visitan-el-espacio-fitur-screen-2022\/"},"author":{"name":"studio128k_dam","@id":"https:\/\/spainfilmcommission.com\/en\/#\/schema\/person\/6c014ba6ceac198d178a6a9e61113c9d"},"headline":"Los Reyes de Espa\u00f1a visitan el espacio Fitur Screen 2022","datePublished":"2022-01-18T22:00:00+00:00","dateModified":"2025-02-11T07:06:48+00:00","mainEntityOfPage":{"@id":"https:\/\/spainfilmcommission.com\/en\/blog\/los-reyes-de-espana-visitan-el-espacio-fitur-screen-2022\/"},"wordCount":356,"publisher":{"@id":"https:\/\/spainfilmcommission.com\/en\/#organization"},"image":{"@id":"https:\/\/spainfilmcommission.com\/en\/blog\/los-reyes-de-espana-visitan-el-espacio-fitur-screen-2022\/#primaryimage"},"thumbnailUrl":"https:\/\/spainfilmcommission.com\/wp-content\/uploads\/2024\/11\/los-reyes-de-espana-visitan-el-espacio-fitur-screen-2022-246.jpeg","articleSection":["Noticias"],"inLanguage":"en-US"},{"@type":"WebPage","@id":"https:\/\/spainfilmcommission.com\/en\/blog\/los-reyes-de-espana-visitan-el-espacio-fitur-screen-2022\/","url":"https:\/\/spainfilmcommission.com\/en\/blog\/los-reyes-de-espana-visitan-el-espacio-fitur-screen-2022\/","name":"Los Reyes de Espa\u00f1a visitan el espacio Fitur Screen 2022 - Spain Film Commission","isPartOf":{"@id":"https:\/\/spainfilmcommission.com\/en\/#website"},"primaryImageOfPage":{"@id":"https:\/\/spainfilmcommission.com\/en\/blog\/los-reyes-de-espana-visitan-el-espacio-fitur-screen-2022\/#primaryimage"},"image":{"@id":"https:\/\/spainfilmcommission.com\/en\/blog\/los-reyes-de-espana-visitan-el-espacio-fitur-screen-2022\/#primaryimage"},"thumbnailUrl":"https:\/\/spainfilmcommission.com\/wp-content\/uploads\/2024\/11\/los-reyes-de-espana-visitan-el-espacio-fitur-screen-2022-246.jpeg","datePublished":"2022-01-18T22:00:00+00:00","dateModified":"2025-02-11T07:06:48+00:00","breadcrumb":{"@id":"https:\/\/spainfilmcommission.com\/en\/blog\/los-reyes-de-espana-visitan-el-espacio-fitur-screen-2022\/#breadcrumb"},"inLanguage":"en-US","potentialAction":[{"@type":"ReadAction","target":["https:\/\/spainfilmcommission.com\/en\/blog\/los-reyes-de-espana-visitan-el-espacio-fitur-screen-2022\/"]}]},{"@type":"ImageObject","inLanguage":"en-US","@id":"https:\/\/spainfilmcommission.com\/en\/blog\/los-reyes-de-espana-visitan-el-espacio-fitur-screen-2022\/#primaryimage","url":"https:\/\/spainfilmcommission.com\/wp-content\/uploads\/2024\/11\/los-reyes-de-espana-visitan-el-espacio-fitur-screen-2022-246.jpeg","contentUrl":"https:\/\/spainfilmcommission.com\/wp-content\/uploads\/2024\/11\/los-reyes-de-espana-visitan-el-espacio-fitur-screen-2022-246.jpeg","width":1170,"height":820},{"@type":"BreadcrumbList","@id":"https:\/\/spainfilmcommission.com\/en\/blog\/los-reyes-de-espana-visitan-el-espacio-fitur-screen-2022\/#breadcrumb","itemListElement":[{"@type":"ListItem","position":1,"name":"Portada","item":"https:\/\/spainfilmcommission.com\/en\/"},{"@type":"ListItem","position":2,"name":"Los Reyes de Espa\u00f1a visitan el espacio Fitur Screen 2022"}]},{"@type":"WebSite","@id":"https:\/\/spainfilmcommission.com\/en\/#website","url":"https:\/\/spainfilmcommission.com\/en\/","name":"Spain Film Commission","description":"","publisher":{"@id":"https:\/\/spainfilmcommission.com\/en\/#organization"},"potentialAction":[{"@type":"SearchAction","target":{"@type":"EntryPoint","urlTemplate":"https:\/\/spainfilmcommission.com\/en\/?s={search_term_string}"},"query-input":{"@type":"PropertyValueSpecification","valueRequired":true,"valueName":"search_term_string"}}],"inLanguage":"en-US"},{"@type":"Organization","@id":"https:\/\/spainfilmcommission.com\/en\/#organization","name":"Spain Film Commission","url":"https:\/\/spainfilmcommission.com\/en\/","logo":{"@type":"ImageObject","inLanguage":"en-US","@id":"https:\/\/spainfilmcommission.com\/en\/#\/schema\/logo\/image\/","url":"https:\/\/spainfilmcommission.com\/wp-content\/uploads\/2024\/07\/SPC_COLOR.png","contentUrl":"https:\/\/spainfilmcommission.com\/wp-content\/uploads\/2024\/07\/SPC_COLOR.png","width":1665,"height":1665,"caption":"Spain Film Commission"},"image":{"@id":"https:\/\/spainfilmcommission.com\/en\/#\/schema\/logo\/image\/"}},{"@type":"Person","@id":"https:\/\/spainfilmcommission.com\/en\/#\/schema\/person\/6c014ba6ceac198d178a6a9e61113c9d","name":"studio128k_dam","image":{"@type":"ImageObject","inLanguage":"en-US","@id":"https:\/\/secure.gravatar.com\/avatar\/810f99144a13522c24aa173f9cd8bf079d0e89758af00b5f2938443cd51b31e9?s=96&d=mm&r=g","url":"https:\/\/secure.gravatar.com\/avatar\/810f99144a13522c24aa173f9cd8bf079d0e89758af00b5f2938443cd51b31e9?s=96&d=mm&r=g","contentUrl":"https:\/\/secure.gravatar.com\/avatar\/810f99144a13522c24aa173f9cd8bf079d0e89758af00b5f2938443cd51b31e9?s=96&d=mm&r=g","caption":"studio128k_dam"}}]}},"_links":{"self":[{"href":"https:\/\/spainfilmcommission.com\/en\/wp-json\/wp\/v2\/posts\/8577","targetHints":{"allow":["GET"]}}],"collection":[{"href":"https:\/\/spainfilmcommission.com\/en\/wp-json\/wp\/v2\/posts"}],"about":[{"href":"https:\/\/spainfilmcommission.com\/en\/wp-json\/wp\/v2\/types\/post"}],"author":[{"embeddable":true,"href":"https:\/\/spainfilmcommission.com\/en\/wp-json\/wp\/v2\/users\/2"}],"replies":[{"embeddable":true,"href":"https:\/\/spainfilmcommission.com\/en\/wp-json\/wp\/v2\/comments?post=8577"}],"version-history":[{"count":0,"href":"https:\/\/spainfilmcommission.com\/en\/wp-json\/wp\/v2\/posts\/8577\/revisions"}],"wp:featuredmedia":[{"embeddable":true,"href":"https:\/\/spainfilmcommission.com\/en\/wp-json\/wp\/v2\/media\/8578"}],"wp:attachment":[{"href":"https:\/\/spainfilmcommission.com\/en\/wp-json\/wp\/v2\/media?parent=8577"}],"wp:term":[{"taxonomy":"category","embeddable":true,"href":"https:\/\/spainfilmcommission.com\/en\/wp-json\/wp\/v2\/categories?post=8577"},{"taxonomy":"post_tag","embeddable":true,"href":"https:\/\/spainfilmcommission.com\/en\/wp-json\/wp\/v2\/tags?post=8577"}],"curies":[{"name":"wp","href":"https:\/\/api.w.org\/{rel}","templated":true}]}}