{"id":8514,"date":"2021-11-03T00:00:00","date_gmt":"2021-11-02T22:00:00","guid":{"rendered":"https:\/\/sfc.com\/el-gobierno-simplifica-el-procedimiento-de-entrada-y-permanencia-de-profesionales-extranjeros-del-sector-audiovisual\/"},"modified":"2025-02-11T08:06:48","modified_gmt":"2025-02-11T07:06:48","slug":"el-gobierno-simplifica-el-procedimiento-de-entrada-y-permanencia-de-profesionales-extranjeros-del-sector-audiovisual","status":"publish","type":"post","link":"https:\/\/spainfilmcommission.com\/en\/blog\/el-gobierno-simplifica-el-procedimiento-de-entrada-y-permanencia-de-profesionales-extranjeros-del-sector-audiovisual\/","title":{"rendered":"El  Gobierno simplifica el procedimiento de entrada y permanencia de profesionales extranjeros del sector audiovisual"},"content":{"rendered":"<p style=\"text-align:justify;\"><span style=\"font-size:14px;\">En el d\u00eda de ayer, el <a href=\"https:\/\/www.lamoncloa.gob.es\/consejodeministros\/Paginas\/index.aspx\" target=\"_blank\">Consejo de Ministros<\/a>\u00a0ha aprobado\u00a0las instrucciones que establecen un <a href=\"https:\/\/prensa.inclusion.gob.es\/WebPrensaInclusion\/noticias\/inmigracionemigracion\/detalle\/4136\" target=\"_blank\">nuevo procedimiento<\/a> de entrada y permanencia para los profesionales de terceros pa\u00edses que ejercen una actividad en el sector audiovisual, bajo el paraguas de la Ley 14\/2013, de 27 de septiembre, de apoyo a los emprendedores y su internacionalizaci\u00f3n.<\/span><\/p>\n<p style=\"text-align:justify;\"><span style=\"font-size:14px;\">Con esta iniciativa se avanza en el desarrollo del plan &#8220;<a href=\"https:\/\/www.lamoncloa.gob.es\/presidente\/actividades\/Documents\/2021\/240321-Plan_de_impulso_al_sector_audiovisual.pdf\" target=\"_blank\">Espa\u00f1a, Hub Audiovisual de Europa<\/a>&#8221;, incluido en el <a href=\"https:\/\/www.lamoncloa.gob.es\/temas\/fondos-recuperacion\/Documents\/30042021-Plan_Recuperacion_%20Transformacion_%20Resiliencia.pdf\" target=\"_blank\">Plan de Recuperaci\u00f3n, Transformaci\u00f3n y Resiliencia<\/a>, que recoge la necesidad de adoptar las medidas normativas necesarias para simplificar el procedimiento administrativo de autorizaciones y visados en este sector derivados del inter\u00e9s econ\u00f3mico de este sector.\u00a0<\/span><\/p>\n<p style=\"text-align:justify;\">\u00a0<\/p>\n<p style=\"text-align:justify;\"><span style=\"font-size:14px;\"><strong>Tres v\u00edas de entrada y permanencia para profesionales extranjeros que ejercen una actividad en el sector audiovisual<\/strong><\/span><\/p>\n<p style=\"text-align:justify;\"><span style=\"font-size:14px;\">Las instrucciones aprobadas ayer\u00a0en el Consejo de Ministros articulan tres v\u00edas de acceso y permanencia en Espa\u00f1a en funci\u00f3n del per\u00edodo de permanencia del profesional.<\/span><\/p>\n<p style=\"text-align:justify;\"><span style=\"font-size:14px;\">Una <strong>primera v\u00eda<\/strong> se establece para los profesionales del sector audiovisual que van a permanecer en Espa\u00f1a <strong>hasta 90 d\u00edas<\/strong> en cualquier per\u00edodo de 180 d\u00edas, que estar\u00e1n exceptuados de la obligaci\u00f3n de obtener una autorizaci\u00f3n de trabajo y un visado si proceden de aquellos pa\u00edses exentos de visado seg\u00fan la normativa comunitaria.<\/span><\/p>\n<p style=\"text-align:justify;\"><span style=\"font-size:14px;\">La <strong>segunda via<\/strong> est\u00e1 destinada a aquellos profesionales del sector audiovisual que van a permanecer en Espa\u00f1a <strong>m\u00e1s de 90 d\u00edas<\/strong>, hasta un m\u00e1ximo de 180 d\u00edas. En estos casos\u00a0los extranjeros podr\u00e1n obtener un visado que ser\u00e1 suficiente para permanecer y ejercer su actividad en Espa\u00f1a durante su vigencia. Adem\u00e1s, se prev\u00e9 que aquellos extranjeros que inicialmente hubieran venido a Espa\u00f1a por un periodo de 90 d\u00edas de estancia en cualquier periodo de 180 d\u00edas puedan, excepcionalmente, solicitar una autorizaci\u00f3n de estancia para el sector audiovisual por un plazo m\u00e1ximo de 180 d\u00edas.<\/span><\/p>\n<p style=\"text-align:justify;\"><span style=\"font-size:14px;\">Por \u00faltimo, para la\u00a0<strong>tercera via;<\/strong>\u00a0se desarrolla una autorizaci\u00f3n de residencia configurada como un permiso \u00fanico para aquellos extranjeros que van a residir y trabajar en el sector audiovisual <strong>m\u00e1s de 180 d\u00edas.<\/strong><\/span><\/p>\n<p style=\"text-align:justify;\"><span style=\"font-size:14px;\">Para estas tres v\u00edas de entrada y permanencia, se habilita la posibilidad de que los artistas o profesionales puedan permanecer en Espa\u00f1a con sus familiares directos, un elemento clave para muchos artistas.<\/span><\/p>\n<p style=\"text-align:justify;\"><span style=\"font-size:14px;\">Este nuevo procedimiento tambi\u00e9n permite a los artistas o profesionales menores de edad llegar a Espa\u00f1a y ejercer su actividad en el sector audiovisual acompa\u00f1ados de sus padres, en aras de preservar el inter\u00e9s del menor.<\/span><\/p>\n<p style=\"text-align:justify;\">\u00a0<\/p>\n<p style=\"text-align:justify;\"><span style=\"font-size:14px;\"><strong>Ampliaci\u00f3n del concepto de profesional del sector audiovisual<\/strong><\/span><\/p>\n<p style=\"text-align:justify;\"><span style=\"font-size:14px;\">Otro elemento destacado de este nuevo procedimiento es que ampl\u00eda el concepto de profesional del sector audiovisual, incluyendo no s\u00f3lo al artista de reconocido prestigio, sino tambi\u00e9n <strong>a todos los profesionales que hacen posible que se desarrolle la actividad como por ejemplo core\u00f3grafos, directores, productores, etc.<\/strong><\/span><\/p>\n<p style=\"text-align:justify;\"><span style=\"font-size:14px;\">De este nuevo procedimiento se beneficiar\u00e1n empresas del sector audiovisual que engloban una amplia gama de contenidos tanto tradicionales,\u00a0como del entorno digital multimedia e interactivo, como el desarrollo de software,\u00a0videojuegos\u00a0y los contenidos transmedia o los que incorporan experiencias inmersivas, as\u00ed como aquellas que desarrollan actividades art\u00edsticas realizadas ante el p\u00fablico y difundidas a trav\u00e9s de medios de comunicaci\u00f3n masivos.<\/span><\/p>\n<p style=\"text-align:justify;\"><span style=\"font-size:14px;\">Esta flexibilidad no solo favorecer\u00e1 a que producciones internacionales vengan a Espa\u00f1a, sino que facilitar\u00e1 que las producciones locales (100% espa\u00f1olas) puedan tambi\u00e9n hacer coproducciones internacionales con menos dificultades administrativas.<\/span><\/p>\n<p>\u00a0<\/p>\n<h3 style=\"font-weight:600;line-height:1.1;font-family:Arial, sans-serif;color:rgb(225,11,19);margin-top:20px;margin-bottom:10px;font-size:12px;text-transform:uppercase;\"><span style=\"font-size:14px;\">#SHOOTINGINSPAIN\u00a0<span style=\"font-family:'Fira Sans', sans-serif;\">#SAFESHOOTING<\/span><\/span><\/h3>\n<h3 style=\"font-weight:600;line-height:1.1;font-family:Arial, sans-serif;color:rgb(225,11,19);margin-top:20px;margin-bottom:10px;font-size:12px;text-transform:uppercase;\"><span style=\"font-size:14px;\"><span style=\"font-family:'Fira Sans', sans-serif;\">#SPAINAVHUB #SPAINAUDIOVISUALHUB<\/span><\/span><\/h3>\n<h3 style=\"font-weight:600;line-height:1.1;font-family:Arial, sans-serif;color:rgb(225,11,19);margin-top:20px;margin-bottom:10px;font-size:12px;text-transform:uppercase;\"><span style=\"font-size:14px;\"><span style=\"font-family:'Fira Sans', sans-serif;\">&#8291;#SFC20ANNIVERSARY\u00a0<\/span><span style=\"font-family:'Fira Sans', sans-serif;\">#RUEDAENESPA\u00d1A<\/span><\/span><\/h3>\n<p><span style=\"font-family:'Fira Sans', sans-serif;font-size:14px;color:rgb(225,11,19);font-weight:600;text-transform:uppercase;\">\u00a0<\/span><\/p>\n<p style=\"margin:0px 0px 15px;font-size:14px;line-height:1.5em;text-align:justify;font-family:'Fira Sans', sans-serif;\">\u00a0<\/p>\n<p><img src='https:\/\/spainfilmcommission.com\/\/wp-content\/uploads\/2021\/11\/espana-hub-audiovisual-el-gobierno-simplifica-el-procedimiento-de-entrada-y-permanencia-de-profesionales-extranjeros-del-sector-audiovisual1-236.jpg' alt='Imagen relacionada'><img src='https:\/\/spainfilmcommission.com\/\/wp-content\/uploads\/2021\/11\/espana-hub-audiovisual-el-gobierno-simplifica-el-procedimiento-de-entrada-y-permanencia-de-profesionales-extranjeros-del-sector-audiovisual2-236.jpg' alt='Imagen relacionada'><\/p>\n","protected":false},"excerpt":{"rendered":"<p>En el d\u00eda de ayer, el Consejo de Ministros\u00a0ha aprobado\u00a0las instrucciones que establecen un nuevo procedimiento de entrada y permanencia para los profesionales de terceros pa\u00edses que ejercen una actividad [&hellip;]<\/p>\n","protected":false},"author":2,"featured_media":8515,"comment_status":"closed","ping_status":"","sticky":false,"template":"","format":"standard","meta":{"footnotes":""},"categories":[38],"tags":[],"class_list":["post-8514","post","type-post","status-publish","format-standard","has-post-thumbnail","hentry","category-noticias"],"yoast_head":"<!-- This site is optimized with the Yoast SEO plugin v27.3 - https:\/\/yoast.com\/product\/yoast-seo-wordpress\/ -->\n<title>El Gobierno simplifica el procedimiento de entrada y permanencia de profesionales extranjeros del sector audiovisual - Spain Film Commission<\/title>\n<meta name=\"robots\" content=\"index, follow, max-snippet:-1, max-image-preview:large, max-video-preview:-1\" \/>\n<link rel=\"canonical\" href=\"https:\/\/spainfilmcommission.com\/en\/blog\/el-gobierno-simplifica-el-procedimiento-de-entrada-y-permanencia-de-profesionales-extranjeros-del-sector-audiovisual\/\" \/>\n<meta property=\"og:locale\" content=\"en_US\" \/>\n<meta property=\"og:type\" content=\"article\" \/>\n<meta property=\"og:title\" content=\"El Gobierno simplifica el procedimiento de entrada y permanencia de profesionales extranjeros del sector audiovisual - Spain Film Commission\" \/>\n<meta property=\"og:description\" content=\"En el d\u00eda de ayer, el Consejo de Ministros\u00a0ha aprobado\u00a0las instrucciones que establecen un nuevo procedimiento de entrada y permanencia para los profesionales de terceros pa\u00edses que ejercen una actividad [&hellip;]\" \/>\n<meta property=\"og:url\" content=\"https:\/\/spainfilmcommission.com\/en\/blog\/el-gobierno-simplifica-el-procedimiento-de-entrada-y-permanencia-de-profesionales-extranjeros-del-sector-audiovisual\/\" \/>\n<meta property=\"og:site_name\" content=\"Spain Film Commission\" \/>\n<meta property=\"article:published_time\" content=\"2021-11-02T22:00:00+00:00\" \/>\n<meta property=\"article:modified_time\" content=\"2025-02-11T07:06:48+00:00\" \/>\n<meta property=\"og:image\" content=\"https:\/\/spainfilmcommission.com\/wp-content\/uploads\/2021\/11\/espana-hub-audiovisual-el-gobierno-simplifica-el-procedimiento-de-entrada-y-permanencia-de-profesionales-extranjeros-del-sector-audiovisual-236.jpg\" \/>\n\t<meta property=\"og:image:width\" content=\"1170\" \/>\n\t<meta property=\"og:image:height\" content=\"780\" \/>\n\t<meta property=\"og:image:type\" content=\"image\/jpeg\" \/>\n<meta name=\"author\" content=\"studio128k_dam\" \/>\n<meta name=\"twitter:card\" content=\"summary_large_image\" \/>\n<meta name=\"twitter:label1\" content=\"Written by\" \/>\n\t<meta name=\"twitter:data1\" content=\"studio128k_dam\" \/>\n\t<meta name=\"twitter:label2\" content=\"Est. reading time\" \/>\n\t<meta name=\"twitter:data2\" content=\"3 minutes\" \/>\n<script type=\"application\/ld+json\" class=\"yoast-schema-graph\">{\"@context\":\"https:\\\/\\\/schema.org\",\"@graph\":[{\"@type\":\"Article\",\"@id\":\"https:\\\/\\\/spainfilmcommission.com\\\/en\\\/blog\\\/el-gobierno-simplifica-el-procedimiento-de-entrada-y-permanencia-de-profesionales-extranjeros-del-sector-audiovisual\\\/#article\",\"isPartOf\":{\"@id\":\"https:\\\/\\\/spainfilmcommission.com\\\/en\\\/blog\\\/el-gobierno-simplifica-el-procedimiento-de-entrada-y-permanencia-de-profesionales-extranjeros-del-sector-audiovisual\\\/\"},\"author\":{\"name\":\"studio128k_dam\",\"@id\":\"https:\\\/\\\/spainfilmcommission.com\\\/en\\\/#\\\/schema\\\/person\\\/6c014ba6ceac198d178a6a9e61113c9d\"},\"headline\":\"El Gobierno simplifica el procedimiento de entrada y permanencia de profesionales extranjeros del sector audiovisual\",\"datePublished\":\"2021-11-02T22:00:00+00:00\",\"dateModified\":\"2025-02-11T07:06:48+00:00\",\"mainEntityOfPage\":{\"@id\":\"https:\\\/\\\/spainfilmcommission.com\\\/en\\\/blog\\\/el-gobierno-simplifica-el-procedimiento-de-entrada-y-permanencia-de-profesionales-extranjeros-del-sector-audiovisual\\\/\"},\"wordCount\":617,\"publisher\":{\"@id\":\"https:\\\/\\\/spainfilmcommission.com\\\/en\\\/#organization\"},\"image\":{\"@id\":\"https:\\\/\\\/spainfilmcommission.com\\\/en\\\/blog\\\/el-gobierno-simplifica-el-procedimiento-de-entrada-y-permanencia-de-profesionales-extranjeros-del-sector-audiovisual\\\/#primaryimage\"},\"thumbnailUrl\":\"https:\\\/\\\/spainfilmcommission.com\\\/wp-content\\\/uploads\\\/2021\\\/11\\\/espana-hub-audiovisual-el-gobierno-simplifica-el-procedimiento-de-entrada-y-permanencia-de-profesionales-extranjeros-del-sector-audiovisual-236.jpg\",\"articleSection\":[\"Noticias\"],\"inLanguage\":\"en-US\"},{\"@type\":\"WebPage\",\"@id\":\"https:\\\/\\\/spainfilmcommission.com\\\/en\\\/blog\\\/el-gobierno-simplifica-el-procedimiento-de-entrada-y-permanencia-de-profesionales-extranjeros-del-sector-audiovisual\\\/\",\"url\":\"https:\\\/\\\/spainfilmcommission.com\\\/en\\\/blog\\\/el-gobierno-simplifica-el-procedimiento-de-entrada-y-permanencia-de-profesionales-extranjeros-del-sector-audiovisual\\\/\",\"name\":\"El Gobierno simplifica el procedimiento de entrada y permanencia de profesionales extranjeros del sector audiovisual - Spain Film Commission\",\"isPartOf\":{\"@id\":\"https:\\\/\\\/spainfilmcommission.com\\\/en\\\/#website\"},\"primaryImageOfPage\":{\"@id\":\"https:\\\/\\\/spainfilmcommission.com\\\/en\\\/blog\\\/el-gobierno-simplifica-el-procedimiento-de-entrada-y-permanencia-de-profesionales-extranjeros-del-sector-audiovisual\\\/#primaryimage\"},\"image\":{\"@id\":\"https:\\\/\\\/spainfilmcommission.com\\\/en\\\/blog\\\/el-gobierno-simplifica-el-procedimiento-de-entrada-y-permanencia-de-profesionales-extranjeros-del-sector-audiovisual\\\/#primaryimage\"},\"thumbnailUrl\":\"https:\\\/\\\/spainfilmcommission.com\\\/wp-content\\\/uploads\\\/2021\\\/11\\\/espana-hub-audiovisual-el-gobierno-simplifica-el-procedimiento-de-entrada-y-permanencia-de-profesionales-extranjeros-del-sector-audiovisual-236.jpg\",\"datePublished\":\"2021-11-02T22:00:00+00:00\",\"dateModified\":\"2025-02-11T07:06:48+00:00\",\"breadcrumb\":{\"@id\":\"https:\\\/\\\/spainfilmcommission.com\\\/en\\\/blog\\\/el-gobierno-simplifica-el-procedimiento-de-entrada-y-permanencia-de-profesionales-extranjeros-del-sector-audiovisual\\\/#breadcrumb\"},\"inLanguage\":\"en-US\",\"potentialAction\":[{\"@type\":\"ReadAction\",\"target\":[\"https:\\\/\\\/spainfilmcommission.com\\\/en\\\/blog\\\/el-gobierno-simplifica-el-procedimiento-de-entrada-y-permanencia-de-profesionales-extranjeros-del-sector-audiovisual\\\/\"]}]},{\"@type\":\"ImageObject\",\"inLanguage\":\"en-US\",\"@id\":\"https:\\\/\\\/spainfilmcommission.com\\\/en\\\/blog\\\/el-gobierno-simplifica-el-procedimiento-de-entrada-y-permanencia-de-profesionales-extranjeros-del-sector-audiovisual\\\/#primaryimage\",\"url\":\"https:\\\/\\\/spainfilmcommission.com\\\/wp-content\\\/uploads\\\/2021\\\/11\\\/espana-hub-audiovisual-el-gobierno-simplifica-el-procedimiento-de-entrada-y-permanencia-de-profesionales-extranjeros-del-sector-audiovisual-236.jpg\",\"contentUrl\":\"https:\\\/\\\/spainfilmcommission.com\\\/wp-content\\\/uploads\\\/2021\\\/11\\\/espana-hub-audiovisual-el-gobierno-simplifica-el-procedimiento-de-entrada-y-permanencia-de-profesionales-extranjeros-del-sector-audiovisual-236.jpg\",\"width\":1170,\"height\":780},{\"@type\":\"BreadcrumbList\",\"@id\":\"https:\\\/\\\/spainfilmcommission.com\\\/en\\\/blog\\\/el-gobierno-simplifica-el-procedimiento-de-entrada-y-permanencia-de-profesionales-extranjeros-del-sector-audiovisual\\\/#breadcrumb\",\"itemListElement\":[{\"@type\":\"ListItem\",\"position\":1,\"name\":\"Portada\",\"item\":\"https:\\\/\\\/spainfilmcommission.com\\\/en\\\/\"},{\"@type\":\"ListItem\",\"position\":2,\"name\":\"El Gobierno simplifica el procedimiento de entrada y permanencia de profesionales extranjeros del sector audiovisual\"}]},{\"@type\":\"WebSite\",\"@id\":\"https:\\\/\\\/spainfilmcommission.com\\\/en\\\/#website\",\"url\":\"https:\\\/\\\/spainfilmcommission.com\\\/en\\\/\",\"name\":\"Spain Film Commission\",\"description\":\"\",\"publisher\":{\"@id\":\"https:\\\/\\\/spainfilmcommission.com\\\/en\\\/#organization\"},\"potentialAction\":[{\"@type\":\"SearchAction\",\"target\":{\"@type\":\"EntryPoint\",\"urlTemplate\":\"https:\\\/\\\/spainfilmcommission.com\\\/en\\\/?s={search_term_string}\"},\"query-input\":{\"@type\":\"PropertyValueSpecification\",\"valueRequired\":true,\"valueName\":\"search_term_string\"}}],\"inLanguage\":\"en-US\"},{\"@type\":\"Organization\",\"@id\":\"https:\\\/\\\/spainfilmcommission.com\\\/en\\\/#organization\",\"name\":\"Spain Film Commission\",\"url\":\"https:\\\/\\\/spainfilmcommission.com\\\/en\\\/\",\"logo\":{\"@type\":\"ImageObject\",\"inLanguage\":\"en-US\",\"@id\":\"https:\\\/\\\/spainfilmcommission.com\\\/en\\\/#\\\/schema\\\/logo\\\/image\\\/\",\"url\":\"https:\\\/\\\/spainfilmcommission.com\\\/wp-content\\\/uploads\\\/2024\\\/07\\\/SPC_COLOR.png\",\"contentUrl\":\"https:\\\/\\\/spainfilmcommission.com\\\/wp-content\\\/uploads\\\/2024\\\/07\\\/SPC_COLOR.png\",\"width\":1665,\"height\":1665,\"caption\":\"Spain Film Commission\"},\"image\":{\"@id\":\"https:\\\/\\\/spainfilmcommission.com\\\/en\\\/#\\\/schema\\\/logo\\\/image\\\/\"}},{\"@type\":\"Person\",\"@id\":\"https:\\\/\\\/spainfilmcommission.com\\\/en\\\/#\\\/schema\\\/person\\\/6c014ba6ceac198d178a6a9e61113c9d\",\"name\":\"studio128k_dam\",\"image\":{\"@type\":\"ImageObject\",\"inLanguage\":\"en-US\",\"@id\":\"https:\\\/\\\/secure.gravatar.com\\\/avatar\\\/810f99144a13522c24aa173f9cd8bf079d0e89758af00b5f2938443cd51b31e9?s=96&d=mm&r=g\",\"url\":\"https:\\\/\\\/secure.gravatar.com\\\/avatar\\\/810f99144a13522c24aa173f9cd8bf079d0e89758af00b5f2938443cd51b31e9?s=96&d=mm&r=g\",\"contentUrl\":\"https:\\\/\\\/secure.gravatar.com\\\/avatar\\\/810f99144a13522c24aa173f9cd8bf079d0e89758af00b5f2938443cd51b31e9?s=96&d=mm&r=g\",\"caption\":\"studio128k_dam\"}}]}<\/script>\n<!-- \/ Yoast SEO plugin. -->","yoast_head_json":{"title":"El Gobierno simplifica el procedimiento de entrada y permanencia de profesionales extranjeros del sector audiovisual - Spain Film Commission","robots":{"index":"index","follow":"follow","max-snippet":"max-snippet:-1","max-image-preview":"max-image-preview:large","max-video-preview":"max-video-preview:-1"},"canonical":"https:\/\/spainfilmcommission.com\/en\/blog\/el-gobierno-simplifica-el-procedimiento-de-entrada-y-permanencia-de-profesionales-extranjeros-del-sector-audiovisual\/","og_locale":"en_US","og_type":"article","og_title":"El Gobierno simplifica el procedimiento de entrada y permanencia de profesionales extranjeros del sector audiovisual - Spain Film Commission","og_description":"En el d\u00eda de ayer, el Consejo de Ministros\u00a0ha aprobado\u00a0las instrucciones que establecen un nuevo procedimiento de entrada y permanencia para los profesionales de terceros pa\u00edses que ejercen una actividad [&hellip;]","og_url":"https:\/\/spainfilmcommission.com\/en\/blog\/el-gobierno-simplifica-el-procedimiento-de-entrada-y-permanencia-de-profesionales-extranjeros-del-sector-audiovisual\/","og_site_name":"Spain Film Commission","article_published_time":"2021-11-02T22:00:00+00:00","article_modified_time":"2025-02-11T07:06:48+00:00","og_image":[{"width":1170,"height":780,"url":"https:\/\/spainfilmcommission.com\/wp-content\/uploads\/2021\/11\/espana-hub-audiovisual-el-gobierno-simplifica-el-procedimiento-de-entrada-y-permanencia-de-profesionales-extranjeros-del-sector-audiovisual-236.jpg","type":"image\/jpeg"}],"author":"studio128k_dam","twitter_card":"summary_large_image","twitter_misc":{"Written by":"studio128k_dam","Est. reading time":"3 minutes"},"schema":{"@context":"https:\/\/schema.org","@graph":[{"@type":"Article","@id":"https:\/\/spainfilmcommission.com\/en\/blog\/el-gobierno-simplifica-el-procedimiento-de-entrada-y-permanencia-de-profesionales-extranjeros-del-sector-audiovisual\/#article","isPartOf":{"@id":"https:\/\/spainfilmcommission.com\/en\/blog\/el-gobierno-simplifica-el-procedimiento-de-entrada-y-permanencia-de-profesionales-extranjeros-del-sector-audiovisual\/"},"author":{"name":"studio128k_dam","@id":"https:\/\/spainfilmcommission.com\/en\/#\/schema\/person\/6c014ba6ceac198d178a6a9e61113c9d"},"headline":"El Gobierno simplifica el procedimiento de entrada y permanencia de profesionales extranjeros del sector audiovisual","datePublished":"2021-11-02T22:00:00+00:00","dateModified":"2025-02-11T07:06:48+00:00","mainEntityOfPage":{"@id":"https:\/\/spainfilmcommission.com\/en\/blog\/el-gobierno-simplifica-el-procedimiento-de-entrada-y-permanencia-de-profesionales-extranjeros-del-sector-audiovisual\/"},"wordCount":617,"publisher":{"@id":"https:\/\/spainfilmcommission.com\/en\/#organization"},"image":{"@id":"https:\/\/spainfilmcommission.com\/en\/blog\/el-gobierno-simplifica-el-procedimiento-de-entrada-y-permanencia-de-profesionales-extranjeros-del-sector-audiovisual\/#primaryimage"},"thumbnailUrl":"https:\/\/spainfilmcommission.com\/wp-content\/uploads\/2021\/11\/espana-hub-audiovisual-el-gobierno-simplifica-el-procedimiento-de-entrada-y-permanencia-de-profesionales-extranjeros-del-sector-audiovisual-236.jpg","articleSection":["Noticias"],"inLanguage":"en-US"},{"@type":"WebPage","@id":"https:\/\/spainfilmcommission.com\/en\/blog\/el-gobierno-simplifica-el-procedimiento-de-entrada-y-permanencia-de-profesionales-extranjeros-del-sector-audiovisual\/","url":"https:\/\/spainfilmcommission.com\/en\/blog\/el-gobierno-simplifica-el-procedimiento-de-entrada-y-permanencia-de-profesionales-extranjeros-del-sector-audiovisual\/","name":"El Gobierno simplifica el procedimiento de entrada y permanencia de profesionales extranjeros del sector audiovisual - Spain Film Commission","isPartOf":{"@id":"https:\/\/spainfilmcommission.com\/en\/#website"},"primaryImageOfPage":{"@id":"https:\/\/spainfilmcommission.com\/en\/blog\/el-gobierno-simplifica-el-procedimiento-de-entrada-y-permanencia-de-profesionales-extranjeros-del-sector-audiovisual\/#primaryimage"},"image":{"@id":"https:\/\/spainfilmcommission.com\/en\/blog\/el-gobierno-simplifica-el-procedimiento-de-entrada-y-permanencia-de-profesionales-extranjeros-del-sector-audiovisual\/#primaryimage"},"thumbnailUrl":"https:\/\/spainfilmcommission.com\/wp-content\/uploads\/2021\/11\/espana-hub-audiovisual-el-gobierno-simplifica-el-procedimiento-de-entrada-y-permanencia-de-profesionales-extranjeros-del-sector-audiovisual-236.jpg","datePublished":"2021-11-02T22:00:00+00:00","dateModified":"2025-02-11T07:06:48+00:00","breadcrumb":{"@id":"https:\/\/spainfilmcommission.com\/en\/blog\/el-gobierno-simplifica-el-procedimiento-de-entrada-y-permanencia-de-profesionales-extranjeros-del-sector-audiovisual\/#breadcrumb"},"inLanguage":"en-US","potentialAction":[{"@type":"ReadAction","target":["https:\/\/spainfilmcommission.com\/en\/blog\/el-gobierno-simplifica-el-procedimiento-de-entrada-y-permanencia-de-profesionales-extranjeros-del-sector-audiovisual\/"]}]},{"@type":"ImageObject","inLanguage":"en-US","@id":"https:\/\/spainfilmcommission.com\/en\/blog\/el-gobierno-simplifica-el-procedimiento-de-entrada-y-permanencia-de-profesionales-extranjeros-del-sector-audiovisual\/#primaryimage","url":"https:\/\/spainfilmcommission.com\/wp-content\/uploads\/2021\/11\/espana-hub-audiovisual-el-gobierno-simplifica-el-procedimiento-de-entrada-y-permanencia-de-profesionales-extranjeros-del-sector-audiovisual-236.jpg","contentUrl":"https:\/\/spainfilmcommission.com\/wp-content\/uploads\/2021\/11\/espana-hub-audiovisual-el-gobierno-simplifica-el-procedimiento-de-entrada-y-permanencia-de-profesionales-extranjeros-del-sector-audiovisual-236.jpg","width":1170,"height":780},{"@type":"BreadcrumbList","@id":"https:\/\/spainfilmcommission.com\/en\/blog\/el-gobierno-simplifica-el-procedimiento-de-entrada-y-permanencia-de-profesionales-extranjeros-del-sector-audiovisual\/#breadcrumb","itemListElement":[{"@type":"ListItem","position":1,"name":"Portada","item":"https:\/\/spainfilmcommission.com\/en\/"},{"@type":"ListItem","position":2,"name":"El Gobierno simplifica el procedimiento de entrada y permanencia de profesionales extranjeros del sector audiovisual"}]},{"@type":"WebSite","@id":"https:\/\/spainfilmcommission.com\/en\/#website","url":"https:\/\/spainfilmcommission.com\/en\/","name":"Spain Film Commission","description":"","publisher":{"@id":"https:\/\/spainfilmcommission.com\/en\/#organization"},"potentialAction":[{"@type":"SearchAction","target":{"@type":"EntryPoint","urlTemplate":"https:\/\/spainfilmcommission.com\/en\/?s={search_term_string}"},"query-input":{"@type":"PropertyValueSpecification","valueRequired":true,"valueName":"search_term_string"}}],"inLanguage":"en-US"},{"@type":"Organization","@id":"https:\/\/spainfilmcommission.com\/en\/#organization","name":"Spain Film Commission","url":"https:\/\/spainfilmcommission.com\/en\/","logo":{"@type":"ImageObject","inLanguage":"en-US","@id":"https:\/\/spainfilmcommission.com\/en\/#\/schema\/logo\/image\/","url":"https:\/\/spainfilmcommission.com\/wp-content\/uploads\/2024\/07\/SPC_COLOR.png","contentUrl":"https:\/\/spainfilmcommission.com\/wp-content\/uploads\/2024\/07\/SPC_COLOR.png","width":1665,"height":1665,"caption":"Spain Film Commission"},"image":{"@id":"https:\/\/spainfilmcommission.com\/en\/#\/schema\/logo\/image\/"}},{"@type":"Person","@id":"https:\/\/spainfilmcommission.com\/en\/#\/schema\/person\/6c014ba6ceac198d178a6a9e61113c9d","name":"studio128k_dam","image":{"@type":"ImageObject","inLanguage":"en-US","@id":"https:\/\/secure.gravatar.com\/avatar\/810f99144a13522c24aa173f9cd8bf079d0e89758af00b5f2938443cd51b31e9?s=96&d=mm&r=g","url":"https:\/\/secure.gravatar.com\/avatar\/810f99144a13522c24aa173f9cd8bf079d0e89758af00b5f2938443cd51b31e9?s=96&d=mm&r=g","contentUrl":"https:\/\/secure.gravatar.com\/avatar\/810f99144a13522c24aa173f9cd8bf079d0e89758af00b5f2938443cd51b31e9?s=96&d=mm&r=g","caption":"studio128k_dam"}}]}},"_links":{"self":[{"href":"https:\/\/spainfilmcommission.com\/en\/wp-json\/wp\/v2\/posts\/8514","targetHints":{"allow":["GET"]}}],"collection":[{"href":"https:\/\/spainfilmcommission.com\/en\/wp-json\/wp\/v2\/posts"}],"about":[{"href":"https:\/\/spainfilmcommission.com\/en\/wp-json\/wp\/v2\/types\/post"}],"author":[{"embeddable":true,"href":"https:\/\/spainfilmcommission.com\/en\/wp-json\/wp\/v2\/users\/2"}],"replies":[{"embeddable":true,"href":"https:\/\/spainfilmcommission.com\/en\/wp-json\/wp\/v2\/comments?post=8514"}],"version-history":[{"count":0,"href":"https:\/\/spainfilmcommission.com\/en\/wp-json\/wp\/v2\/posts\/8514\/revisions"}],"wp:featuredmedia":[{"embeddable":true,"href":"https:\/\/spainfilmcommission.com\/en\/wp-json\/wp\/v2\/media\/8515"}],"wp:attachment":[{"href":"https:\/\/spainfilmcommission.com\/en\/wp-json\/wp\/v2\/media?parent=8514"}],"wp:term":[{"taxonomy":"category","embeddable":true,"href":"https:\/\/spainfilmcommission.com\/en\/wp-json\/wp\/v2\/categories?post=8514"},{"taxonomy":"post_tag","embeddable":true,"href":"https:\/\/spainfilmcommission.com\/en\/wp-json\/wp\/v2\/tags?post=8514"}],"curies":[{"name":"wp","href":"https:\/\/api.w.org\/{rel}","templated":true}]}}