{"id":8506,"date":"2021-10-27T00:00:00","date_gmt":"2021-10-26T22:00:00","guid":{"rendered":"https:\/\/sfc.com\/spain-film-commission-liderara-cinco-proyectos-estrategicos-en-el-marco-del-plan-espana-hub-audiovisual-de-europa\/"},"modified":"2025-06-16T12:13:43","modified_gmt":"2025-06-16T10:13:43","slug":"spain-film-commission-liderara-cinco-proyectos-estrategicos-en-el-marco-del-plan-espana-hub-audiovisual-de-europa","status":"publish","type":"post","link":"https:\/\/spainfilmcommission.com\/en\/blog\/spain-film-commission-liderara-cinco-proyectos-estrategicos-en-el-marco-del-plan-espana-hub-audiovisual-de-europa\/","title":{"rendered":"Spain Film Commission liderar\u00e1 cinco proyectos estrat\u00e9gicos en el marco del plan &#8220;Espa\u00f1a, Hub Audiovisual de Europa&#8221;"},"content":{"rendered":"<p><span style=\"font-size: 14px;\">La entidad sin \u00e1nimo de lucro, que representa a treinta Film Commissions y Film Offices del Estado, gestionar\u00e1 en los pr\u00f3ximos tres a\u00f1os cinco millones de euros para impulsar el posicionamiento de Espa\u00f1a como destino preferente de la producci\u00f3n internacional audiovisual, fortaleciendo, al mismo tiempo, la industria espa\u00f1ola y la labor de productores independientes, creadores, actores y actrices nacionales.\u00a0<\/span><\/p>\n<p><span style=\"font-size: 14px;\">El <a href=\"https:\/\/www.lamoncloa.gob.es\/consejodeministros\/Paginas\/index.aspx\" target=\"_blank\" rel=\"noopener\">Consejo de Ministros<\/a> ha aprobado ayer un <a href=\"https:\/\/www.boe.es\/boe\/dias\/2021\/10\/27\/pdfs\/BOE-A-2021-17463.pdf\" target=\"_blank\" rel=\"noopener\">Real Decreto<\/a> para la concesi\u00f3n de esta ayuda econ\u00f3mica, vinculada al <a href=\"https:\/\/www.lamoncloa.gob.es\/temas\/fondos-recuperacion\/Documents\/30042021-Plan_Recuperacion_%20Transformacion_%20Resiliencia.pdf\" target=\"_blank\" rel=\"noopener\">Plan de Recuperaci\u00f3n, Transformaci\u00f3n y Resiliencia Europeo<\/a>, que establece entre sus prioridades el impulso del ecosistema audiovisual de nuestro pa\u00eds.<\/span><\/p>\n<p><span style=\"font-size: 14px;\">SFC desarrollar\u00e1 <strong>cinco l\u00edneas de trabajo<\/strong>, que responden al reto de favorecer e incentivar el potencial de Espa\u00f1a como referente para plataformas, estudios y productoras en \u00e1mbitos innovadores como el talento, la realidad virtual y la aplicaci\u00f3n de nuevas tecnolog\u00edas, y en otros de continuidad como son las misiones comerciales (Shooting in Spain).<\/span><\/p>\n<p><span style=\"font-size: 14px;\">Estas iniciativas suponen una oportunidad \u00fanica para el desarrollo de la producci\u00f3n nacional, la atracci\u00f3n de inversi\u00f3n y actividad econ\u00f3mica, la mejora de la competitividad de nuestro tejido empresarial, el apoyo al talento y la cultura propias, la digitalizaci\u00f3n del sector, la sostenibilidad y la reducci\u00f3n de la brecha de g\u00e9nero.\u00a0<\/span><\/p>\n<p><span style=\"font-size: 14px;\">El presidente de SFC, <strong>Carlos Rosado<\/strong>, considera que esta noticia supone un aval a la experiencia y trayectoria de la entidad y del conjunto de la red de Film Commissions y Film Offices del Estado, que ven as\u00ed reconocido su trabajo en la captaci\u00f3n, atenci\u00f3n y gesti\u00f3n de rodajes.<\/span><\/p>\n<p><span style=\"font-size: 14px;\">SFC, que ha colaborado con el Gobierno y el conjunto de agentes del sector en la definici\u00f3n del Plan \u201cEspa\u00f1a, Hub Audiovisual de Europa\u201d, entiende que esta partida econ\u00f3mica de cinco millones de euros <strong>tendr\u00e1 un impacto positivo en todas las comunidades, ciudades y territorios de Espa\u00f1a<\/strong>.<\/span><\/p>\n<p><span style=\"font-size: 14px;\">Carlos Rosado est\u00e1 convencido de que la industria audiovisual en todos sus formatos (cine, series, documentales, publicidad, videojuegos, animaci\u00f3n\u2026) vive un momento extraordinario que exige compromiso y colaboraci\u00f3n p\u00fablicoprivada leal para cumplir los objeticos del Plan \u201cEspa\u00f1a, Hub Audiovisual de Europa\u201d.<\/span><\/p>\n<p><span style=\"font-size: 14px;\">SFC se ofrece, en este sentido, a reforzar el marco de relaciones positivo, rec\u00edproco y estable que mantiene con todos los organismos y entidades del Gobierno (<a href=\"https:\/\/portal.mineco.gob.es\/es-es\/Paginas\/default.aspx\" target=\"_blank\" rel=\"noopener\">Ministerios de Asuntos Econ\u00f3micos y Transformaci\u00f3n Digital<\/a>, <a href=\"https:\/\/www.mincotur.gob.es\/es-es\/Paginas\/index.aspx\" target=\"_blank\" rel=\"noopener\">Industria, Comercio y Turismo, Cultura y Deportes<\/a>, <a href=\"https:\/\/www.hacienda.gob.es\/es-ES\/Paginas\/Home.aspx\" target=\"_blank\" rel=\"noopener\">Hacienda y Funci\u00f3n P\u00fablica<\/a>, <a href=\"https:\/\/www.icex.es\/icex\/es\/index.html\" target=\"_blank\" rel=\"noopener\">ICEX<\/a>, <a href=\"https:\/\/turismo.gob.es\/es-es\/Paginas\/Index.aspx\" target=\"_blank\" rel=\"noopener\">SETUR<\/a>\u2026) <strong>para hacer realidad el Plan \u201cEspa\u00f1a, Hub Audiovisual de Europa\u201d.<\/strong><\/span><\/p>\n<h3 style=\"font-family: Arial, sans-serif; font-weight: 600; line-height: 1.1; color: #e10b13; margin-top: 20px; margin-bottom: 10px; font-size: 12px; text-transform: uppercase;\"><span style=\"font-size: 14px;\">#SHOOTINGINSPAIN\u00a0<span style=\"font-family: 'Fira Sans', sans-serif;\">#SAFESHOOTING<\/span><\/span><\/h3>\n<h3 style=\"font-family: Arial, sans-serif; font-weight: 600; line-height: 1.1; color: #e10b13; margin-top: 20px; margin-bottom: 10px; font-size: 12px; text-transform: uppercase;\"><\/h3>\n<h3 style=\"font-family: Arial, sans-serif; font-weight: 600; line-height: 1.1; color: #e10b13; margin-top: 20px; margin-bottom: 10px; font-size: 12px; text-transform: uppercase;\"><span style=\"font-size: 14px;\"><span style=\"font-family: 'Fira Sans', sans-serif;\">#SPAINAVHUB #SPAINAUDIOVISUALHUB<\/span><\/span><\/h3>\n<h3 style=\"font-family: Arial, sans-serif; font-weight: 600; line-height: 1.1; color: #e10b13; margin-top: 20px; margin-bottom: 10px; font-size: 12px; text-transform: uppercase;\"><\/h3>\n<h3 style=\"font-family: Arial, sans-serif; font-weight: 600; line-height: 1.1; color: #e10b13; margin-top: 20px; margin-bottom: 10px; font-size: 12px; text-transform: uppercase;\"><span style=\"font-size: 14px;\"><span style=\"font-family: 'Fira Sans', sans-serif;\">\u2063#SFC20ANNIVERSARY\u00a0<\/span><span style=\"font-family: 'Fira Sans', sans-serif;\">#RUEDAENESPA\u00d1A\u00a0<\/span><\/span><\/h3>\n<p style=\"margin: 0px 0px 15px; font-size: 14px; line-height: 1.5em; text-align: justify; font-family: 'Fira Sans', sans-serif;\">\n<p><img decoding=\"async\" src=\"https:\/\/spainfilmcommission.com\/\/wp-content\/uploads\/2021\/10\/spain-film-commission-liderara-cinco-proyectos-estrategicos-en-el-marco-del-plan-espana-hub-audiovisual-de-europa1-235.jpeg\" alt=\"Imagen relacionada\" \/><img decoding=\"async\" src=\"https:\/\/spainfilmcommission.com\/\/wp-content\/uploads\/2021\/10\/spain-film-commission-liderara-cinco-proyectos-estrategicos-en-el-marco-del-plan-espana-hub-audiovisual-de-europa2-235.png\" alt=\"Imagen relacionada\" \/><\/p>\n","protected":false},"excerpt":{"rendered":"<p>\u00a0<\/p>\n<p>\u00a0<\/p>\n","protected":false},"author":2,"featured_media":8507,"comment_status":"closed","ping_status":"closed","sticky":false,"template":"","format":"standard","meta":{"footnotes":""},"categories":[38],"tags":[],"class_list":["post-8506","post","type-post","status-publish","format-standard","has-post-thumbnail","hentry","category-noticias"],"yoast_head":"<!-- This site is optimized with the Yoast SEO plugin v27.3 - https:\/\/yoast.com\/product\/yoast-seo-wordpress\/ -->\n<title>Spain Film Commission liderar\u00e1 cinco proyectos estrat\u00e9gicos en el marco del plan &quot;Espa\u00f1a, Hub Audiovisual de Europa&quot; - Spain Film Commission<\/title>\n<meta name=\"robots\" content=\"index, follow, max-snippet:-1, max-image-preview:large, max-video-preview:-1\" \/>\n<link rel=\"canonical\" href=\"https:\/\/spainfilmcommission.com\/en\/blog\/spain-film-commission-liderara-cinco-proyectos-estrategicos-en-el-marco-del-plan-espana-hub-audiovisual-de-europa\/\" \/>\n<meta property=\"og:locale\" content=\"en_US\" \/>\n<meta property=\"og:type\" content=\"article\" \/>\n<meta property=\"og:title\" content=\"Spain Film Commission liderar\u00e1 cinco proyectos estrat\u00e9gicos en el marco del plan &quot;Espa\u00f1a, Hub Audiovisual de Europa&quot; - Spain Film Commission\" \/>\n<meta property=\"og:description\" content=\"\u00a0 \u00a0\" \/>\n<meta property=\"og:url\" content=\"https:\/\/spainfilmcommission.com\/en\/blog\/spain-film-commission-liderara-cinco-proyectos-estrategicos-en-el-marco-del-plan-espana-hub-audiovisual-de-europa\/\" \/>\n<meta property=\"og:site_name\" content=\"Spain Film Commission\" \/>\n<meta property=\"article:published_time\" content=\"2021-10-26T22:00:00+00:00\" \/>\n<meta property=\"article:modified_time\" content=\"2025-06-16T10:13:43+00:00\" \/>\n<meta property=\"og:image\" content=\"https:\/\/spainfilmcommission.com\/wp-content\/uploads\/2021\/10\/spain-film-commission-liderara-cinco-proyectos-estrategicos-en-el-marco-del-plan-espana-hub-audiovisual-de-europa-235.jpeg\" \/>\n\t<meta property=\"og:image:width\" content=\"1170\" \/>\n\t<meta property=\"og:image:height\" content=\"776\" \/>\n\t<meta property=\"og:image:type\" content=\"image\/jpeg\" \/>\n<meta name=\"author\" content=\"studio128k_dam\" \/>\n<meta name=\"twitter:card\" content=\"summary_large_image\" \/>\n<meta name=\"twitter:label1\" content=\"Written by\" \/>\n\t<meta name=\"twitter:data1\" content=\"studio128k_dam\" \/>\n\t<meta name=\"twitter:label2\" content=\"Est. reading time\" \/>\n\t<meta name=\"twitter:data2\" content=\"3 minutes\" \/>\n<script type=\"application\/ld+json\" class=\"yoast-schema-graph\">{\"@context\":\"https:\\\/\\\/schema.org\",\"@graph\":[{\"@type\":\"Article\",\"@id\":\"https:\\\/\\\/spainfilmcommission.com\\\/en\\\/blog\\\/spain-film-commission-liderara-cinco-proyectos-estrategicos-en-el-marco-del-plan-espana-hub-audiovisual-de-europa\\\/#article\",\"isPartOf\":{\"@id\":\"https:\\\/\\\/spainfilmcommission.com\\\/en\\\/blog\\\/spain-film-commission-liderara-cinco-proyectos-estrategicos-en-el-marco-del-plan-espana-hub-audiovisual-de-europa\\\/\"},\"author\":{\"name\":\"studio128k_dam\",\"@id\":\"https:\\\/\\\/spainfilmcommission.com\\\/en\\\/#\\\/schema\\\/person\\\/6c014ba6ceac198d178a6a9e61113c9d\"},\"headline\":\"Spain Film Commission liderar\u00e1 cinco proyectos estrat\u00e9gicos en el marco del plan &#8220;Espa\u00f1a, Hub Audiovisual de Europa&#8221;\",\"datePublished\":\"2021-10-26T22:00:00+00:00\",\"dateModified\":\"2025-06-16T10:13:43+00:00\",\"mainEntityOfPage\":{\"@id\":\"https:\\\/\\\/spainfilmcommission.com\\\/en\\\/blog\\\/spain-film-commission-liderara-cinco-proyectos-estrategicos-en-el-marco-del-plan-espana-hub-audiovisual-de-europa\\\/\"},\"wordCount\":460,\"publisher\":{\"@id\":\"https:\\\/\\\/spainfilmcommission.com\\\/en\\\/#organization\"},\"image\":{\"@id\":\"https:\\\/\\\/spainfilmcommission.com\\\/en\\\/blog\\\/spain-film-commission-liderara-cinco-proyectos-estrategicos-en-el-marco-del-plan-espana-hub-audiovisual-de-europa\\\/#primaryimage\"},\"thumbnailUrl\":\"https:\\\/\\\/spainfilmcommission.com\\\/wp-content\\\/uploads\\\/2021\\\/10\\\/spain-film-commission-liderara-cinco-proyectos-estrategicos-en-el-marco-del-plan-espana-hub-audiovisual-de-europa-235.jpeg\",\"articleSection\":[\"Noticias\"],\"inLanguage\":\"en-US\"},{\"@type\":\"WebPage\",\"@id\":\"https:\\\/\\\/spainfilmcommission.com\\\/en\\\/blog\\\/spain-film-commission-liderara-cinco-proyectos-estrategicos-en-el-marco-del-plan-espana-hub-audiovisual-de-europa\\\/\",\"url\":\"https:\\\/\\\/spainfilmcommission.com\\\/en\\\/blog\\\/spain-film-commission-liderara-cinco-proyectos-estrategicos-en-el-marco-del-plan-espana-hub-audiovisual-de-europa\\\/\",\"name\":\"Spain Film Commission liderar\u00e1 cinco proyectos estrat\u00e9gicos en el marco del plan \\\"Espa\u00f1a, Hub Audiovisual de Europa\\\" - Spain Film Commission\",\"isPartOf\":{\"@id\":\"https:\\\/\\\/spainfilmcommission.com\\\/en\\\/#website\"},\"primaryImageOfPage\":{\"@id\":\"https:\\\/\\\/spainfilmcommission.com\\\/en\\\/blog\\\/spain-film-commission-liderara-cinco-proyectos-estrategicos-en-el-marco-del-plan-espana-hub-audiovisual-de-europa\\\/#primaryimage\"},\"image\":{\"@id\":\"https:\\\/\\\/spainfilmcommission.com\\\/en\\\/blog\\\/spain-film-commission-liderara-cinco-proyectos-estrategicos-en-el-marco-del-plan-espana-hub-audiovisual-de-europa\\\/#primaryimage\"},\"thumbnailUrl\":\"https:\\\/\\\/spainfilmcommission.com\\\/wp-content\\\/uploads\\\/2021\\\/10\\\/spain-film-commission-liderara-cinco-proyectos-estrategicos-en-el-marco-del-plan-espana-hub-audiovisual-de-europa-235.jpeg\",\"datePublished\":\"2021-10-26T22:00:00+00:00\",\"dateModified\":\"2025-06-16T10:13:43+00:00\",\"breadcrumb\":{\"@id\":\"https:\\\/\\\/spainfilmcommission.com\\\/en\\\/blog\\\/spain-film-commission-liderara-cinco-proyectos-estrategicos-en-el-marco-del-plan-espana-hub-audiovisual-de-europa\\\/#breadcrumb\"},\"inLanguage\":\"en-US\",\"potentialAction\":[{\"@type\":\"ReadAction\",\"target\":[\"https:\\\/\\\/spainfilmcommission.com\\\/en\\\/blog\\\/spain-film-commission-liderara-cinco-proyectos-estrategicos-en-el-marco-del-plan-espana-hub-audiovisual-de-europa\\\/\"]}]},{\"@type\":\"ImageObject\",\"inLanguage\":\"en-US\",\"@id\":\"https:\\\/\\\/spainfilmcommission.com\\\/en\\\/blog\\\/spain-film-commission-liderara-cinco-proyectos-estrategicos-en-el-marco-del-plan-espana-hub-audiovisual-de-europa\\\/#primaryimage\",\"url\":\"https:\\\/\\\/spainfilmcommission.com\\\/wp-content\\\/uploads\\\/2021\\\/10\\\/spain-film-commission-liderara-cinco-proyectos-estrategicos-en-el-marco-del-plan-espana-hub-audiovisual-de-europa-235.jpeg\",\"contentUrl\":\"https:\\\/\\\/spainfilmcommission.com\\\/wp-content\\\/uploads\\\/2021\\\/10\\\/spain-film-commission-liderara-cinco-proyectos-estrategicos-en-el-marco-del-plan-espana-hub-audiovisual-de-europa-235.jpeg\",\"width\":1170,\"height\":776},{\"@type\":\"BreadcrumbList\",\"@id\":\"https:\\\/\\\/spainfilmcommission.com\\\/en\\\/blog\\\/spain-film-commission-liderara-cinco-proyectos-estrategicos-en-el-marco-del-plan-espana-hub-audiovisual-de-europa\\\/#breadcrumb\",\"itemListElement\":[{\"@type\":\"ListItem\",\"position\":1,\"name\":\"Portada\",\"item\":\"https:\\\/\\\/spainfilmcommission.com\\\/en\\\/\"},{\"@type\":\"ListItem\",\"position\":2,\"name\":\"Spain Film Commission liderar\u00e1 cinco proyectos estrat\u00e9gicos en el marco del plan \u00abEspa\u00f1a, Hub Audiovisual de Europa\u00bb\"}]},{\"@type\":\"WebSite\",\"@id\":\"https:\\\/\\\/spainfilmcommission.com\\\/en\\\/#website\",\"url\":\"https:\\\/\\\/spainfilmcommission.com\\\/en\\\/\",\"name\":\"Spain Film Commission\",\"description\":\"\",\"publisher\":{\"@id\":\"https:\\\/\\\/spainfilmcommission.com\\\/en\\\/#organization\"},\"potentialAction\":[{\"@type\":\"SearchAction\",\"target\":{\"@type\":\"EntryPoint\",\"urlTemplate\":\"https:\\\/\\\/spainfilmcommission.com\\\/en\\\/?s={search_term_string}\"},\"query-input\":{\"@type\":\"PropertyValueSpecification\",\"valueRequired\":true,\"valueName\":\"search_term_string\"}}],\"inLanguage\":\"en-US\"},{\"@type\":\"Organization\",\"@id\":\"https:\\\/\\\/spainfilmcommission.com\\\/en\\\/#organization\",\"name\":\"Spain Film Commission\",\"url\":\"https:\\\/\\\/spainfilmcommission.com\\\/en\\\/\",\"logo\":{\"@type\":\"ImageObject\",\"inLanguage\":\"en-US\",\"@id\":\"https:\\\/\\\/spainfilmcommission.com\\\/en\\\/#\\\/schema\\\/logo\\\/image\\\/\",\"url\":\"https:\\\/\\\/spainfilmcommission.com\\\/wp-content\\\/uploads\\\/2024\\\/07\\\/SPC_COLOR.png\",\"contentUrl\":\"https:\\\/\\\/spainfilmcommission.com\\\/wp-content\\\/uploads\\\/2024\\\/07\\\/SPC_COLOR.png\",\"width\":1665,\"height\":1665,\"caption\":\"Spain Film Commission\"},\"image\":{\"@id\":\"https:\\\/\\\/spainfilmcommission.com\\\/en\\\/#\\\/schema\\\/logo\\\/image\\\/\"}},{\"@type\":\"Person\",\"@id\":\"https:\\\/\\\/spainfilmcommission.com\\\/en\\\/#\\\/schema\\\/person\\\/6c014ba6ceac198d178a6a9e61113c9d\",\"name\":\"studio128k_dam\",\"image\":{\"@type\":\"ImageObject\",\"inLanguage\":\"en-US\",\"@id\":\"https:\\\/\\\/secure.gravatar.com\\\/avatar\\\/810f99144a13522c24aa173f9cd8bf079d0e89758af00b5f2938443cd51b31e9?s=96&d=mm&r=g\",\"url\":\"https:\\\/\\\/secure.gravatar.com\\\/avatar\\\/810f99144a13522c24aa173f9cd8bf079d0e89758af00b5f2938443cd51b31e9?s=96&d=mm&r=g\",\"contentUrl\":\"https:\\\/\\\/secure.gravatar.com\\\/avatar\\\/810f99144a13522c24aa173f9cd8bf079d0e89758af00b5f2938443cd51b31e9?s=96&d=mm&r=g\",\"caption\":\"studio128k_dam\"}}]}<\/script>\n<!-- \/ Yoast SEO plugin. -->","yoast_head_json":{"title":"Spain Film Commission liderar\u00e1 cinco proyectos estrat\u00e9gicos en el marco del plan \"Espa\u00f1a, Hub Audiovisual de Europa\" - Spain Film Commission","robots":{"index":"index","follow":"follow","max-snippet":"max-snippet:-1","max-image-preview":"max-image-preview:large","max-video-preview":"max-video-preview:-1"},"canonical":"https:\/\/spainfilmcommission.com\/en\/blog\/spain-film-commission-liderara-cinco-proyectos-estrategicos-en-el-marco-del-plan-espana-hub-audiovisual-de-europa\/","og_locale":"en_US","og_type":"article","og_title":"Spain Film Commission liderar\u00e1 cinco proyectos estrat\u00e9gicos en el marco del plan \"Espa\u00f1a, Hub Audiovisual de Europa\" - Spain Film Commission","og_description":"\u00a0 \u00a0","og_url":"https:\/\/spainfilmcommission.com\/en\/blog\/spain-film-commission-liderara-cinco-proyectos-estrategicos-en-el-marco-del-plan-espana-hub-audiovisual-de-europa\/","og_site_name":"Spain Film Commission","article_published_time":"2021-10-26T22:00:00+00:00","article_modified_time":"2025-06-16T10:13:43+00:00","og_image":[{"width":1170,"height":776,"url":"https:\/\/spainfilmcommission.com\/wp-content\/uploads\/2021\/10\/spain-film-commission-liderara-cinco-proyectos-estrategicos-en-el-marco-del-plan-espana-hub-audiovisual-de-europa-235.jpeg","type":"image\/jpeg"}],"author":"studio128k_dam","twitter_card":"summary_large_image","twitter_misc":{"Written by":"studio128k_dam","Est. reading time":"3 minutes"},"schema":{"@context":"https:\/\/schema.org","@graph":[{"@type":"Article","@id":"https:\/\/spainfilmcommission.com\/en\/blog\/spain-film-commission-liderara-cinco-proyectos-estrategicos-en-el-marco-del-plan-espana-hub-audiovisual-de-europa\/#article","isPartOf":{"@id":"https:\/\/spainfilmcommission.com\/en\/blog\/spain-film-commission-liderara-cinco-proyectos-estrategicos-en-el-marco-del-plan-espana-hub-audiovisual-de-europa\/"},"author":{"name":"studio128k_dam","@id":"https:\/\/spainfilmcommission.com\/en\/#\/schema\/person\/6c014ba6ceac198d178a6a9e61113c9d"},"headline":"Spain Film Commission liderar\u00e1 cinco proyectos estrat\u00e9gicos en el marco del plan &#8220;Espa\u00f1a, Hub Audiovisual de Europa&#8221;","datePublished":"2021-10-26T22:00:00+00:00","dateModified":"2025-06-16T10:13:43+00:00","mainEntityOfPage":{"@id":"https:\/\/spainfilmcommission.com\/en\/blog\/spain-film-commission-liderara-cinco-proyectos-estrategicos-en-el-marco-del-plan-espana-hub-audiovisual-de-europa\/"},"wordCount":460,"publisher":{"@id":"https:\/\/spainfilmcommission.com\/en\/#organization"},"image":{"@id":"https:\/\/spainfilmcommission.com\/en\/blog\/spain-film-commission-liderara-cinco-proyectos-estrategicos-en-el-marco-del-plan-espana-hub-audiovisual-de-europa\/#primaryimage"},"thumbnailUrl":"https:\/\/spainfilmcommission.com\/wp-content\/uploads\/2021\/10\/spain-film-commission-liderara-cinco-proyectos-estrategicos-en-el-marco-del-plan-espana-hub-audiovisual-de-europa-235.jpeg","articleSection":["Noticias"],"inLanguage":"en-US"},{"@type":"WebPage","@id":"https:\/\/spainfilmcommission.com\/en\/blog\/spain-film-commission-liderara-cinco-proyectos-estrategicos-en-el-marco-del-plan-espana-hub-audiovisual-de-europa\/","url":"https:\/\/spainfilmcommission.com\/en\/blog\/spain-film-commission-liderara-cinco-proyectos-estrategicos-en-el-marco-del-plan-espana-hub-audiovisual-de-europa\/","name":"Spain Film Commission liderar\u00e1 cinco proyectos estrat\u00e9gicos en el marco del plan \"Espa\u00f1a, Hub Audiovisual de Europa\" - Spain Film Commission","isPartOf":{"@id":"https:\/\/spainfilmcommission.com\/en\/#website"},"primaryImageOfPage":{"@id":"https:\/\/spainfilmcommission.com\/en\/blog\/spain-film-commission-liderara-cinco-proyectos-estrategicos-en-el-marco-del-plan-espana-hub-audiovisual-de-europa\/#primaryimage"},"image":{"@id":"https:\/\/spainfilmcommission.com\/en\/blog\/spain-film-commission-liderara-cinco-proyectos-estrategicos-en-el-marco-del-plan-espana-hub-audiovisual-de-europa\/#primaryimage"},"thumbnailUrl":"https:\/\/spainfilmcommission.com\/wp-content\/uploads\/2021\/10\/spain-film-commission-liderara-cinco-proyectos-estrategicos-en-el-marco-del-plan-espana-hub-audiovisual-de-europa-235.jpeg","datePublished":"2021-10-26T22:00:00+00:00","dateModified":"2025-06-16T10:13:43+00:00","breadcrumb":{"@id":"https:\/\/spainfilmcommission.com\/en\/blog\/spain-film-commission-liderara-cinco-proyectos-estrategicos-en-el-marco-del-plan-espana-hub-audiovisual-de-europa\/#breadcrumb"},"inLanguage":"en-US","potentialAction":[{"@type":"ReadAction","target":["https:\/\/spainfilmcommission.com\/en\/blog\/spain-film-commission-liderara-cinco-proyectos-estrategicos-en-el-marco-del-plan-espana-hub-audiovisual-de-europa\/"]}]},{"@type":"ImageObject","inLanguage":"en-US","@id":"https:\/\/spainfilmcommission.com\/en\/blog\/spain-film-commission-liderara-cinco-proyectos-estrategicos-en-el-marco-del-plan-espana-hub-audiovisual-de-europa\/#primaryimage","url":"https:\/\/spainfilmcommission.com\/wp-content\/uploads\/2021\/10\/spain-film-commission-liderara-cinco-proyectos-estrategicos-en-el-marco-del-plan-espana-hub-audiovisual-de-europa-235.jpeg","contentUrl":"https:\/\/spainfilmcommission.com\/wp-content\/uploads\/2021\/10\/spain-film-commission-liderara-cinco-proyectos-estrategicos-en-el-marco-del-plan-espana-hub-audiovisual-de-europa-235.jpeg","width":1170,"height":776},{"@type":"BreadcrumbList","@id":"https:\/\/spainfilmcommission.com\/en\/blog\/spain-film-commission-liderara-cinco-proyectos-estrategicos-en-el-marco-del-plan-espana-hub-audiovisual-de-europa\/#breadcrumb","itemListElement":[{"@type":"ListItem","position":1,"name":"Portada","item":"https:\/\/spainfilmcommission.com\/en\/"},{"@type":"ListItem","position":2,"name":"Spain Film Commission liderar\u00e1 cinco proyectos estrat\u00e9gicos en el marco del plan \u00abEspa\u00f1a, Hub Audiovisual de Europa\u00bb"}]},{"@type":"WebSite","@id":"https:\/\/spainfilmcommission.com\/en\/#website","url":"https:\/\/spainfilmcommission.com\/en\/","name":"Spain Film Commission","description":"","publisher":{"@id":"https:\/\/spainfilmcommission.com\/en\/#organization"},"potentialAction":[{"@type":"SearchAction","target":{"@type":"EntryPoint","urlTemplate":"https:\/\/spainfilmcommission.com\/en\/?s={search_term_string}"},"query-input":{"@type":"PropertyValueSpecification","valueRequired":true,"valueName":"search_term_string"}}],"inLanguage":"en-US"},{"@type":"Organization","@id":"https:\/\/spainfilmcommission.com\/en\/#organization","name":"Spain Film Commission","url":"https:\/\/spainfilmcommission.com\/en\/","logo":{"@type":"ImageObject","inLanguage":"en-US","@id":"https:\/\/spainfilmcommission.com\/en\/#\/schema\/logo\/image\/","url":"https:\/\/spainfilmcommission.com\/wp-content\/uploads\/2024\/07\/SPC_COLOR.png","contentUrl":"https:\/\/spainfilmcommission.com\/wp-content\/uploads\/2024\/07\/SPC_COLOR.png","width":1665,"height":1665,"caption":"Spain Film Commission"},"image":{"@id":"https:\/\/spainfilmcommission.com\/en\/#\/schema\/logo\/image\/"}},{"@type":"Person","@id":"https:\/\/spainfilmcommission.com\/en\/#\/schema\/person\/6c014ba6ceac198d178a6a9e61113c9d","name":"studio128k_dam","image":{"@type":"ImageObject","inLanguage":"en-US","@id":"https:\/\/secure.gravatar.com\/avatar\/810f99144a13522c24aa173f9cd8bf079d0e89758af00b5f2938443cd51b31e9?s=96&d=mm&r=g","url":"https:\/\/secure.gravatar.com\/avatar\/810f99144a13522c24aa173f9cd8bf079d0e89758af00b5f2938443cd51b31e9?s=96&d=mm&r=g","contentUrl":"https:\/\/secure.gravatar.com\/avatar\/810f99144a13522c24aa173f9cd8bf079d0e89758af00b5f2938443cd51b31e9?s=96&d=mm&r=g","caption":"studio128k_dam"}}]}},"_links":{"self":[{"href":"https:\/\/spainfilmcommission.com\/en\/wp-json\/wp\/v2\/posts\/8506","targetHints":{"allow":["GET"]}}],"collection":[{"href":"https:\/\/spainfilmcommission.com\/en\/wp-json\/wp\/v2\/posts"}],"about":[{"href":"https:\/\/spainfilmcommission.com\/en\/wp-json\/wp\/v2\/types\/post"}],"author":[{"embeddable":true,"href":"https:\/\/spainfilmcommission.com\/en\/wp-json\/wp\/v2\/users\/2"}],"replies":[{"embeddable":true,"href":"https:\/\/spainfilmcommission.com\/en\/wp-json\/wp\/v2\/comments?post=8506"}],"version-history":[{"count":0,"href":"https:\/\/spainfilmcommission.com\/en\/wp-json\/wp\/v2\/posts\/8506\/revisions"}],"wp:featuredmedia":[{"embeddable":true,"href":"https:\/\/spainfilmcommission.com\/en\/wp-json\/wp\/v2\/media\/8507"}],"wp:attachment":[{"href":"https:\/\/spainfilmcommission.com\/en\/wp-json\/wp\/v2\/media?parent=8506"}],"wp:term":[{"taxonomy":"category","embeddable":true,"href":"https:\/\/spainfilmcommission.com\/en\/wp-json\/wp\/v2\/categories?post=8506"},{"taxonomy":"post_tag","embeddable":true,"href":"https:\/\/spainfilmcommission.com\/en\/wp-json\/wp\/v2\/tags?post=8506"}],"curies":[{"name":"wp","href":"https:\/\/api.w.org\/{rel}","templated":true}]}}