{"id":8452,"date":"2021-09-07T00:00:00","date_gmt":"2021-09-06T22:00:00","guid":{"rendered":"https:\/\/sfc.com\/spain-film-commission-entrega-un-premio-en-la-quinta-edicion-de-conecta-fiction\/"},"modified":"2025-02-11T08:06:49","modified_gmt":"2025-02-11T07:06:49","slug":"spain-film-commission-entrega-un-premio-en-la-quinta-edicion-de-conecta-fiction","status":"publish","type":"post","link":"https:\/\/spainfilmcommission.com\/en\/blog\/spain-film-commission-entrega-un-premio-en-la-quinta-edicion-de-conecta-fiction\/","title":{"rendered":"Spain Film Commission entrega un premio en la quinta edicion de Conecta FICTION"},"content":{"rendered":"<p style=\"text-align:justify;\"><span style=\"font-size:14px;\">Spain Film Commission se suma a la quinta edici\u00f3n de <a href=\"https:\/\/www.conectafiction.com\/\" target=\"_blank\">Conecta FICTION,<\/a> el foro de coproducci\u00f3n, este a\u00f1o celebrar\u00e1 su segunda parte de manera presencial en Pamplona los d\u00edas 13 al 17 de septiembre.<\/span><\/p>\n<p style=\"text-align:justify;\"><span style=\"font-size:14px;\">Este a\u00f1o contar\u00e1 con el apoyo de Spain Film Commission, que se suma al evento con la entrega de un premio.\u00a0 El mismo se entregar\u00e1 al proyecto de las sesiones Pitch Copro Series o Pitch Short-form Series que mejor ponga en valor localizaciones de rodajes en Espa\u00f1a.\u00a0<\/span><\/p>\n<p style=\"text-align:justify;\"><span style=\"font-size:14px;\">Espa\u00f1a se destaca en esta edici\u00f3n como protagonista: 21 de los 33 proyectos seleccionados son de origen espa\u00f1ol, prueba del gran momento que est\u00e1 viviendo la industria audiovisual de las series de ficci\u00f3n.\u00a0\u00a0<\/span><\/p>\n<p style=\"text-align:justify;\"><span style=\"font-size:14px;\">El mismo se har\u00e1 efectivo en la Gala de la quinta edici\u00f3n de Conecta FICTION en donde se entregar\u00e1n los premios a los proyectos seleccionados de las distintas categor\u00edas, <strong>el dia 15 de septiembre a las 19.30 hs<\/strong> en Pamplona, evento que podr\u00e1 seguirse tambi\u00e9n via streaming.<\/span><\/p>\n<p style=\"text-align:justify;\">\u00a0<\/p>\n<p style=\"text-align:justify;\">\u00a0<\/p>\n<h3 style=\"font-family:'Fira Sans', sans-serif;font-weight:600;line-height:1.1;color:rgb(225,11,19);margin-top:20px;margin-bottom:10px;font-size:16px;text-transform:uppercase;text-align:justify;\"><span style=\"font-size:14px;\">#SHOOTINGINSPAIN &#8211; #RUEDAENESPA\u00d1A\u00a0<\/span><\/h3>\n<p><img src='https:\/\/spainfilmcommission.com\/\/wp-content\/uploads\/2021\/09\/en-la-quinta-edicion-de-conecta-fiction-spain-film-commission-entrega-un-nuevo-premio1-227.jpg' alt='Imagen relacionada'><\/p>\n","protected":false},"excerpt":{"rendered":"<p>Spain Film Commission se suma a la quinta edici\u00f3n de Conecta FICTION, el foro de coproducci\u00f3n, este a\u00f1o celebrar\u00e1 su segunda parte de manera presencial en Pamplona los d\u00edas 13 [&hellip;]<\/p>\n","protected":false},"author":2,"featured_media":8453,"comment_status":"closed","ping_status":"","sticky":false,"template":"","format":"standard","meta":{"footnotes":""},"categories":[38],"tags":[],"class_list":["post-8452","post","type-post","status-publish","format-standard","has-post-thumbnail","hentry","category-noticias"],"yoast_head":"<!-- This site is optimized with the Yoast SEO plugin v27.3 - https:\/\/yoast.com\/product\/yoast-seo-wordpress\/ -->\n<title>Spain Film Commission entrega un premio en la quinta edicion de Conecta FICTION - Spain Film Commission<\/title>\n<meta name=\"robots\" content=\"index, follow, max-snippet:-1, max-image-preview:large, max-video-preview:-1\" \/>\n<link rel=\"canonical\" href=\"https:\/\/spainfilmcommission.com\/en\/blog\/spain-film-commission-entrega-un-premio-en-la-quinta-edicion-de-conecta-fiction\/\" \/>\n<meta property=\"og:locale\" content=\"en_US\" \/>\n<meta property=\"og:type\" content=\"article\" \/>\n<meta property=\"og:title\" content=\"Spain Film Commission entrega un premio en la quinta edicion de Conecta FICTION - Spain Film Commission\" \/>\n<meta property=\"og:description\" content=\"Spain Film Commission se suma a la quinta edici\u00f3n de Conecta FICTION, el foro de coproducci\u00f3n, este a\u00f1o celebrar\u00e1 su segunda parte de manera presencial en Pamplona los d\u00edas 13 [&hellip;]\" \/>\n<meta property=\"og:url\" content=\"https:\/\/spainfilmcommission.com\/en\/blog\/spain-film-commission-entrega-un-premio-en-la-quinta-edicion-de-conecta-fiction\/\" \/>\n<meta property=\"og:site_name\" content=\"Spain Film Commission\" \/>\n<meta property=\"article:published_time\" content=\"2021-09-06T22:00:00+00:00\" \/>\n<meta property=\"article:modified_time\" content=\"2025-02-11T07:06:49+00:00\" \/>\n<meta property=\"og:image\" content=\"https:\/\/spainfilmcommission.com\/wp-content\/uploads\/2021\/09\/en-la-quinta-edicion-de-conecta-fiction-spain-film-commission-entrega-un-nuevo-premio-227.jpg\" \/>\n\t<meta property=\"og:image:width\" content=\"768\" \/>\n\t<meta property=\"og:image:height\" content=\"543\" \/>\n\t<meta property=\"og:image:type\" content=\"image\/jpeg\" \/>\n<meta name=\"author\" content=\"studio128k_dam\" \/>\n<meta name=\"twitter:card\" content=\"summary_large_image\" \/>\n<meta name=\"twitter:label1\" content=\"Written by\" \/>\n\t<meta name=\"twitter:data1\" content=\"studio128k_dam\" \/>\n\t<meta name=\"twitter:label2\" content=\"Est. reading time\" \/>\n\t<meta name=\"twitter:data2\" content=\"1 minute\" \/>\n<script type=\"application\/ld+json\" class=\"yoast-schema-graph\">{\"@context\":\"https:\\\/\\\/schema.org\",\"@graph\":[{\"@type\":\"Article\",\"@id\":\"https:\\\/\\\/spainfilmcommission.com\\\/en\\\/blog\\\/spain-film-commission-entrega-un-premio-en-la-quinta-edicion-de-conecta-fiction\\\/#article\",\"isPartOf\":{\"@id\":\"https:\\\/\\\/spainfilmcommission.com\\\/en\\\/blog\\\/spain-film-commission-entrega-un-premio-en-la-quinta-edicion-de-conecta-fiction\\\/\"},\"author\":{\"name\":\"studio128k_dam\",\"@id\":\"https:\\\/\\\/spainfilmcommission.com\\\/en\\\/#\\\/schema\\\/person\\\/6c014ba6ceac198d178a6a9e61113c9d\"},\"headline\":\"Spain Film Commission entrega un premio en la quinta edicion de Conecta FICTION\",\"datePublished\":\"2021-09-06T22:00:00+00:00\",\"dateModified\":\"2025-02-11T07:06:49+00:00\",\"mainEntityOfPage\":{\"@id\":\"https:\\\/\\\/spainfilmcommission.com\\\/en\\\/blog\\\/spain-film-commission-entrega-un-premio-en-la-quinta-edicion-de-conecta-fiction\\\/\"},\"wordCount\":186,\"publisher\":{\"@id\":\"https:\\\/\\\/spainfilmcommission.com\\\/en\\\/#organization\"},\"image\":{\"@id\":\"https:\\\/\\\/spainfilmcommission.com\\\/en\\\/blog\\\/spain-film-commission-entrega-un-premio-en-la-quinta-edicion-de-conecta-fiction\\\/#primaryimage\"},\"thumbnailUrl\":\"https:\\\/\\\/spainfilmcommission.com\\\/wp-content\\\/uploads\\\/2021\\\/09\\\/en-la-quinta-edicion-de-conecta-fiction-spain-film-commission-entrega-un-nuevo-premio-227.jpg\",\"articleSection\":[\"Noticias\"],\"inLanguage\":\"en-US\"},{\"@type\":\"WebPage\",\"@id\":\"https:\\\/\\\/spainfilmcommission.com\\\/en\\\/blog\\\/spain-film-commission-entrega-un-premio-en-la-quinta-edicion-de-conecta-fiction\\\/\",\"url\":\"https:\\\/\\\/spainfilmcommission.com\\\/en\\\/blog\\\/spain-film-commission-entrega-un-premio-en-la-quinta-edicion-de-conecta-fiction\\\/\",\"name\":\"Spain Film Commission entrega un premio en la quinta edicion de Conecta FICTION - Spain Film Commission\",\"isPartOf\":{\"@id\":\"https:\\\/\\\/spainfilmcommission.com\\\/en\\\/#website\"},\"primaryImageOfPage\":{\"@id\":\"https:\\\/\\\/spainfilmcommission.com\\\/en\\\/blog\\\/spain-film-commission-entrega-un-premio-en-la-quinta-edicion-de-conecta-fiction\\\/#primaryimage\"},\"image\":{\"@id\":\"https:\\\/\\\/spainfilmcommission.com\\\/en\\\/blog\\\/spain-film-commission-entrega-un-premio-en-la-quinta-edicion-de-conecta-fiction\\\/#primaryimage\"},\"thumbnailUrl\":\"https:\\\/\\\/spainfilmcommission.com\\\/wp-content\\\/uploads\\\/2021\\\/09\\\/en-la-quinta-edicion-de-conecta-fiction-spain-film-commission-entrega-un-nuevo-premio-227.jpg\",\"datePublished\":\"2021-09-06T22:00:00+00:00\",\"dateModified\":\"2025-02-11T07:06:49+00:00\",\"breadcrumb\":{\"@id\":\"https:\\\/\\\/spainfilmcommission.com\\\/en\\\/blog\\\/spain-film-commission-entrega-un-premio-en-la-quinta-edicion-de-conecta-fiction\\\/#breadcrumb\"},\"inLanguage\":\"en-US\",\"potentialAction\":[{\"@type\":\"ReadAction\",\"target\":[\"https:\\\/\\\/spainfilmcommission.com\\\/en\\\/blog\\\/spain-film-commission-entrega-un-premio-en-la-quinta-edicion-de-conecta-fiction\\\/\"]}]},{\"@type\":\"ImageObject\",\"inLanguage\":\"en-US\",\"@id\":\"https:\\\/\\\/spainfilmcommission.com\\\/en\\\/blog\\\/spain-film-commission-entrega-un-premio-en-la-quinta-edicion-de-conecta-fiction\\\/#primaryimage\",\"url\":\"https:\\\/\\\/spainfilmcommission.com\\\/wp-content\\\/uploads\\\/2021\\\/09\\\/en-la-quinta-edicion-de-conecta-fiction-spain-film-commission-entrega-un-nuevo-premio-227.jpg\",\"contentUrl\":\"https:\\\/\\\/spainfilmcommission.com\\\/wp-content\\\/uploads\\\/2021\\\/09\\\/en-la-quinta-edicion-de-conecta-fiction-spain-film-commission-entrega-un-nuevo-premio-227.jpg\",\"width\":768,\"height\":543},{\"@type\":\"BreadcrumbList\",\"@id\":\"https:\\\/\\\/spainfilmcommission.com\\\/en\\\/blog\\\/spain-film-commission-entrega-un-premio-en-la-quinta-edicion-de-conecta-fiction\\\/#breadcrumb\",\"itemListElement\":[{\"@type\":\"ListItem\",\"position\":1,\"name\":\"Portada\",\"item\":\"https:\\\/\\\/spainfilmcommission.com\\\/en\\\/\"},{\"@type\":\"ListItem\",\"position\":2,\"name\":\"Spain Film Commission entrega un premio en la quinta edicion de Conecta FICTION\"}]},{\"@type\":\"WebSite\",\"@id\":\"https:\\\/\\\/spainfilmcommission.com\\\/en\\\/#website\",\"url\":\"https:\\\/\\\/spainfilmcommission.com\\\/en\\\/\",\"name\":\"Spain Film Commission\",\"description\":\"\",\"publisher\":{\"@id\":\"https:\\\/\\\/spainfilmcommission.com\\\/en\\\/#organization\"},\"potentialAction\":[{\"@type\":\"SearchAction\",\"target\":{\"@type\":\"EntryPoint\",\"urlTemplate\":\"https:\\\/\\\/spainfilmcommission.com\\\/en\\\/?s={search_term_string}\"},\"query-input\":{\"@type\":\"PropertyValueSpecification\",\"valueRequired\":true,\"valueName\":\"search_term_string\"}}],\"inLanguage\":\"en-US\"},{\"@type\":\"Organization\",\"@id\":\"https:\\\/\\\/spainfilmcommission.com\\\/en\\\/#organization\",\"name\":\"Spain Film Commission\",\"url\":\"https:\\\/\\\/spainfilmcommission.com\\\/en\\\/\",\"logo\":{\"@type\":\"ImageObject\",\"inLanguage\":\"en-US\",\"@id\":\"https:\\\/\\\/spainfilmcommission.com\\\/en\\\/#\\\/schema\\\/logo\\\/image\\\/\",\"url\":\"https:\\\/\\\/spainfilmcommission.com\\\/wp-content\\\/uploads\\\/2024\\\/07\\\/SPC_COLOR.png\",\"contentUrl\":\"https:\\\/\\\/spainfilmcommission.com\\\/wp-content\\\/uploads\\\/2024\\\/07\\\/SPC_COLOR.png\",\"width\":1665,\"height\":1665,\"caption\":\"Spain Film Commission\"},\"image\":{\"@id\":\"https:\\\/\\\/spainfilmcommission.com\\\/en\\\/#\\\/schema\\\/logo\\\/image\\\/\"}},{\"@type\":\"Person\",\"@id\":\"https:\\\/\\\/spainfilmcommission.com\\\/en\\\/#\\\/schema\\\/person\\\/6c014ba6ceac198d178a6a9e61113c9d\",\"name\":\"studio128k_dam\",\"image\":{\"@type\":\"ImageObject\",\"inLanguage\":\"en-US\",\"@id\":\"https:\\\/\\\/secure.gravatar.com\\\/avatar\\\/810f99144a13522c24aa173f9cd8bf079d0e89758af00b5f2938443cd51b31e9?s=96&d=mm&r=g\",\"url\":\"https:\\\/\\\/secure.gravatar.com\\\/avatar\\\/810f99144a13522c24aa173f9cd8bf079d0e89758af00b5f2938443cd51b31e9?s=96&d=mm&r=g\",\"contentUrl\":\"https:\\\/\\\/secure.gravatar.com\\\/avatar\\\/810f99144a13522c24aa173f9cd8bf079d0e89758af00b5f2938443cd51b31e9?s=96&d=mm&r=g\",\"caption\":\"studio128k_dam\"}}]}<\/script>\n<!-- \/ Yoast SEO plugin. -->","yoast_head_json":{"title":"Spain Film Commission entrega un premio en la quinta edicion de Conecta FICTION - Spain Film Commission","robots":{"index":"index","follow":"follow","max-snippet":"max-snippet:-1","max-image-preview":"max-image-preview:large","max-video-preview":"max-video-preview:-1"},"canonical":"https:\/\/spainfilmcommission.com\/en\/blog\/spain-film-commission-entrega-un-premio-en-la-quinta-edicion-de-conecta-fiction\/","og_locale":"en_US","og_type":"article","og_title":"Spain Film Commission entrega un premio en la quinta edicion de Conecta FICTION - Spain Film Commission","og_description":"Spain Film Commission se suma a la quinta edici\u00f3n de Conecta FICTION, el foro de coproducci\u00f3n, este a\u00f1o celebrar\u00e1 su segunda parte de manera presencial en Pamplona los d\u00edas 13 [&hellip;]","og_url":"https:\/\/spainfilmcommission.com\/en\/blog\/spain-film-commission-entrega-un-premio-en-la-quinta-edicion-de-conecta-fiction\/","og_site_name":"Spain Film Commission","article_published_time":"2021-09-06T22:00:00+00:00","article_modified_time":"2025-02-11T07:06:49+00:00","og_image":[{"width":768,"height":543,"url":"https:\/\/spainfilmcommission.com\/wp-content\/uploads\/2021\/09\/en-la-quinta-edicion-de-conecta-fiction-spain-film-commission-entrega-un-nuevo-premio-227.jpg","type":"image\/jpeg"}],"author":"studio128k_dam","twitter_card":"summary_large_image","twitter_misc":{"Written by":"studio128k_dam","Est. reading time":"1 minute"},"schema":{"@context":"https:\/\/schema.org","@graph":[{"@type":"Article","@id":"https:\/\/spainfilmcommission.com\/en\/blog\/spain-film-commission-entrega-un-premio-en-la-quinta-edicion-de-conecta-fiction\/#article","isPartOf":{"@id":"https:\/\/spainfilmcommission.com\/en\/blog\/spain-film-commission-entrega-un-premio-en-la-quinta-edicion-de-conecta-fiction\/"},"author":{"name":"studio128k_dam","@id":"https:\/\/spainfilmcommission.com\/en\/#\/schema\/person\/6c014ba6ceac198d178a6a9e61113c9d"},"headline":"Spain Film Commission entrega un premio en la quinta edicion de Conecta FICTION","datePublished":"2021-09-06T22:00:00+00:00","dateModified":"2025-02-11T07:06:49+00:00","mainEntityOfPage":{"@id":"https:\/\/spainfilmcommission.com\/en\/blog\/spain-film-commission-entrega-un-premio-en-la-quinta-edicion-de-conecta-fiction\/"},"wordCount":186,"publisher":{"@id":"https:\/\/spainfilmcommission.com\/en\/#organization"},"image":{"@id":"https:\/\/spainfilmcommission.com\/en\/blog\/spain-film-commission-entrega-un-premio-en-la-quinta-edicion-de-conecta-fiction\/#primaryimage"},"thumbnailUrl":"https:\/\/spainfilmcommission.com\/wp-content\/uploads\/2021\/09\/en-la-quinta-edicion-de-conecta-fiction-spain-film-commission-entrega-un-nuevo-premio-227.jpg","articleSection":["Noticias"],"inLanguage":"en-US"},{"@type":"WebPage","@id":"https:\/\/spainfilmcommission.com\/en\/blog\/spain-film-commission-entrega-un-premio-en-la-quinta-edicion-de-conecta-fiction\/","url":"https:\/\/spainfilmcommission.com\/en\/blog\/spain-film-commission-entrega-un-premio-en-la-quinta-edicion-de-conecta-fiction\/","name":"Spain Film Commission entrega un premio en la quinta edicion de Conecta FICTION - Spain Film Commission","isPartOf":{"@id":"https:\/\/spainfilmcommission.com\/en\/#website"},"primaryImageOfPage":{"@id":"https:\/\/spainfilmcommission.com\/en\/blog\/spain-film-commission-entrega-un-premio-en-la-quinta-edicion-de-conecta-fiction\/#primaryimage"},"image":{"@id":"https:\/\/spainfilmcommission.com\/en\/blog\/spain-film-commission-entrega-un-premio-en-la-quinta-edicion-de-conecta-fiction\/#primaryimage"},"thumbnailUrl":"https:\/\/spainfilmcommission.com\/wp-content\/uploads\/2021\/09\/en-la-quinta-edicion-de-conecta-fiction-spain-film-commission-entrega-un-nuevo-premio-227.jpg","datePublished":"2021-09-06T22:00:00+00:00","dateModified":"2025-02-11T07:06:49+00:00","breadcrumb":{"@id":"https:\/\/spainfilmcommission.com\/en\/blog\/spain-film-commission-entrega-un-premio-en-la-quinta-edicion-de-conecta-fiction\/#breadcrumb"},"inLanguage":"en-US","potentialAction":[{"@type":"ReadAction","target":["https:\/\/spainfilmcommission.com\/en\/blog\/spain-film-commission-entrega-un-premio-en-la-quinta-edicion-de-conecta-fiction\/"]}]},{"@type":"ImageObject","inLanguage":"en-US","@id":"https:\/\/spainfilmcommission.com\/en\/blog\/spain-film-commission-entrega-un-premio-en-la-quinta-edicion-de-conecta-fiction\/#primaryimage","url":"https:\/\/spainfilmcommission.com\/wp-content\/uploads\/2021\/09\/en-la-quinta-edicion-de-conecta-fiction-spain-film-commission-entrega-un-nuevo-premio-227.jpg","contentUrl":"https:\/\/spainfilmcommission.com\/wp-content\/uploads\/2021\/09\/en-la-quinta-edicion-de-conecta-fiction-spain-film-commission-entrega-un-nuevo-premio-227.jpg","width":768,"height":543},{"@type":"BreadcrumbList","@id":"https:\/\/spainfilmcommission.com\/en\/blog\/spain-film-commission-entrega-un-premio-en-la-quinta-edicion-de-conecta-fiction\/#breadcrumb","itemListElement":[{"@type":"ListItem","position":1,"name":"Portada","item":"https:\/\/spainfilmcommission.com\/en\/"},{"@type":"ListItem","position":2,"name":"Spain Film Commission entrega un premio en la quinta edicion de Conecta FICTION"}]},{"@type":"WebSite","@id":"https:\/\/spainfilmcommission.com\/en\/#website","url":"https:\/\/spainfilmcommission.com\/en\/","name":"Spain Film Commission","description":"","publisher":{"@id":"https:\/\/spainfilmcommission.com\/en\/#organization"},"potentialAction":[{"@type":"SearchAction","target":{"@type":"EntryPoint","urlTemplate":"https:\/\/spainfilmcommission.com\/en\/?s={search_term_string}"},"query-input":{"@type":"PropertyValueSpecification","valueRequired":true,"valueName":"search_term_string"}}],"inLanguage":"en-US"},{"@type":"Organization","@id":"https:\/\/spainfilmcommission.com\/en\/#organization","name":"Spain Film Commission","url":"https:\/\/spainfilmcommission.com\/en\/","logo":{"@type":"ImageObject","inLanguage":"en-US","@id":"https:\/\/spainfilmcommission.com\/en\/#\/schema\/logo\/image\/","url":"https:\/\/spainfilmcommission.com\/wp-content\/uploads\/2024\/07\/SPC_COLOR.png","contentUrl":"https:\/\/spainfilmcommission.com\/wp-content\/uploads\/2024\/07\/SPC_COLOR.png","width":1665,"height":1665,"caption":"Spain Film Commission"},"image":{"@id":"https:\/\/spainfilmcommission.com\/en\/#\/schema\/logo\/image\/"}},{"@type":"Person","@id":"https:\/\/spainfilmcommission.com\/en\/#\/schema\/person\/6c014ba6ceac198d178a6a9e61113c9d","name":"studio128k_dam","image":{"@type":"ImageObject","inLanguage":"en-US","@id":"https:\/\/secure.gravatar.com\/avatar\/810f99144a13522c24aa173f9cd8bf079d0e89758af00b5f2938443cd51b31e9?s=96&d=mm&r=g","url":"https:\/\/secure.gravatar.com\/avatar\/810f99144a13522c24aa173f9cd8bf079d0e89758af00b5f2938443cd51b31e9?s=96&d=mm&r=g","contentUrl":"https:\/\/secure.gravatar.com\/avatar\/810f99144a13522c24aa173f9cd8bf079d0e89758af00b5f2938443cd51b31e9?s=96&d=mm&r=g","caption":"studio128k_dam"}}]}},"_links":{"self":[{"href":"https:\/\/spainfilmcommission.com\/en\/wp-json\/wp\/v2\/posts\/8452","targetHints":{"allow":["GET"]}}],"collection":[{"href":"https:\/\/spainfilmcommission.com\/en\/wp-json\/wp\/v2\/posts"}],"about":[{"href":"https:\/\/spainfilmcommission.com\/en\/wp-json\/wp\/v2\/types\/post"}],"author":[{"embeddable":true,"href":"https:\/\/spainfilmcommission.com\/en\/wp-json\/wp\/v2\/users\/2"}],"replies":[{"embeddable":true,"href":"https:\/\/spainfilmcommission.com\/en\/wp-json\/wp\/v2\/comments?post=8452"}],"version-history":[{"count":0,"href":"https:\/\/spainfilmcommission.com\/en\/wp-json\/wp\/v2\/posts\/8452\/revisions"}],"wp:featuredmedia":[{"embeddable":true,"href":"https:\/\/spainfilmcommission.com\/en\/wp-json\/wp\/v2\/media\/8453"}],"wp:attachment":[{"href":"https:\/\/spainfilmcommission.com\/en\/wp-json\/wp\/v2\/media?parent=8452"}],"wp:term":[{"taxonomy":"category","embeddable":true,"href":"https:\/\/spainfilmcommission.com\/en\/wp-json\/wp\/v2\/categories?post=8452"},{"taxonomy":"post_tag","embeddable":true,"href":"https:\/\/spainfilmcommission.com\/en\/wp-json\/wp\/v2\/tags?post=8452"}],"curies":[{"name":"wp","href":"https:\/\/api.w.org\/{rel}","templated":true}]}}