{"id":7534,"date":"2019-02-07T00:00:00","date_gmt":"2019-02-06T22:00:00","guid":{"rendered":"https:\/\/sfc.com\/spain-film-commission-participa-en-la-edicion-2019-del-european-film-market\/"},"modified":"2025-02-11T08:07:06","modified_gmt":"2025-02-11T07:07:06","slug":"spain-film-commission-participa-en-la-edicion-2019-del-european-film-market","status":"publish","type":"post","link":"https:\/\/spainfilmcommission.com\/en\/blog\/spain-film-commission-participa-en-la-edicion-2019-del-european-film-market\/","title":{"rendered":"Spain Film Commission participa en la edici\u00f3n 2019 del European Film Market"},"content":{"rendered":"<p>El<a href=\"https:\/\/www.efm-berlinale.de\/en\/home\/homepage.html\" target=\"_blank\"> European Film Market<\/a> inicia su actividad desde el 7 al 15 de febrero en el marco del Festival Internacional de Cine de Berl\u00edn, <a href=\"https:\/\/www.berlinale.de\/en\/HomePage.html\" target=\"_blank\">Berlinale<\/a>. Cinema from Spain ha organizado diversas actividades y concentrar\u00e1 a agentes de ventas, instituciones y film commission<\/p>\n<p>Spain Film Commission un a\u00f1o m\u00e1s participa en el mercado audiovisual europeo de referencia para continuar posicionando al pa\u00eds como destino de rodajes y dando a conocer las localziaciones, los profesionales y los incentivos espa\u00f1oles. <a href=\"https:\/\/www.canaryislandsfilm.com\/en\/\" target=\"_blank\">Canary Island Films<\/a>, <a href=\"http:\/\/www.madrid.org\/filmmadrid\/en\/index.html\" target=\"_blank\">Madrid Film &#8211; Region of Madrid <\/a>y\u00a0<a href=\"http:\/\/www.andaluciafilm.com\/\" target=\"_blank\">Andaluc\u00eda Film Commission<\/a> estar\u00e1n presentes en el \u00e1rea Cinema from Spain.\u00a0<\/p>\n<p>Adem\u00e1s de diversos encuentros profesionales, la entidad ha organizado conjuntamente con la <a href=\"http:\/\/www.exteriores.gob.es\/Embajadas\/Berlin\/es\/Paginas\/inicio.aspx\" target=\"_blank\">Embajada de Espa\u00f1a en Alemania<\/a> y\u00a0el apoyo de la Sub Direcci\u00f3n General de Industrias Culturales y Mecenazgo del Ministerio de Cultura, una exposici\u00f3n fotogr\u00e1fica: <strong>&#8220;Espa\u00f1a, un pa\u00eds de cine&#8221;<\/strong>\u00a0que re\u00fane 36 piezas de gran formato que reflejan las localizaciones m\u00e1s emblem\u00e1ticas de todas comunidades aut\u00f3nomas. Quedar\u00e1 inaugurada el pr\u00f3ximo martes 12 de febrero, durante la recepci\u00f3n que organiza el\u00a0Instituto de la Cinematograf\u00eda y de las Artes Audiovisuales,<a href=\"http:\/\/www.culturaydeporte.gob.es\/cultura-mecd\/areas-cultura\/cine\/inicio.html\" target=\"_blank\"> ICAA<\/a>, y se podr\u00e1\u00a0visitar en la sede de la Embajada, desde el 13 de febrero al 15 de marzo. <span style=\"font-family:'Fira Sans', sans-serif;font-size:14px;text-align:justify;\">Un v\u00eddeo sobre la atracci\u00f3n de rodajes en Espa\u00f1a pondr\u00e1 la parte multimedia a una exposici\u00f3n que promete no dejar indiferentes a los asistentes, y de la que seguro saldr\u00e1n futuros visitantes de nuestro pa\u00eds.<\/span><\/p>\n<p>La exposici\u00f3n est\u00e1 comisariada por Victor Lamadrid, director de <a href=\"http:\/\/cantabriafilmcommission.com\/en\/\" target=\"_blank\">Cantabria Film Commission<\/a> y vicepresidente de Spain Film Commission, que ha expresado: &#8220;<span style=\"font-family:'Fira Sans', sans-serif;font-size:14px;text-align:justify;\">En la exposici\u00f3n vamos a poder ver ejemplos claros de turismo cinematogr\u00e1fico, se podr\u00e1n ver playas, monta\u00f1as, r\u00edos, arquitectura, edificios singulares&#8230; Hemos intentado que en la exposici\u00f3n est\u00e9n presentes todos los territorios, y haya espacio para todo tipo de lugares, todos ellos sorprendentes, que har\u00e1n al visitante querer conocerlos en persona&#8221;.<\/span><\/p>\n<h3>#SHOOTINGINSPAIN &#8211; #RUEDAENESPA\u00d1A\u00a0<\/h3>\n<p><img src='https:\/\/spainfilmcommission.com\/\/wp-content\/uploads\/2019\/02\/comienza-el-european-film-market-y-spain-film-commission-ya-esta-en-la-berlinale1-108.jpg' alt='Imagen relacionada'><img src='https:\/\/spainfilmcommission.com\/\/wp-content\/uploads\/2019\/02\/comienza-el-european-film-market-y-spain-film-commission-ya-esta-en-la-berlinale2-108.png' alt='Imagen relacionada'><img src='https:\/\/spainfilmcommission.com\/\/wp-content\/uploads\/2019\/02\/comienza-el-european-film-market-y-spain-film-commission-ya-esta-en-la-berlinale3-108.png' alt='Imagen relacionada'><\/p>\n","protected":false},"excerpt":{"rendered":"<p>Gracias a <a href=\"http:\/\/www.investinspain.org\/invest\/en\/index.html\" target=\"_blank\">Invest in Spain &#8211; ICEX<\/a>, SFC participa en Cinema from Spain, en el stand C1 del pabell\u00f3n Gropius Bau de Berl\u00edn.\u00a0<\/p>\n","protected":false},"author":2,"featured_media":7535,"comment_status":"closed","ping_status":"","sticky":false,"template":"","format":"standard","meta":{"footnotes":""},"categories":[38],"tags":[],"class_list":["post-7534","post","type-post","status-publish","format-standard","has-post-thumbnail","hentry","category-noticias"],"yoast_head":"<!-- This site is optimized with the Yoast SEO plugin v27.3 - https:\/\/yoast.com\/product\/yoast-seo-wordpress\/ -->\n<title>Spain Film Commission participa en la edici\u00f3n 2019 del European Film Market - Spain Film Commission<\/title>\n<meta name=\"robots\" content=\"index, follow, max-snippet:-1, max-image-preview:large, max-video-preview:-1\" \/>\n<link rel=\"canonical\" href=\"https:\/\/spainfilmcommission.com\/en\/blog\/spain-film-commission-participa-en-la-edicion-2019-del-european-film-market\/\" \/>\n<meta property=\"og:locale\" content=\"en_US\" \/>\n<meta property=\"og:type\" content=\"article\" \/>\n<meta property=\"og:title\" content=\"Spain Film Commission participa en la edici\u00f3n 2019 del European Film Market - Spain Film Commission\" \/>\n<meta property=\"og:description\" content=\"Gracias a Invest in Spain - ICEX, SFC participa en Cinema from Spain, en el stand C1 del pabell\u00f3n Gropius Bau de Berl\u00edn.\u00a0\" \/>\n<meta property=\"og:url\" content=\"https:\/\/spainfilmcommission.com\/en\/blog\/spain-film-commission-participa-en-la-edicion-2019-del-european-film-market\/\" \/>\n<meta property=\"og:site_name\" content=\"Spain Film Commission\" \/>\n<meta property=\"article:published_time\" content=\"2019-02-06T22:00:00+00:00\" \/>\n<meta property=\"article:modified_time\" content=\"2025-02-11T07:07:06+00:00\" \/>\n<meta property=\"og:image\" content=\"https:\/\/spainfilmcommission.com\/wp-content\/uploads\/2019\/02\/comienza-el-european-film-market-y-spain-film-commission-ya-esta-en-la-berlinale-108.jpg\" \/>\n\t<meta property=\"og:image:width\" content=\"567\" \/>\n\t<meta property=\"og:image:height\" content=\"425\" \/>\n\t<meta property=\"og:image:type\" content=\"image\/jpeg\" \/>\n<meta name=\"author\" content=\"studio128k_dam\" \/>\n<meta name=\"twitter:card\" content=\"summary_large_image\" \/>\n<meta name=\"twitter:label1\" content=\"Written by\" \/>\n\t<meta name=\"twitter:data1\" content=\"studio128k_dam\" \/>\n\t<meta name=\"twitter:label2\" content=\"Est. reading time\" \/>\n\t<meta name=\"twitter:data2\" content=\"2 minutes\" \/>\n<script type=\"application\/ld+json\" class=\"yoast-schema-graph\">{\"@context\":\"https:\\\/\\\/schema.org\",\"@graph\":[{\"@type\":\"Article\",\"@id\":\"https:\\\/\\\/spainfilmcommission.com\\\/en\\\/blog\\\/spain-film-commission-participa-en-la-edicion-2019-del-european-film-market\\\/#article\",\"isPartOf\":{\"@id\":\"https:\\\/\\\/spainfilmcommission.com\\\/en\\\/blog\\\/spain-film-commission-participa-en-la-edicion-2019-del-european-film-market\\\/\"},\"author\":{\"name\":\"studio128k_dam\",\"@id\":\"https:\\\/\\\/spainfilmcommission.com\\\/en\\\/#\\\/schema\\\/person\\\/6c014ba6ceac198d178a6a9e61113c9d\"},\"headline\":\"Spain Film Commission participa en la edici\u00f3n 2019 del European Film Market\",\"datePublished\":\"2019-02-06T22:00:00+00:00\",\"dateModified\":\"2025-02-11T07:07:06+00:00\",\"mainEntityOfPage\":{\"@id\":\"https:\\\/\\\/spainfilmcommission.com\\\/en\\\/blog\\\/spain-film-commission-participa-en-la-edicion-2019-del-european-film-market\\\/\"},\"wordCount\":353,\"publisher\":{\"@id\":\"https:\\\/\\\/spainfilmcommission.com\\\/en\\\/#organization\"},\"image\":{\"@id\":\"https:\\\/\\\/spainfilmcommission.com\\\/en\\\/blog\\\/spain-film-commission-participa-en-la-edicion-2019-del-european-film-market\\\/#primaryimage\"},\"thumbnailUrl\":\"https:\\\/\\\/spainfilmcommission.com\\\/wp-content\\\/uploads\\\/2019\\\/02\\\/comienza-el-european-film-market-y-spain-film-commission-ya-esta-en-la-berlinale-108.jpg\",\"articleSection\":[\"Noticias\"],\"inLanguage\":\"en-US\"},{\"@type\":\"WebPage\",\"@id\":\"https:\\\/\\\/spainfilmcommission.com\\\/en\\\/blog\\\/spain-film-commission-participa-en-la-edicion-2019-del-european-film-market\\\/\",\"url\":\"https:\\\/\\\/spainfilmcommission.com\\\/en\\\/blog\\\/spain-film-commission-participa-en-la-edicion-2019-del-european-film-market\\\/\",\"name\":\"Spain Film Commission participa en la edici\u00f3n 2019 del European Film Market - Spain Film Commission\",\"isPartOf\":{\"@id\":\"https:\\\/\\\/spainfilmcommission.com\\\/en\\\/#website\"},\"primaryImageOfPage\":{\"@id\":\"https:\\\/\\\/spainfilmcommission.com\\\/en\\\/blog\\\/spain-film-commission-participa-en-la-edicion-2019-del-european-film-market\\\/#primaryimage\"},\"image\":{\"@id\":\"https:\\\/\\\/spainfilmcommission.com\\\/en\\\/blog\\\/spain-film-commission-participa-en-la-edicion-2019-del-european-film-market\\\/#primaryimage\"},\"thumbnailUrl\":\"https:\\\/\\\/spainfilmcommission.com\\\/wp-content\\\/uploads\\\/2019\\\/02\\\/comienza-el-european-film-market-y-spain-film-commission-ya-esta-en-la-berlinale-108.jpg\",\"datePublished\":\"2019-02-06T22:00:00+00:00\",\"dateModified\":\"2025-02-11T07:07:06+00:00\",\"breadcrumb\":{\"@id\":\"https:\\\/\\\/spainfilmcommission.com\\\/en\\\/blog\\\/spain-film-commission-participa-en-la-edicion-2019-del-european-film-market\\\/#breadcrumb\"},\"inLanguage\":\"en-US\",\"potentialAction\":[{\"@type\":\"ReadAction\",\"target\":[\"https:\\\/\\\/spainfilmcommission.com\\\/en\\\/blog\\\/spain-film-commission-participa-en-la-edicion-2019-del-european-film-market\\\/\"]}]},{\"@type\":\"ImageObject\",\"inLanguage\":\"en-US\",\"@id\":\"https:\\\/\\\/spainfilmcommission.com\\\/en\\\/blog\\\/spain-film-commission-participa-en-la-edicion-2019-del-european-film-market\\\/#primaryimage\",\"url\":\"https:\\\/\\\/spainfilmcommission.com\\\/wp-content\\\/uploads\\\/2019\\\/02\\\/comienza-el-european-film-market-y-spain-film-commission-ya-esta-en-la-berlinale-108.jpg\",\"contentUrl\":\"https:\\\/\\\/spainfilmcommission.com\\\/wp-content\\\/uploads\\\/2019\\\/02\\\/comienza-el-european-film-market-y-spain-film-commission-ya-esta-en-la-berlinale-108.jpg\",\"width\":567,\"height\":425},{\"@type\":\"BreadcrumbList\",\"@id\":\"https:\\\/\\\/spainfilmcommission.com\\\/en\\\/blog\\\/spain-film-commission-participa-en-la-edicion-2019-del-european-film-market\\\/#breadcrumb\",\"itemListElement\":[{\"@type\":\"ListItem\",\"position\":1,\"name\":\"Portada\",\"item\":\"https:\\\/\\\/spainfilmcommission.com\\\/en\\\/\"},{\"@type\":\"ListItem\",\"position\":2,\"name\":\"Spain Film Commission participa en la edici\u00f3n 2019 del European Film Market\"}]},{\"@type\":\"WebSite\",\"@id\":\"https:\\\/\\\/spainfilmcommission.com\\\/en\\\/#website\",\"url\":\"https:\\\/\\\/spainfilmcommission.com\\\/en\\\/\",\"name\":\"Spain Film Commission\",\"description\":\"\",\"publisher\":{\"@id\":\"https:\\\/\\\/spainfilmcommission.com\\\/en\\\/#organization\"},\"potentialAction\":[{\"@type\":\"SearchAction\",\"target\":{\"@type\":\"EntryPoint\",\"urlTemplate\":\"https:\\\/\\\/spainfilmcommission.com\\\/en\\\/?s={search_term_string}\"},\"query-input\":{\"@type\":\"PropertyValueSpecification\",\"valueRequired\":true,\"valueName\":\"search_term_string\"}}],\"inLanguage\":\"en-US\"},{\"@type\":\"Organization\",\"@id\":\"https:\\\/\\\/spainfilmcommission.com\\\/en\\\/#organization\",\"name\":\"Spain Film Commission\",\"url\":\"https:\\\/\\\/spainfilmcommission.com\\\/en\\\/\",\"logo\":{\"@type\":\"ImageObject\",\"inLanguage\":\"en-US\",\"@id\":\"https:\\\/\\\/spainfilmcommission.com\\\/en\\\/#\\\/schema\\\/logo\\\/image\\\/\",\"url\":\"https:\\\/\\\/spainfilmcommission.com\\\/wp-content\\\/uploads\\\/2024\\\/07\\\/SPC_COLOR.png\",\"contentUrl\":\"https:\\\/\\\/spainfilmcommission.com\\\/wp-content\\\/uploads\\\/2024\\\/07\\\/SPC_COLOR.png\",\"width\":1665,\"height\":1665,\"caption\":\"Spain Film Commission\"},\"image\":{\"@id\":\"https:\\\/\\\/spainfilmcommission.com\\\/en\\\/#\\\/schema\\\/logo\\\/image\\\/\"}},{\"@type\":\"Person\",\"@id\":\"https:\\\/\\\/spainfilmcommission.com\\\/en\\\/#\\\/schema\\\/person\\\/6c014ba6ceac198d178a6a9e61113c9d\",\"name\":\"studio128k_dam\",\"image\":{\"@type\":\"ImageObject\",\"inLanguage\":\"en-US\",\"@id\":\"https:\\\/\\\/secure.gravatar.com\\\/avatar\\\/810f99144a13522c24aa173f9cd8bf079d0e89758af00b5f2938443cd51b31e9?s=96&d=mm&r=g\",\"url\":\"https:\\\/\\\/secure.gravatar.com\\\/avatar\\\/810f99144a13522c24aa173f9cd8bf079d0e89758af00b5f2938443cd51b31e9?s=96&d=mm&r=g\",\"contentUrl\":\"https:\\\/\\\/secure.gravatar.com\\\/avatar\\\/810f99144a13522c24aa173f9cd8bf079d0e89758af00b5f2938443cd51b31e9?s=96&d=mm&r=g\",\"caption\":\"studio128k_dam\"}}]}<\/script>\n<!-- \/ Yoast SEO plugin. -->","yoast_head_json":{"title":"Spain Film Commission participa en la edici\u00f3n 2019 del European Film Market - Spain Film Commission","robots":{"index":"index","follow":"follow","max-snippet":"max-snippet:-1","max-image-preview":"max-image-preview:large","max-video-preview":"max-video-preview:-1"},"canonical":"https:\/\/spainfilmcommission.com\/en\/blog\/spain-film-commission-participa-en-la-edicion-2019-del-european-film-market\/","og_locale":"en_US","og_type":"article","og_title":"Spain Film Commission participa en la edici\u00f3n 2019 del European Film Market - Spain Film Commission","og_description":"Gracias a Invest in Spain - ICEX, SFC participa en Cinema from Spain, en el stand C1 del pabell\u00f3n Gropius Bau de Berl\u00edn.\u00a0","og_url":"https:\/\/spainfilmcommission.com\/en\/blog\/spain-film-commission-participa-en-la-edicion-2019-del-european-film-market\/","og_site_name":"Spain Film Commission","article_published_time":"2019-02-06T22:00:00+00:00","article_modified_time":"2025-02-11T07:07:06+00:00","og_image":[{"width":567,"height":425,"url":"https:\/\/spainfilmcommission.com\/wp-content\/uploads\/2019\/02\/comienza-el-european-film-market-y-spain-film-commission-ya-esta-en-la-berlinale-108.jpg","type":"image\/jpeg"}],"author":"studio128k_dam","twitter_card":"summary_large_image","twitter_misc":{"Written by":"studio128k_dam","Est. reading time":"2 minutes"},"schema":{"@context":"https:\/\/schema.org","@graph":[{"@type":"Article","@id":"https:\/\/spainfilmcommission.com\/en\/blog\/spain-film-commission-participa-en-la-edicion-2019-del-european-film-market\/#article","isPartOf":{"@id":"https:\/\/spainfilmcommission.com\/en\/blog\/spain-film-commission-participa-en-la-edicion-2019-del-european-film-market\/"},"author":{"name":"studio128k_dam","@id":"https:\/\/spainfilmcommission.com\/en\/#\/schema\/person\/6c014ba6ceac198d178a6a9e61113c9d"},"headline":"Spain Film Commission participa en la edici\u00f3n 2019 del European Film Market","datePublished":"2019-02-06T22:00:00+00:00","dateModified":"2025-02-11T07:07:06+00:00","mainEntityOfPage":{"@id":"https:\/\/spainfilmcommission.com\/en\/blog\/spain-film-commission-participa-en-la-edicion-2019-del-european-film-market\/"},"wordCount":353,"publisher":{"@id":"https:\/\/spainfilmcommission.com\/en\/#organization"},"image":{"@id":"https:\/\/spainfilmcommission.com\/en\/blog\/spain-film-commission-participa-en-la-edicion-2019-del-european-film-market\/#primaryimage"},"thumbnailUrl":"https:\/\/spainfilmcommission.com\/wp-content\/uploads\/2019\/02\/comienza-el-european-film-market-y-spain-film-commission-ya-esta-en-la-berlinale-108.jpg","articleSection":["Noticias"],"inLanguage":"en-US"},{"@type":"WebPage","@id":"https:\/\/spainfilmcommission.com\/en\/blog\/spain-film-commission-participa-en-la-edicion-2019-del-european-film-market\/","url":"https:\/\/spainfilmcommission.com\/en\/blog\/spain-film-commission-participa-en-la-edicion-2019-del-european-film-market\/","name":"Spain Film Commission participa en la edici\u00f3n 2019 del European Film Market - Spain Film Commission","isPartOf":{"@id":"https:\/\/spainfilmcommission.com\/en\/#website"},"primaryImageOfPage":{"@id":"https:\/\/spainfilmcommission.com\/en\/blog\/spain-film-commission-participa-en-la-edicion-2019-del-european-film-market\/#primaryimage"},"image":{"@id":"https:\/\/spainfilmcommission.com\/en\/blog\/spain-film-commission-participa-en-la-edicion-2019-del-european-film-market\/#primaryimage"},"thumbnailUrl":"https:\/\/spainfilmcommission.com\/wp-content\/uploads\/2019\/02\/comienza-el-european-film-market-y-spain-film-commission-ya-esta-en-la-berlinale-108.jpg","datePublished":"2019-02-06T22:00:00+00:00","dateModified":"2025-02-11T07:07:06+00:00","breadcrumb":{"@id":"https:\/\/spainfilmcommission.com\/en\/blog\/spain-film-commission-participa-en-la-edicion-2019-del-european-film-market\/#breadcrumb"},"inLanguage":"en-US","potentialAction":[{"@type":"ReadAction","target":["https:\/\/spainfilmcommission.com\/en\/blog\/spain-film-commission-participa-en-la-edicion-2019-del-european-film-market\/"]}]},{"@type":"ImageObject","inLanguage":"en-US","@id":"https:\/\/spainfilmcommission.com\/en\/blog\/spain-film-commission-participa-en-la-edicion-2019-del-european-film-market\/#primaryimage","url":"https:\/\/spainfilmcommission.com\/wp-content\/uploads\/2019\/02\/comienza-el-european-film-market-y-spain-film-commission-ya-esta-en-la-berlinale-108.jpg","contentUrl":"https:\/\/spainfilmcommission.com\/wp-content\/uploads\/2019\/02\/comienza-el-european-film-market-y-spain-film-commission-ya-esta-en-la-berlinale-108.jpg","width":567,"height":425},{"@type":"BreadcrumbList","@id":"https:\/\/spainfilmcommission.com\/en\/blog\/spain-film-commission-participa-en-la-edicion-2019-del-european-film-market\/#breadcrumb","itemListElement":[{"@type":"ListItem","position":1,"name":"Portada","item":"https:\/\/spainfilmcommission.com\/en\/"},{"@type":"ListItem","position":2,"name":"Spain Film Commission participa en la edici\u00f3n 2019 del European Film Market"}]},{"@type":"WebSite","@id":"https:\/\/spainfilmcommission.com\/en\/#website","url":"https:\/\/spainfilmcommission.com\/en\/","name":"Spain Film Commission","description":"","publisher":{"@id":"https:\/\/spainfilmcommission.com\/en\/#organization"},"potentialAction":[{"@type":"SearchAction","target":{"@type":"EntryPoint","urlTemplate":"https:\/\/spainfilmcommission.com\/en\/?s={search_term_string}"},"query-input":{"@type":"PropertyValueSpecification","valueRequired":true,"valueName":"search_term_string"}}],"inLanguage":"en-US"},{"@type":"Organization","@id":"https:\/\/spainfilmcommission.com\/en\/#organization","name":"Spain Film Commission","url":"https:\/\/spainfilmcommission.com\/en\/","logo":{"@type":"ImageObject","inLanguage":"en-US","@id":"https:\/\/spainfilmcommission.com\/en\/#\/schema\/logo\/image\/","url":"https:\/\/spainfilmcommission.com\/wp-content\/uploads\/2024\/07\/SPC_COLOR.png","contentUrl":"https:\/\/spainfilmcommission.com\/wp-content\/uploads\/2024\/07\/SPC_COLOR.png","width":1665,"height":1665,"caption":"Spain Film Commission"},"image":{"@id":"https:\/\/spainfilmcommission.com\/en\/#\/schema\/logo\/image\/"}},{"@type":"Person","@id":"https:\/\/spainfilmcommission.com\/en\/#\/schema\/person\/6c014ba6ceac198d178a6a9e61113c9d","name":"studio128k_dam","image":{"@type":"ImageObject","inLanguage":"en-US","@id":"https:\/\/secure.gravatar.com\/avatar\/810f99144a13522c24aa173f9cd8bf079d0e89758af00b5f2938443cd51b31e9?s=96&d=mm&r=g","url":"https:\/\/secure.gravatar.com\/avatar\/810f99144a13522c24aa173f9cd8bf079d0e89758af00b5f2938443cd51b31e9?s=96&d=mm&r=g","contentUrl":"https:\/\/secure.gravatar.com\/avatar\/810f99144a13522c24aa173f9cd8bf079d0e89758af00b5f2938443cd51b31e9?s=96&d=mm&r=g","caption":"studio128k_dam"}}]}},"_links":{"self":[{"href":"https:\/\/spainfilmcommission.com\/en\/wp-json\/wp\/v2\/posts\/7534","targetHints":{"allow":["GET"]}}],"collection":[{"href":"https:\/\/spainfilmcommission.com\/en\/wp-json\/wp\/v2\/posts"}],"about":[{"href":"https:\/\/spainfilmcommission.com\/en\/wp-json\/wp\/v2\/types\/post"}],"author":[{"embeddable":true,"href":"https:\/\/spainfilmcommission.com\/en\/wp-json\/wp\/v2\/users\/2"}],"replies":[{"embeddable":true,"href":"https:\/\/spainfilmcommission.com\/en\/wp-json\/wp\/v2\/comments?post=7534"}],"version-history":[{"count":0,"href":"https:\/\/spainfilmcommission.com\/en\/wp-json\/wp\/v2\/posts\/7534\/revisions"}],"wp:featuredmedia":[{"embeddable":true,"href":"https:\/\/spainfilmcommission.com\/en\/wp-json\/wp\/v2\/media\/7535"}],"wp:attachment":[{"href":"https:\/\/spainfilmcommission.com\/en\/wp-json\/wp\/v2\/media?parent=7534"}],"wp:term":[{"taxonomy":"category","embeddable":true,"href":"https:\/\/spainfilmcommission.com\/en\/wp-json\/wp\/v2\/categories?post=7534"},{"taxonomy":"post_tag","embeddable":true,"href":"https:\/\/spainfilmcommission.com\/en\/wp-json\/wp\/v2\/tags?post=7534"}],"curies":[{"name":"wp","href":"https:\/\/api.w.org\/{rel}","templated":true}]}}