{"id":7378,"date":"2018-11-20T00:00:00","date_gmt":"2018-11-19T22:00:00","guid":{"rendered":"https:\/\/sfc.com\/el-parque-nacional-del-teide-y-el-desierto-de-tabernas-entre-los-finalistas-al-premio-a-la-mejor-localizacion-europea\/"},"modified":"2025-02-11T08:07:07","modified_gmt":"2025-02-11T07:07:07","slug":"el-parque-nacional-del-teide-y-el-desierto-de-tabernas-entre-los-finalistas-al-premio-a-la-mejor-localizacion-europea","status":"publish","type":"post","link":"https:\/\/spainfilmcommission.com\/en\/blog\/el-parque-nacional-del-teide-y-el-desierto-de-tabernas-entre-los-finalistas-al-premio-a-la-mejor-localizacion-europea\/","title":{"rendered":"El Parque Nacional del Teide y el Desierto de Tabernas, entre los finalistas al premio a la mejor localizaci\u00f3n europea"},"content":{"rendered":"<p><strong>Doce han sido las localizaciones escogidas como finalistas para este premio creado por la European Film Commission Network. La\u00a0votaci\u00f3n, en la que pueden participar todos los ciudadanos europeos, estar\u00e1 abierta\u00a0hasta el 30 de noviembre.<\/strong><\/p>\n<p><a href=\"https:\/\/cineuropa.org\/es\/felaprofile\/362944\/#cm\" target=\"_blank\">El Desierto de Tabernas<\/a> (Almer\u00eda) y el <a href=\"https:\/\/cineuropa.org\/es\/felaprofile\/362953\/#cm\" target=\"_blank\">Parque Nacional del Teide<\/a> (Tenerife) tienen el honor de estar este a\u00f1o entre los nominados al <a href=\"http:\/\/eufcn.com\/film-location-award\/\" target=\"_blank\"><strong>European Film Location Award<\/strong><\/a>.<\/p>\n<p>El primero debe su nominaci\u00f3n a la pel\u00edcula <a href=\"http:\/\/annapurna.pictures\/films\/the-sisters-brothers\" target=\"_blank\"><em>The Sisters Brothers<\/em><\/a> de\u00a0Jacques Audiard (premiado como mejor director en el pasado festival de cine de Venecia), que cuenta la historia del viaje de dos hermanos por el oeste americano para capturar a un buscador\u00a0de oro. Este singular paraje propuesto por la <a href=\"http:\/\/www.andaluciafilm.com\/\" target=\"_blank\"><strong>Andaluc\u00eda Film Commission<\/strong><\/a> tiene una dilatada historia filmogr\u00e1fica, siendo Juego de Tronos una de las \u00faltimas producciones audiovisuales que han escogido al desierto m\u00e1s extenso de Europa como localizaci\u00f3n para sus rodajes.<\/p>\n<p>Por su parte, <a href=\"http:\/\/www.fox.es\/yucatan\" target=\"_blank\"><em>Yucat\u00e1n<\/em><\/a> de Daniel Monz\u00f3n, una comedia protagonizada por Luis Tosar que relata la historia de dos timadores de cruceristas que ven como sus caminos se entrecruzan,\u00a0fue grabada en parte en el Parque Nacional del Teide. Este incomparable paraje volc\u00e1nico a m\u00e1s de 2.000 metros de altitud culminado por el volc\u00e1n Teide, el pico m\u00e1s alto del estado espa\u00f1ol, fue propuesto por <strong><a href=\"https:\/\/www.webtenerife.com\/tenerifefilm\/\" target=\"_blank\">Tenerife Film Commission<\/a><\/strong>,<\/p>\n<p>El proceso de selecci\u00f3n de los nominados se ha realizado en dos fases: en la primera las film commissions y film offices pertenecientes a la <strong><a href=\"http:\/\/eufcn.com\/\" target=\"_blank\">European Film Commission Network<\/a> <\/strong>(EUFCN) proponen sus localizaciones, para que, en una segunda fase, sean un grupo de expertos y cr\u00edticos cinematogr\u00e1ficos quienes seleccionan la lista definitiva de nominados que pasan a la votaci\u00f3n final.<\/p>\n<p>La votaci\u00f3n entre las finalistas seleccionadas est\u00e1 abierta del 6 al 30 de noviembre para todos los ciudadanos europeos. La <a href=\"http:\/\/eufcn.com\/film-location-award\/\" target=\"_blank\"><strong>European Film Location Award<\/strong><\/a> de 2018 se anunciar\u00e1 el 4 de diciembre en una gala de la <strong><a href=\"http:\/\/eufcn.com\/\" target=\"_blank\">EUFCN<\/a><\/strong> en Londres, donde tambi\u00e9n se anunciar\u00e1 quien es la persona afortunada (de entre todos los votantes) que ser\u00e1 premiada con dos noches de hotel para dos personas en la localizaci\u00f3n ganadora. Para votar y m\u00e1s informaci\u00f3n, consultar\u00a0<strong><a href=\"https:\/\/cineuropa.org\/es\/felaindex\/#cm\" target=\"_blank\">aqu\u00ed<\/a><\/strong>.<\/p>\n<h3>#ShootinginSpain\u00a0 #RuedaenEspa\u00f1a<\/h3>\n<p><img src='https:\/\/spainfilmcommission.com\/\/wp-content\/uploads\/2018\/11\/el-parque-nacional-del-teide-y-el-desierto-de-tabernas-escogidos-entre-los-finalistas-al-premio-a-la-mejor-localizacion-europea1-89.jpg' alt='Imagen relacionada'><img src='https:\/\/spainfilmcommission.com\/\/wp-content\/uploads\/2018\/11\/el-parque-nacional-del-teide-y-el-desierto-de-tabernas-escogidos-entre-los-finalistas-al-premio-a-la-mejor-localizacion-europea2-89.jpg' alt='Imagen relacionada'><\/p>\n","protected":false},"excerpt":{"rendered":"<p>Doce han sido las localizaciones escogidas como finalistas para este premio creado por la European Film Commission Network.<\/p>\n","protected":false},"author":2,"featured_media":7379,"comment_status":"closed","ping_status":"","sticky":false,"template":"","format":"standard","meta":{"footnotes":""},"categories":[38],"tags":[],"class_list":["post-7378","post","type-post","status-publish","format-standard","has-post-thumbnail","hentry","category-noticias"],"yoast_head":"<!-- This site is optimized with the Yoast SEO plugin v27.3 - https:\/\/yoast.com\/product\/yoast-seo-wordpress\/ -->\n<title>El Parque Nacional del Teide y el Desierto de Tabernas, entre los finalistas al premio a la mejor localizaci\u00f3n europea - Spain Film Commission<\/title>\n<meta name=\"robots\" content=\"index, follow, max-snippet:-1, max-image-preview:large, max-video-preview:-1\" \/>\n<link rel=\"canonical\" href=\"https:\/\/spainfilmcommission.com\/en\/blog\/el-parque-nacional-del-teide-y-el-desierto-de-tabernas-entre-los-finalistas-al-premio-a-la-mejor-localizacion-europea\/\" \/>\n<meta property=\"og:locale\" content=\"en_US\" \/>\n<meta property=\"og:type\" content=\"article\" \/>\n<meta property=\"og:title\" content=\"El Parque Nacional del Teide y el Desierto de Tabernas, entre los finalistas al premio a la mejor localizaci\u00f3n europea - Spain Film Commission\" \/>\n<meta property=\"og:description\" content=\"Doce han sido las localizaciones escogidas como finalistas para este premio creado por la European Film Commission Network.\" \/>\n<meta property=\"og:url\" content=\"https:\/\/spainfilmcommission.com\/en\/blog\/el-parque-nacional-del-teide-y-el-desierto-de-tabernas-entre-los-finalistas-al-premio-a-la-mejor-localizacion-europea\/\" \/>\n<meta property=\"og:site_name\" content=\"Spain Film Commission\" \/>\n<meta property=\"article:published_time\" content=\"2018-11-19T22:00:00+00:00\" \/>\n<meta property=\"article:modified_time\" content=\"2025-02-11T07:07:07+00:00\" \/>\n<meta property=\"og:image\" content=\"https:\/\/spainfilmcommission.com\/wp-content\/uploads\/2018\/11\/el-parque-nacional-del-teide-y-el-desierto-de-tabernas-entre-los-finalistas-al-premio-a-la-mejor-localizacion-europea-89.jpg\" \/>\n\t<meta property=\"og:image:width\" content=\"960\" \/>\n\t<meta property=\"og:image:height\" content=\"695\" \/>\n\t<meta property=\"og:image:type\" content=\"image\/jpeg\" \/>\n<meta name=\"author\" content=\"studio128k_dam\" \/>\n<meta name=\"twitter:card\" content=\"summary_large_image\" \/>\n<meta name=\"twitter:label1\" content=\"Written by\" \/>\n\t<meta name=\"twitter:data1\" content=\"studio128k_dam\" \/>\n\t<meta name=\"twitter:label2\" content=\"Est. reading time\" \/>\n\t<meta name=\"twitter:data2\" content=\"2 minutes\" \/>\n<script type=\"application\/ld+json\" class=\"yoast-schema-graph\">{\"@context\":\"https:\\\/\\\/schema.org\",\"@graph\":[{\"@type\":\"Article\",\"@id\":\"https:\\\/\\\/spainfilmcommission.com\\\/en\\\/blog\\\/el-parque-nacional-del-teide-y-el-desierto-de-tabernas-entre-los-finalistas-al-premio-a-la-mejor-localizacion-europea\\\/#article\",\"isPartOf\":{\"@id\":\"https:\\\/\\\/spainfilmcommission.com\\\/en\\\/blog\\\/el-parque-nacional-del-teide-y-el-desierto-de-tabernas-entre-los-finalistas-al-premio-a-la-mejor-localizacion-europea\\\/\"},\"author\":{\"name\":\"studio128k_dam\",\"@id\":\"https:\\\/\\\/spainfilmcommission.com\\\/en\\\/#\\\/schema\\\/person\\\/6c014ba6ceac198d178a6a9e61113c9d\"},\"headline\":\"El Parque Nacional del Teide y el Desierto de Tabernas, entre los finalistas al premio a la mejor localizaci\u00f3n europea\",\"datePublished\":\"2018-11-19T22:00:00+00:00\",\"dateModified\":\"2025-02-11T07:07:07+00:00\",\"mainEntityOfPage\":{\"@id\":\"https:\\\/\\\/spainfilmcommission.com\\\/en\\\/blog\\\/el-parque-nacional-del-teide-y-el-desierto-de-tabernas-entre-los-finalistas-al-premio-a-la-mejor-localizacion-europea\\\/\"},\"wordCount\":394,\"publisher\":{\"@id\":\"https:\\\/\\\/spainfilmcommission.com\\\/en\\\/#organization\"},\"image\":{\"@id\":\"https:\\\/\\\/spainfilmcommission.com\\\/en\\\/blog\\\/el-parque-nacional-del-teide-y-el-desierto-de-tabernas-entre-los-finalistas-al-premio-a-la-mejor-localizacion-europea\\\/#primaryimage\"},\"thumbnailUrl\":\"https:\\\/\\\/spainfilmcommission.com\\\/wp-content\\\/uploads\\\/2018\\\/11\\\/el-parque-nacional-del-teide-y-el-desierto-de-tabernas-entre-los-finalistas-al-premio-a-la-mejor-localizacion-europea-89.jpg\",\"articleSection\":[\"Noticias\"],\"inLanguage\":\"en-US\"},{\"@type\":\"WebPage\",\"@id\":\"https:\\\/\\\/spainfilmcommission.com\\\/en\\\/blog\\\/el-parque-nacional-del-teide-y-el-desierto-de-tabernas-entre-los-finalistas-al-premio-a-la-mejor-localizacion-europea\\\/\",\"url\":\"https:\\\/\\\/spainfilmcommission.com\\\/en\\\/blog\\\/el-parque-nacional-del-teide-y-el-desierto-de-tabernas-entre-los-finalistas-al-premio-a-la-mejor-localizacion-europea\\\/\",\"name\":\"El Parque Nacional del Teide y el Desierto de Tabernas, entre los finalistas al premio a la mejor localizaci\u00f3n europea - Spain Film Commission\",\"isPartOf\":{\"@id\":\"https:\\\/\\\/spainfilmcommission.com\\\/en\\\/#website\"},\"primaryImageOfPage\":{\"@id\":\"https:\\\/\\\/spainfilmcommission.com\\\/en\\\/blog\\\/el-parque-nacional-del-teide-y-el-desierto-de-tabernas-entre-los-finalistas-al-premio-a-la-mejor-localizacion-europea\\\/#primaryimage\"},\"image\":{\"@id\":\"https:\\\/\\\/spainfilmcommission.com\\\/en\\\/blog\\\/el-parque-nacional-del-teide-y-el-desierto-de-tabernas-entre-los-finalistas-al-premio-a-la-mejor-localizacion-europea\\\/#primaryimage\"},\"thumbnailUrl\":\"https:\\\/\\\/spainfilmcommission.com\\\/wp-content\\\/uploads\\\/2018\\\/11\\\/el-parque-nacional-del-teide-y-el-desierto-de-tabernas-entre-los-finalistas-al-premio-a-la-mejor-localizacion-europea-89.jpg\",\"datePublished\":\"2018-11-19T22:00:00+00:00\",\"dateModified\":\"2025-02-11T07:07:07+00:00\",\"breadcrumb\":{\"@id\":\"https:\\\/\\\/spainfilmcommission.com\\\/en\\\/blog\\\/el-parque-nacional-del-teide-y-el-desierto-de-tabernas-entre-los-finalistas-al-premio-a-la-mejor-localizacion-europea\\\/#breadcrumb\"},\"inLanguage\":\"en-US\",\"potentialAction\":[{\"@type\":\"ReadAction\",\"target\":[\"https:\\\/\\\/spainfilmcommission.com\\\/en\\\/blog\\\/el-parque-nacional-del-teide-y-el-desierto-de-tabernas-entre-los-finalistas-al-premio-a-la-mejor-localizacion-europea\\\/\"]}]},{\"@type\":\"ImageObject\",\"inLanguage\":\"en-US\",\"@id\":\"https:\\\/\\\/spainfilmcommission.com\\\/en\\\/blog\\\/el-parque-nacional-del-teide-y-el-desierto-de-tabernas-entre-los-finalistas-al-premio-a-la-mejor-localizacion-europea\\\/#primaryimage\",\"url\":\"https:\\\/\\\/spainfilmcommission.com\\\/wp-content\\\/uploads\\\/2018\\\/11\\\/el-parque-nacional-del-teide-y-el-desierto-de-tabernas-entre-los-finalistas-al-premio-a-la-mejor-localizacion-europea-89.jpg\",\"contentUrl\":\"https:\\\/\\\/spainfilmcommission.com\\\/wp-content\\\/uploads\\\/2018\\\/11\\\/el-parque-nacional-del-teide-y-el-desierto-de-tabernas-entre-los-finalistas-al-premio-a-la-mejor-localizacion-europea-89.jpg\",\"width\":960,\"height\":695},{\"@type\":\"BreadcrumbList\",\"@id\":\"https:\\\/\\\/spainfilmcommission.com\\\/en\\\/blog\\\/el-parque-nacional-del-teide-y-el-desierto-de-tabernas-entre-los-finalistas-al-premio-a-la-mejor-localizacion-europea\\\/#breadcrumb\",\"itemListElement\":[{\"@type\":\"ListItem\",\"position\":1,\"name\":\"Portada\",\"item\":\"https:\\\/\\\/spainfilmcommission.com\\\/en\\\/\"},{\"@type\":\"ListItem\",\"position\":2,\"name\":\"El Parque Nacional del Teide y el Desierto de Tabernas, entre los finalistas al premio a la mejor localizaci\u00f3n europea\"}]},{\"@type\":\"WebSite\",\"@id\":\"https:\\\/\\\/spainfilmcommission.com\\\/en\\\/#website\",\"url\":\"https:\\\/\\\/spainfilmcommission.com\\\/en\\\/\",\"name\":\"Spain Film Commission\",\"description\":\"\",\"publisher\":{\"@id\":\"https:\\\/\\\/spainfilmcommission.com\\\/en\\\/#organization\"},\"potentialAction\":[{\"@type\":\"SearchAction\",\"target\":{\"@type\":\"EntryPoint\",\"urlTemplate\":\"https:\\\/\\\/spainfilmcommission.com\\\/en\\\/?s={search_term_string}\"},\"query-input\":{\"@type\":\"PropertyValueSpecification\",\"valueRequired\":true,\"valueName\":\"search_term_string\"}}],\"inLanguage\":\"en-US\"},{\"@type\":\"Organization\",\"@id\":\"https:\\\/\\\/spainfilmcommission.com\\\/en\\\/#organization\",\"name\":\"Spain Film Commission\",\"url\":\"https:\\\/\\\/spainfilmcommission.com\\\/en\\\/\",\"logo\":{\"@type\":\"ImageObject\",\"inLanguage\":\"en-US\",\"@id\":\"https:\\\/\\\/spainfilmcommission.com\\\/en\\\/#\\\/schema\\\/logo\\\/image\\\/\",\"url\":\"https:\\\/\\\/spainfilmcommission.com\\\/wp-content\\\/uploads\\\/2024\\\/07\\\/SPC_COLOR.png\",\"contentUrl\":\"https:\\\/\\\/spainfilmcommission.com\\\/wp-content\\\/uploads\\\/2024\\\/07\\\/SPC_COLOR.png\",\"width\":1665,\"height\":1665,\"caption\":\"Spain Film Commission\"},\"image\":{\"@id\":\"https:\\\/\\\/spainfilmcommission.com\\\/en\\\/#\\\/schema\\\/logo\\\/image\\\/\"}},{\"@type\":\"Person\",\"@id\":\"https:\\\/\\\/spainfilmcommission.com\\\/en\\\/#\\\/schema\\\/person\\\/6c014ba6ceac198d178a6a9e61113c9d\",\"name\":\"studio128k_dam\",\"image\":{\"@type\":\"ImageObject\",\"inLanguage\":\"en-US\",\"@id\":\"https:\\\/\\\/secure.gravatar.com\\\/avatar\\\/810f99144a13522c24aa173f9cd8bf079d0e89758af00b5f2938443cd51b31e9?s=96&d=mm&r=g\",\"url\":\"https:\\\/\\\/secure.gravatar.com\\\/avatar\\\/810f99144a13522c24aa173f9cd8bf079d0e89758af00b5f2938443cd51b31e9?s=96&d=mm&r=g\",\"contentUrl\":\"https:\\\/\\\/secure.gravatar.com\\\/avatar\\\/810f99144a13522c24aa173f9cd8bf079d0e89758af00b5f2938443cd51b31e9?s=96&d=mm&r=g\",\"caption\":\"studio128k_dam\"}}]}<\/script>\n<!-- \/ Yoast SEO plugin. -->","yoast_head_json":{"title":"El Parque Nacional del Teide y el Desierto de Tabernas, entre los finalistas al premio a la mejor localizaci\u00f3n europea - Spain Film Commission","robots":{"index":"index","follow":"follow","max-snippet":"max-snippet:-1","max-image-preview":"max-image-preview:large","max-video-preview":"max-video-preview:-1"},"canonical":"https:\/\/spainfilmcommission.com\/en\/blog\/el-parque-nacional-del-teide-y-el-desierto-de-tabernas-entre-los-finalistas-al-premio-a-la-mejor-localizacion-europea\/","og_locale":"en_US","og_type":"article","og_title":"El Parque Nacional del Teide y el Desierto de Tabernas, entre los finalistas al premio a la mejor localizaci\u00f3n europea - Spain Film Commission","og_description":"Doce han sido las localizaciones escogidas como finalistas para este premio creado por la European Film Commission Network.","og_url":"https:\/\/spainfilmcommission.com\/en\/blog\/el-parque-nacional-del-teide-y-el-desierto-de-tabernas-entre-los-finalistas-al-premio-a-la-mejor-localizacion-europea\/","og_site_name":"Spain Film Commission","article_published_time":"2018-11-19T22:00:00+00:00","article_modified_time":"2025-02-11T07:07:07+00:00","og_image":[{"width":960,"height":695,"url":"https:\/\/spainfilmcommission.com\/wp-content\/uploads\/2018\/11\/el-parque-nacional-del-teide-y-el-desierto-de-tabernas-entre-los-finalistas-al-premio-a-la-mejor-localizacion-europea-89.jpg","type":"image\/jpeg"}],"author":"studio128k_dam","twitter_card":"summary_large_image","twitter_misc":{"Written by":"studio128k_dam","Est. reading time":"2 minutes"},"schema":{"@context":"https:\/\/schema.org","@graph":[{"@type":"Article","@id":"https:\/\/spainfilmcommission.com\/en\/blog\/el-parque-nacional-del-teide-y-el-desierto-de-tabernas-entre-los-finalistas-al-premio-a-la-mejor-localizacion-europea\/#article","isPartOf":{"@id":"https:\/\/spainfilmcommission.com\/en\/blog\/el-parque-nacional-del-teide-y-el-desierto-de-tabernas-entre-los-finalistas-al-premio-a-la-mejor-localizacion-europea\/"},"author":{"name":"studio128k_dam","@id":"https:\/\/spainfilmcommission.com\/en\/#\/schema\/person\/6c014ba6ceac198d178a6a9e61113c9d"},"headline":"El Parque Nacional del Teide y el Desierto de Tabernas, entre los finalistas al premio a la mejor localizaci\u00f3n europea","datePublished":"2018-11-19T22:00:00+00:00","dateModified":"2025-02-11T07:07:07+00:00","mainEntityOfPage":{"@id":"https:\/\/spainfilmcommission.com\/en\/blog\/el-parque-nacional-del-teide-y-el-desierto-de-tabernas-entre-los-finalistas-al-premio-a-la-mejor-localizacion-europea\/"},"wordCount":394,"publisher":{"@id":"https:\/\/spainfilmcommission.com\/en\/#organization"},"image":{"@id":"https:\/\/spainfilmcommission.com\/en\/blog\/el-parque-nacional-del-teide-y-el-desierto-de-tabernas-entre-los-finalistas-al-premio-a-la-mejor-localizacion-europea\/#primaryimage"},"thumbnailUrl":"https:\/\/spainfilmcommission.com\/wp-content\/uploads\/2018\/11\/el-parque-nacional-del-teide-y-el-desierto-de-tabernas-entre-los-finalistas-al-premio-a-la-mejor-localizacion-europea-89.jpg","articleSection":["Noticias"],"inLanguage":"en-US"},{"@type":"WebPage","@id":"https:\/\/spainfilmcommission.com\/en\/blog\/el-parque-nacional-del-teide-y-el-desierto-de-tabernas-entre-los-finalistas-al-premio-a-la-mejor-localizacion-europea\/","url":"https:\/\/spainfilmcommission.com\/en\/blog\/el-parque-nacional-del-teide-y-el-desierto-de-tabernas-entre-los-finalistas-al-premio-a-la-mejor-localizacion-europea\/","name":"El Parque Nacional del Teide y el Desierto de Tabernas, entre los finalistas al premio a la mejor localizaci\u00f3n europea - Spain Film Commission","isPartOf":{"@id":"https:\/\/spainfilmcommission.com\/en\/#website"},"primaryImageOfPage":{"@id":"https:\/\/spainfilmcommission.com\/en\/blog\/el-parque-nacional-del-teide-y-el-desierto-de-tabernas-entre-los-finalistas-al-premio-a-la-mejor-localizacion-europea\/#primaryimage"},"image":{"@id":"https:\/\/spainfilmcommission.com\/en\/blog\/el-parque-nacional-del-teide-y-el-desierto-de-tabernas-entre-los-finalistas-al-premio-a-la-mejor-localizacion-europea\/#primaryimage"},"thumbnailUrl":"https:\/\/spainfilmcommission.com\/wp-content\/uploads\/2018\/11\/el-parque-nacional-del-teide-y-el-desierto-de-tabernas-entre-los-finalistas-al-premio-a-la-mejor-localizacion-europea-89.jpg","datePublished":"2018-11-19T22:00:00+00:00","dateModified":"2025-02-11T07:07:07+00:00","breadcrumb":{"@id":"https:\/\/spainfilmcommission.com\/en\/blog\/el-parque-nacional-del-teide-y-el-desierto-de-tabernas-entre-los-finalistas-al-premio-a-la-mejor-localizacion-europea\/#breadcrumb"},"inLanguage":"en-US","potentialAction":[{"@type":"ReadAction","target":["https:\/\/spainfilmcommission.com\/en\/blog\/el-parque-nacional-del-teide-y-el-desierto-de-tabernas-entre-los-finalistas-al-premio-a-la-mejor-localizacion-europea\/"]}]},{"@type":"ImageObject","inLanguage":"en-US","@id":"https:\/\/spainfilmcommission.com\/en\/blog\/el-parque-nacional-del-teide-y-el-desierto-de-tabernas-entre-los-finalistas-al-premio-a-la-mejor-localizacion-europea\/#primaryimage","url":"https:\/\/spainfilmcommission.com\/wp-content\/uploads\/2018\/11\/el-parque-nacional-del-teide-y-el-desierto-de-tabernas-entre-los-finalistas-al-premio-a-la-mejor-localizacion-europea-89.jpg","contentUrl":"https:\/\/spainfilmcommission.com\/wp-content\/uploads\/2018\/11\/el-parque-nacional-del-teide-y-el-desierto-de-tabernas-entre-los-finalistas-al-premio-a-la-mejor-localizacion-europea-89.jpg","width":960,"height":695},{"@type":"BreadcrumbList","@id":"https:\/\/spainfilmcommission.com\/en\/blog\/el-parque-nacional-del-teide-y-el-desierto-de-tabernas-entre-los-finalistas-al-premio-a-la-mejor-localizacion-europea\/#breadcrumb","itemListElement":[{"@type":"ListItem","position":1,"name":"Portada","item":"https:\/\/spainfilmcommission.com\/en\/"},{"@type":"ListItem","position":2,"name":"El Parque Nacional del Teide y el Desierto de Tabernas, entre los finalistas al premio a la mejor localizaci\u00f3n europea"}]},{"@type":"WebSite","@id":"https:\/\/spainfilmcommission.com\/en\/#website","url":"https:\/\/spainfilmcommission.com\/en\/","name":"Spain Film Commission","description":"","publisher":{"@id":"https:\/\/spainfilmcommission.com\/en\/#organization"},"potentialAction":[{"@type":"SearchAction","target":{"@type":"EntryPoint","urlTemplate":"https:\/\/spainfilmcommission.com\/en\/?s={search_term_string}"},"query-input":{"@type":"PropertyValueSpecification","valueRequired":true,"valueName":"search_term_string"}}],"inLanguage":"en-US"},{"@type":"Organization","@id":"https:\/\/spainfilmcommission.com\/en\/#organization","name":"Spain Film Commission","url":"https:\/\/spainfilmcommission.com\/en\/","logo":{"@type":"ImageObject","inLanguage":"en-US","@id":"https:\/\/spainfilmcommission.com\/en\/#\/schema\/logo\/image\/","url":"https:\/\/spainfilmcommission.com\/wp-content\/uploads\/2024\/07\/SPC_COLOR.png","contentUrl":"https:\/\/spainfilmcommission.com\/wp-content\/uploads\/2024\/07\/SPC_COLOR.png","width":1665,"height":1665,"caption":"Spain Film Commission"},"image":{"@id":"https:\/\/spainfilmcommission.com\/en\/#\/schema\/logo\/image\/"}},{"@type":"Person","@id":"https:\/\/spainfilmcommission.com\/en\/#\/schema\/person\/6c014ba6ceac198d178a6a9e61113c9d","name":"studio128k_dam","image":{"@type":"ImageObject","inLanguage":"en-US","@id":"https:\/\/secure.gravatar.com\/avatar\/810f99144a13522c24aa173f9cd8bf079d0e89758af00b5f2938443cd51b31e9?s=96&d=mm&r=g","url":"https:\/\/secure.gravatar.com\/avatar\/810f99144a13522c24aa173f9cd8bf079d0e89758af00b5f2938443cd51b31e9?s=96&d=mm&r=g","contentUrl":"https:\/\/secure.gravatar.com\/avatar\/810f99144a13522c24aa173f9cd8bf079d0e89758af00b5f2938443cd51b31e9?s=96&d=mm&r=g","caption":"studio128k_dam"}}]}},"_links":{"self":[{"href":"https:\/\/spainfilmcommission.com\/en\/wp-json\/wp\/v2\/posts\/7378","targetHints":{"allow":["GET"]}}],"collection":[{"href":"https:\/\/spainfilmcommission.com\/en\/wp-json\/wp\/v2\/posts"}],"about":[{"href":"https:\/\/spainfilmcommission.com\/en\/wp-json\/wp\/v2\/types\/post"}],"author":[{"embeddable":true,"href":"https:\/\/spainfilmcommission.com\/en\/wp-json\/wp\/v2\/users\/2"}],"replies":[{"embeddable":true,"href":"https:\/\/spainfilmcommission.com\/en\/wp-json\/wp\/v2\/comments?post=7378"}],"version-history":[{"count":0,"href":"https:\/\/spainfilmcommission.com\/en\/wp-json\/wp\/v2\/posts\/7378\/revisions"}],"wp:featuredmedia":[{"embeddable":true,"href":"https:\/\/spainfilmcommission.com\/en\/wp-json\/wp\/v2\/media\/7379"}],"wp:attachment":[{"href":"https:\/\/spainfilmcommission.com\/en\/wp-json\/wp\/v2\/media?parent=7378"}],"wp:term":[{"taxonomy":"category","embeddable":true,"href":"https:\/\/spainfilmcommission.com\/en\/wp-json\/wp\/v2\/categories?post=7378"},{"taxonomy":"post_tag","embeddable":true,"href":"https:\/\/spainfilmcommission.com\/en\/wp-json\/wp\/v2\/tags?post=7378"}],"curies":[{"name":"wp","href":"https:\/\/api.w.org\/{rel}","templated":true}]}}