{"id":7368,"date":"2018-11-18T00:00:00","date_gmt":"2018-11-17T22:00:00","guid":{"rendered":"https:\/\/sfc.com\/soria-anuncia-la-creacion-de-una-film-commission-para-dinamizar-los-rodajes-en-la-provincia\/"},"modified":"2025-02-11T08:07:07","modified_gmt":"2025-02-11T07:07:07","slug":"soria-anuncia-la-creacion-de-una-film-commission-para-dinamizar-los-rodajes-en-la-provincia","status":"publish","type":"post","link":"https:\/\/spainfilmcommission.com\/en\/blog\/soria-anuncia-la-creacion-de-una-film-commission-para-dinamizar-los-rodajes-en-la-provincia\/","title":{"rendered":"Soria anuncia la creaci\u00f3n de una Film Commission para dinamizar los rodajes en la provincia"},"content":{"rendered":"<p style=\"text-align:justify;\">Coincidiendo con la celebraci\u00f3n del I Encuentro de Localizadores organizado por la Diputaci\u00f3n de Soria en colaboraci\u00f3n con el Certamen Internacional de Cortos, la vicepresidenta de la Diputaci\u00f3n, Esther P\u00e9rez, acompa\u00f1ada por dos concejales del Ayuntamiento de Soria, ha anunciado la creaci\u00f3n de la Soria Film Commission, en colaboraci\u00f3n con el Ayuntamiento de la capital, como una herramienta para captar rodajes y apoyar la producciones que rueden en el territorio para que sirvan como dinamizadores econ\u00f3micos y tur\u00edsticos de la provincia de Soria.<\/p>\n<p style=\"text-align:justify;\">Para la puesta en marcha de la Soria Film Commission la Diputaci\u00f3n y el Ayuntamiento de Soria, a trav\u00e9s de los servicios t\u00e9cnicos, trabajan en la elaboraci\u00f3n de un convenio, que posteriormente se abrir\u00e1 tambi\u00e9n al resto de ayuntamientos de la provincia que quieran sumarse para que todos aquellos parajes, localizaciones o el patrimonio natural y cultural que hay en la provincia pueda ponerse a disposici\u00f3n de los productores.<\/p>\n<p style=\"text-align:justify;\">Esther P\u00e9rez ha se\u00f1alado que &#8220;este convenio ser\u00e1 el pistoletazo de salida y lo hemos querido hacer coincidir con este Encuentro de Localizadores, esperando que durante el fin de semana puedan conocer solo una peque\u00f1a parte de lo que puede mostrar la provincia de Soria&#8221;. En estos encuentros se han destacado los beneficios econ\u00f3micos y tur\u00edsticos que puede suponer el sector audiovisual para la provincia. Lo que ha hecho que desde la Diputaci\u00f3n lleven meses trabajando en la puesta en marcha de una Film Commission que ayude a captar rodajes y de esta manera seguir contribuyendo a la dinamizaci\u00f3n econ\u00f3mica de la provincia.<\/p>\n<p style=\"text-align:justify;\">Por su parte, Emilio Alhambra, secretario de Spain Film Commission, ha querido felicitar tanto a la Diputaci\u00f3n como al Ayuntamiento de Soria por esta iniciativa y ha se\u00f1alado que &#8220;Soria cuenta con algunas ventajas como la buena disposici\u00f3n de la poblaci\u00f3n ante una actividad, como los rodajes, que a\u00fan es poco habitual por estas tierras, o la cercan\u00eda de la Administraci\u00f3n, que en el caso del sector audiovisual esmuy importante&#8221;. Tambi\u00e9n ha puesto en valor el I Encuentro de Localizadores que se ha celebrado durante el fin de semana ya que &#8220;sin localizaciones, espacios de rodajes, el territorio no existe&#8221;.<\/p>\n<p style=\"text-align:justify;\">Juan Manuel Guimerans, vicepresidente de Spain Film Commission, en la clausura del Certamen Internacional de Cortometrajes, anim\u00f3 a los presentes a apoyar la creaci\u00f3n de la Soria FC &#8220;por todo lo que puede aportar a una provincia tan ligada a la historia del cine, contar con la colaboraci\u00f3n de Spain FC en un proyecto que puede convertirse, con paciencia e ilusi\u00f3n, en un revulsivo de actividad para la ciudad y la provincia&#8221;.<\/p>\n<p><img src='https:\/\/spainfilmcommission.com\/\/wp-content\/uploads\/2018\/11\/soria-anuncia-la-creacion-de-su-film-commission1-87.jpg' alt='Imagen relacionada'><img src='https:\/\/spainfilmcommission.com\/\/wp-content\/uploads\/2018\/11\/soria-anuncia-la-creacion-de-su-film-commission2-87.jpg' alt='Imagen relacionada'><img src='https:\/\/spainfilmcommission.com\/\/wp-content\/uploads\/2018\/11\/soria-anuncia-la-creacion-de-una-film-commission-para-dinamizar-los-rodajes-en-la-provincia3-87.jpg' alt='Imagen relacionada'><\/p>\n","protected":false},"excerpt":{"rendered":"<p>Diputaci\u00f3n y Ayuntamiento de Soria trabajan para su puesta en marcha e invitar\u00e1n a todos los ayuntamientos de la provincia que quieran sumarse<\/p>\n","protected":false},"author":2,"featured_media":7369,"comment_status":"closed","ping_status":"","sticky":false,"template":"","format":"standard","meta":{"footnotes":""},"categories":[38],"tags":[],"class_list":["post-7368","post","type-post","status-publish","format-standard","has-post-thumbnail","hentry","category-noticias"],"yoast_head":"<!-- This site is optimized with the Yoast SEO plugin v27.3 - https:\/\/yoast.com\/product\/yoast-seo-wordpress\/ -->\n<title>Soria anuncia la creaci\u00f3n de una Film Commission para dinamizar los rodajes en la provincia - Spain Film Commission<\/title>\n<meta name=\"robots\" content=\"index, follow, max-snippet:-1, max-image-preview:large, max-video-preview:-1\" \/>\n<link rel=\"canonical\" href=\"https:\/\/spainfilmcommission.com\/en\/blog\/soria-anuncia-la-creacion-de-una-film-commission-para-dinamizar-los-rodajes-en-la-provincia\/\" \/>\n<meta property=\"og:locale\" content=\"en_US\" \/>\n<meta property=\"og:type\" content=\"article\" \/>\n<meta property=\"og:title\" content=\"Soria anuncia la creaci\u00f3n de una Film Commission para dinamizar los rodajes en la provincia - Spain Film Commission\" \/>\n<meta property=\"og:description\" content=\"Diputaci\u00f3n y Ayuntamiento de Soria trabajan para su puesta en marcha e invitar\u00e1n a todos los ayuntamientos de la provincia que quieran sumarse\" \/>\n<meta property=\"og:url\" content=\"https:\/\/spainfilmcommission.com\/en\/blog\/soria-anuncia-la-creacion-de-una-film-commission-para-dinamizar-los-rodajes-en-la-provincia\/\" \/>\n<meta property=\"og:site_name\" content=\"Spain Film Commission\" \/>\n<meta property=\"article:published_time\" content=\"2018-11-17T22:00:00+00:00\" \/>\n<meta property=\"article:modified_time\" content=\"2025-02-11T07:07:07+00:00\" \/>\n<meta property=\"og:image\" content=\"https:\/\/spainfilmcommission.com\/wp-content\/uploads\/2018\/11\/soria-anuncia-la-creacion-de-su-film-commission-87.jpg\" \/>\n\t<meta property=\"og:image:width\" content=\"1170\" \/>\n\t<meta property=\"og:image:height\" content=\"778\" \/>\n\t<meta property=\"og:image:type\" content=\"image\/jpeg\" \/>\n<meta name=\"author\" content=\"studio128k_dam\" \/>\n<meta name=\"twitter:card\" content=\"summary_large_image\" \/>\n<meta name=\"twitter:label1\" content=\"Written by\" \/>\n\t<meta name=\"twitter:data1\" content=\"studio128k_dam\" \/>\n\t<meta name=\"twitter:label2\" content=\"Est. reading time\" \/>\n\t<meta name=\"twitter:data2\" content=\"2 minutes\" \/>\n<script type=\"application\/ld+json\" class=\"yoast-schema-graph\">{\"@context\":\"https:\\\/\\\/schema.org\",\"@graph\":[{\"@type\":\"Article\",\"@id\":\"https:\\\/\\\/spainfilmcommission.com\\\/en\\\/blog\\\/soria-anuncia-la-creacion-de-una-film-commission-para-dinamizar-los-rodajes-en-la-provincia\\\/#article\",\"isPartOf\":{\"@id\":\"https:\\\/\\\/spainfilmcommission.com\\\/en\\\/blog\\\/soria-anuncia-la-creacion-de-una-film-commission-para-dinamizar-los-rodajes-en-la-provincia\\\/\"},\"author\":{\"name\":\"studio128k_dam\",\"@id\":\"https:\\\/\\\/spainfilmcommission.com\\\/en\\\/#\\\/schema\\\/person\\\/6c014ba6ceac198d178a6a9e61113c9d\"},\"headline\":\"Soria anuncia la creaci\u00f3n de una Film Commission para dinamizar los rodajes en la provincia\",\"datePublished\":\"2018-11-17T22:00:00+00:00\",\"dateModified\":\"2025-02-11T07:07:07+00:00\",\"mainEntityOfPage\":{\"@id\":\"https:\\\/\\\/spainfilmcommission.com\\\/en\\\/blog\\\/soria-anuncia-la-creacion-de-una-film-commission-para-dinamizar-los-rodajes-en-la-provincia\\\/\"},\"wordCount\":478,\"publisher\":{\"@id\":\"https:\\\/\\\/spainfilmcommission.com\\\/en\\\/#organization\"},\"image\":{\"@id\":\"https:\\\/\\\/spainfilmcommission.com\\\/en\\\/blog\\\/soria-anuncia-la-creacion-de-una-film-commission-para-dinamizar-los-rodajes-en-la-provincia\\\/#primaryimage\"},\"thumbnailUrl\":\"https:\\\/\\\/spainfilmcommission.com\\\/wp-content\\\/uploads\\\/2018\\\/11\\\/soria-anuncia-la-creacion-de-su-film-commission-87.jpg\",\"articleSection\":[\"Noticias\"],\"inLanguage\":\"en-US\"},{\"@type\":\"WebPage\",\"@id\":\"https:\\\/\\\/spainfilmcommission.com\\\/en\\\/blog\\\/soria-anuncia-la-creacion-de-una-film-commission-para-dinamizar-los-rodajes-en-la-provincia\\\/\",\"url\":\"https:\\\/\\\/spainfilmcommission.com\\\/en\\\/blog\\\/soria-anuncia-la-creacion-de-una-film-commission-para-dinamizar-los-rodajes-en-la-provincia\\\/\",\"name\":\"Soria anuncia la creaci\u00f3n de una Film Commission para dinamizar los rodajes en la provincia - Spain Film Commission\",\"isPartOf\":{\"@id\":\"https:\\\/\\\/spainfilmcommission.com\\\/en\\\/#website\"},\"primaryImageOfPage\":{\"@id\":\"https:\\\/\\\/spainfilmcommission.com\\\/en\\\/blog\\\/soria-anuncia-la-creacion-de-una-film-commission-para-dinamizar-los-rodajes-en-la-provincia\\\/#primaryimage\"},\"image\":{\"@id\":\"https:\\\/\\\/spainfilmcommission.com\\\/en\\\/blog\\\/soria-anuncia-la-creacion-de-una-film-commission-para-dinamizar-los-rodajes-en-la-provincia\\\/#primaryimage\"},\"thumbnailUrl\":\"https:\\\/\\\/spainfilmcommission.com\\\/wp-content\\\/uploads\\\/2018\\\/11\\\/soria-anuncia-la-creacion-de-su-film-commission-87.jpg\",\"datePublished\":\"2018-11-17T22:00:00+00:00\",\"dateModified\":\"2025-02-11T07:07:07+00:00\",\"breadcrumb\":{\"@id\":\"https:\\\/\\\/spainfilmcommission.com\\\/en\\\/blog\\\/soria-anuncia-la-creacion-de-una-film-commission-para-dinamizar-los-rodajes-en-la-provincia\\\/#breadcrumb\"},\"inLanguage\":\"en-US\",\"potentialAction\":[{\"@type\":\"ReadAction\",\"target\":[\"https:\\\/\\\/spainfilmcommission.com\\\/en\\\/blog\\\/soria-anuncia-la-creacion-de-una-film-commission-para-dinamizar-los-rodajes-en-la-provincia\\\/\"]}]},{\"@type\":\"ImageObject\",\"inLanguage\":\"en-US\",\"@id\":\"https:\\\/\\\/spainfilmcommission.com\\\/en\\\/blog\\\/soria-anuncia-la-creacion-de-una-film-commission-para-dinamizar-los-rodajes-en-la-provincia\\\/#primaryimage\",\"url\":\"https:\\\/\\\/spainfilmcommission.com\\\/wp-content\\\/uploads\\\/2018\\\/11\\\/soria-anuncia-la-creacion-de-su-film-commission-87.jpg\",\"contentUrl\":\"https:\\\/\\\/spainfilmcommission.com\\\/wp-content\\\/uploads\\\/2018\\\/11\\\/soria-anuncia-la-creacion-de-su-film-commission-87.jpg\",\"width\":1170,\"height\":778},{\"@type\":\"BreadcrumbList\",\"@id\":\"https:\\\/\\\/spainfilmcommission.com\\\/en\\\/blog\\\/soria-anuncia-la-creacion-de-una-film-commission-para-dinamizar-los-rodajes-en-la-provincia\\\/#breadcrumb\",\"itemListElement\":[{\"@type\":\"ListItem\",\"position\":1,\"name\":\"Portada\",\"item\":\"https:\\\/\\\/spainfilmcommission.com\\\/en\\\/\"},{\"@type\":\"ListItem\",\"position\":2,\"name\":\"Soria anuncia la creaci\u00f3n de una Film Commission para dinamizar los rodajes en la provincia\"}]},{\"@type\":\"WebSite\",\"@id\":\"https:\\\/\\\/spainfilmcommission.com\\\/en\\\/#website\",\"url\":\"https:\\\/\\\/spainfilmcommission.com\\\/en\\\/\",\"name\":\"Spain Film Commission\",\"description\":\"\",\"publisher\":{\"@id\":\"https:\\\/\\\/spainfilmcommission.com\\\/en\\\/#organization\"},\"potentialAction\":[{\"@type\":\"SearchAction\",\"target\":{\"@type\":\"EntryPoint\",\"urlTemplate\":\"https:\\\/\\\/spainfilmcommission.com\\\/en\\\/?s={search_term_string}\"},\"query-input\":{\"@type\":\"PropertyValueSpecification\",\"valueRequired\":true,\"valueName\":\"search_term_string\"}}],\"inLanguage\":\"en-US\"},{\"@type\":\"Organization\",\"@id\":\"https:\\\/\\\/spainfilmcommission.com\\\/en\\\/#organization\",\"name\":\"Spain Film Commission\",\"url\":\"https:\\\/\\\/spainfilmcommission.com\\\/en\\\/\",\"logo\":{\"@type\":\"ImageObject\",\"inLanguage\":\"en-US\",\"@id\":\"https:\\\/\\\/spainfilmcommission.com\\\/en\\\/#\\\/schema\\\/logo\\\/image\\\/\",\"url\":\"https:\\\/\\\/spainfilmcommission.com\\\/wp-content\\\/uploads\\\/2024\\\/07\\\/SPC_COLOR.png\",\"contentUrl\":\"https:\\\/\\\/spainfilmcommission.com\\\/wp-content\\\/uploads\\\/2024\\\/07\\\/SPC_COLOR.png\",\"width\":1665,\"height\":1665,\"caption\":\"Spain Film Commission\"},\"image\":{\"@id\":\"https:\\\/\\\/spainfilmcommission.com\\\/en\\\/#\\\/schema\\\/logo\\\/image\\\/\"}},{\"@type\":\"Person\",\"@id\":\"https:\\\/\\\/spainfilmcommission.com\\\/en\\\/#\\\/schema\\\/person\\\/6c014ba6ceac198d178a6a9e61113c9d\",\"name\":\"studio128k_dam\",\"image\":{\"@type\":\"ImageObject\",\"inLanguage\":\"en-US\",\"@id\":\"https:\\\/\\\/secure.gravatar.com\\\/avatar\\\/810f99144a13522c24aa173f9cd8bf079d0e89758af00b5f2938443cd51b31e9?s=96&d=mm&r=g\",\"url\":\"https:\\\/\\\/secure.gravatar.com\\\/avatar\\\/810f99144a13522c24aa173f9cd8bf079d0e89758af00b5f2938443cd51b31e9?s=96&d=mm&r=g\",\"contentUrl\":\"https:\\\/\\\/secure.gravatar.com\\\/avatar\\\/810f99144a13522c24aa173f9cd8bf079d0e89758af00b5f2938443cd51b31e9?s=96&d=mm&r=g\",\"caption\":\"studio128k_dam\"}}]}<\/script>\n<!-- \/ Yoast SEO plugin. -->","yoast_head_json":{"title":"Soria anuncia la creaci\u00f3n de una Film Commission para dinamizar los rodajes en la provincia - Spain Film Commission","robots":{"index":"index","follow":"follow","max-snippet":"max-snippet:-1","max-image-preview":"max-image-preview:large","max-video-preview":"max-video-preview:-1"},"canonical":"https:\/\/spainfilmcommission.com\/en\/blog\/soria-anuncia-la-creacion-de-una-film-commission-para-dinamizar-los-rodajes-en-la-provincia\/","og_locale":"en_US","og_type":"article","og_title":"Soria anuncia la creaci\u00f3n de una Film Commission para dinamizar los rodajes en la provincia - Spain Film Commission","og_description":"Diputaci\u00f3n y Ayuntamiento de Soria trabajan para su puesta en marcha e invitar\u00e1n a todos los ayuntamientos de la provincia que quieran sumarse","og_url":"https:\/\/spainfilmcommission.com\/en\/blog\/soria-anuncia-la-creacion-de-una-film-commission-para-dinamizar-los-rodajes-en-la-provincia\/","og_site_name":"Spain Film Commission","article_published_time":"2018-11-17T22:00:00+00:00","article_modified_time":"2025-02-11T07:07:07+00:00","og_image":[{"width":1170,"height":778,"url":"https:\/\/spainfilmcommission.com\/wp-content\/uploads\/2018\/11\/soria-anuncia-la-creacion-de-su-film-commission-87.jpg","type":"image\/jpeg"}],"author":"studio128k_dam","twitter_card":"summary_large_image","twitter_misc":{"Written by":"studio128k_dam","Est. reading time":"2 minutes"},"schema":{"@context":"https:\/\/schema.org","@graph":[{"@type":"Article","@id":"https:\/\/spainfilmcommission.com\/en\/blog\/soria-anuncia-la-creacion-de-una-film-commission-para-dinamizar-los-rodajes-en-la-provincia\/#article","isPartOf":{"@id":"https:\/\/spainfilmcommission.com\/en\/blog\/soria-anuncia-la-creacion-de-una-film-commission-para-dinamizar-los-rodajes-en-la-provincia\/"},"author":{"name":"studio128k_dam","@id":"https:\/\/spainfilmcommission.com\/en\/#\/schema\/person\/6c014ba6ceac198d178a6a9e61113c9d"},"headline":"Soria anuncia la creaci\u00f3n de una Film Commission para dinamizar los rodajes en la provincia","datePublished":"2018-11-17T22:00:00+00:00","dateModified":"2025-02-11T07:07:07+00:00","mainEntityOfPage":{"@id":"https:\/\/spainfilmcommission.com\/en\/blog\/soria-anuncia-la-creacion-de-una-film-commission-para-dinamizar-los-rodajes-en-la-provincia\/"},"wordCount":478,"publisher":{"@id":"https:\/\/spainfilmcommission.com\/en\/#organization"},"image":{"@id":"https:\/\/spainfilmcommission.com\/en\/blog\/soria-anuncia-la-creacion-de-una-film-commission-para-dinamizar-los-rodajes-en-la-provincia\/#primaryimage"},"thumbnailUrl":"https:\/\/spainfilmcommission.com\/wp-content\/uploads\/2018\/11\/soria-anuncia-la-creacion-de-su-film-commission-87.jpg","articleSection":["Noticias"],"inLanguage":"en-US"},{"@type":"WebPage","@id":"https:\/\/spainfilmcommission.com\/en\/blog\/soria-anuncia-la-creacion-de-una-film-commission-para-dinamizar-los-rodajes-en-la-provincia\/","url":"https:\/\/spainfilmcommission.com\/en\/blog\/soria-anuncia-la-creacion-de-una-film-commission-para-dinamizar-los-rodajes-en-la-provincia\/","name":"Soria anuncia la creaci\u00f3n de una Film Commission para dinamizar los rodajes en la provincia - Spain Film Commission","isPartOf":{"@id":"https:\/\/spainfilmcommission.com\/en\/#website"},"primaryImageOfPage":{"@id":"https:\/\/spainfilmcommission.com\/en\/blog\/soria-anuncia-la-creacion-de-una-film-commission-para-dinamizar-los-rodajes-en-la-provincia\/#primaryimage"},"image":{"@id":"https:\/\/spainfilmcommission.com\/en\/blog\/soria-anuncia-la-creacion-de-una-film-commission-para-dinamizar-los-rodajes-en-la-provincia\/#primaryimage"},"thumbnailUrl":"https:\/\/spainfilmcommission.com\/wp-content\/uploads\/2018\/11\/soria-anuncia-la-creacion-de-su-film-commission-87.jpg","datePublished":"2018-11-17T22:00:00+00:00","dateModified":"2025-02-11T07:07:07+00:00","breadcrumb":{"@id":"https:\/\/spainfilmcommission.com\/en\/blog\/soria-anuncia-la-creacion-de-una-film-commission-para-dinamizar-los-rodajes-en-la-provincia\/#breadcrumb"},"inLanguage":"en-US","potentialAction":[{"@type":"ReadAction","target":["https:\/\/spainfilmcommission.com\/en\/blog\/soria-anuncia-la-creacion-de-una-film-commission-para-dinamizar-los-rodajes-en-la-provincia\/"]}]},{"@type":"ImageObject","inLanguage":"en-US","@id":"https:\/\/spainfilmcommission.com\/en\/blog\/soria-anuncia-la-creacion-de-una-film-commission-para-dinamizar-los-rodajes-en-la-provincia\/#primaryimage","url":"https:\/\/spainfilmcommission.com\/wp-content\/uploads\/2018\/11\/soria-anuncia-la-creacion-de-su-film-commission-87.jpg","contentUrl":"https:\/\/spainfilmcommission.com\/wp-content\/uploads\/2018\/11\/soria-anuncia-la-creacion-de-su-film-commission-87.jpg","width":1170,"height":778},{"@type":"BreadcrumbList","@id":"https:\/\/spainfilmcommission.com\/en\/blog\/soria-anuncia-la-creacion-de-una-film-commission-para-dinamizar-los-rodajes-en-la-provincia\/#breadcrumb","itemListElement":[{"@type":"ListItem","position":1,"name":"Portada","item":"https:\/\/spainfilmcommission.com\/en\/"},{"@type":"ListItem","position":2,"name":"Soria anuncia la creaci\u00f3n de una Film Commission para dinamizar los rodajes en la provincia"}]},{"@type":"WebSite","@id":"https:\/\/spainfilmcommission.com\/en\/#website","url":"https:\/\/spainfilmcommission.com\/en\/","name":"Spain Film Commission","description":"","publisher":{"@id":"https:\/\/spainfilmcommission.com\/en\/#organization"},"potentialAction":[{"@type":"SearchAction","target":{"@type":"EntryPoint","urlTemplate":"https:\/\/spainfilmcommission.com\/en\/?s={search_term_string}"},"query-input":{"@type":"PropertyValueSpecification","valueRequired":true,"valueName":"search_term_string"}}],"inLanguage":"en-US"},{"@type":"Organization","@id":"https:\/\/spainfilmcommission.com\/en\/#organization","name":"Spain Film Commission","url":"https:\/\/spainfilmcommission.com\/en\/","logo":{"@type":"ImageObject","inLanguage":"en-US","@id":"https:\/\/spainfilmcommission.com\/en\/#\/schema\/logo\/image\/","url":"https:\/\/spainfilmcommission.com\/wp-content\/uploads\/2024\/07\/SPC_COLOR.png","contentUrl":"https:\/\/spainfilmcommission.com\/wp-content\/uploads\/2024\/07\/SPC_COLOR.png","width":1665,"height":1665,"caption":"Spain Film Commission"},"image":{"@id":"https:\/\/spainfilmcommission.com\/en\/#\/schema\/logo\/image\/"}},{"@type":"Person","@id":"https:\/\/spainfilmcommission.com\/en\/#\/schema\/person\/6c014ba6ceac198d178a6a9e61113c9d","name":"studio128k_dam","image":{"@type":"ImageObject","inLanguage":"en-US","@id":"https:\/\/secure.gravatar.com\/avatar\/810f99144a13522c24aa173f9cd8bf079d0e89758af00b5f2938443cd51b31e9?s=96&d=mm&r=g","url":"https:\/\/secure.gravatar.com\/avatar\/810f99144a13522c24aa173f9cd8bf079d0e89758af00b5f2938443cd51b31e9?s=96&d=mm&r=g","contentUrl":"https:\/\/secure.gravatar.com\/avatar\/810f99144a13522c24aa173f9cd8bf079d0e89758af00b5f2938443cd51b31e9?s=96&d=mm&r=g","caption":"studio128k_dam"}}]}},"_links":{"self":[{"href":"https:\/\/spainfilmcommission.com\/en\/wp-json\/wp\/v2\/posts\/7368","targetHints":{"allow":["GET"]}}],"collection":[{"href":"https:\/\/spainfilmcommission.com\/en\/wp-json\/wp\/v2\/posts"}],"about":[{"href":"https:\/\/spainfilmcommission.com\/en\/wp-json\/wp\/v2\/types\/post"}],"author":[{"embeddable":true,"href":"https:\/\/spainfilmcommission.com\/en\/wp-json\/wp\/v2\/users\/2"}],"replies":[{"embeddable":true,"href":"https:\/\/spainfilmcommission.com\/en\/wp-json\/wp\/v2\/comments?post=7368"}],"version-history":[{"count":0,"href":"https:\/\/spainfilmcommission.com\/en\/wp-json\/wp\/v2\/posts\/7368\/revisions"}],"wp:featuredmedia":[{"embeddable":true,"href":"https:\/\/spainfilmcommission.com\/en\/wp-json\/wp\/v2\/media\/7369"}],"wp:attachment":[{"href":"https:\/\/spainfilmcommission.com\/en\/wp-json\/wp\/v2\/media?parent=7368"}],"wp:term":[{"taxonomy":"category","embeddable":true,"href":"https:\/\/spainfilmcommission.com\/en\/wp-json\/wp\/v2\/categories?post=7368"},{"taxonomy":"post_tag","embeddable":true,"href":"https:\/\/spainfilmcommission.com\/en\/wp-json\/wp\/v2\/tags?post=7368"}],"curies":[{"name":"wp","href":"https:\/\/api.w.org\/{rel}","templated":true}]}}