{"id":7358,"date":"2018-11-15T00:00:00","date_gmt":"2018-11-14T22:00:00","guid":{"rendered":"https:\/\/sfc.com\/salamanca-escogida-como-plato-por-mas-de-50-producciones-audiovisuales-en-el-2018\/"},"modified":"2025-02-11T08:07:07","modified_gmt":"2025-02-11T07:07:07","slug":"salamanca-escogida-como-plato-por-mas-de-50-producciones-audiovisuales-en-el-2018","status":"publish","type":"post","link":"https:\/\/spainfilmcommission.com\/en\/blog\/salamanca-escogida-como-plato-por-mas-de-50-producciones-audiovisuales-en-el-2018\/","title":{"rendered":"Salamanca, escogida como plat\u00f3 por m\u00e1s de 50 producciones audiovisuales en el 2018"},"content":{"rendered":"<p style=\"text-align:justify;\"><strong>La ciudad ha alojado m\u00e1s de 50 rodajes en lo que llevamos de a\u00f1o, lo que convierte a 2018 en uno de los\u00a0mejores a\u00f1os de la historia audiovisual de Salamanca.<\/strong><\/p>\n<p style=\"text-align:justify;\">Si hablamos de riqueza monumental, pocas ciudades pueden compararse a la capital del Tormes. Seguramente \u00e9ste y otros han sido motivos de peso para que Salamanca fuera escogida como plat\u00f3 de rodaje por m\u00e1s de 50 producciones audiovisuales: largometrajes, telefilmes, series, documentales, etc. lo que\u00a0convierte a 2018 en uno de los mejores a\u00f1os de la historia audiovisual de la ciudad.<\/p>\n<p style=\"text-align:justify;\">La lista de rodajes es muy extensa. En ella podemos destacar algunos largometrajes como &#8220;Mientras dure la guerra&#8221;, &#8220;Terminator&#8221;, &#8220;Casi 40&#8221;, &#8220;El a\u00f1o que amamos a Gilda&#8221; o &#8220;Salamanca Skyline&#8221;; o Telefilmes como &#8220;Asesinato en la Universidad&#8221; (dirigida por I\u00f1aki Pe\u00f1afiel y protagonizada por Leonor Watling, Patrick Criado y Daniel Grao) y &#8220;Ein Sommer in Salamanca&#8221; (&#8220;Un verano en Salamanca&#8221;).<\/p>\n<p style=\"text-align:justify;\">Por lo que respecta a producciones televisivas, Salamanca ha acogido a &#8220;MasterChef&#8221;, &#8220;El paisano&#8221;, &#8220;Espa\u00f1a Directo&#8221;, &#8220;Pedaladas&#8221;, &#8220;La aventura del saber&#8221;, &#8220;Intercambio consentido&#8221;, &#8220;Got Talent&#8221;, &#8220;Portugueses por el mundo&#8221;, &#8220;Arranca en verde&#8221;, &#8220;Los desayunos de Televisi\u00f3n espa\u00f1ola&#8221;, etc.<\/p>\n<p style=\"text-align:justify;\">En cuanto a series, uno de los formatos m\u00e1s de moda actualmente, encontramos t\u00edtulos como &#8220;Magi&#8221; (Amazon Prime&#8221;), &#8220;Acacias 38&#8221; (RTVE) y &#8220;Gigantes&#8221; (Movistar +).<\/p>\n<p style=\"text-align:justify;\">Salamanca tambi\u00e9n ha acogido algunos documentales: &#8220;Ser\u00e1s hombre&#8221;, Canal Arte (varias producciones, tanto de Francia como de Italia), Canal Discovery, Mega, &#8220;Ciudades de Noche&#8221; y documentales did\u00e1cticos para editoriales italianas y alemanas.<\/p>\n<p style=\"text-align:justify;\">Esta lista se completa con programas de tem\u00e1tica tur\u00edstico-cultural de car\u00e1cter internacional, algunos cortometrajes, pr\u00e1cticas audiovisuales realizadas en ambas universidades, peque\u00f1os spots, v\u00eddeo clips, programas para las televisiones local y auton\u00f3mica y, por supuesto, producciones relacionadas con el VII Centenario de la Universidad de Salamanca (entre las cuales se encuentra el rodaje del telefilm &#8220;Asesinato en la Universidad&#8221;).<\/p>\n<p style=\"text-align:justify;\">Desde el punto de vista institucional, el concejal de Cultura y Turismo del Ayuntamiento de Salamanca, Julio L\u00f3pez Revuelta, remarca &#8220;el buen trabajo que viene desarrollando el Ayuntamiento para la promoci\u00f3n de Salamanca como plat\u00f3&#8221;. A lo que a\u00f1ade: &#8220;Salamanca est\u00e1 cogiendo una fama excepcional en lo que se refiere a las condiciones de los rodajes y eso es muy importante&#8221;, refiri\u00e9ndose a los servicios que se prestan desde el Ayuntamiento para cubrir las necesidades de las producciones.<\/p>\n<p><img src='https:\/\/spainfilmcommission.com\/\/wp-content\/uploads\/2018\/11\/salamanca-escogida-como-plato-por-mas-de-50-producciones-audiovisuales-en-el-20181-86.jpg' alt='Imagen relacionada'><img src='https:\/\/spainfilmcommission.com\/\/wp-content\/uploads\/2018\/11\/salamanca-escogida-como-plato-por-mas-de-50-producciones-audiovisuales-en-el-20182-86.jpg' alt='Imagen relacionada'><img src='https:\/\/spainfilmcommission.com\/\/wp-content\/uploads\/2018\/11\/salamanca-escogida-como-plato-por-mas-de-50-producciones-audiovisuales-en-el-20183-86.jpg' alt='Imagen relacionada'><\/p>\n","protected":false},"excerpt":{"rendered":"<p>La ciudad ha alojado m\u00e1s de 50 rodajes en lo que llevamos de a\u00f1o, lo que convierte a 2018 en uno de los\u00a0mejores a\u00f1os de la historia audiovisual de Salamanca.<\/p>\n","protected":false},"author":2,"featured_media":7359,"comment_status":"closed","ping_status":"","sticky":false,"template":"","format":"standard","meta":{"footnotes":""},"categories":[38],"tags":[],"class_list":["post-7358","post","type-post","status-publish","format-standard","has-post-thumbnail","hentry","category-noticias"],"yoast_head":"<!-- This site is optimized with the Yoast SEO plugin v27.3 - https:\/\/yoast.com\/product\/yoast-seo-wordpress\/ -->\n<title>Salamanca, escogida como plat\u00f3 por m\u00e1s de 50 producciones audiovisuales en el 2018 - Spain Film Commission<\/title>\n<meta name=\"robots\" content=\"index, follow, max-snippet:-1, max-image-preview:large, max-video-preview:-1\" \/>\n<link rel=\"canonical\" href=\"https:\/\/spainfilmcommission.com\/en\/blog\/salamanca-escogida-como-plato-por-mas-de-50-producciones-audiovisuales-en-el-2018\/\" \/>\n<meta property=\"og:locale\" content=\"en_US\" \/>\n<meta property=\"og:type\" content=\"article\" \/>\n<meta property=\"og:title\" content=\"Salamanca, escogida como plat\u00f3 por m\u00e1s de 50 producciones audiovisuales en el 2018 - Spain Film Commission\" \/>\n<meta property=\"og:description\" content=\"La ciudad ha alojado m\u00e1s de 50 rodajes en lo que llevamos de a\u00f1o, lo que convierte a 2018 en uno de los\u00a0mejores a\u00f1os de la historia audiovisual de Salamanca.\" \/>\n<meta property=\"og:url\" content=\"https:\/\/spainfilmcommission.com\/en\/blog\/salamanca-escogida-como-plato-por-mas-de-50-producciones-audiovisuales-en-el-2018\/\" \/>\n<meta property=\"og:site_name\" content=\"Spain Film Commission\" \/>\n<meta property=\"article:published_time\" content=\"2018-11-14T22:00:00+00:00\" \/>\n<meta property=\"article:modified_time\" content=\"2025-02-11T07:07:07+00:00\" \/>\n<meta property=\"og:image\" content=\"https:\/\/spainfilmcommission.com\/wp-content\/uploads\/2018\/11\/salamanca-escogida-como-plato-por-mas-de-50-producciones-audiovisuales-en-el-2018-86.jpeg\" \/>\n\t<meta property=\"og:image:width\" content=\"350\" \/>\n\t<meta property=\"og:image:height\" content=\"250\" \/>\n\t<meta property=\"og:image:type\" content=\"image\/jpeg\" \/>\n<meta name=\"author\" content=\"studio128k_dam\" \/>\n<meta name=\"twitter:card\" content=\"summary_large_image\" \/>\n<meta name=\"twitter:label1\" content=\"Written by\" \/>\n\t<meta name=\"twitter:data1\" content=\"studio128k_dam\" \/>\n\t<meta name=\"twitter:label2\" content=\"Est. reading time\" \/>\n\t<meta name=\"twitter:data2\" content=\"2 minutes\" \/>\n<script type=\"application\/ld+json\" class=\"yoast-schema-graph\">{\"@context\":\"https:\\\/\\\/schema.org\",\"@graph\":[{\"@type\":\"Article\",\"@id\":\"https:\\\/\\\/spainfilmcommission.com\\\/en\\\/blog\\\/salamanca-escogida-como-plato-por-mas-de-50-producciones-audiovisuales-en-el-2018\\\/#article\",\"isPartOf\":{\"@id\":\"https:\\\/\\\/spainfilmcommission.com\\\/en\\\/blog\\\/salamanca-escogida-como-plato-por-mas-de-50-producciones-audiovisuales-en-el-2018\\\/\"},\"author\":{\"name\":\"studio128k_dam\",\"@id\":\"https:\\\/\\\/spainfilmcommission.com\\\/en\\\/#\\\/schema\\\/person\\\/6c014ba6ceac198d178a6a9e61113c9d\"},\"headline\":\"Salamanca, escogida como plat\u00f3 por m\u00e1s de 50 producciones audiovisuales en el 2018\",\"datePublished\":\"2018-11-14T22:00:00+00:00\",\"dateModified\":\"2025-02-11T07:07:07+00:00\",\"mainEntityOfPage\":{\"@id\":\"https:\\\/\\\/spainfilmcommission.com\\\/en\\\/blog\\\/salamanca-escogida-como-plato-por-mas-de-50-producciones-audiovisuales-en-el-2018\\\/\"},\"wordCount\":415,\"publisher\":{\"@id\":\"https:\\\/\\\/spainfilmcommission.com\\\/en\\\/#organization\"},\"image\":{\"@id\":\"https:\\\/\\\/spainfilmcommission.com\\\/en\\\/blog\\\/salamanca-escogida-como-plato-por-mas-de-50-producciones-audiovisuales-en-el-2018\\\/#primaryimage\"},\"thumbnailUrl\":\"https:\\\/\\\/spainfilmcommission.com\\\/wp-content\\\/uploads\\\/2018\\\/11\\\/salamanca-escogida-como-plato-por-mas-de-50-producciones-audiovisuales-en-el-2018-86.jpeg\",\"articleSection\":[\"Noticias\"],\"inLanguage\":\"en-US\"},{\"@type\":\"WebPage\",\"@id\":\"https:\\\/\\\/spainfilmcommission.com\\\/en\\\/blog\\\/salamanca-escogida-como-plato-por-mas-de-50-producciones-audiovisuales-en-el-2018\\\/\",\"url\":\"https:\\\/\\\/spainfilmcommission.com\\\/en\\\/blog\\\/salamanca-escogida-como-plato-por-mas-de-50-producciones-audiovisuales-en-el-2018\\\/\",\"name\":\"Salamanca, escogida como plat\u00f3 por m\u00e1s de 50 producciones audiovisuales en el 2018 - Spain Film Commission\",\"isPartOf\":{\"@id\":\"https:\\\/\\\/spainfilmcommission.com\\\/en\\\/#website\"},\"primaryImageOfPage\":{\"@id\":\"https:\\\/\\\/spainfilmcommission.com\\\/en\\\/blog\\\/salamanca-escogida-como-plato-por-mas-de-50-producciones-audiovisuales-en-el-2018\\\/#primaryimage\"},\"image\":{\"@id\":\"https:\\\/\\\/spainfilmcommission.com\\\/en\\\/blog\\\/salamanca-escogida-como-plato-por-mas-de-50-producciones-audiovisuales-en-el-2018\\\/#primaryimage\"},\"thumbnailUrl\":\"https:\\\/\\\/spainfilmcommission.com\\\/wp-content\\\/uploads\\\/2018\\\/11\\\/salamanca-escogida-como-plato-por-mas-de-50-producciones-audiovisuales-en-el-2018-86.jpeg\",\"datePublished\":\"2018-11-14T22:00:00+00:00\",\"dateModified\":\"2025-02-11T07:07:07+00:00\",\"breadcrumb\":{\"@id\":\"https:\\\/\\\/spainfilmcommission.com\\\/en\\\/blog\\\/salamanca-escogida-como-plato-por-mas-de-50-producciones-audiovisuales-en-el-2018\\\/#breadcrumb\"},\"inLanguage\":\"en-US\",\"potentialAction\":[{\"@type\":\"ReadAction\",\"target\":[\"https:\\\/\\\/spainfilmcommission.com\\\/en\\\/blog\\\/salamanca-escogida-como-plato-por-mas-de-50-producciones-audiovisuales-en-el-2018\\\/\"]}]},{\"@type\":\"ImageObject\",\"inLanguage\":\"en-US\",\"@id\":\"https:\\\/\\\/spainfilmcommission.com\\\/en\\\/blog\\\/salamanca-escogida-como-plato-por-mas-de-50-producciones-audiovisuales-en-el-2018\\\/#primaryimage\",\"url\":\"https:\\\/\\\/spainfilmcommission.com\\\/wp-content\\\/uploads\\\/2018\\\/11\\\/salamanca-escogida-como-plato-por-mas-de-50-producciones-audiovisuales-en-el-2018-86.jpeg\",\"contentUrl\":\"https:\\\/\\\/spainfilmcommission.com\\\/wp-content\\\/uploads\\\/2018\\\/11\\\/salamanca-escogida-como-plato-por-mas-de-50-producciones-audiovisuales-en-el-2018-86.jpeg\",\"width\":350,\"height\":250},{\"@type\":\"BreadcrumbList\",\"@id\":\"https:\\\/\\\/spainfilmcommission.com\\\/en\\\/blog\\\/salamanca-escogida-como-plato-por-mas-de-50-producciones-audiovisuales-en-el-2018\\\/#breadcrumb\",\"itemListElement\":[{\"@type\":\"ListItem\",\"position\":1,\"name\":\"Portada\",\"item\":\"https:\\\/\\\/spainfilmcommission.com\\\/en\\\/\"},{\"@type\":\"ListItem\",\"position\":2,\"name\":\"Salamanca, escogida como plat\u00f3 por m\u00e1s de 50 producciones audiovisuales en el 2018\"}]},{\"@type\":\"WebSite\",\"@id\":\"https:\\\/\\\/spainfilmcommission.com\\\/en\\\/#website\",\"url\":\"https:\\\/\\\/spainfilmcommission.com\\\/en\\\/\",\"name\":\"Spain Film Commission\",\"description\":\"\",\"publisher\":{\"@id\":\"https:\\\/\\\/spainfilmcommission.com\\\/en\\\/#organization\"},\"potentialAction\":[{\"@type\":\"SearchAction\",\"target\":{\"@type\":\"EntryPoint\",\"urlTemplate\":\"https:\\\/\\\/spainfilmcommission.com\\\/en\\\/?s={search_term_string}\"},\"query-input\":{\"@type\":\"PropertyValueSpecification\",\"valueRequired\":true,\"valueName\":\"search_term_string\"}}],\"inLanguage\":\"en-US\"},{\"@type\":\"Organization\",\"@id\":\"https:\\\/\\\/spainfilmcommission.com\\\/en\\\/#organization\",\"name\":\"Spain Film Commission\",\"url\":\"https:\\\/\\\/spainfilmcommission.com\\\/en\\\/\",\"logo\":{\"@type\":\"ImageObject\",\"inLanguage\":\"en-US\",\"@id\":\"https:\\\/\\\/spainfilmcommission.com\\\/en\\\/#\\\/schema\\\/logo\\\/image\\\/\",\"url\":\"https:\\\/\\\/spainfilmcommission.com\\\/wp-content\\\/uploads\\\/2024\\\/07\\\/SPC_COLOR.png\",\"contentUrl\":\"https:\\\/\\\/spainfilmcommission.com\\\/wp-content\\\/uploads\\\/2024\\\/07\\\/SPC_COLOR.png\",\"width\":1665,\"height\":1665,\"caption\":\"Spain Film Commission\"},\"image\":{\"@id\":\"https:\\\/\\\/spainfilmcommission.com\\\/en\\\/#\\\/schema\\\/logo\\\/image\\\/\"}},{\"@type\":\"Person\",\"@id\":\"https:\\\/\\\/spainfilmcommission.com\\\/en\\\/#\\\/schema\\\/person\\\/6c014ba6ceac198d178a6a9e61113c9d\",\"name\":\"studio128k_dam\",\"image\":{\"@type\":\"ImageObject\",\"inLanguage\":\"en-US\",\"@id\":\"https:\\\/\\\/secure.gravatar.com\\\/avatar\\\/810f99144a13522c24aa173f9cd8bf079d0e89758af00b5f2938443cd51b31e9?s=96&d=mm&r=g\",\"url\":\"https:\\\/\\\/secure.gravatar.com\\\/avatar\\\/810f99144a13522c24aa173f9cd8bf079d0e89758af00b5f2938443cd51b31e9?s=96&d=mm&r=g\",\"contentUrl\":\"https:\\\/\\\/secure.gravatar.com\\\/avatar\\\/810f99144a13522c24aa173f9cd8bf079d0e89758af00b5f2938443cd51b31e9?s=96&d=mm&r=g\",\"caption\":\"studio128k_dam\"}}]}<\/script>\n<!-- \/ Yoast SEO plugin. -->","yoast_head_json":{"title":"Salamanca, escogida como plat\u00f3 por m\u00e1s de 50 producciones audiovisuales en el 2018 - Spain Film Commission","robots":{"index":"index","follow":"follow","max-snippet":"max-snippet:-1","max-image-preview":"max-image-preview:large","max-video-preview":"max-video-preview:-1"},"canonical":"https:\/\/spainfilmcommission.com\/en\/blog\/salamanca-escogida-como-plato-por-mas-de-50-producciones-audiovisuales-en-el-2018\/","og_locale":"en_US","og_type":"article","og_title":"Salamanca, escogida como plat\u00f3 por m\u00e1s de 50 producciones audiovisuales en el 2018 - Spain Film Commission","og_description":"La ciudad ha alojado m\u00e1s de 50 rodajes en lo que llevamos de a\u00f1o, lo que convierte a 2018 en uno de los\u00a0mejores a\u00f1os de la historia audiovisual de Salamanca.","og_url":"https:\/\/spainfilmcommission.com\/en\/blog\/salamanca-escogida-como-plato-por-mas-de-50-producciones-audiovisuales-en-el-2018\/","og_site_name":"Spain Film Commission","article_published_time":"2018-11-14T22:00:00+00:00","article_modified_time":"2025-02-11T07:07:07+00:00","og_image":[{"width":350,"height":250,"url":"https:\/\/spainfilmcommission.com\/wp-content\/uploads\/2018\/11\/salamanca-escogida-como-plato-por-mas-de-50-producciones-audiovisuales-en-el-2018-86.jpeg","type":"image\/jpeg"}],"author":"studio128k_dam","twitter_card":"summary_large_image","twitter_misc":{"Written by":"studio128k_dam","Est. reading time":"2 minutes"},"schema":{"@context":"https:\/\/schema.org","@graph":[{"@type":"Article","@id":"https:\/\/spainfilmcommission.com\/en\/blog\/salamanca-escogida-como-plato-por-mas-de-50-producciones-audiovisuales-en-el-2018\/#article","isPartOf":{"@id":"https:\/\/spainfilmcommission.com\/en\/blog\/salamanca-escogida-como-plato-por-mas-de-50-producciones-audiovisuales-en-el-2018\/"},"author":{"name":"studio128k_dam","@id":"https:\/\/spainfilmcommission.com\/en\/#\/schema\/person\/6c014ba6ceac198d178a6a9e61113c9d"},"headline":"Salamanca, escogida como plat\u00f3 por m\u00e1s de 50 producciones audiovisuales en el 2018","datePublished":"2018-11-14T22:00:00+00:00","dateModified":"2025-02-11T07:07:07+00:00","mainEntityOfPage":{"@id":"https:\/\/spainfilmcommission.com\/en\/blog\/salamanca-escogida-como-plato-por-mas-de-50-producciones-audiovisuales-en-el-2018\/"},"wordCount":415,"publisher":{"@id":"https:\/\/spainfilmcommission.com\/en\/#organization"},"image":{"@id":"https:\/\/spainfilmcommission.com\/en\/blog\/salamanca-escogida-como-plato-por-mas-de-50-producciones-audiovisuales-en-el-2018\/#primaryimage"},"thumbnailUrl":"https:\/\/spainfilmcommission.com\/wp-content\/uploads\/2018\/11\/salamanca-escogida-como-plato-por-mas-de-50-producciones-audiovisuales-en-el-2018-86.jpeg","articleSection":["Noticias"],"inLanguage":"en-US"},{"@type":"WebPage","@id":"https:\/\/spainfilmcommission.com\/en\/blog\/salamanca-escogida-como-plato-por-mas-de-50-producciones-audiovisuales-en-el-2018\/","url":"https:\/\/spainfilmcommission.com\/en\/blog\/salamanca-escogida-como-plato-por-mas-de-50-producciones-audiovisuales-en-el-2018\/","name":"Salamanca, escogida como plat\u00f3 por m\u00e1s de 50 producciones audiovisuales en el 2018 - Spain Film Commission","isPartOf":{"@id":"https:\/\/spainfilmcommission.com\/en\/#website"},"primaryImageOfPage":{"@id":"https:\/\/spainfilmcommission.com\/en\/blog\/salamanca-escogida-como-plato-por-mas-de-50-producciones-audiovisuales-en-el-2018\/#primaryimage"},"image":{"@id":"https:\/\/spainfilmcommission.com\/en\/blog\/salamanca-escogida-como-plato-por-mas-de-50-producciones-audiovisuales-en-el-2018\/#primaryimage"},"thumbnailUrl":"https:\/\/spainfilmcommission.com\/wp-content\/uploads\/2018\/11\/salamanca-escogida-como-plato-por-mas-de-50-producciones-audiovisuales-en-el-2018-86.jpeg","datePublished":"2018-11-14T22:00:00+00:00","dateModified":"2025-02-11T07:07:07+00:00","breadcrumb":{"@id":"https:\/\/spainfilmcommission.com\/en\/blog\/salamanca-escogida-como-plato-por-mas-de-50-producciones-audiovisuales-en-el-2018\/#breadcrumb"},"inLanguage":"en-US","potentialAction":[{"@type":"ReadAction","target":["https:\/\/spainfilmcommission.com\/en\/blog\/salamanca-escogida-como-plato-por-mas-de-50-producciones-audiovisuales-en-el-2018\/"]}]},{"@type":"ImageObject","inLanguage":"en-US","@id":"https:\/\/spainfilmcommission.com\/en\/blog\/salamanca-escogida-como-plato-por-mas-de-50-producciones-audiovisuales-en-el-2018\/#primaryimage","url":"https:\/\/spainfilmcommission.com\/wp-content\/uploads\/2018\/11\/salamanca-escogida-como-plato-por-mas-de-50-producciones-audiovisuales-en-el-2018-86.jpeg","contentUrl":"https:\/\/spainfilmcommission.com\/wp-content\/uploads\/2018\/11\/salamanca-escogida-como-plato-por-mas-de-50-producciones-audiovisuales-en-el-2018-86.jpeg","width":350,"height":250},{"@type":"BreadcrumbList","@id":"https:\/\/spainfilmcommission.com\/en\/blog\/salamanca-escogida-como-plato-por-mas-de-50-producciones-audiovisuales-en-el-2018\/#breadcrumb","itemListElement":[{"@type":"ListItem","position":1,"name":"Portada","item":"https:\/\/spainfilmcommission.com\/en\/"},{"@type":"ListItem","position":2,"name":"Salamanca, escogida como plat\u00f3 por m\u00e1s de 50 producciones audiovisuales en el 2018"}]},{"@type":"WebSite","@id":"https:\/\/spainfilmcommission.com\/en\/#website","url":"https:\/\/spainfilmcommission.com\/en\/","name":"Spain Film Commission","description":"","publisher":{"@id":"https:\/\/spainfilmcommission.com\/en\/#organization"},"potentialAction":[{"@type":"SearchAction","target":{"@type":"EntryPoint","urlTemplate":"https:\/\/spainfilmcommission.com\/en\/?s={search_term_string}"},"query-input":{"@type":"PropertyValueSpecification","valueRequired":true,"valueName":"search_term_string"}}],"inLanguage":"en-US"},{"@type":"Organization","@id":"https:\/\/spainfilmcommission.com\/en\/#organization","name":"Spain Film Commission","url":"https:\/\/spainfilmcommission.com\/en\/","logo":{"@type":"ImageObject","inLanguage":"en-US","@id":"https:\/\/spainfilmcommission.com\/en\/#\/schema\/logo\/image\/","url":"https:\/\/spainfilmcommission.com\/wp-content\/uploads\/2024\/07\/SPC_COLOR.png","contentUrl":"https:\/\/spainfilmcommission.com\/wp-content\/uploads\/2024\/07\/SPC_COLOR.png","width":1665,"height":1665,"caption":"Spain Film Commission"},"image":{"@id":"https:\/\/spainfilmcommission.com\/en\/#\/schema\/logo\/image\/"}},{"@type":"Person","@id":"https:\/\/spainfilmcommission.com\/en\/#\/schema\/person\/6c014ba6ceac198d178a6a9e61113c9d","name":"studio128k_dam","image":{"@type":"ImageObject","inLanguage":"en-US","@id":"https:\/\/secure.gravatar.com\/avatar\/810f99144a13522c24aa173f9cd8bf079d0e89758af00b5f2938443cd51b31e9?s=96&d=mm&r=g","url":"https:\/\/secure.gravatar.com\/avatar\/810f99144a13522c24aa173f9cd8bf079d0e89758af00b5f2938443cd51b31e9?s=96&d=mm&r=g","contentUrl":"https:\/\/secure.gravatar.com\/avatar\/810f99144a13522c24aa173f9cd8bf079d0e89758af00b5f2938443cd51b31e9?s=96&d=mm&r=g","caption":"studio128k_dam"}}]}},"_links":{"self":[{"href":"https:\/\/spainfilmcommission.com\/en\/wp-json\/wp\/v2\/posts\/7358","targetHints":{"allow":["GET"]}}],"collection":[{"href":"https:\/\/spainfilmcommission.com\/en\/wp-json\/wp\/v2\/posts"}],"about":[{"href":"https:\/\/spainfilmcommission.com\/en\/wp-json\/wp\/v2\/types\/post"}],"author":[{"embeddable":true,"href":"https:\/\/spainfilmcommission.com\/en\/wp-json\/wp\/v2\/users\/2"}],"replies":[{"embeddable":true,"href":"https:\/\/spainfilmcommission.com\/en\/wp-json\/wp\/v2\/comments?post=7358"}],"version-history":[{"count":0,"href":"https:\/\/spainfilmcommission.com\/en\/wp-json\/wp\/v2\/posts\/7358\/revisions"}],"wp:featuredmedia":[{"embeddable":true,"href":"https:\/\/spainfilmcommission.com\/en\/wp-json\/wp\/v2\/media\/7359"}],"wp:attachment":[{"href":"https:\/\/spainfilmcommission.com\/en\/wp-json\/wp\/v2\/media?parent=7358"}],"wp:term":[{"taxonomy":"category","embeddable":true,"href":"https:\/\/spainfilmcommission.com\/en\/wp-json\/wp\/v2\/categories?post=7358"},{"taxonomy":"post_tag","embeddable":true,"href":"https:\/\/spainfilmcommission.com\/en\/wp-json\/wp\/v2\/tags?post=7358"}],"curies":[{"name":"wp","href":"https:\/\/api.w.org\/{rel}","templated":true}]}}