{"id":7350,"date":"2018-11-12T00:00:00","date_gmt":"2018-11-11T22:00:00","guid":{"rendered":"https:\/\/sfc.com\/spain-film-commission-y-profilm-firman-un-convenio-de-colaboracion-para-favorecer-la-atraccion-de-rodajes-internacionales\/"},"modified":"2025-06-10T13:43:29","modified_gmt":"2025-06-10T11:43:29","slug":"spain-film-commission-y-profilm-firman-un-convenio-de-colaboracion-para-favorecer-la-atraccion-de-rodajes-internacionales","status":"publish","type":"post","link":"https:\/\/spainfilmcommission.com\/en\/blog\/spain-film-commission-y-profilm-firman-un-convenio-de-colaboracion-para-favorecer-la-atraccion-de-rodajes-internacionales\/","title":{"rendered":"Spain Film Commission y PROFILM firman un convenio de colaboraci\u00f3n para favorecer la atracci\u00f3n de rodajes internacionales"},"content":{"rendered":"<p>El lunes 12 de noviembre, en la <a href=\"https:\/\/www.academiadecine.com\/\" target=\"_blank\" rel=\"noopener\">Academia de las Artes y las Ciencias Cinematogr\u00e1ficas de Espa\u00f1a<\/a> los presidentes de <a href=\"https:\/\/www.profilm.es\/\" target=\"_blank\" rel=\"noopener\">PROFILM<\/a> y de <a href=\"http:\/\/www.shootinginspain.info\/\" target=\"_blank\" rel=\"noopener\">Spain Film Commission<\/a>, Adri\u00e1n Guerra y Carlos Rosado, han firmado un <a href=\"\/uploads\/files\/Convenio%20SFC_Profilm.pdf\" target=\"_blank\" rel=\"noopener\">convenio de colaboraci\u00f3n<\/a> entre ambas entidades.<\/p>\n<p>Dicho convenio tiene como objetivos fundamentales:<\/p>\n<ul>\n<li>Fomentar y potenciar la atracci\u00f3n de rodajes en Espa\u00f1a.<\/li>\n<li>Unir esfuerzos en la negociaci\u00f3n y consultor\u00eda con administraciones y empresas p\u00fablicas y privadas para el desarrollo de un marco normativo favorable para la industria audiovisual que haga de Espa\u00f1a un destino cinematogr\u00e1fico a\u00fan m\u00e1s competitivo.<\/li>\n<li>Promover la creaci\u00f3n de una comisi\u00f3n mixta conformada por <a href=\"https:\/\/www.icex.es\/icex\/es\/index.html\" target=\"_blank\" rel=\"noopener\">ICEX<\/a>, <a href=\"https:\/\/www.mecd.gob.es\/cultura-mecd\/areas-cultura\/cine\/inicio.html;jsessionid=20CF297234330C76333EB262E06C3B00\" target=\"_blank\" rel=\"noopener\">Instituto de la Cinematograf\u00eda y de las Artes Audiovisuales<\/a>, <a href=\"http:\/\/www.hacienda.gob.es\/es-ES\/Paginas\/Home.aspx\" target=\"_blank\" rel=\"noopener\">Ministerio de Hacienda<\/a> \/ <a href=\"https:\/\/www.agenciatributaria.es\/\" target=\"_blank\" rel=\"noopener\">Agencia Tributaria<\/a>, <a href=\"http:\/\/www.femp.es\/\" target=\"_blank\" rel=\"noopener\">Federaci\u00f3n Espa\u00f1ola de Municipios y Provincias<\/a>, <a href=\"http:\/\/www.shootinginspain.info\/\" target=\"_blank\" rel=\"noopener\">SFC<\/a> y <a href=\"http:\/\/www.profilm.es\/\" target=\"_blank\" rel=\"noopener\">PROFILM<\/a>, cuyo objetivo sea desarrollar de forma consensuada una regulaci\u00f3n que se adapte a las necesidades del sector y en beneficio de la sociedad espa\u00f1ola.<\/li>\n<\/ul>\n<p>Con el fin de que se cumplan estos objetivos, se han establecido una serie de acciones:<\/p>\n<ul>\n<li>Crear un espacio de comunicaci\u00f3n y debate entre ambas entidades, estableciendo reuniones semestrales.<\/li>\n<li>Elaboraci\u00f3n de un manual de producci\u00f3n audiovisual que incluya toda la informaci\u00f3n necesaria para el rodaje en Espa\u00f1a.<\/li>\n<li>PROFILM pondr\u00e1 a disposici\u00f3n los datos globales de sus asociados y la\u00a0descripci\u00f3n de rodajes realizados.<\/li>\n<li>SFC aportar\u00e1 a PROFILM toda la informaci\u00f3n sobre impacto econ\u00f3mico de los rodajes en Espa\u00f1a y su aportaci\u00f3n a la im\u00e1gen de Espa\u00f1a como destino de turismo cinematogr\u00e1fico.<\/li>\n<li>PROFILM respaldar\u00e1 a SFC en las acciones que \u00e9sta lleve a cabo en el exterior.<\/li>\n<li>Invitar a otras entidades, empresas o profesionales del sector audiovisual a colaborar en las medidas dirigidas a fortalecer el sector audiovisual y a atraer rodajes a Espa\u00f1a.<\/li>\n<\/ul>\n<p style=\"margin-left: 18pt;\"><a href=\"https:\/\/www.profilm.es\/\" target=\"_blank\" rel=\"noopener\">PROFILM<\/a> es una asociaci\u00f3n de empresas productoras\u00a0de servicios internacionales\u00a0cuyo principal fin es impulsar la ejecuci\u00f3n de producciones extranjeras de largometrajes cinematogr\u00e1ficos o de cualquier clase de obra audiovisual en territorio espa\u00f1ol.<\/p>\n<p style=\"margin-left: 18pt;\"><a href=\"http:\/\/www.shootinginspain.info\/\" target=\"_blank\" rel=\"noopener\">Spain Film Commission<\/a> es la entidad que representa y coordina la red espa\u00f1ola de film commissions y film offices, creadas por las administraciones regionales para la promoci\u00f3n de un territorio como lugar de rodaje de producciones audiovisuales.<\/p>\n<p style=\"margin-left: 18pt;\">Descargar CONVENIO DE COLABORACI\u00d3N PROFILM- SFC<\/p>\n<p><img decoding=\"async\" src=\"https:\/\/spainfilmcommission.com\/\/wp-content\/uploads\/2018\/11\/spain-film-commission-y-profilm-firman-un-convenio-de-colaboracion-para-favorecer-la-atraccion-de-rodajes-internacionales1-85.jpeg\" alt=\"Imagen relacionada\" \/><img decoding=\"async\" src=\"https:\/\/spainfilmcommission.com\/\/wp-content\/uploads\/2018\/11\/spain-film-commission-y-profilm-firman-un-convenio-de-colaboracion-para-favorecer-la-atraccion-de-rodajes-internacionales2-85.jpeg\" alt=\"Imagen relacionada\" \/><\/p>\n","protected":false},"excerpt":{"rendered":"<p>Los presidentes de ambas instituciones, Adri\u00e1n Guerra (PROFILM) y Carlos Rosado (SFC), han rubricado el acuerdo mediante el cual se potenciar\u00e1 la realizaci\u00f3n de rodajes audiovisuales en Espa\u00f1a.<\/p>\n","protected":false},"author":2,"featured_media":7351,"comment_status":"closed","ping_status":"closed","sticky":false,"template":"","format":"standard","meta":{"footnotes":""},"categories":[38],"tags":[],"class_list":["post-7350","post","type-post","status-publish","format-standard","has-post-thumbnail","hentry","category-noticias"],"yoast_head":"<!-- This site is optimized with the Yoast SEO plugin v27.3 - https:\/\/yoast.com\/product\/yoast-seo-wordpress\/ -->\n<title>Spain Film Commission y PROFILM firman un convenio de colaboraci\u00f3n para favorecer la atracci\u00f3n de rodajes internacionales - Spain Film Commission<\/title>\n<meta name=\"robots\" content=\"index, follow, max-snippet:-1, max-image-preview:large, max-video-preview:-1\" \/>\n<link rel=\"canonical\" href=\"https:\/\/spainfilmcommission.com\/en\/blog\/spain-film-commission-y-profilm-firman-un-convenio-de-colaboracion-para-favorecer-la-atraccion-de-rodajes-internacionales\/\" \/>\n<meta property=\"og:locale\" content=\"en_US\" \/>\n<meta property=\"og:type\" content=\"article\" \/>\n<meta property=\"og:title\" content=\"Spain Film Commission y PROFILM firman un convenio de colaboraci\u00f3n para favorecer la atracci\u00f3n de rodajes internacionales - Spain Film Commission\" \/>\n<meta property=\"og:description\" content=\"Los presidentes de ambas instituciones, Adri\u00e1n Guerra (PROFILM) y Carlos Rosado (SFC), han rubricado el acuerdo mediante el cual se potenciar\u00e1 la realizaci\u00f3n de rodajes audiovisuales en Espa\u00f1a.\" \/>\n<meta property=\"og:url\" content=\"https:\/\/spainfilmcommission.com\/en\/blog\/spain-film-commission-y-profilm-firman-un-convenio-de-colaboracion-para-favorecer-la-atraccion-de-rodajes-internacionales\/\" \/>\n<meta property=\"og:site_name\" content=\"Spain Film Commission\" \/>\n<meta property=\"article:published_time\" content=\"2018-11-11T22:00:00+00:00\" \/>\n<meta property=\"article:modified_time\" content=\"2025-06-10T11:43:29+00:00\" \/>\n<meta property=\"og:image\" content=\"https:\/\/spainfilmcommission.com\/wp-content\/uploads\/2018\/11\/spain-film-commission-y-profilm-firman-un-convenio-de-colaboracion-para-favorecer-la-atraccion-de-rodajes-internacionales-85.jpeg\" \/>\n\t<meta property=\"og:image:width\" content=\"1170\" \/>\n\t<meta property=\"og:image:height\" content=\"877\" \/>\n\t<meta property=\"og:image:type\" content=\"image\/jpeg\" \/>\n<meta name=\"author\" content=\"studio128k_dam\" \/>\n<meta name=\"twitter:card\" content=\"summary_large_image\" \/>\n<meta name=\"twitter:label1\" content=\"Written by\" \/>\n\t<meta name=\"twitter:data1\" content=\"studio128k_dam\" \/>\n\t<meta name=\"twitter:label2\" content=\"Est. reading time\" \/>\n\t<meta name=\"twitter:data2\" content=\"3 minutes\" \/>\n<script type=\"application\/ld+json\" class=\"yoast-schema-graph\">{\"@context\":\"https:\\\/\\\/schema.org\",\"@graph\":[{\"@type\":\"Article\",\"@id\":\"https:\\\/\\\/spainfilmcommission.com\\\/en\\\/blog\\\/spain-film-commission-y-profilm-firman-un-convenio-de-colaboracion-para-favorecer-la-atraccion-de-rodajes-internacionales\\\/#article\",\"isPartOf\":{\"@id\":\"https:\\\/\\\/spainfilmcommission.com\\\/en\\\/blog\\\/spain-film-commission-y-profilm-firman-un-convenio-de-colaboracion-para-favorecer-la-atraccion-de-rodajes-internacionales\\\/\"},\"author\":{\"name\":\"studio128k_dam\",\"@id\":\"https:\\\/\\\/spainfilmcommission.com\\\/en\\\/#\\\/schema\\\/person\\\/6c014ba6ceac198d178a6a9e61113c9d\"},\"headline\":\"Spain Film Commission y PROFILM firman un convenio de colaboraci\u00f3n para favorecer la atracci\u00f3n de rodajes internacionales\",\"datePublished\":\"2018-11-11T22:00:00+00:00\",\"dateModified\":\"2025-06-10T11:43:29+00:00\",\"mainEntityOfPage\":{\"@id\":\"https:\\\/\\\/spainfilmcommission.com\\\/en\\\/blog\\\/spain-film-commission-y-profilm-firman-un-convenio-de-colaboracion-para-favorecer-la-atraccion-de-rodajes-internacionales\\\/\"},\"wordCount\":417,\"publisher\":{\"@id\":\"https:\\\/\\\/spainfilmcommission.com\\\/en\\\/#organization\"},\"image\":{\"@id\":\"https:\\\/\\\/spainfilmcommission.com\\\/en\\\/blog\\\/spain-film-commission-y-profilm-firman-un-convenio-de-colaboracion-para-favorecer-la-atraccion-de-rodajes-internacionales\\\/#primaryimage\"},\"thumbnailUrl\":\"https:\\\/\\\/spainfilmcommission.com\\\/wp-content\\\/uploads\\\/2018\\\/11\\\/spain-film-commission-y-profilm-firman-un-convenio-de-colaboracion-para-favorecer-la-atraccion-de-rodajes-internacionales-85.jpeg\",\"articleSection\":[\"Noticias\"],\"inLanguage\":\"en-US\"},{\"@type\":\"WebPage\",\"@id\":\"https:\\\/\\\/spainfilmcommission.com\\\/en\\\/blog\\\/spain-film-commission-y-profilm-firman-un-convenio-de-colaboracion-para-favorecer-la-atraccion-de-rodajes-internacionales\\\/\",\"url\":\"https:\\\/\\\/spainfilmcommission.com\\\/en\\\/blog\\\/spain-film-commission-y-profilm-firman-un-convenio-de-colaboracion-para-favorecer-la-atraccion-de-rodajes-internacionales\\\/\",\"name\":\"Spain Film Commission y PROFILM firman un convenio de colaboraci\u00f3n para favorecer la atracci\u00f3n de rodajes internacionales - Spain Film Commission\",\"isPartOf\":{\"@id\":\"https:\\\/\\\/spainfilmcommission.com\\\/en\\\/#website\"},\"primaryImageOfPage\":{\"@id\":\"https:\\\/\\\/spainfilmcommission.com\\\/en\\\/blog\\\/spain-film-commission-y-profilm-firman-un-convenio-de-colaboracion-para-favorecer-la-atraccion-de-rodajes-internacionales\\\/#primaryimage\"},\"image\":{\"@id\":\"https:\\\/\\\/spainfilmcommission.com\\\/en\\\/blog\\\/spain-film-commission-y-profilm-firman-un-convenio-de-colaboracion-para-favorecer-la-atraccion-de-rodajes-internacionales\\\/#primaryimage\"},\"thumbnailUrl\":\"https:\\\/\\\/spainfilmcommission.com\\\/wp-content\\\/uploads\\\/2018\\\/11\\\/spain-film-commission-y-profilm-firman-un-convenio-de-colaboracion-para-favorecer-la-atraccion-de-rodajes-internacionales-85.jpeg\",\"datePublished\":\"2018-11-11T22:00:00+00:00\",\"dateModified\":\"2025-06-10T11:43:29+00:00\",\"breadcrumb\":{\"@id\":\"https:\\\/\\\/spainfilmcommission.com\\\/en\\\/blog\\\/spain-film-commission-y-profilm-firman-un-convenio-de-colaboracion-para-favorecer-la-atraccion-de-rodajes-internacionales\\\/#breadcrumb\"},\"inLanguage\":\"en-US\",\"potentialAction\":[{\"@type\":\"ReadAction\",\"target\":[\"https:\\\/\\\/spainfilmcommission.com\\\/en\\\/blog\\\/spain-film-commission-y-profilm-firman-un-convenio-de-colaboracion-para-favorecer-la-atraccion-de-rodajes-internacionales\\\/\"]}]},{\"@type\":\"ImageObject\",\"inLanguage\":\"en-US\",\"@id\":\"https:\\\/\\\/spainfilmcommission.com\\\/en\\\/blog\\\/spain-film-commission-y-profilm-firman-un-convenio-de-colaboracion-para-favorecer-la-atraccion-de-rodajes-internacionales\\\/#primaryimage\",\"url\":\"https:\\\/\\\/spainfilmcommission.com\\\/wp-content\\\/uploads\\\/2018\\\/11\\\/spain-film-commission-y-profilm-firman-un-convenio-de-colaboracion-para-favorecer-la-atraccion-de-rodajes-internacionales-85.jpeg\",\"contentUrl\":\"https:\\\/\\\/spainfilmcommission.com\\\/wp-content\\\/uploads\\\/2018\\\/11\\\/spain-film-commission-y-profilm-firman-un-convenio-de-colaboracion-para-favorecer-la-atraccion-de-rodajes-internacionales-85.jpeg\",\"width\":1170,\"height\":877},{\"@type\":\"BreadcrumbList\",\"@id\":\"https:\\\/\\\/spainfilmcommission.com\\\/en\\\/blog\\\/spain-film-commission-y-profilm-firman-un-convenio-de-colaboracion-para-favorecer-la-atraccion-de-rodajes-internacionales\\\/#breadcrumb\",\"itemListElement\":[{\"@type\":\"ListItem\",\"position\":1,\"name\":\"Portada\",\"item\":\"https:\\\/\\\/spainfilmcommission.com\\\/en\\\/\"},{\"@type\":\"ListItem\",\"position\":2,\"name\":\"Spain Film Commission y PROFILM firman un convenio de colaboraci\u00f3n para favorecer la atracci\u00f3n de rodajes internacionales\"}]},{\"@type\":\"WebSite\",\"@id\":\"https:\\\/\\\/spainfilmcommission.com\\\/en\\\/#website\",\"url\":\"https:\\\/\\\/spainfilmcommission.com\\\/en\\\/\",\"name\":\"Spain Film Commission\",\"description\":\"\",\"publisher\":{\"@id\":\"https:\\\/\\\/spainfilmcommission.com\\\/en\\\/#organization\"},\"potentialAction\":[{\"@type\":\"SearchAction\",\"target\":{\"@type\":\"EntryPoint\",\"urlTemplate\":\"https:\\\/\\\/spainfilmcommission.com\\\/en\\\/?s={search_term_string}\"},\"query-input\":{\"@type\":\"PropertyValueSpecification\",\"valueRequired\":true,\"valueName\":\"search_term_string\"}}],\"inLanguage\":\"en-US\"},{\"@type\":\"Organization\",\"@id\":\"https:\\\/\\\/spainfilmcommission.com\\\/en\\\/#organization\",\"name\":\"Spain Film Commission\",\"url\":\"https:\\\/\\\/spainfilmcommission.com\\\/en\\\/\",\"logo\":{\"@type\":\"ImageObject\",\"inLanguage\":\"en-US\",\"@id\":\"https:\\\/\\\/spainfilmcommission.com\\\/en\\\/#\\\/schema\\\/logo\\\/image\\\/\",\"url\":\"https:\\\/\\\/spainfilmcommission.com\\\/wp-content\\\/uploads\\\/2024\\\/07\\\/SPC_COLOR.png\",\"contentUrl\":\"https:\\\/\\\/spainfilmcommission.com\\\/wp-content\\\/uploads\\\/2024\\\/07\\\/SPC_COLOR.png\",\"width\":1665,\"height\":1665,\"caption\":\"Spain Film Commission\"},\"image\":{\"@id\":\"https:\\\/\\\/spainfilmcommission.com\\\/en\\\/#\\\/schema\\\/logo\\\/image\\\/\"}},{\"@type\":\"Person\",\"@id\":\"https:\\\/\\\/spainfilmcommission.com\\\/en\\\/#\\\/schema\\\/person\\\/6c014ba6ceac198d178a6a9e61113c9d\",\"name\":\"studio128k_dam\",\"image\":{\"@type\":\"ImageObject\",\"inLanguage\":\"en-US\",\"@id\":\"https:\\\/\\\/secure.gravatar.com\\\/avatar\\\/810f99144a13522c24aa173f9cd8bf079d0e89758af00b5f2938443cd51b31e9?s=96&d=mm&r=g\",\"url\":\"https:\\\/\\\/secure.gravatar.com\\\/avatar\\\/810f99144a13522c24aa173f9cd8bf079d0e89758af00b5f2938443cd51b31e9?s=96&d=mm&r=g\",\"contentUrl\":\"https:\\\/\\\/secure.gravatar.com\\\/avatar\\\/810f99144a13522c24aa173f9cd8bf079d0e89758af00b5f2938443cd51b31e9?s=96&d=mm&r=g\",\"caption\":\"studio128k_dam\"}}]}<\/script>\n<!-- \/ Yoast SEO plugin. -->","yoast_head_json":{"title":"Spain Film Commission y PROFILM firman un convenio de colaboraci\u00f3n para favorecer la atracci\u00f3n de rodajes internacionales - Spain Film Commission","robots":{"index":"index","follow":"follow","max-snippet":"max-snippet:-1","max-image-preview":"max-image-preview:large","max-video-preview":"max-video-preview:-1"},"canonical":"https:\/\/spainfilmcommission.com\/en\/blog\/spain-film-commission-y-profilm-firman-un-convenio-de-colaboracion-para-favorecer-la-atraccion-de-rodajes-internacionales\/","og_locale":"en_US","og_type":"article","og_title":"Spain Film Commission y PROFILM firman un convenio de colaboraci\u00f3n para favorecer la atracci\u00f3n de rodajes internacionales - Spain Film Commission","og_description":"Los presidentes de ambas instituciones, Adri\u00e1n Guerra (PROFILM) y Carlos Rosado (SFC), han rubricado el acuerdo mediante el cual se potenciar\u00e1 la realizaci\u00f3n de rodajes audiovisuales en Espa\u00f1a.","og_url":"https:\/\/spainfilmcommission.com\/en\/blog\/spain-film-commission-y-profilm-firman-un-convenio-de-colaboracion-para-favorecer-la-atraccion-de-rodajes-internacionales\/","og_site_name":"Spain Film Commission","article_published_time":"2018-11-11T22:00:00+00:00","article_modified_time":"2025-06-10T11:43:29+00:00","og_image":[{"width":1170,"height":877,"url":"https:\/\/spainfilmcommission.com\/wp-content\/uploads\/2018\/11\/spain-film-commission-y-profilm-firman-un-convenio-de-colaboracion-para-favorecer-la-atraccion-de-rodajes-internacionales-85.jpeg","type":"image\/jpeg"}],"author":"studio128k_dam","twitter_card":"summary_large_image","twitter_misc":{"Written by":"studio128k_dam","Est. reading time":"3 minutes"},"schema":{"@context":"https:\/\/schema.org","@graph":[{"@type":"Article","@id":"https:\/\/spainfilmcommission.com\/en\/blog\/spain-film-commission-y-profilm-firman-un-convenio-de-colaboracion-para-favorecer-la-atraccion-de-rodajes-internacionales\/#article","isPartOf":{"@id":"https:\/\/spainfilmcommission.com\/en\/blog\/spain-film-commission-y-profilm-firman-un-convenio-de-colaboracion-para-favorecer-la-atraccion-de-rodajes-internacionales\/"},"author":{"name":"studio128k_dam","@id":"https:\/\/spainfilmcommission.com\/en\/#\/schema\/person\/6c014ba6ceac198d178a6a9e61113c9d"},"headline":"Spain Film Commission y PROFILM firman un convenio de colaboraci\u00f3n para favorecer la atracci\u00f3n de rodajes internacionales","datePublished":"2018-11-11T22:00:00+00:00","dateModified":"2025-06-10T11:43:29+00:00","mainEntityOfPage":{"@id":"https:\/\/spainfilmcommission.com\/en\/blog\/spain-film-commission-y-profilm-firman-un-convenio-de-colaboracion-para-favorecer-la-atraccion-de-rodajes-internacionales\/"},"wordCount":417,"publisher":{"@id":"https:\/\/spainfilmcommission.com\/en\/#organization"},"image":{"@id":"https:\/\/spainfilmcommission.com\/en\/blog\/spain-film-commission-y-profilm-firman-un-convenio-de-colaboracion-para-favorecer-la-atraccion-de-rodajes-internacionales\/#primaryimage"},"thumbnailUrl":"https:\/\/spainfilmcommission.com\/wp-content\/uploads\/2018\/11\/spain-film-commission-y-profilm-firman-un-convenio-de-colaboracion-para-favorecer-la-atraccion-de-rodajes-internacionales-85.jpeg","articleSection":["Noticias"],"inLanguage":"en-US"},{"@type":"WebPage","@id":"https:\/\/spainfilmcommission.com\/en\/blog\/spain-film-commission-y-profilm-firman-un-convenio-de-colaboracion-para-favorecer-la-atraccion-de-rodajes-internacionales\/","url":"https:\/\/spainfilmcommission.com\/en\/blog\/spain-film-commission-y-profilm-firman-un-convenio-de-colaboracion-para-favorecer-la-atraccion-de-rodajes-internacionales\/","name":"Spain Film Commission y PROFILM firman un convenio de colaboraci\u00f3n para favorecer la atracci\u00f3n de rodajes internacionales - Spain Film Commission","isPartOf":{"@id":"https:\/\/spainfilmcommission.com\/en\/#website"},"primaryImageOfPage":{"@id":"https:\/\/spainfilmcommission.com\/en\/blog\/spain-film-commission-y-profilm-firman-un-convenio-de-colaboracion-para-favorecer-la-atraccion-de-rodajes-internacionales\/#primaryimage"},"image":{"@id":"https:\/\/spainfilmcommission.com\/en\/blog\/spain-film-commission-y-profilm-firman-un-convenio-de-colaboracion-para-favorecer-la-atraccion-de-rodajes-internacionales\/#primaryimage"},"thumbnailUrl":"https:\/\/spainfilmcommission.com\/wp-content\/uploads\/2018\/11\/spain-film-commission-y-profilm-firman-un-convenio-de-colaboracion-para-favorecer-la-atraccion-de-rodajes-internacionales-85.jpeg","datePublished":"2018-11-11T22:00:00+00:00","dateModified":"2025-06-10T11:43:29+00:00","breadcrumb":{"@id":"https:\/\/spainfilmcommission.com\/en\/blog\/spain-film-commission-y-profilm-firman-un-convenio-de-colaboracion-para-favorecer-la-atraccion-de-rodajes-internacionales\/#breadcrumb"},"inLanguage":"en-US","potentialAction":[{"@type":"ReadAction","target":["https:\/\/spainfilmcommission.com\/en\/blog\/spain-film-commission-y-profilm-firman-un-convenio-de-colaboracion-para-favorecer-la-atraccion-de-rodajes-internacionales\/"]}]},{"@type":"ImageObject","inLanguage":"en-US","@id":"https:\/\/spainfilmcommission.com\/en\/blog\/spain-film-commission-y-profilm-firman-un-convenio-de-colaboracion-para-favorecer-la-atraccion-de-rodajes-internacionales\/#primaryimage","url":"https:\/\/spainfilmcommission.com\/wp-content\/uploads\/2018\/11\/spain-film-commission-y-profilm-firman-un-convenio-de-colaboracion-para-favorecer-la-atraccion-de-rodajes-internacionales-85.jpeg","contentUrl":"https:\/\/spainfilmcommission.com\/wp-content\/uploads\/2018\/11\/spain-film-commission-y-profilm-firman-un-convenio-de-colaboracion-para-favorecer-la-atraccion-de-rodajes-internacionales-85.jpeg","width":1170,"height":877},{"@type":"BreadcrumbList","@id":"https:\/\/spainfilmcommission.com\/en\/blog\/spain-film-commission-y-profilm-firman-un-convenio-de-colaboracion-para-favorecer-la-atraccion-de-rodajes-internacionales\/#breadcrumb","itemListElement":[{"@type":"ListItem","position":1,"name":"Portada","item":"https:\/\/spainfilmcommission.com\/en\/"},{"@type":"ListItem","position":2,"name":"Spain Film Commission y PROFILM firman un convenio de colaboraci\u00f3n para favorecer la atracci\u00f3n de rodajes internacionales"}]},{"@type":"WebSite","@id":"https:\/\/spainfilmcommission.com\/en\/#website","url":"https:\/\/spainfilmcommission.com\/en\/","name":"Spain Film Commission","description":"","publisher":{"@id":"https:\/\/spainfilmcommission.com\/en\/#organization"},"potentialAction":[{"@type":"SearchAction","target":{"@type":"EntryPoint","urlTemplate":"https:\/\/spainfilmcommission.com\/en\/?s={search_term_string}"},"query-input":{"@type":"PropertyValueSpecification","valueRequired":true,"valueName":"search_term_string"}}],"inLanguage":"en-US"},{"@type":"Organization","@id":"https:\/\/spainfilmcommission.com\/en\/#organization","name":"Spain Film Commission","url":"https:\/\/spainfilmcommission.com\/en\/","logo":{"@type":"ImageObject","inLanguage":"en-US","@id":"https:\/\/spainfilmcommission.com\/en\/#\/schema\/logo\/image\/","url":"https:\/\/spainfilmcommission.com\/wp-content\/uploads\/2024\/07\/SPC_COLOR.png","contentUrl":"https:\/\/spainfilmcommission.com\/wp-content\/uploads\/2024\/07\/SPC_COLOR.png","width":1665,"height":1665,"caption":"Spain Film Commission"},"image":{"@id":"https:\/\/spainfilmcommission.com\/en\/#\/schema\/logo\/image\/"}},{"@type":"Person","@id":"https:\/\/spainfilmcommission.com\/en\/#\/schema\/person\/6c014ba6ceac198d178a6a9e61113c9d","name":"studio128k_dam","image":{"@type":"ImageObject","inLanguage":"en-US","@id":"https:\/\/secure.gravatar.com\/avatar\/810f99144a13522c24aa173f9cd8bf079d0e89758af00b5f2938443cd51b31e9?s=96&d=mm&r=g","url":"https:\/\/secure.gravatar.com\/avatar\/810f99144a13522c24aa173f9cd8bf079d0e89758af00b5f2938443cd51b31e9?s=96&d=mm&r=g","contentUrl":"https:\/\/secure.gravatar.com\/avatar\/810f99144a13522c24aa173f9cd8bf079d0e89758af00b5f2938443cd51b31e9?s=96&d=mm&r=g","caption":"studio128k_dam"}}]}},"_links":{"self":[{"href":"https:\/\/spainfilmcommission.com\/en\/wp-json\/wp\/v2\/posts\/7350","targetHints":{"allow":["GET"]}}],"collection":[{"href":"https:\/\/spainfilmcommission.com\/en\/wp-json\/wp\/v2\/posts"}],"about":[{"href":"https:\/\/spainfilmcommission.com\/en\/wp-json\/wp\/v2\/types\/post"}],"author":[{"embeddable":true,"href":"https:\/\/spainfilmcommission.com\/en\/wp-json\/wp\/v2\/users\/2"}],"replies":[{"embeddable":true,"href":"https:\/\/spainfilmcommission.com\/en\/wp-json\/wp\/v2\/comments?post=7350"}],"version-history":[{"count":0,"href":"https:\/\/spainfilmcommission.com\/en\/wp-json\/wp\/v2\/posts\/7350\/revisions"}],"wp:featuredmedia":[{"embeddable":true,"href":"https:\/\/spainfilmcommission.com\/en\/wp-json\/wp\/v2\/media\/7351"}],"wp:attachment":[{"href":"https:\/\/spainfilmcommission.com\/en\/wp-json\/wp\/v2\/media?parent=7350"}],"wp:term":[{"taxonomy":"category","embeddable":true,"href":"https:\/\/spainfilmcommission.com\/en\/wp-json\/wp\/v2\/categories?post=7350"},{"taxonomy":"post_tag","embeddable":true,"href":"https:\/\/spainfilmcommission.com\/en\/wp-json\/wp\/v2\/tags?post=7350"}],"curies":[{"name":"wp","href":"https:\/\/api.w.org\/{rel}","templated":true}]}}