{"id":7324,"date":"2018-10-24T00:00:00","date_gmt":"2018-10-23T22:00:00","guid":{"rendered":"https:\/\/sfc.com\/finalizada-la-primera-jornada-de-la-ii-conferencia-espanola-sobre-rodajes-y-turismo-cinematografico\/"},"modified":"2025-02-11T08:07:07","modified_gmt":"2025-02-11T07:07:07","slug":"finalizada-la-primera-jornada-de-la-ii-conferencia-espanola-sobre-rodajes-y-turismo-cinematografico","status":"publish","type":"post","link":"https:\/\/spainfilmcommission.com\/en\/blog\/finalizada-la-primera-jornada-de-la-ii-conferencia-espanola-sobre-rodajes-y-turismo-cinematografico\/","title":{"rendered":"Finalizada la primera jornada de la II Conferencia Espa\u00f1ola sobre Rodajes y Turismo CInematogr\u00e1fico"},"content":{"rendered":"<p style=\"text-align:justify;\"><strong><span style=\"text-align:justify;\">La conferencia\u00a0se ha inaugurado esta ma\u00f1ana en el Patio Herreriano de Valladolid en el marco de la 63\u00aa Seminci, con una gran afluencia de profesionales e importantes anuncios.<\/span><\/strong><\/p>\n<p>El Alcalde de Valladolid, <strong>Oscar Puente Santiago<\/strong>, ha dado la bienvenida de la ciudad, que cada a\u00f1o renueva su compromiso con la cinematograf\u00eda a trav\u00e9s de <a href=\"http:\/\/seminci.es\/landingpage.html\">SEMINCI<\/a>. Ha manifestado que &#8220;existe una apuesta clara\u00a0por la atracci\u00f3n y para la retenci\u00f3n del talento as\u00ed como para facilitar las mejores condiciones para que se realicen rodajes nacionales e internacionales en la ciudad&#8221;. Ha remarcado que &#8220;Valladolid Film Office lleva a cabo un intenso trabajo tanto a nivel local como en colaboraci\u00f3n con\u00a0<a href=\"http:\/\/www.shootinginspain.info\/\" target=\"_blank\">Spain Film Commission<\/a>, especialmente en lo que a Turismo Cinematogr\u00e1fico se refiere&#8221;.<\/p>\n<p><strong>Carlos Rosado Cobi\u00e1n<\/strong>, presidente de\u00a0<a href=\"http:\/\/www.shootinginspain.info\/\" target=\"_blank\">Spain Film Commission<\/a>, ha asegurado que &#8220;Espa\u00f1a vive un momento brillante en lo que a atracci\u00f3n de rodajes se refiere&#8221; y que &#8220;SFC contin\u00faa trabajando en el desarrollo de un Plan Estrat\u00e9gico con un triple eje: la mejora del sistema de Incentivos Fiscales existente, la promoci\u00f3n del pa\u00eds en mercados cinematogr\u00e1ficos emergentes y el impulso del Turismo Cinematogr\u00e1fico&#8221;. &#8220;Un hito importante, en este sentido es la colaboraci\u00f3n entre distintas instituciones para conseguir estos ejes estrat\u00e9gicos ya que se han intensificado las l\u00edneas de trabajo con ICEX &#8211; Invest in Spain,\u00a0<a href=\"https:\/\/www.mecd.gob.es\/cultura-mecd\/areas-cultura\/cine\/inicio.html;jsessionid=24CFE259A88BDDC3FFDF508F686549F7\" target=\"_blank\">Instituto de la Cinematograf\u00eda las Artes Audioviusales<\/a>\u00a0&#8211; ICAA, y es particularmente fruct\u00edfera la relaci\u00f3n con la\u00a0<a href=\"https:\/\/www.mincotur.gob.es\/turismo\/es-ES\/SecretariaDeEstado\/Paginas\/SecretariaEstado.aspx\" target=\"_blank\">Secretar\u00eda de Estado de Turismo<\/a>\u00a0a trav\u00e9s de\u00a0<a href=\"https:\/\/www.segittur.es\/\" target=\"_blank\">Seggitur<\/a>, que se plasmar\u00e1 en la pr\u00f3xima edici\u00f3n de\u00a0<a href=\"http:\/\/www.ifema.es\/fitur_01\/Prensa\/NotasdePrensa\/INS_116805\" target=\"_blank\">FITUR 2019<\/a>, donde habr\u00e1 un espacio especialmente dedicado al Cine y Turismo: FITUR &#8211; Screen Tourism&#8221; (<a href=\"http:\/\/www.shootinginspain.info\/es\/noticias\/fitur-y-spain-film-commission-se-reunen-para-avanzar-en-la-organizacion-de-cine-screen-tourism-2019\" target=\"_blank\">enlace noticia de nuestra web<\/a>).<\/p>\n<p>En la apertura, tambi\u00e9n ha participado <strong>Jaime Montalvo <\/strong>de\u00a0<a href=\"https:\/\/www.icex.es\/\" target=\"_blank\">ICEX &#8211; Invest in Spain<\/a>. En su intervenci\u00f3n ha destacado que &#8220;trabaja estrechamente con SFC en la promoci\u00f3n del pa\u00eds como destino de rodajes en los mercados internacionales tradicionales y emergentes, en mejorar las condiciones objetivas para atraer rodajes como son los incentivos fiscales y la gesti\u00f3n de visados, en trabajar conjuntamente con el sector profesional que presta servicios a la producci\u00f3n y con los intermediarios que facilitan algunos aspectos de esos rodajes&#8221;.<\/p>\n<p>En su turno<strong> Jaime Alejandre<\/strong> del\u00a0<a href=\"https:\/\/www.mecd.gob.es\/cultura-mecd\/areas-cultura\/cine\/inicio.html\" target=\"_blank\">Instituto de la Cinematograf\u00eda las Artes Audioviusales<\/a>\u00a0(ICAA), ha expuesto que &#8220;la entidad contin\u00faa promoviendo e impulsado la Industria Cinematogr\u00e1fica espa\u00f1ola de varias maneras, y especialmente en apoyar la atracci\u00f3n de rodajes internacionales. Para ello es clave, crear un sistema de ventanilla \u00fanica eficiente y sobre todo mejorar la posici\u00f3n competitiva del pa\u00eds a trav\u00e9s del incremento de los incentivos al 30% y subiendo el monto m\u00ednimo actualmente establecido&#8221;. Tambi\u00e9n ha anunciado la firma de un convenio de colaboraci\u00f3n con Spain Film Commission.\u00a0<\/p>\n<p>Finalmente se ha dirigido a la audiencia <strong>Rub\u00e9n L\u00f3pez Pulido<\/strong>,\u00a0de la\u00a0<a href=\"https:\/\/www.mincotur.gob.es\/turismo\/es-ES\/SecretariaDeEstado\/Paginas\/SecretariaEstado.aspx\" target=\"_blank\">Secretar\u00eda de Estado de Turismo<\/a>, que ha compartido que tienen &#8220;una clara ambici\u00f3n de cambiar el modelo tur\u00edstico del pa\u00eds, basarlo en el desarrollo de productos tur\u00edsticos singulares, sostenibles y de calidad&#8221;. &#8220;El pa\u00eds cuenta con un patrimonio cinematogr\u00e1fico espectacular que debe ser puesto en valor. Por este motivo desde la\u00a0<a href=\"https:\/\/www.mincotur.gob.es\/turismo\/es-ES\/SecretariaDeEstado\/Paginas\/SecretariaEstado.aspx\" target=\"_blank\">Secretar\u00eda de Estado de Turismo<\/a>\u00a0se trabaja conjuntamente con SFC en construir una plataforma tecnol\u00f3gica donde est\u00e9n concentrados los activos para desarrollar este segmento para as\u00ed desarrollar e impulsar de forma eficiente el Turismo Cinematogr\u00e1fico&#8221; ha manifestado en su intervenci\u00f3n.\u00a0<\/p>\n<p>Los contenidos de la Conferencia se han desarrollado en cuatro paneles donde han participado distintos profesionales y que han sido moderados por miembros de SFC<\/p>\n<p>El primer panel &#8220;Financiaci\u00f3n de coproducciones y rodajes internacionales en Espa\u00f1a&#8221; se ha centrado en aspectos vitales de la actividad como son los Incentivos fiscales, ayudas y subvenciones, nacionales y regionales, que permiten financiar una producci\u00f3n audiovisual en Espa\u00f1a. Especialmente se ha profundizado en las incidencias rese\u00f1ables de los \u00faltimos a\u00f1os y los aspectos a mejorar en la gesti\u00f3n de los incentivos para atraer rodajes al pa\u00eds. <strong>Teresa Azcona<\/strong> de\u00a0<a href=\"http:\/\/www.aragonfilm.com\/\" target=\"_blank\">Arag\u00f3n Film Commission<\/a>\u00a0ha moderado el panel y ha manifestado que &#8220;Espa\u00f1a tiene muchos activos para atraer rodajes, pero los incentivos nos han puesto en primera l\u00ednea y este es un aspecto a mejorar para que sean m\u00e1s competitivos dentro de Europa.&#8221; <strong>Patricia Motilla<\/strong>, socia y responsable del \u00e1rea de cultura de\u00a0<a href=\"http:\/\/www.andersentaxlegal.es\/es\/\" target=\"_blank\">Andersen Tax Legal<\/a>, ha explicado los aspectos t\u00e9cnicos para facilitar la obtenci\u00f3n de incentivos y ha expuesto que &#8220;es importante captar el inter\u00e9s privado en las producciones y las AIE&#8217;s son una buena herramienta&#8221;. <strong>Isabel Mariscal<\/strong>, socia de\u00a0<a href=\"http:\/\/www.singularlaw.es\/\" target=\"_blank\">Singular Law<\/a>, ha expuesto las condiciones establecidas por la ley para acceder a los incentivos fiscales a rodajes internacionales avanzando en ideas para su mejora.<\/p>\n<p>La segunda sesi\u00f3n,\u00a0&#8220;Estimaci\u00f3n de los impactos generados por los rodajes en un territorio: impacto econ\u00f3mico, medi\u00e1tico y tur\u00edstico&#8221;, moderado por <strong>Agust\u00edn Atxa<\/strong>, de <a href=\"http:\/\/www.bifilmcommission.com\/\">Bilbao Bizkaia Film Commission<\/a>, ha contado con la participaci\u00f3n del <strong>Dr. Luis C\u00e9sar Herrero<\/strong>, <a href=\"http:\/\/giec.blogs.uva.es\/?page_id=1063\">profesor de la Universidad de Valladolid<\/a>,\u00a0quien ha puesto en relieve el valor cultural del turismo cinematogr\u00e1fico: &#8220;el turismo cinematogr\u00e1fico no aparece solo, precisa de efectivas campa\u00f1as de marketing cultural y de un fuerte tejido complementario&#8221;. <strong>Javier Lacunza<\/strong>, director general de\u00a0<a href=\"http:\/\/www.nicdo.es\/\" target=\"_blank\">NICDO<\/a> y responsable de <a href=\"http:\/\/www.navarrafilm.com\/\">Navarra Film Commission<\/a>,\u00a0ha desgranado la metodolog\u00eda que han utilizado para estudiar el impacto econ\u00f3mico de los rodajes\u00a0de los tres \u00faltimos a\u00f1os en Navarra.<\/p>\n<p>Seguidamente, el tercer panel &#8220;Rodajes internacionales en Espa\u00f1a y Turismo cinematogr\u00e1fico&#8221;, moderado por <strong>Piluca Querol <\/strong>(directora de\u00a0<a href=\"http:\/\/www.andaluciafilm.com\/index.php\/inicio\" target=\"_blank\">Andaluc\u00eda Film Commission<\/a>), y que ha contado con el saber de <strong>Miguel Ruz<\/strong>, productor de <a href=\"http:\/\/www.babieka.com\/\" target=\"_blank\">Babieka <\/a>y socio de <a href=\"http:\/\/www.profilm.es\/\">Profilm<\/a>,\u00a0quien ha remarcado\u00a0del papel de las Film Commissions como elementos claves en la captaci\u00f3n de rodajes; y de <strong>Fernando Victoria de Lecea<\/strong>, socio de\u00a0<a href=\"https:\/\/www.appa.es\/\" target=\"_blank\">APPA<\/a>,\u00a0quien ha insistido en que el reembolso fiscal en Espa\u00f1a se iguale al de la media europea y que se den mayores facilidades a quienes vengan a rodar de fuera de nuestras fronteras: &#8220;no puede ser que una productora internacional deba esperar 6 meses para obtener permiso para rodar en una localizaci\u00f3n&#8221;.<\/p>\n<p>Por \u00faltimo, el cuarto panel &#8220;Pitching o como presentar y vender un territorio en 5 minutos&#8221; ha sido moderado por <strong>V\u00edctor Lamadrid,<\/strong> de <a href=\"http:\/\/cantabriafilmcommission.com\/\">Cantabria Film Commission<\/a>, y ha contado con la ponencia de <strong>Mario L\u00f3pez de \u00c1vila<\/strong>,\u00a0Director de Innovaci\u00f3n de\u00a0<a href=\"https:\/\/cityex.es\/equipo\/\" target=\"_blank\">City_Ex<\/a>, quien nos ha explicado qu\u00e9 es un pitching, c\u00f3mo se hace y c\u00f3mo puede aplicar al turismo cinematogr\u00e1fico, destacando que &#8220;el pitch debe dirigirse a solucionar un problema que tenga nuestro cliente&#8221;. Del mismo modo, <strong>Jorge Esteban Blein<\/strong> nos ha sorprendido a todos introduciendo la realidad virtual y las \u00faltimas tecnolog\u00edas al concepto de pitch.<\/p>\n<p><a href=\"http:\/\/www.shootinginspain.info\/es\/videos-1\" target=\"_blank\">Puedes acceder a las grabaciones de todos los paneles por medio de este enlace<\/a><\/p>\n<p><img src='https:\/\/spainfilmcommission.com\/\/wp-content\/uploads\/2018\/10\/finalizada-la-primera-jornada-de-la-ii-conferencia-espanola-sobre-rodajes-y-turismo-cinematografico1-82.jpg' alt='Imagen relacionada'><img src='https:\/\/spainfilmcommission.com\/\/wp-content\/uploads\/2018\/10\/finalizada-la-primera-jornada-de-la-ii-conferencia-espanola-sobre-rodajes-y-turismo-cinematografico2-82.jpg' alt='Imagen relacionada'><img src='https:\/\/spainfilmcommission.com\/\/wp-content\/uploads\/2018\/10\/finalizada-la-primera-jornada-de-la-ii-conferencia-espanola-sobre-rodajes-y-turismo-cinematografico4-82.jpg' alt='Imagen relacionada'><\/p>\n","protected":false},"excerpt":{"rendered":"<p style=\"text-align:justify;\">La conferencia\u00a0se ha inaugurado esta ma\u00f1ana en el Patio Herreriano de Valladolid en el marco de la 63\u00aa Seminci, con una gran afluencia de profesionales e importantes anuncios.<\/p>\n","protected":false},"author":2,"featured_media":7325,"comment_status":"closed","ping_status":"","sticky":false,"template":"","format":"standard","meta":{"footnotes":""},"categories":[38],"tags":[],"class_list":["post-7324","post","type-post","status-publish","format-standard","has-post-thumbnail","hentry","category-noticias"],"yoast_head":"<!-- This site is optimized with the Yoast SEO plugin v27.3 - https:\/\/yoast.com\/product\/yoast-seo-wordpress\/ -->\n<title>Finalizada la primera jornada de la II Conferencia Espa\u00f1ola sobre Rodajes y Turismo CInematogr\u00e1fico - Spain Film Commission<\/title>\n<meta name=\"robots\" content=\"index, follow, max-snippet:-1, max-image-preview:large, max-video-preview:-1\" \/>\n<link rel=\"canonical\" href=\"https:\/\/spainfilmcommission.com\/en\/blog\/finalizada-la-primera-jornada-de-la-ii-conferencia-espanola-sobre-rodajes-y-turismo-cinematografico\/\" \/>\n<meta property=\"og:locale\" content=\"en_US\" \/>\n<meta property=\"og:type\" content=\"article\" \/>\n<meta property=\"og:title\" content=\"Finalizada la primera jornada de la II Conferencia Espa\u00f1ola sobre Rodajes y Turismo CInematogr\u00e1fico - Spain Film Commission\" \/>\n<meta property=\"og:description\" content=\"La conferencia\u00a0se ha inaugurado esta ma\u00f1ana en el Patio Herreriano de Valladolid en el marco de la 63\u00aa Seminci, con una gran afluencia de profesionales e importantes anuncios.\" \/>\n<meta property=\"og:url\" content=\"https:\/\/spainfilmcommission.com\/en\/blog\/finalizada-la-primera-jornada-de-la-ii-conferencia-espanola-sobre-rodajes-y-turismo-cinematografico\/\" \/>\n<meta property=\"og:site_name\" content=\"Spain Film Commission\" \/>\n<meta property=\"article:published_time\" content=\"2018-10-23T22:00:00+00:00\" \/>\n<meta property=\"article:modified_time\" content=\"2025-02-11T07:07:07+00:00\" \/>\n<meta property=\"og:image\" content=\"https:\/\/spainfilmcommission.com\/wp-content\/uploads\/2018\/10\/finalizada-la-primera-jornada-de-la-ii-conferencia-espanola-sobre-rodajes-y-turismo-cinematografico-82.jpg\" \/>\n\t<meta property=\"og:image:width\" content=\"1170\" \/>\n\t<meta property=\"og:image:height\" content=\"780\" \/>\n\t<meta property=\"og:image:type\" content=\"image\/jpeg\" \/>\n<meta name=\"author\" content=\"studio128k_dam\" \/>\n<meta name=\"twitter:card\" content=\"summary_large_image\" \/>\n<meta name=\"twitter:label1\" content=\"Written by\" \/>\n\t<meta name=\"twitter:data1\" content=\"studio128k_dam\" \/>\n\t<meta name=\"twitter:label2\" content=\"Est. reading time\" \/>\n\t<meta name=\"twitter:data2\" content=\"6 minutes\" \/>\n<script type=\"application\/ld+json\" class=\"yoast-schema-graph\">{\"@context\":\"https:\\\/\\\/schema.org\",\"@graph\":[{\"@type\":\"Article\",\"@id\":\"https:\\\/\\\/spainfilmcommission.com\\\/en\\\/blog\\\/finalizada-la-primera-jornada-de-la-ii-conferencia-espanola-sobre-rodajes-y-turismo-cinematografico\\\/#article\",\"isPartOf\":{\"@id\":\"https:\\\/\\\/spainfilmcommission.com\\\/en\\\/blog\\\/finalizada-la-primera-jornada-de-la-ii-conferencia-espanola-sobre-rodajes-y-turismo-cinematografico\\\/\"},\"author\":{\"name\":\"studio128k_dam\",\"@id\":\"https:\\\/\\\/spainfilmcommission.com\\\/en\\\/#\\\/schema\\\/person\\\/6c014ba6ceac198d178a6a9e61113c9d\"},\"headline\":\"Finalizada la primera jornada de la II Conferencia Espa\u00f1ola sobre Rodajes y Turismo CInematogr\u00e1fico\",\"datePublished\":\"2018-10-23T22:00:00+00:00\",\"dateModified\":\"2025-02-11T07:07:07+00:00\",\"mainEntityOfPage\":{\"@id\":\"https:\\\/\\\/spainfilmcommission.com\\\/en\\\/blog\\\/finalizada-la-primera-jornada-de-la-ii-conferencia-espanola-sobre-rodajes-y-turismo-cinematografico\\\/\"},\"wordCount\":1203,\"publisher\":{\"@id\":\"https:\\\/\\\/spainfilmcommission.com\\\/en\\\/#organization\"},\"image\":{\"@id\":\"https:\\\/\\\/spainfilmcommission.com\\\/en\\\/blog\\\/finalizada-la-primera-jornada-de-la-ii-conferencia-espanola-sobre-rodajes-y-turismo-cinematografico\\\/#primaryimage\"},\"thumbnailUrl\":\"https:\\\/\\\/spainfilmcommission.com\\\/wp-content\\\/uploads\\\/2018\\\/10\\\/finalizada-la-primera-jornada-de-la-ii-conferencia-espanola-sobre-rodajes-y-turismo-cinematografico-82.jpg\",\"articleSection\":[\"Noticias\"],\"inLanguage\":\"en-US\"},{\"@type\":\"WebPage\",\"@id\":\"https:\\\/\\\/spainfilmcommission.com\\\/en\\\/blog\\\/finalizada-la-primera-jornada-de-la-ii-conferencia-espanola-sobre-rodajes-y-turismo-cinematografico\\\/\",\"url\":\"https:\\\/\\\/spainfilmcommission.com\\\/en\\\/blog\\\/finalizada-la-primera-jornada-de-la-ii-conferencia-espanola-sobre-rodajes-y-turismo-cinematografico\\\/\",\"name\":\"Finalizada la primera jornada de la II Conferencia Espa\u00f1ola sobre Rodajes y Turismo CInematogr\u00e1fico - Spain Film Commission\",\"isPartOf\":{\"@id\":\"https:\\\/\\\/spainfilmcommission.com\\\/en\\\/#website\"},\"primaryImageOfPage\":{\"@id\":\"https:\\\/\\\/spainfilmcommission.com\\\/en\\\/blog\\\/finalizada-la-primera-jornada-de-la-ii-conferencia-espanola-sobre-rodajes-y-turismo-cinematografico\\\/#primaryimage\"},\"image\":{\"@id\":\"https:\\\/\\\/spainfilmcommission.com\\\/en\\\/blog\\\/finalizada-la-primera-jornada-de-la-ii-conferencia-espanola-sobre-rodajes-y-turismo-cinematografico\\\/#primaryimage\"},\"thumbnailUrl\":\"https:\\\/\\\/spainfilmcommission.com\\\/wp-content\\\/uploads\\\/2018\\\/10\\\/finalizada-la-primera-jornada-de-la-ii-conferencia-espanola-sobre-rodajes-y-turismo-cinematografico-82.jpg\",\"datePublished\":\"2018-10-23T22:00:00+00:00\",\"dateModified\":\"2025-02-11T07:07:07+00:00\",\"breadcrumb\":{\"@id\":\"https:\\\/\\\/spainfilmcommission.com\\\/en\\\/blog\\\/finalizada-la-primera-jornada-de-la-ii-conferencia-espanola-sobre-rodajes-y-turismo-cinematografico\\\/#breadcrumb\"},\"inLanguage\":\"en-US\",\"potentialAction\":[{\"@type\":\"ReadAction\",\"target\":[\"https:\\\/\\\/spainfilmcommission.com\\\/en\\\/blog\\\/finalizada-la-primera-jornada-de-la-ii-conferencia-espanola-sobre-rodajes-y-turismo-cinematografico\\\/\"]}]},{\"@type\":\"ImageObject\",\"inLanguage\":\"en-US\",\"@id\":\"https:\\\/\\\/spainfilmcommission.com\\\/en\\\/blog\\\/finalizada-la-primera-jornada-de-la-ii-conferencia-espanola-sobre-rodajes-y-turismo-cinematografico\\\/#primaryimage\",\"url\":\"https:\\\/\\\/spainfilmcommission.com\\\/wp-content\\\/uploads\\\/2018\\\/10\\\/finalizada-la-primera-jornada-de-la-ii-conferencia-espanola-sobre-rodajes-y-turismo-cinematografico-82.jpg\",\"contentUrl\":\"https:\\\/\\\/spainfilmcommission.com\\\/wp-content\\\/uploads\\\/2018\\\/10\\\/finalizada-la-primera-jornada-de-la-ii-conferencia-espanola-sobre-rodajes-y-turismo-cinematografico-82.jpg\",\"width\":1170,\"height\":780},{\"@type\":\"BreadcrumbList\",\"@id\":\"https:\\\/\\\/spainfilmcommission.com\\\/en\\\/blog\\\/finalizada-la-primera-jornada-de-la-ii-conferencia-espanola-sobre-rodajes-y-turismo-cinematografico\\\/#breadcrumb\",\"itemListElement\":[{\"@type\":\"ListItem\",\"position\":1,\"name\":\"Portada\",\"item\":\"https:\\\/\\\/spainfilmcommission.com\\\/en\\\/\"},{\"@type\":\"ListItem\",\"position\":2,\"name\":\"Finalizada la primera jornada de la II Conferencia Espa\u00f1ola sobre Rodajes y Turismo CInematogr\u00e1fico\"}]},{\"@type\":\"WebSite\",\"@id\":\"https:\\\/\\\/spainfilmcommission.com\\\/en\\\/#website\",\"url\":\"https:\\\/\\\/spainfilmcommission.com\\\/en\\\/\",\"name\":\"Spain Film Commission\",\"description\":\"\",\"publisher\":{\"@id\":\"https:\\\/\\\/spainfilmcommission.com\\\/en\\\/#organization\"},\"potentialAction\":[{\"@type\":\"SearchAction\",\"target\":{\"@type\":\"EntryPoint\",\"urlTemplate\":\"https:\\\/\\\/spainfilmcommission.com\\\/en\\\/?s={search_term_string}\"},\"query-input\":{\"@type\":\"PropertyValueSpecification\",\"valueRequired\":true,\"valueName\":\"search_term_string\"}}],\"inLanguage\":\"en-US\"},{\"@type\":\"Organization\",\"@id\":\"https:\\\/\\\/spainfilmcommission.com\\\/en\\\/#organization\",\"name\":\"Spain Film Commission\",\"url\":\"https:\\\/\\\/spainfilmcommission.com\\\/en\\\/\",\"logo\":{\"@type\":\"ImageObject\",\"inLanguage\":\"en-US\",\"@id\":\"https:\\\/\\\/spainfilmcommission.com\\\/en\\\/#\\\/schema\\\/logo\\\/image\\\/\",\"url\":\"https:\\\/\\\/spainfilmcommission.com\\\/wp-content\\\/uploads\\\/2024\\\/07\\\/SPC_COLOR.png\",\"contentUrl\":\"https:\\\/\\\/spainfilmcommission.com\\\/wp-content\\\/uploads\\\/2024\\\/07\\\/SPC_COLOR.png\",\"width\":1665,\"height\":1665,\"caption\":\"Spain Film Commission\"},\"image\":{\"@id\":\"https:\\\/\\\/spainfilmcommission.com\\\/en\\\/#\\\/schema\\\/logo\\\/image\\\/\"}},{\"@type\":\"Person\",\"@id\":\"https:\\\/\\\/spainfilmcommission.com\\\/en\\\/#\\\/schema\\\/person\\\/6c014ba6ceac198d178a6a9e61113c9d\",\"name\":\"studio128k_dam\",\"image\":{\"@type\":\"ImageObject\",\"inLanguage\":\"en-US\",\"@id\":\"https:\\\/\\\/secure.gravatar.com\\\/avatar\\\/810f99144a13522c24aa173f9cd8bf079d0e89758af00b5f2938443cd51b31e9?s=96&d=mm&r=g\",\"url\":\"https:\\\/\\\/secure.gravatar.com\\\/avatar\\\/810f99144a13522c24aa173f9cd8bf079d0e89758af00b5f2938443cd51b31e9?s=96&d=mm&r=g\",\"contentUrl\":\"https:\\\/\\\/secure.gravatar.com\\\/avatar\\\/810f99144a13522c24aa173f9cd8bf079d0e89758af00b5f2938443cd51b31e9?s=96&d=mm&r=g\",\"caption\":\"studio128k_dam\"}}]}<\/script>\n<!-- \/ Yoast SEO plugin. -->","yoast_head_json":{"title":"Finalizada la primera jornada de la II Conferencia Espa\u00f1ola sobre Rodajes y Turismo CInematogr\u00e1fico - Spain Film Commission","robots":{"index":"index","follow":"follow","max-snippet":"max-snippet:-1","max-image-preview":"max-image-preview:large","max-video-preview":"max-video-preview:-1"},"canonical":"https:\/\/spainfilmcommission.com\/en\/blog\/finalizada-la-primera-jornada-de-la-ii-conferencia-espanola-sobre-rodajes-y-turismo-cinematografico\/","og_locale":"en_US","og_type":"article","og_title":"Finalizada la primera jornada de la II Conferencia Espa\u00f1ola sobre Rodajes y Turismo CInematogr\u00e1fico - Spain Film Commission","og_description":"La conferencia\u00a0se ha inaugurado esta ma\u00f1ana en el Patio Herreriano de Valladolid en el marco de la 63\u00aa Seminci, con una gran afluencia de profesionales e importantes anuncios.","og_url":"https:\/\/spainfilmcommission.com\/en\/blog\/finalizada-la-primera-jornada-de-la-ii-conferencia-espanola-sobre-rodajes-y-turismo-cinematografico\/","og_site_name":"Spain Film Commission","article_published_time":"2018-10-23T22:00:00+00:00","article_modified_time":"2025-02-11T07:07:07+00:00","og_image":[{"width":1170,"height":780,"url":"https:\/\/spainfilmcommission.com\/wp-content\/uploads\/2018\/10\/finalizada-la-primera-jornada-de-la-ii-conferencia-espanola-sobre-rodajes-y-turismo-cinematografico-82.jpg","type":"image\/jpeg"}],"author":"studio128k_dam","twitter_card":"summary_large_image","twitter_misc":{"Written by":"studio128k_dam","Est. reading time":"6 minutes"},"schema":{"@context":"https:\/\/schema.org","@graph":[{"@type":"Article","@id":"https:\/\/spainfilmcommission.com\/en\/blog\/finalizada-la-primera-jornada-de-la-ii-conferencia-espanola-sobre-rodajes-y-turismo-cinematografico\/#article","isPartOf":{"@id":"https:\/\/spainfilmcommission.com\/en\/blog\/finalizada-la-primera-jornada-de-la-ii-conferencia-espanola-sobre-rodajes-y-turismo-cinematografico\/"},"author":{"name":"studio128k_dam","@id":"https:\/\/spainfilmcommission.com\/en\/#\/schema\/person\/6c014ba6ceac198d178a6a9e61113c9d"},"headline":"Finalizada la primera jornada de la II Conferencia Espa\u00f1ola sobre Rodajes y Turismo CInematogr\u00e1fico","datePublished":"2018-10-23T22:00:00+00:00","dateModified":"2025-02-11T07:07:07+00:00","mainEntityOfPage":{"@id":"https:\/\/spainfilmcommission.com\/en\/blog\/finalizada-la-primera-jornada-de-la-ii-conferencia-espanola-sobre-rodajes-y-turismo-cinematografico\/"},"wordCount":1203,"publisher":{"@id":"https:\/\/spainfilmcommission.com\/en\/#organization"},"image":{"@id":"https:\/\/spainfilmcommission.com\/en\/blog\/finalizada-la-primera-jornada-de-la-ii-conferencia-espanola-sobre-rodajes-y-turismo-cinematografico\/#primaryimage"},"thumbnailUrl":"https:\/\/spainfilmcommission.com\/wp-content\/uploads\/2018\/10\/finalizada-la-primera-jornada-de-la-ii-conferencia-espanola-sobre-rodajes-y-turismo-cinematografico-82.jpg","articleSection":["Noticias"],"inLanguage":"en-US"},{"@type":"WebPage","@id":"https:\/\/spainfilmcommission.com\/en\/blog\/finalizada-la-primera-jornada-de-la-ii-conferencia-espanola-sobre-rodajes-y-turismo-cinematografico\/","url":"https:\/\/spainfilmcommission.com\/en\/blog\/finalizada-la-primera-jornada-de-la-ii-conferencia-espanola-sobre-rodajes-y-turismo-cinematografico\/","name":"Finalizada la primera jornada de la II Conferencia Espa\u00f1ola sobre Rodajes y Turismo CInematogr\u00e1fico - Spain Film Commission","isPartOf":{"@id":"https:\/\/spainfilmcommission.com\/en\/#website"},"primaryImageOfPage":{"@id":"https:\/\/spainfilmcommission.com\/en\/blog\/finalizada-la-primera-jornada-de-la-ii-conferencia-espanola-sobre-rodajes-y-turismo-cinematografico\/#primaryimage"},"image":{"@id":"https:\/\/spainfilmcommission.com\/en\/blog\/finalizada-la-primera-jornada-de-la-ii-conferencia-espanola-sobre-rodajes-y-turismo-cinematografico\/#primaryimage"},"thumbnailUrl":"https:\/\/spainfilmcommission.com\/wp-content\/uploads\/2018\/10\/finalizada-la-primera-jornada-de-la-ii-conferencia-espanola-sobre-rodajes-y-turismo-cinematografico-82.jpg","datePublished":"2018-10-23T22:00:00+00:00","dateModified":"2025-02-11T07:07:07+00:00","breadcrumb":{"@id":"https:\/\/spainfilmcommission.com\/en\/blog\/finalizada-la-primera-jornada-de-la-ii-conferencia-espanola-sobre-rodajes-y-turismo-cinematografico\/#breadcrumb"},"inLanguage":"en-US","potentialAction":[{"@type":"ReadAction","target":["https:\/\/spainfilmcommission.com\/en\/blog\/finalizada-la-primera-jornada-de-la-ii-conferencia-espanola-sobre-rodajes-y-turismo-cinematografico\/"]}]},{"@type":"ImageObject","inLanguage":"en-US","@id":"https:\/\/spainfilmcommission.com\/en\/blog\/finalizada-la-primera-jornada-de-la-ii-conferencia-espanola-sobre-rodajes-y-turismo-cinematografico\/#primaryimage","url":"https:\/\/spainfilmcommission.com\/wp-content\/uploads\/2018\/10\/finalizada-la-primera-jornada-de-la-ii-conferencia-espanola-sobre-rodajes-y-turismo-cinematografico-82.jpg","contentUrl":"https:\/\/spainfilmcommission.com\/wp-content\/uploads\/2018\/10\/finalizada-la-primera-jornada-de-la-ii-conferencia-espanola-sobre-rodajes-y-turismo-cinematografico-82.jpg","width":1170,"height":780},{"@type":"BreadcrumbList","@id":"https:\/\/spainfilmcommission.com\/en\/blog\/finalizada-la-primera-jornada-de-la-ii-conferencia-espanola-sobre-rodajes-y-turismo-cinematografico\/#breadcrumb","itemListElement":[{"@type":"ListItem","position":1,"name":"Portada","item":"https:\/\/spainfilmcommission.com\/en\/"},{"@type":"ListItem","position":2,"name":"Finalizada la primera jornada de la II Conferencia Espa\u00f1ola sobre Rodajes y Turismo CInematogr\u00e1fico"}]},{"@type":"WebSite","@id":"https:\/\/spainfilmcommission.com\/en\/#website","url":"https:\/\/spainfilmcommission.com\/en\/","name":"Spain Film Commission","description":"","publisher":{"@id":"https:\/\/spainfilmcommission.com\/en\/#organization"},"potentialAction":[{"@type":"SearchAction","target":{"@type":"EntryPoint","urlTemplate":"https:\/\/spainfilmcommission.com\/en\/?s={search_term_string}"},"query-input":{"@type":"PropertyValueSpecification","valueRequired":true,"valueName":"search_term_string"}}],"inLanguage":"en-US"},{"@type":"Organization","@id":"https:\/\/spainfilmcommission.com\/en\/#organization","name":"Spain Film Commission","url":"https:\/\/spainfilmcommission.com\/en\/","logo":{"@type":"ImageObject","inLanguage":"en-US","@id":"https:\/\/spainfilmcommission.com\/en\/#\/schema\/logo\/image\/","url":"https:\/\/spainfilmcommission.com\/wp-content\/uploads\/2024\/07\/SPC_COLOR.png","contentUrl":"https:\/\/spainfilmcommission.com\/wp-content\/uploads\/2024\/07\/SPC_COLOR.png","width":1665,"height":1665,"caption":"Spain Film Commission"},"image":{"@id":"https:\/\/spainfilmcommission.com\/en\/#\/schema\/logo\/image\/"}},{"@type":"Person","@id":"https:\/\/spainfilmcommission.com\/en\/#\/schema\/person\/6c014ba6ceac198d178a6a9e61113c9d","name":"studio128k_dam","image":{"@type":"ImageObject","inLanguage":"en-US","@id":"https:\/\/secure.gravatar.com\/avatar\/810f99144a13522c24aa173f9cd8bf079d0e89758af00b5f2938443cd51b31e9?s=96&d=mm&r=g","url":"https:\/\/secure.gravatar.com\/avatar\/810f99144a13522c24aa173f9cd8bf079d0e89758af00b5f2938443cd51b31e9?s=96&d=mm&r=g","contentUrl":"https:\/\/secure.gravatar.com\/avatar\/810f99144a13522c24aa173f9cd8bf079d0e89758af00b5f2938443cd51b31e9?s=96&d=mm&r=g","caption":"studio128k_dam"}}]}},"_links":{"self":[{"href":"https:\/\/spainfilmcommission.com\/en\/wp-json\/wp\/v2\/posts\/7324","targetHints":{"allow":["GET"]}}],"collection":[{"href":"https:\/\/spainfilmcommission.com\/en\/wp-json\/wp\/v2\/posts"}],"about":[{"href":"https:\/\/spainfilmcommission.com\/en\/wp-json\/wp\/v2\/types\/post"}],"author":[{"embeddable":true,"href":"https:\/\/spainfilmcommission.com\/en\/wp-json\/wp\/v2\/users\/2"}],"replies":[{"embeddable":true,"href":"https:\/\/spainfilmcommission.com\/en\/wp-json\/wp\/v2\/comments?post=7324"}],"version-history":[{"count":0,"href":"https:\/\/spainfilmcommission.com\/en\/wp-json\/wp\/v2\/posts\/7324\/revisions"}],"wp:featuredmedia":[{"embeddable":true,"href":"https:\/\/spainfilmcommission.com\/en\/wp-json\/wp\/v2\/media\/7325"}],"wp:attachment":[{"href":"https:\/\/spainfilmcommission.com\/en\/wp-json\/wp\/v2\/media?parent=7324"}],"wp:term":[{"taxonomy":"category","embeddable":true,"href":"https:\/\/spainfilmcommission.com\/en\/wp-json\/wp\/v2\/categories?post=7324"},{"taxonomy":"post_tag","embeddable":true,"href":"https:\/\/spainfilmcommission.com\/en\/wp-json\/wp\/v2\/tags?post=7324"}],"curies":[{"name":"wp","href":"https:\/\/api.w.org\/{rel}","templated":true}]}}