{"id":7298,"date":"2018-10-02T00:00:00","date_gmt":"2018-10-01T22:00:00","guid":{"rendered":"https:\/\/sfc.com\/la-vida-lliure-rodada-en-menorca-por-marc-recha-galardonada-con-el-viii-premio-san-sebastian-gipuzkoa-film-commission\/"},"modified":"2025-02-11T08:07:39","modified_gmt":"2025-02-11T07:07:39","slug":"la-vida-lliure-rodada-en-menorca-por-marc-recha-galardonada-con-el-viii-premio-san-sebastian-gipuzkoa-film-commission","status":"publish","type":"post","link":"https:\/\/spainfilmcommission.com\/en\/blog\/la-vida-lliure-rodada-en-menorca-por-marc-recha-galardonada-con-el-viii-premio-san-sebastian-gipuzkoa-film-commission\/","title":{"rendered":"&#8220;La vida lliure&#8221;, rodada en Menorca por Marc Recha, galardonada con el VIII Premio San Sebasti\u00e1n-Gipuzkoa Film Commission"},"content":{"rendered":"<p><strong><span class=\"s2\">El film del director catal\u00e1n ha sido merecedor <\/span><span class=\"s2\">de este premio por &#8220;haber recogido la esencia de la isla de Menorca en sus im\u00e1genes, con la consiguiente repercusi\u00f3n del lugar&#8221;.<\/span><\/strong><\/p>\n<p><span class=\"s1\">En la 66\u00aa<\/span><span class=\"s2\"> edici\u00f3n del San Sebastian Film Festival <\/span><span class=\"s1\">se ha otorgado el<\/span><span class=\"s2\"> Premio San Sebasti\u00e1n-<\/span><span class=\"s3\">Gipuzkoa<\/span><span class=\"s2\"> Film Commission a la pel\u00edcula &#8220;La vida lliure&#8221;, una historia de pirater\u00eda y contrabando con un estilo muy minimalista. El premio consiste en una dotaci\u00f3n econ\u00f3mica de 10.000&#8364;, de los cuales 7.000&#8364; ir\u00e1n a la productora y los 3.000&#8364; restantes ser\u00e1n para la Illes Balears Film Commission. Optaban al galard\u00f3n otras cuatro pel\u00edculas: <em>Con el viento, Pen\u00e9lope, Ana de d\u00eda y Yo la busco<\/em>.<\/span><\/p>\n<p><a href=\"http:\/\/www.shootinginspain.info\/es\/noticias\/cinco-peliculas-cuatro-de-ellas-de-directoras-aspiran-al-premio-film-commission-en-la-66-edicion-del-festival-de-san-sebastian\">http:\/\/www.shootinginspain.info\/es\/noticias\/cinco-peliculas-cuatro-de-ellas-de-directoras-aspiran-al-premio-film-commission-en-la-66-edicion-del-festival-de-san-sebastian&#8203;\u00a0<\/a><\/p>\n<p><span class=\"s2\">Para el rodaje de la misma, el director, Marc Recha, escogi\u00f3 como escenario la Menorca de principios del siglo pasado, un lugar azotado por el hambre, la miseria y la gripe, en el marco de una Europa donde la I Guerra Mundial daba sus coletazos finales. En ese mismo sentido, el jurado ha destacado el hecho de que este film refleja la esencia de Menorca, su naturaleza y sus valores culturales. Concretamente, la pel\u00edcula ha sido filmada en diversos emplazamientos de la isla como Son Ermit\u00e0, Algaiarens o la Platja d&#8217;es Bot.<\/span><\/p>\n<p class=\"p1\"><span class=\"s2\">La historia se centra en dos ni\u00f1os cuya madre ha emigrado a Argelia para buscarse la vida. Ellos har\u00e1n todo lo posible para reencontrarse con ella y, para ello, pedir\u00e1n ayuda a Rom. Este film ha contado con la producci\u00f3n de Turkana Films y La Perif\u00e9rica producciones, con la participaci\u00f3n de Televisi\u00f3 de Catalunya y IB3 Televisi\u00f3n y el apoyo de Illes Balears Film Commission, el Instituto Catal\u00e1n de Empresas Culturales, la Agencia de Turismo de las Islas Baleares, el Govern de les Illes Balears, el Consell Insular de Menorca y la Fundaci\u00f3n Fomento del Turismo de Menorca.<\/span><\/p>\n<p class=\"p1\"><span class=\"s1\">E<\/span><span class=\"s2\">ste no es el primer galard\u00f3n que recibe esta producci\u00f3n, pues ya ha sido premiada en el Festival Internacional de Cine de Gij\u00f3n (con el premio ALMA al mejor gui\u00f3n) y en el Festival Internacional de Cine en Catal\u00e1n de Costa Dorada (mejor pel\u00edcula). Pr\u00f3ximamente participar\u00e1 en festivales internacionales como London Spanish Film Festival, en CineEspa\u00f1a de Toulousse y el Festival Internacional de Cine de Cali FICCALI.<\/span><\/p>\n<p class=\"p1\">\u00a0<\/p>\n<p class=\"p1\">\u00a0<\/p>\n<hr>\n<p class=\"p1\"><iframe frameborder=\"0\" height=\"360\" src=\"https:\/\/player.vimeo.com\/video\/225971766\" width=\"640\"><\/iframe><\/p>\n<p><a href=\"https:\/\/vimeo.com\/225971766\">Trailer. &#8220;Entorn de La vida lliure&#8221;<\/a> from <a href=\"https:\/\/vimeo.com\/user3390135\">La Perif\u00e8rica Produccions<\/a> on <a href=\"https:\/\/vimeo.com\">Vimeo<\/a>.<\/p>\n<p>\u00a0<\/p>\n<p class=\"p1\">\u00a0<\/p>\n<p><img src='https:\/\/spainfilmcommission.com\/\/wp-content\/uploads\/2018\/10\/la-vida-lliure-rodada-en-menorca-por-marc-recha-galardonada-con-el-viii-premio-san-sebastian-gipuzkoa-film-commission1-78.jpg' alt='Imagen relacionada'><img src='https:\/\/spainfilmcommission.com\/\/wp-content\/uploads\/2018\/10\/la-vida-lliure-rodada-en-menorca-por-marc-recha-galardonada-con-el-viii-premio-san-sebastian-gipuzkoa-film-commission2-78.jpg' alt='Imagen relacionada'><\/p>\n","protected":false},"excerpt":{"rendered":"<p><span class=\"s2\">El film del director catal\u00e1n ha sido merecedor <\/span><span class=\"s2\">de este premio por &#8220;haber recogido la esencia de la isla de Menorca en sus im\u00e1genes, con la consiguiente repercusi\u00f3n del lugar&#8221;.<\/span><\/p>\n","protected":false},"author":2,"featured_media":7299,"comment_status":"closed","ping_status":"","sticky":false,"template":"","format":"standard","meta":{"footnotes":""},"categories":[38],"tags":[],"class_list":["post-7298","post","type-post","status-publish","format-standard","has-post-thumbnail","hentry","category-noticias"],"yoast_head":"<!-- This site is optimized with the Yoast SEO plugin v27.3 - https:\/\/yoast.com\/product\/yoast-seo-wordpress\/ -->\n<title>&quot;La vida lliure&quot;, rodada en Menorca por Marc Recha, galardonada con el VIII Premio San Sebasti\u00e1n-Gipuzkoa Film Commission - Spain Film Commission<\/title>\n<meta name=\"robots\" content=\"index, follow, max-snippet:-1, max-image-preview:large, max-video-preview:-1\" \/>\n<link rel=\"canonical\" href=\"https:\/\/spainfilmcommission.com\/en\/blog\/la-vida-lliure-rodada-en-menorca-por-marc-recha-galardonada-con-el-viii-premio-san-sebastian-gipuzkoa-film-commission\/\" \/>\n<meta property=\"og:locale\" content=\"en_US\" \/>\n<meta property=\"og:type\" content=\"article\" \/>\n<meta property=\"og:title\" content=\"&quot;La vida lliure&quot;, rodada en Menorca por Marc Recha, galardonada con el VIII Premio San Sebasti\u00e1n-Gipuzkoa Film Commission - Spain Film Commission\" \/>\n<meta property=\"og:description\" content=\"El film del director catal\u00e1n ha sido merecedor de este premio por &#8220;haber recogido la esencia de la isla de Menorca en sus im\u00e1genes, con la consiguiente repercusi\u00f3n del lugar&quot;.\" \/>\n<meta property=\"og:url\" content=\"https:\/\/spainfilmcommission.com\/en\/blog\/la-vida-lliure-rodada-en-menorca-por-marc-recha-galardonada-con-el-viii-premio-san-sebastian-gipuzkoa-film-commission\/\" \/>\n<meta property=\"og:site_name\" content=\"Spain Film Commission\" \/>\n<meta property=\"article:published_time\" content=\"2018-10-01T22:00:00+00:00\" \/>\n<meta property=\"article:modified_time\" content=\"2025-02-11T07:07:39+00:00\" \/>\n<meta property=\"og:image\" content=\"https:\/\/spainfilmcommission.com\/wp-content\/uploads\/2018\/10\/la-vida-lliure-rodada-en-menorca-por-marc-recha-galardonada-con-el-viii-premio-san-sebastian-gipuzkoa-film-commission-78.jpg\" \/>\n\t<meta property=\"og:image:width\" content=\"804\" \/>\n\t<meta property=\"og:image:height\" content=\"594\" \/>\n\t<meta property=\"og:image:type\" content=\"image\/jpeg\" \/>\n<meta name=\"author\" content=\"studio128k_dam\" \/>\n<meta name=\"twitter:card\" content=\"summary_large_image\" \/>\n<meta name=\"twitter:label1\" content=\"Written by\" \/>\n\t<meta name=\"twitter:data1\" content=\"studio128k_dam\" \/>\n\t<meta name=\"twitter:label2\" content=\"Est. reading time\" \/>\n\t<meta name=\"twitter:data2\" content=\"2 minutes\" \/>\n<script type=\"application\/ld+json\" class=\"yoast-schema-graph\">{\"@context\":\"https:\\\/\\\/schema.org\",\"@graph\":[{\"@type\":\"Article\",\"@id\":\"https:\\\/\\\/spainfilmcommission.com\\\/en\\\/blog\\\/la-vida-lliure-rodada-en-menorca-por-marc-recha-galardonada-con-el-viii-premio-san-sebastian-gipuzkoa-film-commission\\\/#article\",\"isPartOf\":{\"@id\":\"https:\\\/\\\/spainfilmcommission.com\\\/en\\\/blog\\\/la-vida-lliure-rodada-en-menorca-por-marc-recha-galardonada-con-el-viii-premio-san-sebastian-gipuzkoa-film-commission\\\/\"},\"author\":{\"name\":\"studio128k_dam\",\"@id\":\"https:\\\/\\\/spainfilmcommission.com\\\/en\\\/#\\\/schema\\\/person\\\/6c014ba6ceac198d178a6a9e61113c9d\"},\"headline\":\"&#8220;La vida lliure&#8221;, rodada en Menorca por Marc Recha, galardonada con el VIII Premio San Sebasti\u00e1n-Gipuzkoa Film Commission\",\"datePublished\":\"2018-10-01T22:00:00+00:00\",\"dateModified\":\"2025-02-11T07:07:39+00:00\",\"mainEntityOfPage\":{\"@id\":\"https:\\\/\\\/spainfilmcommission.com\\\/en\\\/blog\\\/la-vida-lliure-rodada-en-menorca-por-marc-recha-galardonada-con-el-viii-premio-san-sebastian-gipuzkoa-film-commission\\\/\"},\"wordCount\":439,\"publisher\":{\"@id\":\"https:\\\/\\\/spainfilmcommission.com\\\/en\\\/#organization\"},\"image\":{\"@id\":\"https:\\\/\\\/spainfilmcommission.com\\\/en\\\/blog\\\/la-vida-lliure-rodada-en-menorca-por-marc-recha-galardonada-con-el-viii-premio-san-sebastian-gipuzkoa-film-commission\\\/#primaryimage\"},\"thumbnailUrl\":\"https:\\\/\\\/spainfilmcommission.com\\\/wp-content\\\/uploads\\\/2018\\\/10\\\/la-vida-lliure-rodada-en-menorca-por-marc-recha-galardonada-con-el-viii-premio-san-sebastian-gipuzkoa-film-commission-78.jpg\",\"articleSection\":[\"Noticias\"],\"inLanguage\":\"en-US\"},{\"@type\":\"WebPage\",\"@id\":\"https:\\\/\\\/spainfilmcommission.com\\\/en\\\/blog\\\/la-vida-lliure-rodada-en-menorca-por-marc-recha-galardonada-con-el-viii-premio-san-sebastian-gipuzkoa-film-commission\\\/\",\"url\":\"https:\\\/\\\/spainfilmcommission.com\\\/en\\\/blog\\\/la-vida-lliure-rodada-en-menorca-por-marc-recha-galardonada-con-el-viii-premio-san-sebastian-gipuzkoa-film-commission\\\/\",\"name\":\"\\\"La vida lliure\\\", rodada en Menorca por Marc Recha, galardonada con el VIII Premio San Sebasti\u00e1n-Gipuzkoa Film Commission - Spain Film Commission\",\"isPartOf\":{\"@id\":\"https:\\\/\\\/spainfilmcommission.com\\\/en\\\/#website\"},\"primaryImageOfPage\":{\"@id\":\"https:\\\/\\\/spainfilmcommission.com\\\/en\\\/blog\\\/la-vida-lliure-rodada-en-menorca-por-marc-recha-galardonada-con-el-viii-premio-san-sebastian-gipuzkoa-film-commission\\\/#primaryimage\"},\"image\":{\"@id\":\"https:\\\/\\\/spainfilmcommission.com\\\/en\\\/blog\\\/la-vida-lliure-rodada-en-menorca-por-marc-recha-galardonada-con-el-viii-premio-san-sebastian-gipuzkoa-film-commission\\\/#primaryimage\"},\"thumbnailUrl\":\"https:\\\/\\\/spainfilmcommission.com\\\/wp-content\\\/uploads\\\/2018\\\/10\\\/la-vida-lliure-rodada-en-menorca-por-marc-recha-galardonada-con-el-viii-premio-san-sebastian-gipuzkoa-film-commission-78.jpg\",\"datePublished\":\"2018-10-01T22:00:00+00:00\",\"dateModified\":\"2025-02-11T07:07:39+00:00\",\"breadcrumb\":{\"@id\":\"https:\\\/\\\/spainfilmcommission.com\\\/en\\\/blog\\\/la-vida-lliure-rodada-en-menorca-por-marc-recha-galardonada-con-el-viii-premio-san-sebastian-gipuzkoa-film-commission\\\/#breadcrumb\"},\"inLanguage\":\"en-US\",\"potentialAction\":[{\"@type\":\"ReadAction\",\"target\":[\"https:\\\/\\\/spainfilmcommission.com\\\/en\\\/blog\\\/la-vida-lliure-rodada-en-menorca-por-marc-recha-galardonada-con-el-viii-premio-san-sebastian-gipuzkoa-film-commission\\\/\"]}]},{\"@type\":\"ImageObject\",\"inLanguage\":\"en-US\",\"@id\":\"https:\\\/\\\/spainfilmcommission.com\\\/en\\\/blog\\\/la-vida-lliure-rodada-en-menorca-por-marc-recha-galardonada-con-el-viii-premio-san-sebastian-gipuzkoa-film-commission\\\/#primaryimage\",\"url\":\"https:\\\/\\\/spainfilmcommission.com\\\/wp-content\\\/uploads\\\/2018\\\/10\\\/la-vida-lliure-rodada-en-menorca-por-marc-recha-galardonada-con-el-viii-premio-san-sebastian-gipuzkoa-film-commission-78.jpg\",\"contentUrl\":\"https:\\\/\\\/spainfilmcommission.com\\\/wp-content\\\/uploads\\\/2018\\\/10\\\/la-vida-lliure-rodada-en-menorca-por-marc-recha-galardonada-con-el-viii-premio-san-sebastian-gipuzkoa-film-commission-78.jpg\",\"width\":804,\"height\":594},{\"@type\":\"BreadcrumbList\",\"@id\":\"https:\\\/\\\/spainfilmcommission.com\\\/en\\\/blog\\\/la-vida-lliure-rodada-en-menorca-por-marc-recha-galardonada-con-el-viii-premio-san-sebastian-gipuzkoa-film-commission\\\/#breadcrumb\",\"itemListElement\":[{\"@type\":\"ListItem\",\"position\":1,\"name\":\"Portada\",\"item\":\"https:\\\/\\\/spainfilmcommission.com\\\/en\\\/\"},{\"@type\":\"ListItem\",\"position\":2,\"name\":\"\u00abLa vida lliure\u00bb, rodada en Menorca por Marc Recha, galardonada con el VIII Premio San Sebasti\u00e1n-Gipuzkoa Film Commission\"}]},{\"@type\":\"WebSite\",\"@id\":\"https:\\\/\\\/spainfilmcommission.com\\\/en\\\/#website\",\"url\":\"https:\\\/\\\/spainfilmcommission.com\\\/en\\\/\",\"name\":\"Spain Film Commission\",\"description\":\"\",\"publisher\":{\"@id\":\"https:\\\/\\\/spainfilmcommission.com\\\/en\\\/#organization\"},\"potentialAction\":[{\"@type\":\"SearchAction\",\"target\":{\"@type\":\"EntryPoint\",\"urlTemplate\":\"https:\\\/\\\/spainfilmcommission.com\\\/en\\\/?s={search_term_string}\"},\"query-input\":{\"@type\":\"PropertyValueSpecification\",\"valueRequired\":true,\"valueName\":\"search_term_string\"}}],\"inLanguage\":\"en-US\"},{\"@type\":\"Organization\",\"@id\":\"https:\\\/\\\/spainfilmcommission.com\\\/en\\\/#organization\",\"name\":\"Spain Film Commission\",\"url\":\"https:\\\/\\\/spainfilmcommission.com\\\/en\\\/\",\"logo\":{\"@type\":\"ImageObject\",\"inLanguage\":\"en-US\",\"@id\":\"https:\\\/\\\/spainfilmcommission.com\\\/en\\\/#\\\/schema\\\/logo\\\/image\\\/\",\"url\":\"https:\\\/\\\/spainfilmcommission.com\\\/wp-content\\\/uploads\\\/2024\\\/07\\\/SPC_COLOR.png\",\"contentUrl\":\"https:\\\/\\\/spainfilmcommission.com\\\/wp-content\\\/uploads\\\/2024\\\/07\\\/SPC_COLOR.png\",\"width\":1665,\"height\":1665,\"caption\":\"Spain Film Commission\"},\"image\":{\"@id\":\"https:\\\/\\\/spainfilmcommission.com\\\/en\\\/#\\\/schema\\\/logo\\\/image\\\/\"}},{\"@type\":\"Person\",\"@id\":\"https:\\\/\\\/spainfilmcommission.com\\\/en\\\/#\\\/schema\\\/person\\\/6c014ba6ceac198d178a6a9e61113c9d\",\"name\":\"studio128k_dam\",\"image\":{\"@type\":\"ImageObject\",\"inLanguage\":\"en-US\",\"@id\":\"https:\\\/\\\/secure.gravatar.com\\\/avatar\\\/810f99144a13522c24aa173f9cd8bf079d0e89758af00b5f2938443cd51b31e9?s=96&d=mm&r=g\",\"url\":\"https:\\\/\\\/secure.gravatar.com\\\/avatar\\\/810f99144a13522c24aa173f9cd8bf079d0e89758af00b5f2938443cd51b31e9?s=96&d=mm&r=g\",\"contentUrl\":\"https:\\\/\\\/secure.gravatar.com\\\/avatar\\\/810f99144a13522c24aa173f9cd8bf079d0e89758af00b5f2938443cd51b31e9?s=96&d=mm&r=g\",\"caption\":\"studio128k_dam\"}}]}<\/script>\n<!-- \/ Yoast SEO plugin. -->","yoast_head_json":{"title":"\"La vida lliure\", rodada en Menorca por Marc Recha, galardonada con el VIII Premio San Sebasti\u00e1n-Gipuzkoa Film Commission - Spain Film Commission","robots":{"index":"index","follow":"follow","max-snippet":"max-snippet:-1","max-image-preview":"max-image-preview:large","max-video-preview":"max-video-preview:-1"},"canonical":"https:\/\/spainfilmcommission.com\/en\/blog\/la-vida-lliure-rodada-en-menorca-por-marc-recha-galardonada-con-el-viii-premio-san-sebastian-gipuzkoa-film-commission\/","og_locale":"en_US","og_type":"article","og_title":"\"La vida lliure\", rodada en Menorca por Marc Recha, galardonada con el VIII Premio San Sebasti\u00e1n-Gipuzkoa Film Commission - Spain Film Commission","og_description":"El film del director catal\u00e1n ha sido merecedor de este premio por &#8220;haber recogido la esencia de la isla de Menorca en sus im\u00e1genes, con la consiguiente repercusi\u00f3n del lugar\".","og_url":"https:\/\/spainfilmcommission.com\/en\/blog\/la-vida-lliure-rodada-en-menorca-por-marc-recha-galardonada-con-el-viii-premio-san-sebastian-gipuzkoa-film-commission\/","og_site_name":"Spain Film Commission","article_published_time":"2018-10-01T22:00:00+00:00","article_modified_time":"2025-02-11T07:07:39+00:00","og_image":[{"width":804,"height":594,"url":"https:\/\/spainfilmcommission.com\/wp-content\/uploads\/2018\/10\/la-vida-lliure-rodada-en-menorca-por-marc-recha-galardonada-con-el-viii-premio-san-sebastian-gipuzkoa-film-commission-78.jpg","type":"image\/jpeg"}],"author":"studio128k_dam","twitter_card":"summary_large_image","twitter_misc":{"Written by":"studio128k_dam","Est. reading time":"2 minutes"},"schema":{"@context":"https:\/\/schema.org","@graph":[{"@type":"Article","@id":"https:\/\/spainfilmcommission.com\/en\/blog\/la-vida-lliure-rodada-en-menorca-por-marc-recha-galardonada-con-el-viii-premio-san-sebastian-gipuzkoa-film-commission\/#article","isPartOf":{"@id":"https:\/\/spainfilmcommission.com\/en\/blog\/la-vida-lliure-rodada-en-menorca-por-marc-recha-galardonada-con-el-viii-premio-san-sebastian-gipuzkoa-film-commission\/"},"author":{"name":"studio128k_dam","@id":"https:\/\/spainfilmcommission.com\/en\/#\/schema\/person\/6c014ba6ceac198d178a6a9e61113c9d"},"headline":"&#8220;La vida lliure&#8221;, rodada en Menorca por Marc Recha, galardonada con el VIII Premio San Sebasti\u00e1n-Gipuzkoa Film Commission","datePublished":"2018-10-01T22:00:00+00:00","dateModified":"2025-02-11T07:07:39+00:00","mainEntityOfPage":{"@id":"https:\/\/spainfilmcommission.com\/en\/blog\/la-vida-lliure-rodada-en-menorca-por-marc-recha-galardonada-con-el-viii-premio-san-sebastian-gipuzkoa-film-commission\/"},"wordCount":439,"publisher":{"@id":"https:\/\/spainfilmcommission.com\/en\/#organization"},"image":{"@id":"https:\/\/spainfilmcommission.com\/en\/blog\/la-vida-lliure-rodada-en-menorca-por-marc-recha-galardonada-con-el-viii-premio-san-sebastian-gipuzkoa-film-commission\/#primaryimage"},"thumbnailUrl":"https:\/\/spainfilmcommission.com\/wp-content\/uploads\/2018\/10\/la-vida-lliure-rodada-en-menorca-por-marc-recha-galardonada-con-el-viii-premio-san-sebastian-gipuzkoa-film-commission-78.jpg","articleSection":["Noticias"],"inLanguage":"en-US"},{"@type":"WebPage","@id":"https:\/\/spainfilmcommission.com\/en\/blog\/la-vida-lliure-rodada-en-menorca-por-marc-recha-galardonada-con-el-viii-premio-san-sebastian-gipuzkoa-film-commission\/","url":"https:\/\/spainfilmcommission.com\/en\/blog\/la-vida-lliure-rodada-en-menorca-por-marc-recha-galardonada-con-el-viii-premio-san-sebastian-gipuzkoa-film-commission\/","name":"\"La vida lliure\", rodada en Menorca por Marc Recha, galardonada con el VIII Premio San Sebasti\u00e1n-Gipuzkoa Film Commission - Spain Film Commission","isPartOf":{"@id":"https:\/\/spainfilmcommission.com\/en\/#website"},"primaryImageOfPage":{"@id":"https:\/\/spainfilmcommission.com\/en\/blog\/la-vida-lliure-rodada-en-menorca-por-marc-recha-galardonada-con-el-viii-premio-san-sebastian-gipuzkoa-film-commission\/#primaryimage"},"image":{"@id":"https:\/\/spainfilmcommission.com\/en\/blog\/la-vida-lliure-rodada-en-menorca-por-marc-recha-galardonada-con-el-viii-premio-san-sebastian-gipuzkoa-film-commission\/#primaryimage"},"thumbnailUrl":"https:\/\/spainfilmcommission.com\/wp-content\/uploads\/2018\/10\/la-vida-lliure-rodada-en-menorca-por-marc-recha-galardonada-con-el-viii-premio-san-sebastian-gipuzkoa-film-commission-78.jpg","datePublished":"2018-10-01T22:00:00+00:00","dateModified":"2025-02-11T07:07:39+00:00","breadcrumb":{"@id":"https:\/\/spainfilmcommission.com\/en\/blog\/la-vida-lliure-rodada-en-menorca-por-marc-recha-galardonada-con-el-viii-premio-san-sebastian-gipuzkoa-film-commission\/#breadcrumb"},"inLanguage":"en-US","potentialAction":[{"@type":"ReadAction","target":["https:\/\/spainfilmcommission.com\/en\/blog\/la-vida-lliure-rodada-en-menorca-por-marc-recha-galardonada-con-el-viii-premio-san-sebastian-gipuzkoa-film-commission\/"]}]},{"@type":"ImageObject","inLanguage":"en-US","@id":"https:\/\/spainfilmcommission.com\/en\/blog\/la-vida-lliure-rodada-en-menorca-por-marc-recha-galardonada-con-el-viii-premio-san-sebastian-gipuzkoa-film-commission\/#primaryimage","url":"https:\/\/spainfilmcommission.com\/wp-content\/uploads\/2018\/10\/la-vida-lliure-rodada-en-menorca-por-marc-recha-galardonada-con-el-viii-premio-san-sebastian-gipuzkoa-film-commission-78.jpg","contentUrl":"https:\/\/spainfilmcommission.com\/wp-content\/uploads\/2018\/10\/la-vida-lliure-rodada-en-menorca-por-marc-recha-galardonada-con-el-viii-premio-san-sebastian-gipuzkoa-film-commission-78.jpg","width":804,"height":594},{"@type":"BreadcrumbList","@id":"https:\/\/spainfilmcommission.com\/en\/blog\/la-vida-lliure-rodada-en-menorca-por-marc-recha-galardonada-con-el-viii-premio-san-sebastian-gipuzkoa-film-commission\/#breadcrumb","itemListElement":[{"@type":"ListItem","position":1,"name":"Portada","item":"https:\/\/spainfilmcommission.com\/en\/"},{"@type":"ListItem","position":2,"name":"\u00abLa vida lliure\u00bb, rodada en Menorca por Marc Recha, galardonada con el VIII Premio San Sebasti\u00e1n-Gipuzkoa Film Commission"}]},{"@type":"WebSite","@id":"https:\/\/spainfilmcommission.com\/en\/#website","url":"https:\/\/spainfilmcommission.com\/en\/","name":"Spain Film Commission","description":"","publisher":{"@id":"https:\/\/spainfilmcommission.com\/en\/#organization"},"potentialAction":[{"@type":"SearchAction","target":{"@type":"EntryPoint","urlTemplate":"https:\/\/spainfilmcommission.com\/en\/?s={search_term_string}"},"query-input":{"@type":"PropertyValueSpecification","valueRequired":true,"valueName":"search_term_string"}}],"inLanguage":"en-US"},{"@type":"Organization","@id":"https:\/\/spainfilmcommission.com\/en\/#organization","name":"Spain Film Commission","url":"https:\/\/spainfilmcommission.com\/en\/","logo":{"@type":"ImageObject","inLanguage":"en-US","@id":"https:\/\/spainfilmcommission.com\/en\/#\/schema\/logo\/image\/","url":"https:\/\/spainfilmcommission.com\/wp-content\/uploads\/2024\/07\/SPC_COLOR.png","contentUrl":"https:\/\/spainfilmcommission.com\/wp-content\/uploads\/2024\/07\/SPC_COLOR.png","width":1665,"height":1665,"caption":"Spain Film Commission"},"image":{"@id":"https:\/\/spainfilmcommission.com\/en\/#\/schema\/logo\/image\/"}},{"@type":"Person","@id":"https:\/\/spainfilmcommission.com\/en\/#\/schema\/person\/6c014ba6ceac198d178a6a9e61113c9d","name":"studio128k_dam","image":{"@type":"ImageObject","inLanguage":"en-US","@id":"https:\/\/secure.gravatar.com\/avatar\/810f99144a13522c24aa173f9cd8bf079d0e89758af00b5f2938443cd51b31e9?s=96&d=mm&r=g","url":"https:\/\/secure.gravatar.com\/avatar\/810f99144a13522c24aa173f9cd8bf079d0e89758af00b5f2938443cd51b31e9?s=96&d=mm&r=g","contentUrl":"https:\/\/secure.gravatar.com\/avatar\/810f99144a13522c24aa173f9cd8bf079d0e89758af00b5f2938443cd51b31e9?s=96&d=mm&r=g","caption":"studio128k_dam"}}]}},"_links":{"self":[{"href":"https:\/\/spainfilmcommission.com\/en\/wp-json\/wp\/v2\/posts\/7298","targetHints":{"allow":["GET"]}}],"collection":[{"href":"https:\/\/spainfilmcommission.com\/en\/wp-json\/wp\/v2\/posts"}],"about":[{"href":"https:\/\/spainfilmcommission.com\/en\/wp-json\/wp\/v2\/types\/post"}],"author":[{"embeddable":true,"href":"https:\/\/spainfilmcommission.com\/en\/wp-json\/wp\/v2\/users\/2"}],"replies":[{"embeddable":true,"href":"https:\/\/spainfilmcommission.com\/en\/wp-json\/wp\/v2\/comments?post=7298"}],"version-history":[{"count":0,"href":"https:\/\/spainfilmcommission.com\/en\/wp-json\/wp\/v2\/posts\/7298\/revisions"}],"wp:featuredmedia":[{"embeddable":true,"href":"https:\/\/spainfilmcommission.com\/en\/wp-json\/wp\/v2\/media\/7299"}],"wp:attachment":[{"href":"https:\/\/spainfilmcommission.com\/en\/wp-json\/wp\/v2\/media?parent=7298"}],"wp:term":[{"taxonomy":"category","embeddable":true,"href":"https:\/\/spainfilmcommission.com\/en\/wp-json\/wp\/v2\/categories?post=7298"},{"taxonomy":"post_tag","embeddable":true,"href":"https:\/\/spainfilmcommission.com\/en\/wp-json\/wp\/v2\/tags?post=7298"}],"curies":[{"name":"wp","href":"https:\/\/api.w.org\/{rel}","templated":true}]}}