{"id":7290,"date":"2018-09-27T00:00:00","date_gmt":"2018-09-26T22:00:00","guid":{"rendered":"https:\/\/sfc.com\/andalucia-film-commission-celebra-su-20-aniversario-en-el-festival-de-cine-de-san-sebastian-presentado-el-portal-andalucia-destino-de-cine\/"},"modified":"2025-02-11T08:07:39","modified_gmt":"2025-02-11T07:07:39","slug":"andalucia-film-commission-celebra-su-20-aniversario-en-el-festival-de-cine-de-san-sebastian-presentado-el-portal-andalucia-destino-de-cine","status":"publish","type":"post","link":"https:\/\/spainfilmcommission.com\/en\/blog\/andalucia-film-commission-celebra-su-20-aniversario-en-el-festival-de-cine-de-san-sebastian-presentado-el-portal-andalucia-destino-de-cine\/","title":{"rendered":"Andaluc\u00eda Film Commission celebra su 20\u00ba aniversario en el Festival de Cine de San Sebasti\u00e1n, presentado el portal &#8220;Andaluc\u00eda, destino de cine&#8221;"},"content":{"rendered":"<p dir=\"ltr\" style=\"line-height:1.38;margin-top:0pt;margin-bottom:0pt;\"><span><span style=\"font-size:11pt;font-family:Arial;color:rgb(0,0,0);background-color:transparent;font-weight:700;vertical-align:baseline;white-space:pre-wrap;\">El evento ha tenido lugar en el marco del <a href=\"https:\/\/sansebastianfestival.com\/\">Festival de San Sebasti\u00e1n<\/a> el lunes 24 de septiembre y ha reunido a un gran n\u00famero de profesionales de la industria audiovisual nacional e internacional.<\/span><\/span><\/p>\n<p dir=\"ltr\" style=\"line-height:1.38;margin-top:0pt;margin-bottom:0pt;\">\u00a0<\/p>\n<p dir=\"ltr\" style=\"line-height:1.38;margin-top:0pt;margin-bottom:0pt;text-align:justify;\"><span><a href=\"http:\/\/www.andaluciafilm.com\/index.php\/inicio\"><span style=\"font-size:11pt;font-family:Arial;color:rgb(56,110,255);background-color:transparent;vertical-align:baseline;white-space:pre-wrap;\">Andaluc\u00eda Film Commission<\/span><\/a><span style=\"font-size:11pt;font-family:Arial;color:rgb(0,0,0);background-color:transparent;vertical-align:baseline;white-space:pre-wrap;\"> cumple a\u00f1os y celebra que es la m\u00e1s longeva del estado. Se trata, sin duda, de la precursora y pionera del turismo cinematogr\u00e1fico en Espa\u00f1a y una de las film commission con m\u00e1s trayectoria internacional. Desde su creaci\u00f3n en 1998, \u00a0ha estado promocionando Andaluc\u00eda como un lugar de rodaje y apoyando a empresas y profesionales de la industria audiovisual en sus producciones.<\/span><\/span><\/p>\n<p dir=\"ltr\" style=\"line-height:1.38;margin-top:0pt;margin-bottom:0pt;\">\u00a0<\/p>\n<p dir=\"ltr\" style=\"line-height:1.38;margin-top:0pt;margin-bottom:0pt;text-align:justify;\"><span><span style=\"font-size:11pt;font-family:Arial;color:rgb(0,0,0);background-color:transparent;vertical-align:baseline;white-space:pre-wrap;\">El evento fue presentado por Carlos Rosado, presidente de la<\/span><a href=\"http:\/\/shootinginspain.info\/es\/inicio\"><span style=\"font-size:11pt;font-family:Arial;color:rgb(0,0,0);background-color:transparent;vertical-align:baseline;white-space:pre-wrap;\"> <\/span><span style=\"font-size:11pt;font-family:Arial;color:rgb(56,110,255);background-color:transparent;vertical-align:baseline;white-space:pre-wrap;\">Spain Film Commission<\/span><\/a><span style=\"font-size:11pt;font-family:Arial;color:rgb(0,0,0);background-color:transparent;vertical-align:baseline;white-space:pre-wrap;\"> y la<\/span><a href=\"http:\/\/www.andaluciafilm.com\/index.php\/inicio\"><span style=\"font-size:11pt;font-family:Arial;color:rgb(0,0,0);background-color:transparent;vertical-align:baseline;white-space:pre-wrap;\"> <\/span><span style=\"font-size:11pt;font-family:Arial;color:rgb(56,110,255);background-color:transparent;vertical-align:baseline;white-space:pre-wrap;\">Andaluc\u00eda Film Commission<\/span><\/a><span style=\"font-size:11pt;font-family:Arial;color:rgb(0,0,0);background-color:transparent;vertical-align:baseline;white-space:pre-wrap;\">, y cont\u00f3 con la presencia de Piluca Querol, directora de Andaluc\u00eda Film Commission; Susana Ib\u00e1\u00f1ez, secretaria general para el Turismo de la Junta de Andaluc\u00eda, quien destac\u00f3 el papel del turismo cinematogr\u00e1fico como un &#8220;<\/span><span style=\"font-size:11pt;font-family:Arial;color:rgb(0,0,0);background-color:transparent;font-style:italic;vertical-align:baseline;white-space:pre-wrap;\">vector de promoci\u00f3n del territorio andaluz, de su identidad cultural y de su inmenso patrimonio natural y monumental<\/span><span style=\"font-size:11pt;font-family:Arial;color:rgb(0,0,0);background-color:transparent;vertical-align:baseline;white-space:pre-wrap;\">&#8221;; Jos\u00e9 Antonio del Saz, director de Antena de la RTVA; y Cristina Saucedo, Secretaria General de Cultura de la Junta de Andaluc\u00eda.<\/span><\/span><\/p>\n<p dir=\"ltr\" style=\"line-height:1.38;margin-top:0pt;margin-bottom:0pt;text-align:justify;\">\u00a0<\/p>\n<p dir=\"ltr\" style=\"line-height:1.38;margin-top:0pt;margin-bottom:0pt;\"><span><span style=\"font-size:11pt;font-family:Arial;color:rgb(0,0,0);background-color:transparent;vertical-align:baseline;white-space:pre-wrap;\">El evento se enfoc\u00f3 en gran parte en el estreno del nuevo portal web<\/span><a href=\"http:\/\/andaluciadestinodecine.com\/\"><span style=\"font-size:11pt;font-family:Arial;color:rgb(0,0,0);background-color:transparent;vertical-align:baseline;white-space:pre-wrap;\"> <\/span><span style=\"font-size:11pt;font-family:Arial;color:rgb(56,110,255);background-color:transparent;vertical-align:baseline;white-space:pre-wrap;\">Andaluc\u00eda, destino de cine<\/span><\/a><span style=\"font-size:11pt;font-family:Arial;color:rgb(0,0,0);background-color:transparent;vertical-align:baseline;white-space:pre-wrap;\">, una herramienta que nos ofrece una visi\u00f3n panor\u00e1mica de todo lo que es, ha sido y ser\u00e1 el cine en Andaluc\u00eda: desde conocer los lugares donde se han rodado escenas m\u00edticas, pasando por propuestas de rutas cinematogr\u00e1ficas por territorio andaluz, hasta las \u00faltimas noticias y novedades relativas a la industria cinematogr\u00e1fica en Andaluc\u00eda.<\/span><\/span><\/p>\n<p dir=\"ltr\" style=\"line-height:1.38;margin-top:0pt;margin-bottom:0pt;\">\u00a0<\/p>\n<div>\u00a0<\/div>\n<p><img src='https:\/\/spainfilmcommission.com\/\/wp-content\/uploads\/2018\/09\/andalucia-film-commission-celebra-su-20-aniversario-en-el-festival-de-cine-de-san-sebastian-presentado-el-portal-andalucia-destino-de-cine1-77.jpeg' alt='Imagen relacionada'><img src='https:\/\/spainfilmcommission.com\/\/wp-content\/uploads\/2018\/09\/andalucia-film-commission-celebra-su-20-aniversario-en-el-festival-de-cine-de-san-sebastian-presentado-el-portal-andalucia-destino-de-cine2-77.jpeg' alt='Imagen relacionada'><\/p>\n","protected":false},"excerpt":{"rendered":"<p><span><span style=\"font-size:11pt;font-family:Arial;color:rgb(0,0,0);background-color:transparent;vertical-align:baseline;white-space:pre-wrap;\">El evento ha tenido lugar en el marco del Festival de San Sebasti\u00e1n el lunes 24 de septiembre y ha reunido a un gran n\u00famero de profesionales de la industria audiovisual nacional e internacional.<\/span><\/span><\/p>\n","protected":false},"author":2,"featured_media":7291,"comment_status":"closed","ping_status":"","sticky":false,"template":"","format":"standard","meta":{"footnotes":""},"categories":[38],"tags":[],"class_list":["post-7290","post","type-post","status-publish","format-standard","has-post-thumbnail","hentry","category-noticias"],"yoast_head":"<!-- This site is optimized with the Yoast SEO plugin v27.3 - https:\/\/yoast.com\/product\/yoast-seo-wordpress\/ -->\n<title>Andaluc\u00eda Film Commission celebra su 20\u00ba aniversario en el Festival de Cine de San Sebasti\u00e1n, presentado el portal &quot;Andaluc\u00eda, destino de cine&quot; - Spain Film Commission<\/title>\n<meta name=\"robots\" content=\"index, follow, max-snippet:-1, max-image-preview:large, max-video-preview:-1\" \/>\n<link rel=\"canonical\" href=\"https:\/\/spainfilmcommission.com\/en\/blog\/andalucia-film-commission-celebra-su-20-aniversario-en-el-festival-de-cine-de-san-sebastian-presentado-el-portal-andalucia-destino-de-cine\/\" \/>\n<meta property=\"og:locale\" content=\"en_US\" \/>\n<meta property=\"og:type\" content=\"article\" \/>\n<meta property=\"og:title\" content=\"Andaluc\u00eda Film Commission celebra su 20\u00ba aniversario en el Festival de Cine de San Sebasti\u00e1n, presentado el portal &quot;Andaluc\u00eda, destino de cine&quot; - Spain Film Commission\" \/>\n<meta property=\"og:description\" content=\"El evento ha tenido lugar en el marco del Festival de San Sebasti\u00e1n el lunes 24 de septiembre y ha reunido a un gran n\u00famero de profesionales de la industria audiovisual nacional e internacional.\" \/>\n<meta property=\"og:url\" content=\"https:\/\/spainfilmcommission.com\/en\/blog\/andalucia-film-commission-celebra-su-20-aniversario-en-el-festival-de-cine-de-san-sebastian-presentado-el-portal-andalucia-destino-de-cine\/\" \/>\n<meta property=\"og:site_name\" content=\"Spain Film Commission\" \/>\n<meta property=\"article:published_time\" content=\"2018-09-26T22:00:00+00:00\" \/>\n<meta property=\"article:modified_time\" content=\"2025-02-11T07:07:39+00:00\" \/>\n<meta property=\"og:image\" content=\"https:\/\/spainfilmcommission.com\/wp-content\/uploads\/2018\/09\/andalucia-film-commission-celebra-su-20-aniversario-en-el-festival-de-cine-de-san-sebastian-presentado-el-portal-andalucia-destino-de-cine-77.jpeg\" \/>\n\t<meta property=\"og:image:width\" content=\"567\" \/>\n\t<meta property=\"og:image:height\" content=\"695\" \/>\n\t<meta property=\"og:image:type\" content=\"image\/jpeg\" \/>\n<meta name=\"author\" content=\"studio128k_dam\" \/>\n<meta name=\"twitter:card\" content=\"summary_large_image\" \/>\n<meta name=\"twitter:label1\" content=\"Written by\" \/>\n\t<meta name=\"twitter:data1\" content=\"studio128k_dam\" \/>\n\t<meta name=\"twitter:label2\" content=\"Est. reading time\" \/>\n\t<meta name=\"twitter:data2\" content=\"1 minute\" \/>\n<script type=\"application\/ld+json\" class=\"yoast-schema-graph\">{\"@context\":\"https:\\\/\\\/schema.org\",\"@graph\":[{\"@type\":\"Article\",\"@id\":\"https:\\\/\\\/spainfilmcommission.com\\\/en\\\/blog\\\/andalucia-film-commission-celebra-su-20-aniversario-en-el-festival-de-cine-de-san-sebastian-presentado-el-portal-andalucia-destino-de-cine\\\/#article\",\"isPartOf\":{\"@id\":\"https:\\\/\\\/spainfilmcommission.com\\\/en\\\/blog\\\/andalucia-film-commission-celebra-su-20-aniversario-en-el-festival-de-cine-de-san-sebastian-presentado-el-portal-andalucia-destino-de-cine\\\/\"},\"author\":{\"name\":\"studio128k_dam\",\"@id\":\"https:\\\/\\\/spainfilmcommission.com\\\/en\\\/#\\\/schema\\\/person\\\/6c014ba6ceac198d178a6a9e61113c9d\"},\"headline\":\"Andaluc\u00eda Film Commission celebra su 20\u00ba aniversario en el Festival de Cine de San Sebasti\u00e1n, presentado el portal &#8220;Andaluc\u00eda, destino de cine&#8221;\",\"datePublished\":\"2018-09-26T22:00:00+00:00\",\"dateModified\":\"2025-02-11T07:07:39+00:00\",\"mainEntityOfPage\":{\"@id\":\"https:\\\/\\\/spainfilmcommission.com\\\/en\\\/blog\\\/andalucia-film-commission-celebra-su-20-aniversario-en-el-festival-de-cine-de-san-sebastian-presentado-el-portal-andalucia-destino-de-cine\\\/\"},\"wordCount\":309,\"publisher\":{\"@id\":\"https:\\\/\\\/spainfilmcommission.com\\\/en\\\/#organization\"},\"image\":{\"@id\":\"https:\\\/\\\/spainfilmcommission.com\\\/en\\\/blog\\\/andalucia-film-commission-celebra-su-20-aniversario-en-el-festival-de-cine-de-san-sebastian-presentado-el-portal-andalucia-destino-de-cine\\\/#primaryimage\"},\"thumbnailUrl\":\"https:\\\/\\\/spainfilmcommission.com\\\/wp-content\\\/uploads\\\/2018\\\/09\\\/andalucia-film-commission-celebra-su-20-aniversario-en-el-festival-de-cine-de-san-sebastian-presentado-el-portal-andalucia-destino-de-cine-77.jpeg\",\"articleSection\":[\"Noticias\"],\"inLanguage\":\"en-US\"},{\"@type\":\"WebPage\",\"@id\":\"https:\\\/\\\/spainfilmcommission.com\\\/en\\\/blog\\\/andalucia-film-commission-celebra-su-20-aniversario-en-el-festival-de-cine-de-san-sebastian-presentado-el-portal-andalucia-destino-de-cine\\\/\",\"url\":\"https:\\\/\\\/spainfilmcommission.com\\\/en\\\/blog\\\/andalucia-film-commission-celebra-su-20-aniversario-en-el-festival-de-cine-de-san-sebastian-presentado-el-portal-andalucia-destino-de-cine\\\/\",\"name\":\"Andaluc\u00eda Film Commission celebra su 20\u00ba aniversario en el Festival de Cine de San Sebasti\u00e1n, presentado el portal \\\"Andaluc\u00eda, destino de cine\\\" - Spain Film Commission\",\"isPartOf\":{\"@id\":\"https:\\\/\\\/spainfilmcommission.com\\\/en\\\/#website\"},\"primaryImageOfPage\":{\"@id\":\"https:\\\/\\\/spainfilmcommission.com\\\/en\\\/blog\\\/andalucia-film-commission-celebra-su-20-aniversario-en-el-festival-de-cine-de-san-sebastian-presentado-el-portal-andalucia-destino-de-cine\\\/#primaryimage\"},\"image\":{\"@id\":\"https:\\\/\\\/spainfilmcommission.com\\\/en\\\/blog\\\/andalucia-film-commission-celebra-su-20-aniversario-en-el-festival-de-cine-de-san-sebastian-presentado-el-portal-andalucia-destino-de-cine\\\/#primaryimage\"},\"thumbnailUrl\":\"https:\\\/\\\/spainfilmcommission.com\\\/wp-content\\\/uploads\\\/2018\\\/09\\\/andalucia-film-commission-celebra-su-20-aniversario-en-el-festival-de-cine-de-san-sebastian-presentado-el-portal-andalucia-destino-de-cine-77.jpeg\",\"datePublished\":\"2018-09-26T22:00:00+00:00\",\"dateModified\":\"2025-02-11T07:07:39+00:00\",\"breadcrumb\":{\"@id\":\"https:\\\/\\\/spainfilmcommission.com\\\/en\\\/blog\\\/andalucia-film-commission-celebra-su-20-aniversario-en-el-festival-de-cine-de-san-sebastian-presentado-el-portal-andalucia-destino-de-cine\\\/#breadcrumb\"},\"inLanguage\":\"en-US\",\"potentialAction\":[{\"@type\":\"ReadAction\",\"target\":[\"https:\\\/\\\/spainfilmcommission.com\\\/en\\\/blog\\\/andalucia-film-commission-celebra-su-20-aniversario-en-el-festival-de-cine-de-san-sebastian-presentado-el-portal-andalucia-destino-de-cine\\\/\"]}]},{\"@type\":\"ImageObject\",\"inLanguage\":\"en-US\",\"@id\":\"https:\\\/\\\/spainfilmcommission.com\\\/en\\\/blog\\\/andalucia-film-commission-celebra-su-20-aniversario-en-el-festival-de-cine-de-san-sebastian-presentado-el-portal-andalucia-destino-de-cine\\\/#primaryimage\",\"url\":\"https:\\\/\\\/spainfilmcommission.com\\\/wp-content\\\/uploads\\\/2018\\\/09\\\/andalucia-film-commission-celebra-su-20-aniversario-en-el-festival-de-cine-de-san-sebastian-presentado-el-portal-andalucia-destino-de-cine-77.jpeg\",\"contentUrl\":\"https:\\\/\\\/spainfilmcommission.com\\\/wp-content\\\/uploads\\\/2018\\\/09\\\/andalucia-film-commission-celebra-su-20-aniversario-en-el-festival-de-cine-de-san-sebastian-presentado-el-portal-andalucia-destino-de-cine-77.jpeg\",\"width\":567,\"height\":695},{\"@type\":\"BreadcrumbList\",\"@id\":\"https:\\\/\\\/spainfilmcommission.com\\\/en\\\/blog\\\/andalucia-film-commission-celebra-su-20-aniversario-en-el-festival-de-cine-de-san-sebastian-presentado-el-portal-andalucia-destino-de-cine\\\/#breadcrumb\",\"itemListElement\":[{\"@type\":\"ListItem\",\"position\":1,\"name\":\"Portada\",\"item\":\"https:\\\/\\\/spainfilmcommission.com\\\/en\\\/\"},{\"@type\":\"ListItem\",\"position\":2,\"name\":\"Andaluc\u00eda Film Commission celebra su 20\u00ba aniversario en el Festival de Cine de San Sebasti\u00e1n, presentado el portal \u00abAndaluc\u00eda, destino de cine\u00bb\"}]},{\"@type\":\"WebSite\",\"@id\":\"https:\\\/\\\/spainfilmcommission.com\\\/en\\\/#website\",\"url\":\"https:\\\/\\\/spainfilmcommission.com\\\/en\\\/\",\"name\":\"Spain Film Commission\",\"description\":\"\",\"publisher\":{\"@id\":\"https:\\\/\\\/spainfilmcommission.com\\\/en\\\/#organization\"},\"potentialAction\":[{\"@type\":\"SearchAction\",\"target\":{\"@type\":\"EntryPoint\",\"urlTemplate\":\"https:\\\/\\\/spainfilmcommission.com\\\/en\\\/?s={search_term_string}\"},\"query-input\":{\"@type\":\"PropertyValueSpecification\",\"valueRequired\":true,\"valueName\":\"search_term_string\"}}],\"inLanguage\":\"en-US\"},{\"@type\":\"Organization\",\"@id\":\"https:\\\/\\\/spainfilmcommission.com\\\/en\\\/#organization\",\"name\":\"Spain Film Commission\",\"url\":\"https:\\\/\\\/spainfilmcommission.com\\\/en\\\/\",\"logo\":{\"@type\":\"ImageObject\",\"inLanguage\":\"en-US\",\"@id\":\"https:\\\/\\\/spainfilmcommission.com\\\/en\\\/#\\\/schema\\\/logo\\\/image\\\/\",\"url\":\"https:\\\/\\\/spainfilmcommission.com\\\/wp-content\\\/uploads\\\/2024\\\/07\\\/SPC_COLOR.png\",\"contentUrl\":\"https:\\\/\\\/spainfilmcommission.com\\\/wp-content\\\/uploads\\\/2024\\\/07\\\/SPC_COLOR.png\",\"width\":1665,\"height\":1665,\"caption\":\"Spain Film Commission\"},\"image\":{\"@id\":\"https:\\\/\\\/spainfilmcommission.com\\\/en\\\/#\\\/schema\\\/logo\\\/image\\\/\"}},{\"@type\":\"Person\",\"@id\":\"https:\\\/\\\/spainfilmcommission.com\\\/en\\\/#\\\/schema\\\/person\\\/6c014ba6ceac198d178a6a9e61113c9d\",\"name\":\"studio128k_dam\",\"image\":{\"@type\":\"ImageObject\",\"inLanguage\":\"en-US\",\"@id\":\"https:\\\/\\\/secure.gravatar.com\\\/avatar\\\/810f99144a13522c24aa173f9cd8bf079d0e89758af00b5f2938443cd51b31e9?s=96&d=mm&r=g\",\"url\":\"https:\\\/\\\/secure.gravatar.com\\\/avatar\\\/810f99144a13522c24aa173f9cd8bf079d0e89758af00b5f2938443cd51b31e9?s=96&d=mm&r=g\",\"contentUrl\":\"https:\\\/\\\/secure.gravatar.com\\\/avatar\\\/810f99144a13522c24aa173f9cd8bf079d0e89758af00b5f2938443cd51b31e9?s=96&d=mm&r=g\",\"caption\":\"studio128k_dam\"}}]}<\/script>\n<!-- \/ Yoast SEO plugin. -->","yoast_head_json":{"title":"Andaluc\u00eda Film Commission celebra su 20\u00ba aniversario en el Festival de Cine de San Sebasti\u00e1n, presentado el portal \"Andaluc\u00eda, destino de cine\" - Spain Film Commission","robots":{"index":"index","follow":"follow","max-snippet":"max-snippet:-1","max-image-preview":"max-image-preview:large","max-video-preview":"max-video-preview:-1"},"canonical":"https:\/\/spainfilmcommission.com\/en\/blog\/andalucia-film-commission-celebra-su-20-aniversario-en-el-festival-de-cine-de-san-sebastian-presentado-el-portal-andalucia-destino-de-cine\/","og_locale":"en_US","og_type":"article","og_title":"Andaluc\u00eda Film Commission celebra su 20\u00ba aniversario en el Festival de Cine de San Sebasti\u00e1n, presentado el portal \"Andaluc\u00eda, destino de cine\" - Spain Film Commission","og_description":"El evento ha tenido lugar en el marco del Festival de San Sebasti\u00e1n el lunes 24 de septiembre y ha reunido a un gran n\u00famero de profesionales de la industria audiovisual nacional e internacional.","og_url":"https:\/\/spainfilmcommission.com\/en\/blog\/andalucia-film-commission-celebra-su-20-aniversario-en-el-festival-de-cine-de-san-sebastian-presentado-el-portal-andalucia-destino-de-cine\/","og_site_name":"Spain Film Commission","article_published_time":"2018-09-26T22:00:00+00:00","article_modified_time":"2025-02-11T07:07:39+00:00","og_image":[{"width":567,"height":695,"url":"https:\/\/spainfilmcommission.com\/wp-content\/uploads\/2018\/09\/andalucia-film-commission-celebra-su-20-aniversario-en-el-festival-de-cine-de-san-sebastian-presentado-el-portal-andalucia-destino-de-cine-77.jpeg","type":"image\/jpeg"}],"author":"studio128k_dam","twitter_card":"summary_large_image","twitter_misc":{"Written by":"studio128k_dam","Est. reading time":"1 minute"},"schema":{"@context":"https:\/\/schema.org","@graph":[{"@type":"Article","@id":"https:\/\/spainfilmcommission.com\/en\/blog\/andalucia-film-commission-celebra-su-20-aniversario-en-el-festival-de-cine-de-san-sebastian-presentado-el-portal-andalucia-destino-de-cine\/#article","isPartOf":{"@id":"https:\/\/spainfilmcommission.com\/en\/blog\/andalucia-film-commission-celebra-su-20-aniversario-en-el-festival-de-cine-de-san-sebastian-presentado-el-portal-andalucia-destino-de-cine\/"},"author":{"name":"studio128k_dam","@id":"https:\/\/spainfilmcommission.com\/en\/#\/schema\/person\/6c014ba6ceac198d178a6a9e61113c9d"},"headline":"Andaluc\u00eda Film Commission celebra su 20\u00ba aniversario en el Festival de Cine de San Sebasti\u00e1n, presentado el portal &#8220;Andaluc\u00eda, destino de cine&#8221;","datePublished":"2018-09-26T22:00:00+00:00","dateModified":"2025-02-11T07:07:39+00:00","mainEntityOfPage":{"@id":"https:\/\/spainfilmcommission.com\/en\/blog\/andalucia-film-commission-celebra-su-20-aniversario-en-el-festival-de-cine-de-san-sebastian-presentado-el-portal-andalucia-destino-de-cine\/"},"wordCount":309,"publisher":{"@id":"https:\/\/spainfilmcommission.com\/en\/#organization"},"image":{"@id":"https:\/\/spainfilmcommission.com\/en\/blog\/andalucia-film-commission-celebra-su-20-aniversario-en-el-festival-de-cine-de-san-sebastian-presentado-el-portal-andalucia-destino-de-cine\/#primaryimage"},"thumbnailUrl":"https:\/\/spainfilmcommission.com\/wp-content\/uploads\/2018\/09\/andalucia-film-commission-celebra-su-20-aniversario-en-el-festival-de-cine-de-san-sebastian-presentado-el-portal-andalucia-destino-de-cine-77.jpeg","articleSection":["Noticias"],"inLanguage":"en-US"},{"@type":"WebPage","@id":"https:\/\/spainfilmcommission.com\/en\/blog\/andalucia-film-commission-celebra-su-20-aniversario-en-el-festival-de-cine-de-san-sebastian-presentado-el-portal-andalucia-destino-de-cine\/","url":"https:\/\/spainfilmcommission.com\/en\/blog\/andalucia-film-commission-celebra-su-20-aniversario-en-el-festival-de-cine-de-san-sebastian-presentado-el-portal-andalucia-destino-de-cine\/","name":"Andaluc\u00eda Film Commission celebra su 20\u00ba aniversario en el Festival de Cine de San Sebasti\u00e1n, presentado el portal \"Andaluc\u00eda, destino de cine\" - Spain Film Commission","isPartOf":{"@id":"https:\/\/spainfilmcommission.com\/en\/#website"},"primaryImageOfPage":{"@id":"https:\/\/spainfilmcommission.com\/en\/blog\/andalucia-film-commission-celebra-su-20-aniversario-en-el-festival-de-cine-de-san-sebastian-presentado-el-portal-andalucia-destino-de-cine\/#primaryimage"},"image":{"@id":"https:\/\/spainfilmcommission.com\/en\/blog\/andalucia-film-commission-celebra-su-20-aniversario-en-el-festival-de-cine-de-san-sebastian-presentado-el-portal-andalucia-destino-de-cine\/#primaryimage"},"thumbnailUrl":"https:\/\/spainfilmcommission.com\/wp-content\/uploads\/2018\/09\/andalucia-film-commission-celebra-su-20-aniversario-en-el-festival-de-cine-de-san-sebastian-presentado-el-portal-andalucia-destino-de-cine-77.jpeg","datePublished":"2018-09-26T22:00:00+00:00","dateModified":"2025-02-11T07:07:39+00:00","breadcrumb":{"@id":"https:\/\/spainfilmcommission.com\/en\/blog\/andalucia-film-commission-celebra-su-20-aniversario-en-el-festival-de-cine-de-san-sebastian-presentado-el-portal-andalucia-destino-de-cine\/#breadcrumb"},"inLanguage":"en-US","potentialAction":[{"@type":"ReadAction","target":["https:\/\/spainfilmcommission.com\/en\/blog\/andalucia-film-commission-celebra-su-20-aniversario-en-el-festival-de-cine-de-san-sebastian-presentado-el-portal-andalucia-destino-de-cine\/"]}]},{"@type":"ImageObject","inLanguage":"en-US","@id":"https:\/\/spainfilmcommission.com\/en\/blog\/andalucia-film-commission-celebra-su-20-aniversario-en-el-festival-de-cine-de-san-sebastian-presentado-el-portal-andalucia-destino-de-cine\/#primaryimage","url":"https:\/\/spainfilmcommission.com\/wp-content\/uploads\/2018\/09\/andalucia-film-commission-celebra-su-20-aniversario-en-el-festival-de-cine-de-san-sebastian-presentado-el-portal-andalucia-destino-de-cine-77.jpeg","contentUrl":"https:\/\/spainfilmcommission.com\/wp-content\/uploads\/2018\/09\/andalucia-film-commission-celebra-su-20-aniversario-en-el-festival-de-cine-de-san-sebastian-presentado-el-portal-andalucia-destino-de-cine-77.jpeg","width":567,"height":695},{"@type":"BreadcrumbList","@id":"https:\/\/spainfilmcommission.com\/en\/blog\/andalucia-film-commission-celebra-su-20-aniversario-en-el-festival-de-cine-de-san-sebastian-presentado-el-portal-andalucia-destino-de-cine\/#breadcrumb","itemListElement":[{"@type":"ListItem","position":1,"name":"Portada","item":"https:\/\/spainfilmcommission.com\/en\/"},{"@type":"ListItem","position":2,"name":"Andaluc\u00eda Film Commission celebra su 20\u00ba aniversario en el Festival de Cine de San Sebasti\u00e1n, presentado el portal \u00abAndaluc\u00eda, destino de cine\u00bb"}]},{"@type":"WebSite","@id":"https:\/\/spainfilmcommission.com\/en\/#website","url":"https:\/\/spainfilmcommission.com\/en\/","name":"Spain Film Commission","description":"","publisher":{"@id":"https:\/\/spainfilmcommission.com\/en\/#organization"},"potentialAction":[{"@type":"SearchAction","target":{"@type":"EntryPoint","urlTemplate":"https:\/\/spainfilmcommission.com\/en\/?s={search_term_string}"},"query-input":{"@type":"PropertyValueSpecification","valueRequired":true,"valueName":"search_term_string"}}],"inLanguage":"en-US"},{"@type":"Organization","@id":"https:\/\/spainfilmcommission.com\/en\/#organization","name":"Spain Film Commission","url":"https:\/\/spainfilmcommission.com\/en\/","logo":{"@type":"ImageObject","inLanguage":"en-US","@id":"https:\/\/spainfilmcommission.com\/en\/#\/schema\/logo\/image\/","url":"https:\/\/spainfilmcommission.com\/wp-content\/uploads\/2024\/07\/SPC_COLOR.png","contentUrl":"https:\/\/spainfilmcommission.com\/wp-content\/uploads\/2024\/07\/SPC_COLOR.png","width":1665,"height":1665,"caption":"Spain Film Commission"},"image":{"@id":"https:\/\/spainfilmcommission.com\/en\/#\/schema\/logo\/image\/"}},{"@type":"Person","@id":"https:\/\/spainfilmcommission.com\/en\/#\/schema\/person\/6c014ba6ceac198d178a6a9e61113c9d","name":"studio128k_dam","image":{"@type":"ImageObject","inLanguage":"en-US","@id":"https:\/\/secure.gravatar.com\/avatar\/810f99144a13522c24aa173f9cd8bf079d0e89758af00b5f2938443cd51b31e9?s=96&d=mm&r=g","url":"https:\/\/secure.gravatar.com\/avatar\/810f99144a13522c24aa173f9cd8bf079d0e89758af00b5f2938443cd51b31e9?s=96&d=mm&r=g","contentUrl":"https:\/\/secure.gravatar.com\/avatar\/810f99144a13522c24aa173f9cd8bf079d0e89758af00b5f2938443cd51b31e9?s=96&d=mm&r=g","caption":"studio128k_dam"}}]}},"_links":{"self":[{"href":"https:\/\/spainfilmcommission.com\/en\/wp-json\/wp\/v2\/posts\/7290","targetHints":{"allow":["GET"]}}],"collection":[{"href":"https:\/\/spainfilmcommission.com\/en\/wp-json\/wp\/v2\/posts"}],"about":[{"href":"https:\/\/spainfilmcommission.com\/en\/wp-json\/wp\/v2\/types\/post"}],"author":[{"embeddable":true,"href":"https:\/\/spainfilmcommission.com\/en\/wp-json\/wp\/v2\/users\/2"}],"replies":[{"embeddable":true,"href":"https:\/\/spainfilmcommission.com\/en\/wp-json\/wp\/v2\/comments?post=7290"}],"version-history":[{"count":0,"href":"https:\/\/spainfilmcommission.com\/en\/wp-json\/wp\/v2\/posts\/7290\/revisions"}],"wp:featuredmedia":[{"embeddable":true,"href":"https:\/\/spainfilmcommission.com\/en\/wp-json\/wp\/v2\/media\/7291"}],"wp:attachment":[{"href":"https:\/\/spainfilmcommission.com\/en\/wp-json\/wp\/v2\/media?parent=7290"}],"wp:term":[{"taxonomy":"category","embeddable":true,"href":"https:\/\/spainfilmcommission.com\/en\/wp-json\/wp\/v2\/categories?post=7290"},{"taxonomy":"post_tag","embeddable":true,"href":"https:\/\/spainfilmcommission.com\/en\/wp-json\/wp\/v2\/tags?post=7290"}],"curies":[{"name":"wp","href":"https:\/\/api.w.org\/{rel}","templated":true}]}}