{"id":7276,"date":"2018-09-25T00:00:00","date_gmt":"2018-09-24T22:00:00","guid":{"rendered":"https:\/\/sfc.com\/fitur-y-spain-film-commission-se-reunen-para-avanzar-en-la-organizacion-de-cine-screen-tourism-2019\/"},"modified":"2025-02-11T08:07:39","modified_gmt":"2025-02-11T07:07:39","slug":"fitur-y-spain-film-commission-se-reunen-para-avanzar-en-la-organizacion-de-cine-screen-tourism-2019","status":"publish","type":"post","link":"https:\/\/spainfilmcommission.com\/en\/blog\/fitur-y-spain-film-commission-se-reunen-para-avanzar-en-la-organizacion-de-cine-screen-tourism-2019\/","title":{"rendered":"Fitur y Spain Film Commission se re\u00fanen para avanzar en la organizaci\u00f3n de Cine &#8211; Screen Tourism  2019"},"content":{"rendered":"<p><strong>El 19 de septiembre se reuni\u00f3 la comisi\u00f3n t\u00e9cnica de la nueva secci\u00f3n monogr\u00e1fica Cine-Screen Tourism que se celebrar\u00e1\u00a0 en la pr\u00f3xima edici\u00f3n del <\/strong><strong><a href=\"http:\/\/www.ifema.es\/fitur_01\/Prensa\/NotasdePrensa\/INS_116805\">Fitur 2019<\/a><\/strong><strong>, del 23 al 27 de enero en <\/strong><strong><a href=\"http:\/\/www.ifema.es\/Institucional_01\/\">IFEMA<\/a><\/strong><strong>. <\/strong><\/p>\n<p>Tal y como acordaron <a href=\"http:\/\/www.ifema.es\/Institucional_01\/\">IFEMA<\/a> y <a href=\"http:\/\/www.shootinginspain.info\/\">Spain Film Commission<\/a> el pasado 25 de julio entre Eduardo L\u00f3pez Puertas (director general de IFEMA) y Carlos Rosado (presidente de Spain Film Commission), en la pr\u00f3xima edici\u00f3n de FITUR habr\u00e1 una secci\u00f3n monogr\u00e1fica dedicada al binomio\u00a0Cine y Turismo, Fitur Cine-Screen Tourism, que dispondr\u00e1 de un \u00e1rea expositiva propia, as\u00ed como un espacio B2B y una zona destinada a la celebraci\u00f3n de un programa de conferencias, organizado por SFC.<\/p>\n<p>En la reuni\u00f3n de la comisi\u00f3n t\u00e9cnica para la organizaci\u00f3n del espacio, celebrada el pasado 19 de septiembre, se pusieron las bases de esta actividad. En breves fechas se comunicar\u00e1 c\u00f3mo se organizar\u00e1 esta secci\u00f3n monogr\u00e1fica y las actividades que se desarrollar\u00e1n durante la feria de Fitur 2019.<\/p>\n<p><strong>Cine-Screen Tourism<\/strong> en Fitur 2019 supone una gran oportunidad para promocionar los destinos, potenciar las visitas a esos lugares, diversificar la oferta tur\u00edstica y combatir la estacionalidad. En ese sentido, Eduardo L\u00f3pez-Puertas se\u00f1ala que Fitur Cine-Screen Tourism &#8220;<em>significa un paso adelante en esa apuesta permanente por integrar en\u00a0 FITUR a sectores verticales que representen empleo, negocio y crecimiento para la industria tur\u00edstica<\/em>&#8221;. Adem\u00e1s, se\u00f1ala que resulta muy importante poder &#8220;<em>paquetizar estos destinos relacionados con ambas industrias<\/em>&#8221; para facilitar la visita de todos esos enclaves que los espectadores han visto previamente en pantalla. Por su parte, Carlos Rosado subraya que &#8220;<em>Los rodajes audiovisuales generan econom\u00eda y empleo<\/em>&#8221; para acabar afirmando que &#8220;<em>el cine induce el turismo<\/em>&#8221;.<\/p>\n<p>As\u00ed pues, con iniciativas como \u00e9sta, Spain Film Commission pretende tender un puente entre las industrias audiovisual y tur\u00edstica. Tanto es as\u00ed, que ya podemos avanzar que estamos preparando una secci\u00f3n de Cine y Turismo en nuestra <a href=\"http:\/\/www.shootinginspain.info\/\">p\u00e1gina web<\/a>, la cual ser\u00e1 lanzada en breve.<\/p>\n<p><img src='https:\/\/spainfilmcommission.com\/\/wp-content\/uploads\/2018\/09\/fitur-y-spain-film-commission-se-reunen-para-avanzar-en-la-organizacion-de-cine-screen-tourism-20191-75.jpg' alt='Imagen relacionada'><\/p>\n","protected":false},"excerpt":{"rendered":"<p>El 19 de septiembre se reuni\u00f3 la comisi\u00f3n t\u00e9cnica de la nueva secci\u00f3n monogr\u00e1fica Cine-Screen Tourism que se celebrar\u00e1\u00a0 en la pr\u00f3xima edici\u00f3n del <a href=\"http:\/\/www.ifema.es\/fitur_01\/Prensa\/NotasdePrensa\/INS_116805\">Fitur 2019<\/a>, del 23 al 27 de enero en <a href=\"http:\/\/www.ifema.es\/Institucional_01\/\">IFEMA<\/a>.<\/p>\n","protected":false},"author":2,"featured_media":7277,"comment_status":"closed","ping_status":"","sticky":false,"template":"","format":"standard","meta":{"footnotes":""},"categories":[38],"tags":[],"class_list":["post-7276","post","type-post","status-publish","format-standard","has-post-thumbnail","hentry","category-noticias"],"yoast_head":"<!-- This site is optimized with the Yoast SEO plugin v27.3 - https:\/\/yoast.com\/product\/yoast-seo-wordpress\/ -->\n<title>Fitur y Spain Film Commission se re\u00fanen para avanzar en la organizaci\u00f3n de Cine - Screen Tourism 2019 - Spain Film Commission<\/title>\n<meta name=\"robots\" content=\"index, follow, max-snippet:-1, max-image-preview:large, max-video-preview:-1\" \/>\n<link rel=\"canonical\" href=\"https:\/\/spainfilmcommission.com\/en\/blog\/fitur-y-spain-film-commission-se-reunen-para-avanzar-en-la-organizacion-de-cine-screen-tourism-2019\/\" \/>\n<meta property=\"og:locale\" content=\"en_US\" \/>\n<meta property=\"og:type\" content=\"article\" \/>\n<meta property=\"og:title\" content=\"Fitur y Spain Film Commission se re\u00fanen para avanzar en la organizaci\u00f3n de Cine - Screen Tourism 2019 - Spain Film Commission\" \/>\n<meta property=\"og:description\" content=\"El 19 de septiembre se reuni\u00f3 la comisi\u00f3n t\u00e9cnica de la nueva secci\u00f3n monogr\u00e1fica Cine-Screen Tourism que se celebrar\u00e1\u00a0 en la pr\u00f3xima edici\u00f3n del Fitur 2019, del 23 al 27 de enero en IFEMA.\" \/>\n<meta property=\"og:url\" content=\"https:\/\/spainfilmcommission.com\/en\/blog\/fitur-y-spain-film-commission-se-reunen-para-avanzar-en-la-organizacion-de-cine-screen-tourism-2019\/\" \/>\n<meta property=\"og:site_name\" content=\"Spain Film Commission\" \/>\n<meta property=\"article:published_time\" content=\"2018-09-24T22:00:00+00:00\" \/>\n<meta property=\"article:modified_time\" content=\"2025-02-11T07:07:39+00:00\" \/>\n<meta property=\"og:image\" content=\"https:\/\/spainfilmcommission.com\/wp-content\/uploads\/2018\/09\/fitur-y-spain-film-commission-se-reunen-para-avanzar-en-la-organizacion-de-cine-screen-tourism-2019-75.jpg\" \/>\n\t<meta property=\"og:image:width\" content=\"745\" \/>\n\t<meta property=\"og:image:height\" content=\"532\" \/>\n\t<meta property=\"og:image:type\" content=\"image\/jpeg\" \/>\n<meta name=\"author\" content=\"studio128k_dam\" \/>\n<meta name=\"twitter:card\" content=\"summary_large_image\" \/>\n<meta name=\"twitter:label1\" content=\"Written by\" \/>\n\t<meta name=\"twitter:data1\" content=\"studio128k_dam\" \/>\n\t<meta name=\"twitter:label2\" content=\"Est. reading time\" \/>\n\t<meta name=\"twitter:data2\" content=\"2 minutes\" \/>\n<script type=\"application\/ld+json\" class=\"yoast-schema-graph\">{\"@context\":\"https:\\\/\\\/schema.org\",\"@graph\":[{\"@type\":\"Article\",\"@id\":\"https:\\\/\\\/spainfilmcommission.com\\\/en\\\/blog\\\/fitur-y-spain-film-commission-se-reunen-para-avanzar-en-la-organizacion-de-cine-screen-tourism-2019\\\/#article\",\"isPartOf\":{\"@id\":\"https:\\\/\\\/spainfilmcommission.com\\\/en\\\/blog\\\/fitur-y-spain-film-commission-se-reunen-para-avanzar-en-la-organizacion-de-cine-screen-tourism-2019\\\/\"},\"author\":{\"name\":\"studio128k_dam\",\"@id\":\"https:\\\/\\\/spainfilmcommission.com\\\/en\\\/#\\\/schema\\\/person\\\/6c014ba6ceac198d178a6a9e61113c9d\"},\"headline\":\"Fitur y Spain Film Commission se re\u00fanen para avanzar en la organizaci\u00f3n de Cine &#8211; Screen Tourism 2019\",\"datePublished\":\"2018-09-24T22:00:00+00:00\",\"dateModified\":\"2025-02-11T07:07:39+00:00\",\"mainEntityOfPage\":{\"@id\":\"https:\\\/\\\/spainfilmcommission.com\\\/en\\\/blog\\\/fitur-y-spain-film-commission-se-reunen-para-avanzar-en-la-organizacion-de-cine-screen-tourism-2019\\\/\"},\"wordCount\":360,\"publisher\":{\"@id\":\"https:\\\/\\\/spainfilmcommission.com\\\/en\\\/#organization\"},\"image\":{\"@id\":\"https:\\\/\\\/spainfilmcommission.com\\\/en\\\/blog\\\/fitur-y-spain-film-commission-se-reunen-para-avanzar-en-la-organizacion-de-cine-screen-tourism-2019\\\/#primaryimage\"},\"thumbnailUrl\":\"https:\\\/\\\/spainfilmcommission.com\\\/wp-content\\\/uploads\\\/2018\\\/09\\\/fitur-y-spain-film-commission-se-reunen-para-avanzar-en-la-organizacion-de-cine-screen-tourism-2019-75.jpg\",\"articleSection\":[\"Noticias\"],\"inLanguage\":\"en-US\"},{\"@type\":\"WebPage\",\"@id\":\"https:\\\/\\\/spainfilmcommission.com\\\/en\\\/blog\\\/fitur-y-spain-film-commission-se-reunen-para-avanzar-en-la-organizacion-de-cine-screen-tourism-2019\\\/\",\"url\":\"https:\\\/\\\/spainfilmcommission.com\\\/en\\\/blog\\\/fitur-y-spain-film-commission-se-reunen-para-avanzar-en-la-organizacion-de-cine-screen-tourism-2019\\\/\",\"name\":\"Fitur y Spain Film Commission se re\u00fanen para avanzar en la organizaci\u00f3n de Cine - Screen Tourism 2019 - Spain Film Commission\",\"isPartOf\":{\"@id\":\"https:\\\/\\\/spainfilmcommission.com\\\/en\\\/#website\"},\"primaryImageOfPage\":{\"@id\":\"https:\\\/\\\/spainfilmcommission.com\\\/en\\\/blog\\\/fitur-y-spain-film-commission-se-reunen-para-avanzar-en-la-organizacion-de-cine-screen-tourism-2019\\\/#primaryimage\"},\"image\":{\"@id\":\"https:\\\/\\\/spainfilmcommission.com\\\/en\\\/blog\\\/fitur-y-spain-film-commission-se-reunen-para-avanzar-en-la-organizacion-de-cine-screen-tourism-2019\\\/#primaryimage\"},\"thumbnailUrl\":\"https:\\\/\\\/spainfilmcommission.com\\\/wp-content\\\/uploads\\\/2018\\\/09\\\/fitur-y-spain-film-commission-se-reunen-para-avanzar-en-la-organizacion-de-cine-screen-tourism-2019-75.jpg\",\"datePublished\":\"2018-09-24T22:00:00+00:00\",\"dateModified\":\"2025-02-11T07:07:39+00:00\",\"breadcrumb\":{\"@id\":\"https:\\\/\\\/spainfilmcommission.com\\\/en\\\/blog\\\/fitur-y-spain-film-commission-se-reunen-para-avanzar-en-la-organizacion-de-cine-screen-tourism-2019\\\/#breadcrumb\"},\"inLanguage\":\"en-US\",\"potentialAction\":[{\"@type\":\"ReadAction\",\"target\":[\"https:\\\/\\\/spainfilmcommission.com\\\/en\\\/blog\\\/fitur-y-spain-film-commission-se-reunen-para-avanzar-en-la-organizacion-de-cine-screen-tourism-2019\\\/\"]}]},{\"@type\":\"ImageObject\",\"inLanguage\":\"en-US\",\"@id\":\"https:\\\/\\\/spainfilmcommission.com\\\/en\\\/blog\\\/fitur-y-spain-film-commission-se-reunen-para-avanzar-en-la-organizacion-de-cine-screen-tourism-2019\\\/#primaryimage\",\"url\":\"https:\\\/\\\/spainfilmcommission.com\\\/wp-content\\\/uploads\\\/2018\\\/09\\\/fitur-y-spain-film-commission-se-reunen-para-avanzar-en-la-organizacion-de-cine-screen-tourism-2019-75.jpg\",\"contentUrl\":\"https:\\\/\\\/spainfilmcommission.com\\\/wp-content\\\/uploads\\\/2018\\\/09\\\/fitur-y-spain-film-commission-se-reunen-para-avanzar-en-la-organizacion-de-cine-screen-tourism-2019-75.jpg\",\"width\":745,\"height\":532},{\"@type\":\"BreadcrumbList\",\"@id\":\"https:\\\/\\\/spainfilmcommission.com\\\/en\\\/blog\\\/fitur-y-spain-film-commission-se-reunen-para-avanzar-en-la-organizacion-de-cine-screen-tourism-2019\\\/#breadcrumb\",\"itemListElement\":[{\"@type\":\"ListItem\",\"position\":1,\"name\":\"Portada\",\"item\":\"https:\\\/\\\/spainfilmcommission.com\\\/en\\\/\"},{\"@type\":\"ListItem\",\"position\":2,\"name\":\"Fitur y Spain Film Commission se re\u00fanen para avanzar en la organizaci\u00f3n de Cine &#8211; Screen Tourism 2019\"}]},{\"@type\":\"WebSite\",\"@id\":\"https:\\\/\\\/spainfilmcommission.com\\\/en\\\/#website\",\"url\":\"https:\\\/\\\/spainfilmcommission.com\\\/en\\\/\",\"name\":\"Spain Film Commission\",\"description\":\"\",\"publisher\":{\"@id\":\"https:\\\/\\\/spainfilmcommission.com\\\/en\\\/#organization\"},\"potentialAction\":[{\"@type\":\"SearchAction\",\"target\":{\"@type\":\"EntryPoint\",\"urlTemplate\":\"https:\\\/\\\/spainfilmcommission.com\\\/en\\\/?s={search_term_string}\"},\"query-input\":{\"@type\":\"PropertyValueSpecification\",\"valueRequired\":true,\"valueName\":\"search_term_string\"}}],\"inLanguage\":\"en-US\"},{\"@type\":\"Organization\",\"@id\":\"https:\\\/\\\/spainfilmcommission.com\\\/en\\\/#organization\",\"name\":\"Spain Film Commission\",\"url\":\"https:\\\/\\\/spainfilmcommission.com\\\/en\\\/\",\"logo\":{\"@type\":\"ImageObject\",\"inLanguage\":\"en-US\",\"@id\":\"https:\\\/\\\/spainfilmcommission.com\\\/en\\\/#\\\/schema\\\/logo\\\/image\\\/\",\"url\":\"https:\\\/\\\/spainfilmcommission.com\\\/wp-content\\\/uploads\\\/2024\\\/07\\\/SPC_COLOR.png\",\"contentUrl\":\"https:\\\/\\\/spainfilmcommission.com\\\/wp-content\\\/uploads\\\/2024\\\/07\\\/SPC_COLOR.png\",\"width\":1665,\"height\":1665,\"caption\":\"Spain Film Commission\"},\"image\":{\"@id\":\"https:\\\/\\\/spainfilmcommission.com\\\/en\\\/#\\\/schema\\\/logo\\\/image\\\/\"}},{\"@type\":\"Person\",\"@id\":\"https:\\\/\\\/spainfilmcommission.com\\\/en\\\/#\\\/schema\\\/person\\\/6c014ba6ceac198d178a6a9e61113c9d\",\"name\":\"studio128k_dam\",\"image\":{\"@type\":\"ImageObject\",\"inLanguage\":\"en-US\",\"@id\":\"https:\\\/\\\/secure.gravatar.com\\\/avatar\\\/810f99144a13522c24aa173f9cd8bf079d0e89758af00b5f2938443cd51b31e9?s=96&d=mm&r=g\",\"url\":\"https:\\\/\\\/secure.gravatar.com\\\/avatar\\\/810f99144a13522c24aa173f9cd8bf079d0e89758af00b5f2938443cd51b31e9?s=96&d=mm&r=g\",\"contentUrl\":\"https:\\\/\\\/secure.gravatar.com\\\/avatar\\\/810f99144a13522c24aa173f9cd8bf079d0e89758af00b5f2938443cd51b31e9?s=96&d=mm&r=g\",\"caption\":\"studio128k_dam\"}}]}<\/script>\n<!-- \/ Yoast SEO plugin. -->","yoast_head_json":{"title":"Fitur y Spain Film Commission se re\u00fanen para avanzar en la organizaci\u00f3n de Cine - Screen Tourism 2019 - Spain Film Commission","robots":{"index":"index","follow":"follow","max-snippet":"max-snippet:-1","max-image-preview":"max-image-preview:large","max-video-preview":"max-video-preview:-1"},"canonical":"https:\/\/spainfilmcommission.com\/en\/blog\/fitur-y-spain-film-commission-se-reunen-para-avanzar-en-la-organizacion-de-cine-screen-tourism-2019\/","og_locale":"en_US","og_type":"article","og_title":"Fitur y Spain Film Commission se re\u00fanen para avanzar en la organizaci\u00f3n de Cine - Screen Tourism 2019 - Spain Film Commission","og_description":"El 19 de septiembre se reuni\u00f3 la comisi\u00f3n t\u00e9cnica de la nueva secci\u00f3n monogr\u00e1fica Cine-Screen Tourism que se celebrar\u00e1\u00a0 en la pr\u00f3xima edici\u00f3n del Fitur 2019, del 23 al 27 de enero en IFEMA.","og_url":"https:\/\/spainfilmcommission.com\/en\/blog\/fitur-y-spain-film-commission-se-reunen-para-avanzar-en-la-organizacion-de-cine-screen-tourism-2019\/","og_site_name":"Spain Film Commission","article_published_time":"2018-09-24T22:00:00+00:00","article_modified_time":"2025-02-11T07:07:39+00:00","og_image":[{"width":745,"height":532,"url":"https:\/\/spainfilmcommission.com\/wp-content\/uploads\/2018\/09\/fitur-y-spain-film-commission-se-reunen-para-avanzar-en-la-organizacion-de-cine-screen-tourism-2019-75.jpg","type":"image\/jpeg"}],"author":"studio128k_dam","twitter_card":"summary_large_image","twitter_misc":{"Written by":"studio128k_dam","Est. reading time":"2 minutes"},"schema":{"@context":"https:\/\/schema.org","@graph":[{"@type":"Article","@id":"https:\/\/spainfilmcommission.com\/en\/blog\/fitur-y-spain-film-commission-se-reunen-para-avanzar-en-la-organizacion-de-cine-screen-tourism-2019\/#article","isPartOf":{"@id":"https:\/\/spainfilmcommission.com\/en\/blog\/fitur-y-spain-film-commission-se-reunen-para-avanzar-en-la-organizacion-de-cine-screen-tourism-2019\/"},"author":{"name":"studio128k_dam","@id":"https:\/\/spainfilmcommission.com\/en\/#\/schema\/person\/6c014ba6ceac198d178a6a9e61113c9d"},"headline":"Fitur y Spain Film Commission se re\u00fanen para avanzar en la organizaci\u00f3n de Cine &#8211; Screen Tourism 2019","datePublished":"2018-09-24T22:00:00+00:00","dateModified":"2025-02-11T07:07:39+00:00","mainEntityOfPage":{"@id":"https:\/\/spainfilmcommission.com\/en\/blog\/fitur-y-spain-film-commission-se-reunen-para-avanzar-en-la-organizacion-de-cine-screen-tourism-2019\/"},"wordCount":360,"publisher":{"@id":"https:\/\/spainfilmcommission.com\/en\/#organization"},"image":{"@id":"https:\/\/spainfilmcommission.com\/en\/blog\/fitur-y-spain-film-commission-se-reunen-para-avanzar-en-la-organizacion-de-cine-screen-tourism-2019\/#primaryimage"},"thumbnailUrl":"https:\/\/spainfilmcommission.com\/wp-content\/uploads\/2018\/09\/fitur-y-spain-film-commission-se-reunen-para-avanzar-en-la-organizacion-de-cine-screen-tourism-2019-75.jpg","articleSection":["Noticias"],"inLanguage":"en-US"},{"@type":"WebPage","@id":"https:\/\/spainfilmcommission.com\/en\/blog\/fitur-y-spain-film-commission-se-reunen-para-avanzar-en-la-organizacion-de-cine-screen-tourism-2019\/","url":"https:\/\/spainfilmcommission.com\/en\/blog\/fitur-y-spain-film-commission-se-reunen-para-avanzar-en-la-organizacion-de-cine-screen-tourism-2019\/","name":"Fitur y Spain Film Commission se re\u00fanen para avanzar en la organizaci\u00f3n de Cine - Screen Tourism 2019 - Spain Film Commission","isPartOf":{"@id":"https:\/\/spainfilmcommission.com\/en\/#website"},"primaryImageOfPage":{"@id":"https:\/\/spainfilmcommission.com\/en\/blog\/fitur-y-spain-film-commission-se-reunen-para-avanzar-en-la-organizacion-de-cine-screen-tourism-2019\/#primaryimage"},"image":{"@id":"https:\/\/spainfilmcommission.com\/en\/blog\/fitur-y-spain-film-commission-se-reunen-para-avanzar-en-la-organizacion-de-cine-screen-tourism-2019\/#primaryimage"},"thumbnailUrl":"https:\/\/spainfilmcommission.com\/wp-content\/uploads\/2018\/09\/fitur-y-spain-film-commission-se-reunen-para-avanzar-en-la-organizacion-de-cine-screen-tourism-2019-75.jpg","datePublished":"2018-09-24T22:00:00+00:00","dateModified":"2025-02-11T07:07:39+00:00","breadcrumb":{"@id":"https:\/\/spainfilmcommission.com\/en\/blog\/fitur-y-spain-film-commission-se-reunen-para-avanzar-en-la-organizacion-de-cine-screen-tourism-2019\/#breadcrumb"},"inLanguage":"en-US","potentialAction":[{"@type":"ReadAction","target":["https:\/\/spainfilmcommission.com\/en\/blog\/fitur-y-spain-film-commission-se-reunen-para-avanzar-en-la-organizacion-de-cine-screen-tourism-2019\/"]}]},{"@type":"ImageObject","inLanguage":"en-US","@id":"https:\/\/spainfilmcommission.com\/en\/blog\/fitur-y-spain-film-commission-se-reunen-para-avanzar-en-la-organizacion-de-cine-screen-tourism-2019\/#primaryimage","url":"https:\/\/spainfilmcommission.com\/wp-content\/uploads\/2018\/09\/fitur-y-spain-film-commission-se-reunen-para-avanzar-en-la-organizacion-de-cine-screen-tourism-2019-75.jpg","contentUrl":"https:\/\/spainfilmcommission.com\/wp-content\/uploads\/2018\/09\/fitur-y-spain-film-commission-se-reunen-para-avanzar-en-la-organizacion-de-cine-screen-tourism-2019-75.jpg","width":745,"height":532},{"@type":"BreadcrumbList","@id":"https:\/\/spainfilmcommission.com\/en\/blog\/fitur-y-spain-film-commission-se-reunen-para-avanzar-en-la-organizacion-de-cine-screen-tourism-2019\/#breadcrumb","itemListElement":[{"@type":"ListItem","position":1,"name":"Portada","item":"https:\/\/spainfilmcommission.com\/en\/"},{"@type":"ListItem","position":2,"name":"Fitur y Spain Film Commission se re\u00fanen para avanzar en la organizaci\u00f3n de Cine &#8211; Screen Tourism 2019"}]},{"@type":"WebSite","@id":"https:\/\/spainfilmcommission.com\/en\/#website","url":"https:\/\/spainfilmcommission.com\/en\/","name":"Spain Film Commission","description":"","publisher":{"@id":"https:\/\/spainfilmcommission.com\/en\/#organization"},"potentialAction":[{"@type":"SearchAction","target":{"@type":"EntryPoint","urlTemplate":"https:\/\/spainfilmcommission.com\/en\/?s={search_term_string}"},"query-input":{"@type":"PropertyValueSpecification","valueRequired":true,"valueName":"search_term_string"}}],"inLanguage":"en-US"},{"@type":"Organization","@id":"https:\/\/spainfilmcommission.com\/en\/#organization","name":"Spain Film Commission","url":"https:\/\/spainfilmcommission.com\/en\/","logo":{"@type":"ImageObject","inLanguage":"en-US","@id":"https:\/\/spainfilmcommission.com\/en\/#\/schema\/logo\/image\/","url":"https:\/\/spainfilmcommission.com\/wp-content\/uploads\/2024\/07\/SPC_COLOR.png","contentUrl":"https:\/\/spainfilmcommission.com\/wp-content\/uploads\/2024\/07\/SPC_COLOR.png","width":1665,"height":1665,"caption":"Spain Film Commission"},"image":{"@id":"https:\/\/spainfilmcommission.com\/en\/#\/schema\/logo\/image\/"}},{"@type":"Person","@id":"https:\/\/spainfilmcommission.com\/en\/#\/schema\/person\/6c014ba6ceac198d178a6a9e61113c9d","name":"studio128k_dam","image":{"@type":"ImageObject","inLanguage":"en-US","@id":"https:\/\/secure.gravatar.com\/avatar\/810f99144a13522c24aa173f9cd8bf079d0e89758af00b5f2938443cd51b31e9?s=96&d=mm&r=g","url":"https:\/\/secure.gravatar.com\/avatar\/810f99144a13522c24aa173f9cd8bf079d0e89758af00b5f2938443cd51b31e9?s=96&d=mm&r=g","contentUrl":"https:\/\/secure.gravatar.com\/avatar\/810f99144a13522c24aa173f9cd8bf079d0e89758af00b5f2938443cd51b31e9?s=96&d=mm&r=g","caption":"studio128k_dam"}}]}},"_links":{"self":[{"href":"https:\/\/spainfilmcommission.com\/en\/wp-json\/wp\/v2\/posts\/7276","targetHints":{"allow":["GET"]}}],"collection":[{"href":"https:\/\/spainfilmcommission.com\/en\/wp-json\/wp\/v2\/posts"}],"about":[{"href":"https:\/\/spainfilmcommission.com\/en\/wp-json\/wp\/v2\/types\/post"}],"author":[{"embeddable":true,"href":"https:\/\/spainfilmcommission.com\/en\/wp-json\/wp\/v2\/users\/2"}],"replies":[{"embeddable":true,"href":"https:\/\/spainfilmcommission.com\/en\/wp-json\/wp\/v2\/comments?post=7276"}],"version-history":[{"count":0,"href":"https:\/\/spainfilmcommission.com\/en\/wp-json\/wp\/v2\/posts\/7276\/revisions"}],"wp:featuredmedia":[{"embeddable":true,"href":"https:\/\/spainfilmcommission.com\/en\/wp-json\/wp\/v2\/media\/7277"}],"wp:attachment":[{"href":"https:\/\/spainfilmcommission.com\/en\/wp-json\/wp\/v2\/media?parent=7276"}],"wp:term":[{"taxonomy":"category","embeddable":true,"href":"https:\/\/spainfilmcommission.com\/en\/wp-json\/wp\/v2\/categories?post=7276"},{"taxonomy":"post_tag","embeddable":true,"href":"https:\/\/spainfilmcommission.com\/en\/wp-json\/wp\/v2\/tags?post=7276"}],"curies":[{"name":"wp","href":"https:\/\/api.w.org\/{rel}","templated":true}]}}