{"id":7270,"date":"2018-09-21T00:00:00","date_gmt":"2018-09-20T22:00:00","guid":{"rendered":"https:\/\/sfc.com\/hoy-arranca-la-66-edicion-del-festival-de-san-sebastian-uno-de-los-festivales-de-referencia-a-nivel-estatal-y-europeo\/"},"modified":"2025-02-11T08:07:39","modified_gmt":"2025-02-11T07:07:39","slug":"hoy-arranca-la-66-edicion-del-festival-de-san-sebastian-uno-de-los-festivales-de-referencia-a-nivel-estatal-y-europeo","status":"publish","type":"post","link":"https:\/\/spainfilmcommission.com\/en\/blog\/hoy-arranca-la-66-edicion-del-festival-de-san-sebastian-uno-de-los-festivales-de-referencia-a-nivel-estatal-y-europeo\/","title":{"rendered":"Hoy arranca la 66\u00aa edici\u00f3n del Festival de San Sebasti\u00e1n, uno de los festivales de referencia a nivel estatal y europeo."},"content":{"rendered":"<p><span style=\"font-size:11pt;font-family:Arial;color:#000000;background-color:transparent;font-weight:700;font-style:normal;font-variant:normal;text-decoration:none;vertical-align:baseline;white-space:pre-wrap;\">El festival, que tendr\u00e1 lugar del 21 al 29 de septiembre, contar\u00e1 con la asistencia de reputadas personalidades del cine: desde Danny DeVito o Hirokazu Koreeda, pasando por Judi Dench y Ricardo Dar\u00edn, hasta la actriz Isabelle Huppert. <\/span><\/p>\n<p><span style=\"font-size:11pt;font-family:Arial;color:#000000;background-color:transparent;font-weight:400;font-style:normal;font-variant:normal;text-decoration:none;vertical-align:baseline;white-space:pre-wrap;\">La 66\u00aa edici\u00f3n del Festival de San Sebasti\u00e1n da hoy el pistoletazo de salida con la misma finalidad de siempre: defender el mejor cine, venga de donde venga, y apostando por la pluralidad, la paridad y el espect\u00e1culo. <\/span><\/p>\n<p><span style=\"font-size:11pt;font-family:Arial;color:#000000;background-color:transparent;font-weight:400;font-style:normal;font-variant:normal;text-decoration:none;vertical-align:baseline;white-space:pre-wrap;\">Entre los t\u00edtulos m\u00e1s relevantes de esta edici\u00f3n podemos encontrar: <\/span><span style=\"font-size:11pt;font-family:Arial;color:#000000;background-color:transparent;font-weight:400;font-style:italic;font-variant:normal;text-decoration:none;vertical-align:baseline;white-space:pre-wrap;\">Qui\u00e9n te cantar\u00e1<\/span><span style=\"font-size:11pt;font-family:Arial;color:#000000;background-color:transparent;font-weight:400;font-style:normal;font-variant:normal;text-decoration:none;vertical-align:baseline;white-space:pre-wrap;\"> de <\/span><span style=\"font-size:11pt;font-family:Arial;color:#000000;background-color:transparent;font-weight:700;font-style:normal;font-variant:normal;text-decoration:none;vertical-align:baseline;white-space:pre-wrap;\">Carlos Vermut<\/span><span style=\"font-size:11pt;font-family:Arial;color:#000000;background-color:transparent;font-weight:400;font-style:normal;font-variant:normal;text-decoration:none;vertical-align:baseline;white-space:pre-wrap;\">, <\/span><span style=\"font-size:11pt;font-family:Arial;color:#000000;background-color:transparent;font-weight:400;font-style:italic;font-variant:normal;text-decoration:none;vertical-align:baseline;white-space:pre-wrap;\">El Reino<\/span><span style=\"font-size:11pt;font-family:Arial;color:#000000;background-color:transparent;font-weight:400;font-style:normal;font-variant:normal;text-decoration:none;vertical-align:baseline;white-space:pre-wrap;\"> de <\/span><span style=\"font-size:11pt;font-family:Arial;color:#000000;background-color:transparent;font-weight:700;font-style:normal;font-variant:normal;text-decoration:none;vertical-align:baseline;white-space:pre-wrap;\">Rodrigo Sorogoyen<\/span><span style=\"font-size:11pt;font-family:Arial;color:#000000;background-color:transparent;font-weight:400;font-style:normal;font-variant:normal;text-decoration:none;vertical-align:baseline;white-space:pre-wrap;\">, <\/span><span style=\"font-size:11pt;font-family:Arial;color:#000000;background-color:transparent;font-weight:400;font-style:italic;font-variant:normal;text-decoration:none;vertical-align:baseline;white-space:pre-wrap;\">Entre dos aguas<\/span><span style=\"font-size:11pt;font-family:Arial;color:#000000;background-color:transparent;font-weight:400;font-style:normal;font-variant:normal;text-decoration:none;vertical-align:baseline;white-space:pre-wrap;\"> de <\/span><span style=\"font-size:11pt;font-family:Arial;color:#000000;background-color:transparent;font-weight:700;font-style:normal;font-variant:normal;text-decoration:none;vertical-align:baseline;white-space:pre-wrap;\">Isaki Lacuesta <\/span><span style=\"font-size:11pt;font-family:Arial;color:#000000;background-color:transparent;font-weight:400;font-style:normal;font-variant:normal;text-decoration:none;vertical-align:baseline;white-space:pre-wrap;\">o <\/span><span style=\"font-size:11pt;font-family:Arial;color:#000000;background-color:transparent;font-weight:400;font-style:italic;font-variant:normal;text-decoration:none;vertical-align:baseline;white-space:pre-wrap;\">Marilyn<\/span><span style=\"font-size:11pt;font-family:Arial;color:#000000;background-color:transparent;font-weight:400;font-style:normal;font-variant:normal;text-decoration:none;vertical-align:baseline;white-space:pre-wrap;\">, de <\/span><span style=\"font-size:11pt;font-family:Arial;color:#000000;background-color:transparent;font-weight:700;font-style:normal;font-variant:normal;text-decoration:none;vertical-align:baseline;white-space:pre-wrap;\">Mart\u00edn Rodr\u00edguez Redondo<\/span><span style=\"font-size:11pt;font-family:Arial;color:#000000;background-color:transparent;font-weight:400;font-style:normal;font-variant:normal;text-decoration:none;vertical-align:baseline;white-space:pre-wrap;\">. A \u00e9stas se le suman una extensa variedad de t\u00edtulos con procedencia que va desde Francia, Alemania, Latinoam\u00e9rica, EEUU, hasta Israel, pero haciendo una clar\u00edsima apuesta por el cine espa\u00f1ol y en lenguas minoritarias. Adem\u00e1s el festival contar\u00e1 con gran variedad de eventos: ruedas de prensa, conferencias, desayunos, encuentros,&#8230;<\/span><\/p>\n<p dir=\"ltr\" style=\"line-height:1.38;margin-top:0pt;margin-bottom:0pt;\"><span style=\"font-size:11pt;font-family:Arial;color:#000000;background-color:transparent;font-weight:400;font-style:normal;font-variant:normal;text-decoration:none;vertical-align:baseline;white-space:pre-wrap;\">Una de las novedades con las que contar\u00e1 esta edici\u00f3n es, como ya hemos mencionado anteriormente, su firme apuesta por la inclusi\u00f3n de las mujeres en el mundo cinematogr\u00e1fico con la firma de la &#8220;Carta por la paridad y la inclusi\u00f3n de las Mujeres en el Cine&#8221;. Tambi\u00e9n hay que destacar que cuatro de las cinco pel\u00edculas que nominadas para el Premio Film Commission han sido dirigidas por mujeres. <\/span><\/p>\n<p dir=\"ltr\" style=\"line-height:1.38;margin-top:0pt;margin-bottom:0pt;\">\u00a0<\/p>\n<p dir=\"ltr\" style=\"line-height:1.38;margin-top:0pt;margin-bottom:0pt;\"><span style=\"font-size:11pt;font-family:Arial;color:#000000;background-color:transparent;font-weight:400;font-style:normal;font-variant:normal;text-decoration:none;vertical-align:baseline;white-space:pre-wrap;\">En definitiva, el festival de este a\u00f1o promete tener una gran recepci\u00f3n, tanto por parte de la ciudad de San Sebasti\u00e1n como del p\u00fablico en general, y continuar con el buen hacer al que ya nos tiene acostumbrados en su dilatada historia. <\/span><\/p>\n<p dir=\"ltr\" style=\"line-height:1.38;margin-top:0pt;margin-bottom:0pt;\">\u00a0<\/p>\n<p dir=\"ltr\" style=\"line-height:1.38;margin-top:0pt;margin-bottom:0pt;\">\u00a0<\/p>\n<p dir=\"ltr\" style=\"line-height:1.38;margin-top:0pt;margin-bottom:0pt;\"><span style=\"font-size:11pt;font-family:Arial;color:#000000;background-color:transparent;font-weight:400;font-style:normal;font-variant:normal;text-decoration:none;vertical-align:baseline;white-space:pre-wrap;\">Foto tomada en <\/span><a href=\"https:\/\/www.sansebastianfestival.com\/es\/\">https:\/\/www.sansebastianfestival.com\/es\/ <\/a><\/p>\n<p><img src='https:\/\/spainfilmcommission.com\/\/wp-content\/uploads\/2018\/09\/hoy-arranca-la-66-edicion-del-festival-de-san-sebastian-uno-de-los-festivales-de-referencia-a-nivel-estatal-y-europeo1-74.jpg' alt='Imagen relacionada'><\/p>\n","protected":false},"excerpt":{"rendered":"<p>El festival, que tendr\u00e1 lugar del 21 al 29 de septiembre, contar\u00e1 con la asistencia de reputadas personalidades del cine: desde Danny DeVito o Hirokazu Koreeda, pasando por Judi Dench y Ricardo Dar\u00edn, hasta la actriz Isabelle Huppert.<\/p>\n","protected":false},"author":2,"featured_media":7271,"comment_status":"closed","ping_status":"","sticky":false,"template":"","format":"standard","meta":{"footnotes":""},"categories":[38],"tags":[],"class_list":["post-7270","post","type-post","status-publish","format-standard","has-post-thumbnail","hentry","category-noticias"],"yoast_head":"<!-- This site is optimized with the Yoast SEO plugin v27.3 - https:\/\/yoast.com\/product\/yoast-seo-wordpress\/ -->\n<title>Hoy arranca la 66\u00aa edici\u00f3n del Festival de San Sebasti\u00e1n, uno de los festivales de referencia a nivel estatal y europeo. - Spain Film Commission<\/title>\n<meta name=\"robots\" content=\"index, follow, max-snippet:-1, max-image-preview:large, max-video-preview:-1\" \/>\n<link rel=\"canonical\" href=\"https:\/\/spainfilmcommission.com\/en\/blog\/hoy-arranca-la-66-edicion-del-festival-de-san-sebastian-uno-de-los-festivales-de-referencia-a-nivel-estatal-y-europeo\/\" \/>\n<meta property=\"og:locale\" content=\"en_US\" \/>\n<meta property=\"og:type\" content=\"article\" \/>\n<meta property=\"og:title\" content=\"Hoy arranca la 66\u00aa edici\u00f3n del Festival de San Sebasti\u00e1n, uno de los festivales de referencia a nivel estatal y europeo. - Spain Film Commission\" \/>\n<meta property=\"og:description\" content=\"El festival, que tendr\u00e1 lugar del 21 al 29 de septiembre, contar\u00e1 con la asistencia de reputadas personalidades del cine: desde Danny DeVito o Hirokazu Koreeda, pasando por Judi Dench y Ricardo Dar\u00edn, hasta la actriz Isabelle Huppert.\" \/>\n<meta property=\"og:url\" content=\"https:\/\/spainfilmcommission.com\/en\/blog\/hoy-arranca-la-66-edicion-del-festival-de-san-sebastian-uno-de-los-festivales-de-referencia-a-nivel-estatal-y-europeo\/\" \/>\n<meta property=\"og:site_name\" content=\"Spain Film Commission\" \/>\n<meta property=\"article:published_time\" content=\"2018-09-20T22:00:00+00:00\" \/>\n<meta property=\"article:modified_time\" content=\"2025-02-11T07:07:39+00:00\" \/>\n<meta property=\"og:image\" content=\"https:\/\/spainfilmcommission.com\/wp-content\/uploads\/2018\/09\/hoy-arranca-la-66-edicion-del-festival-de-san-sebastian-uno-de-los-festivales-de-referencia-a-nivel-estatal-y-europeo-74.jpg\" \/>\n\t<meta property=\"og:image:width\" content=\"700\" \/>\n\t<meta property=\"og:image:height\" content=\"455\" \/>\n\t<meta property=\"og:image:type\" content=\"image\/jpeg\" \/>\n<meta name=\"author\" content=\"studio128k_dam\" \/>\n<meta name=\"twitter:card\" content=\"summary_large_image\" \/>\n<meta name=\"twitter:label1\" content=\"Written by\" \/>\n\t<meta name=\"twitter:data1\" content=\"studio128k_dam\" \/>\n\t<meta name=\"twitter:label2\" content=\"Est. reading time\" \/>\n\t<meta name=\"twitter:data2\" content=\"1 minute\" \/>\n<script type=\"application\/ld+json\" class=\"yoast-schema-graph\">{\"@context\":\"https:\\\/\\\/schema.org\",\"@graph\":[{\"@type\":\"Article\",\"@id\":\"https:\\\/\\\/spainfilmcommission.com\\\/en\\\/blog\\\/hoy-arranca-la-66-edicion-del-festival-de-san-sebastian-uno-de-los-festivales-de-referencia-a-nivel-estatal-y-europeo\\\/#article\",\"isPartOf\":{\"@id\":\"https:\\\/\\\/spainfilmcommission.com\\\/en\\\/blog\\\/hoy-arranca-la-66-edicion-del-festival-de-san-sebastian-uno-de-los-festivales-de-referencia-a-nivel-estatal-y-europeo\\\/\"},\"author\":{\"name\":\"studio128k_dam\",\"@id\":\"https:\\\/\\\/spainfilmcommission.com\\\/en\\\/#\\\/schema\\\/person\\\/6c014ba6ceac198d178a6a9e61113c9d\"},\"headline\":\"Hoy arranca la 66\u00aa edici\u00f3n del Festival de San Sebasti\u00e1n, uno de los festivales de referencia a nivel estatal y europeo.\",\"datePublished\":\"2018-09-20T22:00:00+00:00\",\"dateModified\":\"2025-02-11T07:07:39+00:00\",\"mainEntityOfPage\":{\"@id\":\"https:\\\/\\\/spainfilmcommission.com\\\/en\\\/blog\\\/hoy-arranca-la-66-edicion-del-festival-de-san-sebastian-uno-de-los-festivales-de-referencia-a-nivel-estatal-y-europeo\\\/\"},\"wordCount\":321,\"publisher\":{\"@id\":\"https:\\\/\\\/spainfilmcommission.com\\\/en\\\/#organization\"},\"image\":{\"@id\":\"https:\\\/\\\/spainfilmcommission.com\\\/en\\\/blog\\\/hoy-arranca-la-66-edicion-del-festival-de-san-sebastian-uno-de-los-festivales-de-referencia-a-nivel-estatal-y-europeo\\\/#primaryimage\"},\"thumbnailUrl\":\"https:\\\/\\\/spainfilmcommission.com\\\/wp-content\\\/uploads\\\/2018\\\/09\\\/hoy-arranca-la-66-edicion-del-festival-de-san-sebastian-uno-de-los-festivales-de-referencia-a-nivel-estatal-y-europeo-74.jpg\",\"articleSection\":[\"Noticias\"],\"inLanguage\":\"en-US\"},{\"@type\":\"WebPage\",\"@id\":\"https:\\\/\\\/spainfilmcommission.com\\\/en\\\/blog\\\/hoy-arranca-la-66-edicion-del-festival-de-san-sebastian-uno-de-los-festivales-de-referencia-a-nivel-estatal-y-europeo\\\/\",\"url\":\"https:\\\/\\\/spainfilmcommission.com\\\/en\\\/blog\\\/hoy-arranca-la-66-edicion-del-festival-de-san-sebastian-uno-de-los-festivales-de-referencia-a-nivel-estatal-y-europeo\\\/\",\"name\":\"Hoy arranca la 66\u00aa edici\u00f3n del Festival de San Sebasti\u00e1n, uno de los festivales de referencia a nivel estatal y europeo. - Spain Film Commission\",\"isPartOf\":{\"@id\":\"https:\\\/\\\/spainfilmcommission.com\\\/en\\\/#website\"},\"primaryImageOfPage\":{\"@id\":\"https:\\\/\\\/spainfilmcommission.com\\\/en\\\/blog\\\/hoy-arranca-la-66-edicion-del-festival-de-san-sebastian-uno-de-los-festivales-de-referencia-a-nivel-estatal-y-europeo\\\/#primaryimage\"},\"image\":{\"@id\":\"https:\\\/\\\/spainfilmcommission.com\\\/en\\\/blog\\\/hoy-arranca-la-66-edicion-del-festival-de-san-sebastian-uno-de-los-festivales-de-referencia-a-nivel-estatal-y-europeo\\\/#primaryimage\"},\"thumbnailUrl\":\"https:\\\/\\\/spainfilmcommission.com\\\/wp-content\\\/uploads\\\/2018\\\/09\\\/hoy-arranca-la-66-edicion-del-festival-de-san-sebastian-uno-de-los-festivales-de-referencia-a-nivel-estatal-y-europeo-74.jpg\",\"datePublished\":\"2018-09-20T22:00:00+00:00\",\"dateModified\":\"2025-02-11T07:07:39+00:00\",\"breadcrumb\":{\"@id\":\"https:\\\/\\\/spainfilmcommission.com\\\/en\\\/blog\\\/hoy-arranca-la-66-edicion-del-festival-de-san-sebastian-uno-de-los-festivales-de-referencia-a-nivel-estatal-y-europeo\\\/#breadcrumb\"},\"inLanguage\":\"en-US\",\"potentialAction\":[{\"@type\":\"ReadAction\",\"target\":[\"https:\\\/\\\/spainfilmcommission.com\\\/en\\\/blog\\\/hoy-arranca-la-66-edicion-del-festival-de-san-sebastian-uno-de-los-festivales-de-referencia-a-nivel-estatal-y-europeo\\\/\"]}]},{\"@type\":\"ImageObject\",\"inLanguage\":\"en-US\",\"@id\":\"https:\\\/\\\/spainfilmcommission.com\\\/en\\\/blog\\\/hoy-arranca-la-66-edicion-del-festival-de-san-sebastian-uno-de-los-festivales-de-referencia-a-nivel-estatal-y-europeo\\\/#primaryimage\",\"url\":\"https:\\\/\\\/spainfilmcommission.com\\\/wp-content\\\/uploads\\\/2018\\\/09\\\/hoy-arranca-la-66-edicion-del-festival-de-san-sebastian-uno-de-los-festivales-de-referencia-a-nivel-estatal-y-europeo-74.jpg\",\"contentUrl\":\"https:\\\/\\\/spainfilmcommission.com\\\/wp-content\\\/uploads\\\/2018\\\/09\\\/hoy-arranca-la-66-edicion-del-festival-de-san-sebastian-uno-de-los-festivales-de-referencia-a-nivel-estatal-y-europeo-74.jpg\",\"width\":700,\"height\":455},{\"@type\":\"BreadcrumbList\",\"@id\":\"https:\\\/\\\/spainfilmcommission.com\\\/en\\\/blog\\\/hoy-arranca-la-66-edicion-del-festival-de-san-sebastian-uno-de-los-festivales-de-referencia-a-nivel-estatal-y-europeo\\\/#breadcrumb\",\"itemListElement\":[{\"@type\":\"ListItem\",\"position\":1,\"name\":\"Portada\",\"item\":\"https:\\\/\\\/spainfilmcommission.com\\\/en\\\/\"},{\"@type\":\"ListItem\",\"position\":2,\"name\":\"Hoy arranca la 66\u00aa edici\u00f3n del Festival de San Sebasti\u00e1n, uno de los festivales de referencia a nivel estatal y europeo.\"}]},{\"@type\":\"WebSite\",\"@id\":\"https:\\\/\\\/spainfilmcommission.com\\\/en\\\/#website\",\"url\":\"https:\\\/\\\/spainfilmcommission.com\\\/en\\\/\",\"name\":\"Spain Film Commission\",\"description\":\"\",\"publisher\":{\"@id\":\"https:\\\/\\\/spainfilmcommission.com\\\/en\\\/#organization\"},\"potentialAction\":[{\"@type\":\"SearchAction\",\"target\":{\"@type\":\"EntryPoint\",\"urlTemplate\":\"https:\\\/\\\/spainfilmcommission.com\\\/en\\\/?s={search_term_string}\"},\"query-input\":{\"@type\":\"PropertyValueSpecification\",\"valueRequired\":true,\"valueName\":\"search_term_string\"}}],\"inLanguage\":\"en-US\"},{\"@type\":\"Organization\",\"@id\":\"https:\\\/\\\/spainfilmcommission.com\\\/en\\\/#organization\",\"name\":\"Spain Film Commission\",\"url\":\"https:\\\/\\\/spainfilmcommission.com\\\/en\\\/\",\"logo\":{\"@type\":\"ImageObject\",\"inLanguage\":\"en-US\",\"@id\":\"https:\\\/\\\/spainfilmcommission.com\\\/en\\\/#\\\/schema\\\/logo\\\/image\\\/\",\"url\":\"https:\\\/\\\/spainfilmcommission.com\\\/wp-content\\\/uploads\\\/2024\\\/07\\\/SPC_COLOR.png\",\"contentUrl\":\"https:\\\/\\\/spainfilmcommission.com\\\/wp-content\\\/uploads\\\/2024\\\/07\\\/SPC_COLOR.png\",\"width\":1665,\"height\":1665,\"caption\":\"Spain Film Commission\"},\"image\":{\"@id\":\"https:\\\/\\\/spainfilmcommission.com\\\/en\\\/#\\\/schema\\\/logo\\\/image\\\/\"}},{\"@type\":\"Person\",\"@id\":\"https:\\\/\\\/spainfilmcommission.com\\\/en\\\/#\\\/schema\\\/person\\\/6c014ba6ceac198d178a6a9e61113c9d\",\"name\":\"studio128k_dam\",\"image\":{\"@type\":\"ImageObject\",\"inLanguage\":\"en-US\",\"@id\":\"https:\\\/\\\/secure.gravatar.com\\\/avatar\\\/810f99144a13522c24aa173f9cd8bf079d0e89758af00b5f2938443cd51b31e9?s=96&d=mm&r=g\",\"url\":\"https:\\\/\\\/secure.gravatar.com\\\/avatar\\\/810f99144a13522c24aa173f9cd8bf079d0e89758af00b5f2938443cd51b31e9?s=96&d=mm&r=g\",\"contentUrl\":\"https:\\\/\\\/secure.gravatar.com\\\/avatar\\\/810f99144a13522c24aa173f9cd8bf079d0e89758af00b5f2938443cd51b31e9?s=96&d=mm&r=g\",\"caption\":\"studio128k_dam\"}}]}<\/script>\n<!-- \/ Yoast SEO plugin. -->","yoast_head_json":{"title":"Hoy arranca la 66\u00aa edici\u00f3n del Festival de San Sebasti\u00e1n, uno de los festivales de referencia a nivel estatal y europeo. - Spain Film Commission","robots":{"index":"index","follow":"follow","max-snippet":"max-snippet:-1","max-image-preview":"max-image-preview:large","max-video-preview":"max-video-preview:-1"},"canonical":"https:\/\/spainfilmcommission.com\/en\/blog\/hoy-arranca-la-66-edicion-del-festival-de-san-sebastian-uno-de-los-festivales-de-referencia-a-nivel-estatal-y-europeo\/","og_locale":"en_US","og_type":"article","og_title":"Hoy arranca la 66\u00aa edici\u00f3n del Festival de San Sebasti\u00e1n, uno de los festivales de referencia a nivel estatal y europeo. - Spain Film Commission","og_description":"El festival, que tendr\u00e1 lugar del 21 al 29 de septiembre, contar\u00e1 con la asistencia de reputadas personalidades del cine: desde Danny DeVito o Hirokazu Koreeda, pasando por Judi Dench y Ricardo Dar\u00edn, hasta la actriz Isabelle Huppert.","og_url":"https:\/\/spainfilmcommission.com\/en\/blog\/hoy-arranca-la-66-edicion-del-festival-de-san-sebastian-uno-de-los-festivales-de-referencia-a-nivel-estatal-y-europeo\/","og_site_name":"Spain Film Commission","article_published_time":"2018-09-20T22:00:00+00:00","article_modified_time":"2025-02-11T07:07:39+00:00","og_image":[{"width":700,"height":455,"url":"https:\/\/spainfilmcommission.com\/wp-content\/uploads\/2018\/09\/hoy-arranca-la-66-edicion-del-festival-de-san-sebastian-uno-de-los-festivales-de-referencia-a-nivel-estatal-y-europeo-74.jpg","type":"image\/jpeg"}],"author":"studio128k_dam","twitter_card":"summary_large_image","twitter_misc":{"Written by":"studio128k_dam","Est. reading time":"1 minute"},"schema":{"@context":"https:\/\/schema.org","@graph":[{"@type":"Article","@id":"https:\/\/spainfilmcommission.com\/en\/blog\/hoy-arranca-la-66-edicion-del-festival-de-san-sebastian-uno-de-los-festivales-de-referencia-a-nivel-estatal-y-europeo\/#article","isPartOf":{"@id":"https:\/\/spainfilmcommission.com\/en\/blog\/hoy-arranca-la-66-edicion-del-festival-de-san-sebastian-uno-de-los-festivales-de-referencia-a-nivel-estatal-y-europeo\/"},"author":{"name":"studio128k_dam","@id":"https:\/\/spainfilmcommission.com\/en\/#\/schema\/person\/6c014ba6ceac198d178a6a9e61113c9d"},"headline":"Hoy arranca la 66\u00aa edici\u00f3n del Festival de San Sebasti\u00e1n, uno de los festivales de referencia a nivel estatal y europeo.","datePublished":"2018-09-20T22:00:00+00:00","dateModified":"2025-02-11T07:07:39+00:00","mainEntityOfPage":{"@id":"https:\/\/spainfilmcommission.com\/en\/blog\/hoy-arranca-la-66-edicion-del-festival-de-san-sebastian-uno-de-los-festivales-de-referencia-a-nivel-estatal-y-europeo\/"},"wordCount":321,"publisher":{"@id":"https:\/\/spainfilmcommission.com\/en\/#organization"},"image":{"@id":"https:\/\/spainfilmcommission.com\/en\/blog\/hoy-arranca-la-66-edicion-del-festival-de-san-sebastian-uno-de-los-festivales-de-referencia-a-nivel-estatal-y-europeo\/#primaryimage"},"thumbnailUrl":"https:\/\/spainfilmcommission.com\/wp-content\/uploads\/2018\/09\/hoy-arranca-la-66-edicion-del-festival-de-san-sebastian-uno-de-los-festivales-de-referencia-a-nivel-estatal-y-europeo-74.jpg","articleSection":["Noticias"],"inLanguage":"en-US"},{"@type":"WebPage","@id":"https:\/\/spainfilmcommission.com\/en\/blog\/hoy-arranca-la-66-edicion-del-festival-de-san-sebastian-uno-de-los-festivales-de-referencia-a-nivel-estatal-y-europeo\/","url":"https:\/\/spainfilmcommission.com\/en\/blog\/hoy-arranca-la-66-edicion-del-festival-de-san-sebastian-uno-de-los-festivales-de-referencia-a-nivel-estatal-y-europeo\/","name":"Hoy arranca la 66\u00aa edici\u00f3n del Festival de San Sebasti\u00e1n, uno de los festivales de referencia a nivel estatal y europeo. - Spain Film Commission","isPartOf":{"@id":"https:\/\/spainfilmcommission.com\/en\/#website"},"primaryImageOfPage":{"@id":"https:\/\/spainfilmcommission.com\/en\/blog\/hoy-arranca-la-66-edicion-del-festival-de-san-sebastian-uno-de-los-festivales-de-referencia-a-nivel-estatal-y-europeo\/#primaryimage"},"image":{"@id":"https:\/\/spainfilmcommission.com\/en\/blog\/hoy-arranca-la-66-edicion-del-festival-de-san-sebastian-uno-de-los-festivales-de-referencia-a-nivel-estatal-y-europeo\/#primaryimage"},"thumbnailUrl":"https:\/\/spainfilmcommission.com\/wp-content\/uploads\/2018\/09\/hoy-arranca-la-66-edicion-del-festival-de-san-sebastian-uno-de-los-festivales-de-referencia-a-nivel-estatal-y-europeo-74.jpg","datePublished":"2018-09-20T22:00:00+00:00","dateModified":"2025-02-11T07:07:39+00:00","breadcrumb":{"@id":"https:\/\/spainfilmcommission.com\/en\/blog\/hoy-arranca-la-66-edicion-del-festival-de-san-sebastian-uno-de-los-festivales-de-referencia-a-nivel-estatal-y-europeo\/#breadcrumb"},"inLanguage":"en-US","potentialAction":[{"@type":"ReadAction","target":["https:\/\/spainfilmcommission.com\/en\/blog\/hoy-arranca-la-66-edicion-del-festival-de-san-sebastian-uno-de-los-festivales-de-referencia-a-nivel-estatal-y-europeo\/"]}]},{"@type":"ImageObject","inLanguage":"en-US","@id":"https:\/\/spainfilmcommission.com\/en\/blog\/hoy-arranca-la-66-edicion-del-festival-de-san-sebastian-uno-de-los-festivales-de-referencia-a-nivel-estatal-y-europeo\/#primaryimage","url":"https:\/\/spainfilmcommission.com\/wp-content\/uploads\/2018\/09\/hoy-arranca-la-66-edicion-del-festival-de-san-sebastian-uno-de-los-festivales-de-referencia-a-nivel-estatal-y-europeo-74.jpg","contentUrl":"https:\/\/spainfilmcommission.com\/wp-content\/uploads\/2018\/09\/hoy-arranca-la-66-edicion-del-festival-de-san-sebastian-uno-de-los-festivales-de-referencia-a-nivel-estatal-y-europeo-74.jpg","width":700,"height":455},{"@type":"BreadcrumbList","@id":"https:\/\/spainfilmcommission.com\/en\/blog\/hoy-arranca-la-66-edicion-del-festival-de-san-sebastian-uno-de-los-festivales-de-referencia-a-nivel-estatal-y-europeo\/#breadcrumb","itemListElement":[{"@type":"ListItem","position":1,"name":"Portada","item":"https:\/\/spainfilmcommission.com\/en\/"},{"@type":"ListItem","position":2,"name":"Hoy arranca la 66\u00aa edici\u00f3n del Festival de San Sebasti\u00e1n, uno de los festivales de referencia a nivel estatal y europeo."}]},{"@type":"WebSite","@id":"https:\/\/spainfilmcommission.com\/en\/#website","url":"https:\/\/spainfilmcommission.com\/en\/","name":"Spain Film Commission","description":"","publisher":{"@id":"https:\/\/spainfilmcommission.com\/en\/#organization"},"potentialAction":[{"@type":"SearchAction","target":{"@type":"EntryPoint","urlTemplate":"https:\/\/spainfilmcommission.com\/en\/?s={search_term_string}"},"query-input":{"@type":"PropertyValueSpecification","valueRequired":true,"valueName":"search_term_string"}}],"inLanguage":"en-US"},{"@type":"Organization","@id":"https:\/\/spainfilmcommission.com\/en\/#organization","name":"Spain Film Commission","url":"https:\/\/spainfilmcommission.com\/en\/","logo":{"@type":"ImageObject","inLanguage":"en-US","@id":"https:\/\/spainfilmcommission.com\/en\/#\/schema\/logo\/image\/","url":"https:\/\/spainfilmcommission.com\/wp-content\/uploads\/2024\/07\/SPC_COLOR.png","contentUrl":"https:\/\/spainfilmcommission.com\/wp-content\/uploads\/2024\/07\/SPC_COLOR.png","width":1665,"height":1665,"caption":"Spain Film Commission"},"image":{"@id":"https:\/\/spainfilmcommission.com\/en\/#\/schema\/logo\/image\/"}},{"@type":"Person","@id":"https:\/\/spainfilmcommission.com\/en\/#\/schema\/person\/6c014ba6ceac198d178a6a9e61113c9d","name":"studio128k_dam","image":{"@type":"ImageObject","inLanguage":"en-US","@id":"https:\/\/secure.gravatar.com\/avatar\/810f99144a13522c24aa173f9cd8bf079d0e89758af00b5f2938443cd51b31e9?s=96&d=mm&r=g","url":"https:\/\/secure.gravatar.com\/avatar\/810f99144a13522c24aa173f9cd8bf079d0e89758af00b5f2938443cd51b31e9?s=96&d=mm&r=g","contentUrl":"https:\/\/secure.gravatar.com\/avatar\/810f99144a13522c24aa173f9cd8bf079d0e89758af00b5f2938443cd51b31e9?s=96&d=mm&r=g","caption":"studio128k_dam"}}]}},"_links":{"self":[{"href":"https:\/\/spainfilmcommission.com\/en\/wp-json\/wp\/v2\/posts\/7270","targetHints":{"allow":["GET"]}}],"collection":[{"href":"https:\/\/spainfilmcommission.com\/en\/wp-json\/wp\/v2\/posts"}],"about":[{"href":"https:\/\/spainfilmcommission.com\/en\/wp-json\/wp\/v2\/types\/post"}],"author":[{"embeddable":true,"href":"https:\/\/spainfilmcommission.com\/en\/wp-json\/wp\/v2\/users\/2"}],"replies":[{"embeddable":true,"href":"https:\/\/spainfilmcommission.com\/en\/wp-json\/wp\/v2\/comments?post=7270"}],"version-history":[{"count":0,"href":"https:\/\/spainfilmcommission.com\/en\/wp-json\/wp\/v2\/posts\/7270\/revisions"}],"wp:featuredmedia":[{"embeddable":true,"href":"https:\/\/spainfilmcommission.com\/en\/wp-json\/wp\/v2\/media\/7271"}],"wp:attachment":[{"href":"https:\/\/spainfilmcommission.com\/en\/wp-json\/wp\/v2\/media?parent=7270"}],"wp:term":[{"taxonomy":"category","embeddable":true,"href":"https:\/\/spainfilmcommission.com\/en\/wp-json\/wp\/v2\/categories?post=7270"},{"taxonomy":"post_tag","embeddable":true,"href":"https:\/\/spainfilmcommission.com\/en\/wp-json\/wp\/v2\/tags?post=7270"}],"curies":[{"name":"wp","href":"https:\/\/api.w.org\/{rel}","templated":true}]}}