{"id":7256,"date":"2018-09-06T00:00:00","date_gmt":"2018-09-05T22:00:00","guid":{"rendered":"https:\/\/sfc.com\/intensa-actividad-de-spain-film-commission-en-el-mes-de-agosto\/"},"modified":"2025-02-11T08:07:40","modified_gmt":"2025-02-11T07:07:40","slug":"intensa-actividad-de-spain-film-commission-en-el-mes-de-agosto","status":"publish","type":"post","link":"https:\/\/spainfilmcommission.com\/en\/blog\/intensa-actividad-de-spain-film-commission-en-el-mes-de-agosto\/","title":{"rendered":"Intensa actividad de Spain Film Commission en el mes de Agosto"},"content":{"rendered":"<p>Spain Film Commission contin\u00faa trabajando para posicionar al pa\u00eds como un destino de rodajes competitivo a nivel internacional.\u00a0 Aprovechando los buenos resultados de las estrategias implementadas, los esfuerzos se concentran en mejorar el sistema de incentivos fiscales y el impulso del turismo cinematogr\u00e1fico.\u00a0<\/p>\n<p>Una parte fundamental de la actividad se encuentra en el sector profesional y las empresas de servicios a la producci\u00f3n.\u00a0 <a href=\"https:\/\/www.profilm.es\/\">PROFILM, Asociaci\u00f3n de productoras espa\u00f1olas de audiovisual internacional,<\/a> es un actor clave para le mejora de la competitividad del pa\u00eds y en la reuni\u00f3n mantenida con sus responsables, se ha acordado suscribir un acuerdo de colaboraci\u00f3n entre las entidades, para estrablecer un marco de colaboraci\u00f3n e interlocuci\u00f3n permanente ante las autoridades<\/p>\n<p>El d\u00eda 29 de Agosto en la sede del Ministerio de Cultura, se ha mantenido una reuni\u00f3n con la directora \u00a0del <a href=\"https:\/\/www.mecd.gob.es\/cultura-mecd\/areas-cultura\/cine\/inicio.html;jsessionid=86941256BF7A192D712F066EE274AD10\">Instituto de Cine y Artes Audioviusales (ICAA)<\/a>, Sra. Beatriz Navas. Durante el encuentro se acord\u00f3 poner en marcha de manera inminente, el protocolo de colaboraci\u00f3n entre Spain Film Commission y el ICAA, que tendr\u00e1 por objetivos, mejorar el sistema de incentivos fiscales y su implementaci\u00f3n. Asimismo se abordaron temas relativos a la colaboraci\u00f3n entre SFC e ICEX &#8211; Invest in Spain, centrado en la asistencia a mercados cinematogr\u00e1ficos internacionales, como el seguimiento del Plan de Cultura 2020, especificamente en lo referido a la atracci\u00f3n y facilitaci\u00f3n de los rodajes audioviusales en el pa\u00eds.\u00a0<\/p>\n<p>La reuni\u00f3n con la <a href=\"http:\/\/www.mincotur.gob.es\/turismo\/es-ES\/SecretariaDeEstado\/Paginas\/SecretariaEstado.aspx\">Secretaria de Estado de Turismo<\/a> ha sido igualmente productiva. El encuentro con la Sra.Isabel Oliver,\u00a0\u00a0ha tenido lugar\u00a0 en Palma de Mallorca, el d\u00eda 31 de Agosto y han asistido adem\u00e1s de miembros de SFC,\u00a0el Conseller de Hacienda del Consell Insular de Mallorca, Cosme Bonet. Se han dejado sentadas las bases para la realizaci\u00f3n de un Plan Estrat\u00e9gico y un portal de Turismo Cinematogr\u00e1fico, adem\u00e1s de la suscricpi\u00f3n de un acuerdo de colaboraci\u00f3n\u00a0\u00a0que contribuya a hacer de Espa\u00f1a un potente destino tur\u00edstico vinculado a los rodajes realizados en el pa\u00eds<\/p>\n<p>El mes de Septiembre se inicia con una intensa actividad de la entidad, especialemente centrada en la participaci\u00f3n de Spain Film Commission en la pr\u00f3xima edici\u00f3n de <a href=\"http:\/\/www.ifema.es\/fitur_01\/\">Feria Internacional de Turismo, FITUR<\/a>,\u00a0\u00a0y en la organizaci\u00f3n de unas jornadas t\u00e9cnicas en el marco de la <a href=\"http:\/\/seminci.es\/\">Semana Internacional de Cine de Valladolid<\/a>\u00a0<\/p>\n<p>\u00a0<\/p>\n<p>\u00a0<\/p>\n<p>\u00a0<\/p>\n<p>\u00a0<\/p>\n<p>\u00a0<\/p>\n<p><img src='https:\/\/spainfilmcommission.com\/\/wp-content\/uploads\/2018\/09\/intensa-actividad-de-spain-film-commission-durante-agosto1-72.jpg' alt='Imagen relacionada'><img src='https:\/\/spainfilmcommission.com\/\/wp-content\/uploads\/2018\/09\/intensa-actividad-de-spain-film-commission-durante-agosto2-72.jpg' alt='Imagen relacionada'><\/p>\n","protected":false},"excerpt":{"rendered":"<p>Miembros de la junta directiva de la entidad se han reunido con responsables del ICAA, Profilm y la Secretaria de Estado de Turismo\u00a0<\/p>\n","protected":false},"author":2,"featured_media":7257,"comment_status":"closed","ping_status":"","sticky":false,"template":"","format":"standard","meta":{"footnotes":""},"categories":[38],"tags":[],"class_list":["post-7256","post","type-post","status-publish","format-standard","has-post-thumbnail","hentry","category-noticias"],"yoast_head":"<!-- This site is optimized with the Yoast SEO plugin v27.3 - https:\/\/yoast.com\/product\/yoast-seo-wordpress\/ -->\n<title>Intensa actividad de Spain Film Commission en el mes de Agosto - Spain Film Commission<\/title>\n<meta name=\"robots\" content=\"index, follow, max-snippet:-1, max-image-preview:large, max-video-preview:-1\" \/>\n<link rel=\"canonical\" href=\"https:\/\/spainfilmcommission.com\/en\/blog\/intensa-actividad-de-spain-film-commission-en-el-mes-de-agosto\/\" \/>\n<meta property=\"og:locale\" content=\"en_US\" \/>\n<meta property=\"og:type\" content=\"article\" \/>\n<meta property=\"og:title\" content=\"Intensa actividad de Spain Film Commission en el mes de Agosto - Spain Film Commission\" \/>\n<meta property=\"og:description\" content=\"Miembros de la junta directiva de la entidad se han reunido con responsables del ICAA, Profilm y la Secretaria de Estado de Turismo\u00a0\" \/>\n<meta property=\"og:url\" content=\"https:\/\/spainfilmcommission.com\/en\/blog\/intensa-actividad-de-spain-film-commission-en-el-mes-de-agosto\/\" \/>\n<meta property=\"og:site_name\" content=\"Spain Film Commission\" \/>\n<meta property=\"article:published_time\" content=\"2018-09-05T22:00:00+00:00\" \/>\n<meta property=\"article:modified_time\" content=\"2025-02-11T07:07:40+00:00\" \/>\n<meta property=\"og:image\" content=\"https:\/\/spainfilmcommission.com\/wp-content\/uploads\/2018\/09\/intensa-actividad-de-spain-film-commission-durante-agosto-72.jpg\" \/>\n\t<meta property=\"og:image:width\" content=\"1170\" \/>\n\t<meta property=\"og:image:height\" content=\"657\" \/>\n\t<meta property=\"og:image:type\" content=\"image\/jpeg\" \/>\n<meta name=\"author\" content=\"studio128k_dam\" \/>\n<meta name=\"twitter:card\" content=\"summary_large_image\" \/>\n<meta name=\"twitter:label1\" content=\"Written by\" \/>\n\t<meta name=\"twitter:data1\" content=\"studio128k_dam\" \/>\n\t<meta name=\"twitter:label2\" content=\"Est. reading time\" \/>\n\t<meta name=\"twitter:data2\" content=\"2 minutes\" \/>\n<script type=\"application\/ld+json\" class=\"yoast-schema-graph\">{\"@context\":\"https:\\\/\\\/schema.org\",\"@graph\":[{\"@type\":\"Article\",\"@id\":\"https:\\\/\\\/spainfilmcommission.com\\\/en\\\/blog\\\/intensa-actividad-de-spain-film-commission-en-el-mes-de-agosto\\\/#article\",\"isPartOf\":{\"@id\":\"https:\\\/\\\/spainfilmcommission.com\\\/en\\\/blog\\\/intensa-actividad-de-spain-film-commission-en-el-mes-de-agosto\\\/\"},\"author\":{\"name\":\"studio128k_dam\",\"@id\":\"https:\\\/\\\/spainfilmcommission.com\\\/en\\\/#\\\/schema\\\/person\\\/6c014ba6ceac198d178a6a9e61113c9d\"},\"headline\":\"Intensa actividad de Spain Film Commission en el mes de Agosto\",\"datePublished\":\"2018-09-05T22:00:00+00:00\",\"dateModified\":\"2025-02-11T07:07:40+00:00\",\"mainEntityOfPage\":{\"@id\":\"https:\\\/\\\/spainfilmcommission.com\\\/en\\\/blog\\\/intensa-actividad-de-spain-film-commission-en-el-mes-de-agosto\\\/\"},\"wordCount\":421,\"publisher\":{\"@id\":\"https:\\\/\\\/spainfilmcommission.com\\\/en\\\/#organization\"},\"image\":{\"@id\":\"https:\\\/\\\/spainfilmcommission.com\\\/en\\\/blog\\\/intensa-actividad-de-spain-film-commission-en-el-mes-de-agosto\\\/#primaryimage\"},\"thumbnailUrl\":\"https:\\\/\\\/spainfilmcommission.com\\\/wp-content\\\/uploads\\\/2018\\\/09\\\/intensa-actividad-de-spain-film-commission-durante-agosto-72.jpg\",\"articleSection\":[\"Noticias\"],\"inLanguage\":\"en-US\"},{\"@type\":\"WebPage\",\"@id\":\"https:\\\/\\\/spainfilmcommission.com\\\/en\\\/blog\\\/intensa-actividad-de-spain-film-commission-en-el-mes-de-agosto\\\/\",\"url\":\"https:\\\/\\\/spainfilmcommission.com\\\/en\\\/blog\\\/intensa-actividad-de-spain-film-commission-en-el-mes-de-agosto\\\/\",\"name\":\"Intensa actividad de Spain Film Commission en el mes de Agosto - Spain Film Commission\",\"isPartOf\":{\"@id\":\"https:\\\/\\\/spainfilmcommission.com\\\/en\\\/#website\"},\"primaryImageOfPage\":{\"@id\":\"https:\\\/\\\/spainfilmcommission.com\\\/en\\\/blog\\\/intensa-actividad-de-spain-film-commission-en-el-mes-de-agosto\\\/#primaryimage\"},\"image\":{\"@id\":\"https:\\\/\\\/spainfilmcommission.com\\\/en\\\/blog\\\/intensa-actividad-de-spain-film-commission-en-el-mes-de-agosto\\\/#primaryimage\"},\"thumbnailUrl\":\"https:\\\/\\\/spainfilmcommission.com\\\/wp-content\\\/uploads\\\/2018\\\/09\\\/intensa-actividad-de-spain-film-commission-durante-agosto-72.jpg\",\"datePublished\":\"2018-09-05T22:00:00+00:00\",\"dateModified\":\"2025-02-11T07:07:40+00:00\",\"breadcrumb\":{\"@id\":\"https:\\\/\\\/spainfilmcommission.com\\\/en\\\/blog\\\/intensa-actividad-de-spain-film-commission-en-el-mes-de-agosto\\\/#breadcrumb\"},\"inLanguage\":\"en-US\",\"potentialAction\":[{\"@type\":\"ReadAction\",\"target\":[\"https:\\\/\\\/spainfilmcommission.com\\\/en\\\/blog\\\/intensa-actividad-de-spain-film-commission-en-el-mes-de-agosto\\\/\"]}]},{\"@type\":\"ImageObject\",\"inLanguage\":\"en-US\",\"@id\":\"https:\\\/\\\/spainfilmcommission.com\\\/en\\\/blog\\\/intensa-actividad-de-spain-film-commission-en-el-mes-de-agosto\\\/#primaryimage\",\"url\":\"https:\\\/\\\/spainfilmcommission.com\\\/wp-content\\\/uploads\\\/2018\\\/09\\\/intensa-actividad-de-spain-film-commission-durante-agosto-72.jpg\",\"contentUrl\":\"https:\\\/\\\/spainfilmcommission.com\\\/wp-content\\\/uploads\\\/2018\\\/09\\\/intensa-actividad-de-spain-film-commission-durante-agosto-72.jpg\",\"width\":1170,\"height\":657},{\"@type\":\"BreadcrumbList\",\"@id\":\"https:\\\/\\\/spainfilmcommission.com\\\/en\\\/blog\\\/intensa-actividad-de-spain-film-commission-en-el-mes-de-agosto\\\/#breadcrumb\",\"itemListElement\":[{\"@type\":\"ListItem\",\"position\":1,\"name\":\"Portada\",\"item\":\"https:\\\/\\\/spainfilmcommission.com\\\/en\\\/\"},{\"@type\":\"ListItem\",\"position\":2,\"name\":\"Intensa actividad de Spain Film Commission en el mes de Agosto\"}]},{\"@type\":\"WebSite\",\"@id\":\"https:\\\/\\\/spainfilmcommission.com\\\/en\\\/#website\",\"url\":\"https:\\\/\\\/spainfilmcommission.com\\\/en\\\/\",\"name\":\"Spain Film Commission\",\"description\":\"\",\"publisher\":{\"@id\":\"https:\\\/\\\/spainfilmcommission.com\\\/en\\\/#organization\"},\"potentialAction\":[{\"@type\":\"SearchAction\",\"target\":{\"@type\":\"EntryPoint\",\"urlTemplate\":\"https:\\\/\\\/spainfilmcommission.com\\\/en\\\/?s={search_term_string}\"},\"query-input\":{\"@type\":\"PropertyValueSpecification\",\"valueRequired\":true,\"valueName\":\"search_term_string\"}}],\"inLanguage\":\"en-US\"},{\"@type\":\"Organization\",\"@id\":\"https:\\\/\\\/spainfilmcommission.com\\\/en\\\/#organization\",\"name\":\"Spain Film Commission\",\"url\":\"https:\\\/\\\/spainfilmcommission.com\\\/en\\\/\",\"logo\":{\"@type\":\"ImageObject\",\"inLanguage\":\"en-US\",\"@id\":\"https:\\\/\\\/spainfilmcommission.com\\\/en\\\/#\\\/schema\\\/logo\\\/image\\\/\",\"url\":\"https:\\\/\\\/spainfilmcommission.com\\\/wp-content\\\/uploads\\\/2024\\\/07\\\/SPC_COLOR.png\",\"contentUrl\":\"https:\\\/\\\/spainfilmcommission.com\\\/wp-content\\\/uploads\\\/2024\\\/07\\\/SPC_COLOR.png\",\"width\":1665,\"height\":1665,\"caption\":\"Spain Film Commission\"},\"image\":{\"@id\":\"https:\\\/\\\/spainfilmcommission.com\\\/en\\\/#\\\/schema\\\/logo\\\/image\\\/\"}},{\"@type\":\"Person\",\"@id\":\"https:\\\/\\\/spainfilmcommission.com\\\/en\\\/#\\\/schema\\\/person\\\/6c014ba6ceac198d178a6a9e61113c9d\",\"name\":\"studio128k_dam\",\"image\":{\"@type\":\"ImageObject\",\"inLanguage\":\"en-US\",\"@id\":\"https:\\\/\\\/secure.gravatar.com\\\/avatar\\\/810f99144a13522c24aa173f9cd8bf079d0e89758af00b5f2938443cd51b31e9?s=96&d=mm&r=g\",\"url\":\"https:\\\/\\\/secure.gravatar.com\\\/avatar\\\/810f99144a13522c24aa173f9cd8bf079d0e89758af00b5f2938443cd51b31e9?s=96&d=mm&r=g\",\"contentUrl\":\"https:\\\/\\\/secure.gravatar.com\\\/avatar\\\/810f99144a13522c24aa173f9cd8bf079d0e89758af00b5f2938443cd51b31e9?s=96&d=mm&r=g\",\"caption\":\"studio128k_dam\"}}]}<\/script>\n<!-- \/ Yoast SEO plugin. -->","yoast_head_json":{"title":"Intensa actividad de Spain Film Commission en el mes de Agosto - Spain Film Commission","robots":{"index":"index","follow":"follow","max-snippet":"max-snippet:-1","max-image-preview":"max-image-preview:large","max-video-preview":"max-video-preview:-1"},"canonical":"https:\/\/spainfilmcommission.com\/en\/blog\/intensa-actividad-de-spain-film-commission-en-el-mes-de-agosto\/","og_locale":"en_US","og_type":"article","og_title":"Intensa actividad de Spain Film Commission en el mes de Agosto - Spain Film Commission","og_description":"Miembros de la junta directiva de la entidad se han reunido con responsables del ICAA, Profilm y la Secretaria de Estado de Turismo\u00a0","og_url":"https:\/\/spainfilmcommission.com\/en\/blog\/intensa-actividad-de-spain-film-commission-en-el-mes-de-agosto\/","og_site_name":"Spain Film Commission","article_published_time":"2018-09-05T22:00:00+00:00","article_modified_time":"2025-02-11T07:07:40+00:00","og_image":[{"width":1170,"height":657,"url":"https:\/\/spainfilmcommission.com\/wp-content\/uploads\/2018\/09\/intensa-actividad-de-spain-film-commission-durante-agosto-72.jpg","type":"image\/jpeg"}],"author":"studio128k_dam","twitter_card":"summary_large_image","twitter_misc":{"Written by":"studio128k_dam","Est. reading time":"2 minutes"},"schema":{"@context":"https:\/\/schema.org","@graph":[{"@type":"Article","@id":"https:\/\/spainfilmcommission.com\/en\/blog\/intensa-actividad-de-spain-film-commission-en-el-mes-de-agosto\/#article","isPartOf":{"@id":"https:\/\/spainfilmcommission.com\/en\/blog\/intensa-actividad-de-spain-film-commission-en-el-mes-de-agosto\/"},"author":{"name":"studio128k_dam","@id":"https:\/\/spainfilmcommission.com\/en\/#\/schema\/person\/6c014ba6ceac198d178a6a9e61113c9d"},"headline":"Intensa actividad de Spain Film Commission en el mes de Agosto","datePublished":"2018-09-05T22:00:00+00:00","dateModified":"2025-02-11T07:07:40+00:00","mainEntityOfPage":{"@id":"https:\/\/spainfilmcommission.com\/en\/blog\/intensa-actividad-de-spain-film-commission-en-el-mes-de-agosto\/"},"wordCount":421,"publisher":{"@id":"https:\/\/spainfilmcommission.com\/en\/#organization"},"image":{"@id":"https:\/\/spainfilmcommission.com\/en\/blog\/intensa-actividad-de-spain-film-commission-en-el-mes-de-agosto\/#primaryimage"},"thumbnailUrl":"https:\/\/spainfilmcommission.com\/wp-content\/uploads\/2018\/09\/intensa-actividad-de-spain-film-commission-durante-agosto-72.jpg","articleSection":["Noticias"],"inLanguage":"en-US"},{"@type":"WebPage","@id":"https:\/\/spainfilmcommission.com\/en\/blog\/intensa-actividad-de-spain-film-commission-en-el-mes-de-agosto\/","url":"https:\/\/spainfilmcommission.com\/en\/blog\/intensa-actividad-de-spain-film-commission-en-el-mes-de-agosto\/","name":"Intensa actividad de Spain Film Commission en el mes de Agosto - Spain Film Commission","isPartOf":{"@id":"https:\/\/spainfilmcommission.com\/en\/#website"},"primaryImageOfPage":{"@id":"https:\/\/spainfilmcommission.com\/en\/blog\/intensa-actividad-de-spain-film-commission-en-el-mes-de-agosto\/#primaryimage"},"image":{"@id":"https:\/\/spainfilmcommission.com\/en\/blog\/intensa-actividad-de-spain-film-commission-en-el-mes-de-agosto\/#primaryimage"},"thumbnailUrl":"https:\/\/spainfilmcommission.com\/wp-content\/uploads\/2018\/09\/intensa-actividad-de-spain-film-commission-durante-agosto-72.jpg","datePublished":"2018-09-05T22:00:00+00:00","dateModified":"2025-02-11T07:07:40+00:00","breadcrumb":{"@id":"https:\/\/spainfilmcommission.com\/en\/blog\/intensa-actividad-de-spain-film-commission-en-el-mes-de-agosto\/#breadcrumb"},"inLanguage":"en-US","potentialAction":[{"@type":"ReadAction","target":["https:\/\/spainfilmcommission.com\/en\/blog\/intensa-actividad-de-spain-film-commission-en-el-mes-de-agosto\/"]}]},{"@type":"ImageObject","inLanguage":"en-US","@id":"https:\/\/spainfilmcommission.com\/en\/blog\/intensa-actividad-de-spain-film-commission-en-el-mes-de-agosto\/#primaryimage","url":"https:\/\/spainfilmcommission.com\/wp-content\/uploads\/2018\/09\/intensa-actividad-de-spain-film-commission-durante-agosto-72.jpg","contentUrl":"https:\/\/spainfilmcommission.com\/wp-content\/uploads\/2018\/09\/intensa-actividad-de-spain-film-commission-durante-agosto-72.jpg","width":1170,"height":657},{"@type":"BreadcrumbList","@id":"https:\/\/spainfilmcommission.com\/en\/blog\/intensa-actividad-de-spain-film-commission-en-el-mes-de-agosto\/#breadcrumb","itemListElement":[{"@type":"ListItem","position":1,"name":"Portada","item":"https:\/\/spainfilmcommission.com\/en\/"},{"@type":"ListItem","position":2,"name":"Intensa actividad de Spain Film Commission en el mes de Agosto"}]},{"@type":"WebSite","@id":"https:\/\/spainfilmcommission.com\/en\/#website","url":"https:\/\/spainfilmcommission.com\/en\/","name":"Spain Film Commission","description":"","publisher":{"@id":"https:\/\/spainfilmcommission.com\/en\/#organization"},"potentialAction":[{"@type":"SearchAction","target":{"@type":"EntryPoint","urlTemplate":"https:\/\/spainfilmcommission.com\/en\/?s={search_term_string}"},"query-input":{"@type":"PropertyValueSpecification","valueRequired":true,"valueName":"search_term_string"}}],"inLanguage":"en-US"},{"@type":"Organization","@id":"https:\/\/spainfilmcommission.com\/en\/#organization","name":"Spain Film Commission","url":"https:\/\/spainfilmcommission.com\/en\/","logo":{"@type":"ImageObject","inLanguage":"en-US","@id":"https:\/\/spainfilmcommission.com\/en\/#\/schema\/logo\/image\/","url":"https:\/\/spainfilmcommission.com\/wp-content\/uploads\/2024\/07\/SPC_COLOR.png","contentUrl":"https:\/\/spainfilmcommission.com\/wp-content\/uploads\/2024\/07\/SPC_COLOR.png","width":1665,"height":1665,"caption":"Spain Film Commission"},"image":{"@id":"https:\/\/spainfilmcommission.com\/en\/#\/schema\/logo\/image\/"}},{"@type":"Person","@id":"https:\/\/spainfilmcommission.com\/en\/#\/schema\/person\/6c014ba6ceac198d178a6a9e61113c9d","name":"studio128k_dam","image":{"@type":"ImageObject","inLanguage":"en-US","@id":"https:\/\/secure.gravatar.com\/avatar\/810f99144a13522c24aa173f9cd8bf079d0e89758af00b5f2938443cd51b31e9?s=96&d=mm&r=g","url":"https:\/\/secure.gravatar.com\/avatar\/810f99144a13522c24aa173f9cd8bf079d0e89758af00b5f2938443cd51b31e9?s=96&d=mm&r=g","contentUrl":"https:\/\/secure.gravatar.com\/avatar\/810f99144a13522c24aa173f9cd8bf079d0e89758af00b5f2938443cd51b31e9?s=96&d=mm&r=g","caption":"studio128k_dam"}}]}},"_links":{"self":[{"href":"https:\/\/spainfilmcommission.com\/en\/wp-json\/wp\/v2\/posts\/7256","targetHints":{"allow":["GET"]}}],"collection":[{"href":"https:\/\/spainfilmcommission.com\/en\/wp-json\/wp\/v2\/posts"}],"about":[{"href":"https:\/\/spainfilmcommission.com\/en\/wp-json\/wp\/v2\/types\/post"}],"author":[{"embeddable":true,"href":"https:\/\/spainfilmcommission.com\/en\/wp-json\/wp\/v2\/users\/2"}],"replies":[{"embeddable":true,"href":"https:\/\/spainfilmcommission.com\/en\/wp-json\/wp\/v2\/comments?post=7256"}],"version-history":[{"count":0,"href":"https:\/\/spainfilmcommission.com\/en\/wp-json\/wp\/v2\/posts\/7256\/revisions"}],"wp:featuredmedia":[{"embeddable":true,"href":"https:\/\/spainfilmcommission.com\/en\/wp-json\/wp\/v2\/media\/7257"}],"wp:attachment":[{"href":"https:\/\/spainfilmcommission.com\/en\/wp-json\/wp\/v2\/media?parent=7256"}],"wp:term":[{"taxonomy":"category","embeddable":true,"href":"https:\/\/spainfilmcommission.com\/en\/wp-json\/wp\/v2\/categories?post=7256"},{"taxonomy":"post_tag","embeddable":true,"href":"https:\/\/spainfilmcommission.com\/en\/wp-json\/wp\/v2\/tags?post=7256"}],"curies":[{"name":"wp","href":"https:\/\/api.w.org\/{rel}","templated":true}]}}