{"id":7158,"date":"2018-06-30T00:00:00","date_gmt":"2018-06-29T22:00:00","guid":{"rendered":"https:\/\/sfc.com\/asamblea-anual-de-spain-film-commission-en-terrassa-catalunya\/"},"modified":"2025-06-16T11:51:26","modified_gmt":"2025-06-16T09:51:26","slug":"asamblea-anual-de-spain-film-commission-en-terrassa-catalunya","status":"publish","type":"post","link":"https:\/\/spainfilmcommission.com\/en\/blog\/asamblea-anual-de-spain-film-commission-en-terrassa-catalunya\/","title":{"rendered":"Asamblea anual de Spain Film Commission en Terrassa, Catalunya"},"content":{"rendered":"<p>El jueves 28 de junio, los socios de Spain Film Commission nos reunimos en el <a href=\"#https:\/\/www.parcaudiovisual.cat\/es\/\">Parc Audiovisual de Catalunya<\/a> para celebrar la asamblea anual. Con la incorporaci\u00f3n, en este \u00faltimo a\u00f1o, de Ciudad de Madrid Film Office, Canary Islands Film y La Rioja Film Commission nuestra <a href=\"http:\/\/www.shootinginspain.info\/es\/red-spain-film-commission\">red de oficinas<\/a> tiene representaci\u00f3n en todas las Comunidades aut\u00f3nomas de Espa\u00f1a. Y por primera vez hay oficinas del cine en todas las comunidades espa\u00f1olas.<\/p>\n<p>Durante la reuni\u00f3n se analizaron los resultados del trabajo de Spain FC desde la \u00faltima asamblea y se destac\u00f3 el trabajo que hemos realizado con los distintos grupos parlamentarios para mejorar los incentivos fiscales a los rodajes internacionales en Espa\u00f1a; la elaboraci\u00f3n de un Plan Estrat\u00e9gico sobre Turismo Cinematogr\u00e1fico para Espa\u00f1a; y las acciones para el desarrollo de la estrategia 2.5 del Plan Cultura 2020 que promueve el programa \u201cEspa\u00f1a plat\u00f3 de cine\u201d con la firma de un convenio marco con Spain FC y la realizaci\u00f3n de las acciones de desarrollo y potenciaci\u00f3n de la marca \u201cShooting in Spain\u201d.<\/p>\n<p>Durante la reuni\u00f3n tambi\u00e9n se ha debatido la estrategia de Spain Film Commission en los mercados internacionales de cine y la necesidad de apoyo de las instituciones (ICAA, ICEX, TurEspa\u00f1a, AC\/E\u2026) para poder desarrollar una pol\u00edtica de estado que atraiga y facilite la realizaci\u00f3n de rodajes en Espa\u00f1a tal y como establece el Plan de Cultura 2020.<\/p>\n<p>En este \u00faltimo a\u00f1o hemos estado en el Festival de Cine de San Sebasti\u00e1n, American Film Market, FOCUS London, European Film Market de la Berlinale, March\u00e9 du Film de Cannes y en el mercado del Shanghai International Film Festival, bajo el lema \u201cShooting in Spain \u2013 Rueda en Espa\u00f1a\u201d destacando los incentivos fiscales, la diversidad de nuestras localizaciones y la calidad de los profesionales y empresas audiovisuales de Espa\u00f1a.<\/p>\n<p>Entre los trabajos a desarrollar para el pr\u00f3ximo semestre destacamos el trabajo en com\u00fan con FITUR para el espacio dedicado en 2019 al Turismo Cinematogr\u00e1fico en esta feria; la continuaci\u00f3n de los contactos y trabajos con los nuevos responsables en los Ministerios y con todos los grupos parlamentarios para desarrollar los acuerdos sobre incentivos, turismo cinematogr\u00e1fico y las estrategia del Plan de Cultura 2020.<\/p>\n<p>Y en el \u00e1mbito interno la ampliaci\u00f3n de la WEB y la formaci\u00f3n de nuestros asociados de acuerdo a la ayuda concedida por Industrias Culturales del Ministerio de Cultura, la fijaci\u00f3n de una estrategia para la asistencia a mercados internacionales y la preparaci\u00f3n de una conferencia sobre incentivos y turismo cinematogr\u00e1fico.<\/p>\n<p><img decoding=\"async\" src=\"https:\/\/spainfilmcommission.com\/\/wp-content\/uploads\/2018\/06\/asamblea-anual-de-spain-film-commission-en-terrassa-catalunya1-59.jpg\" alt=\"Imagen relacionada\" \/><img decoding=\"async\" src=\"https:\/\/spainfilmcommission.com\/\/wp-content\/uploads\/2018\/06\/asamblea-anual-de-spain-film-commission-en-terrassa-catalunya2-59.jpg\" alt=\"Imagen relacionada\" \/><img decoding=\"async\" src=\"https:\/\/spainfilmcommission.com\/\/wp-content\/uploads\/2018\/06\/asamblea-anual-de-spain-film-commission-en-terrassa-catalunya3-59.jpg\" alt=\"Imagen relacionada\" \/><\/p>\n","protected":false},"excerpt":{"rendered":"<p>Se celebr\u00f3 en el Parc Audiovisual de Catalunya teniendo como anfitriones a <a href=\"#http:\/\/www.parcaudiovisual.cat\/filmoffice\/\">Terrassa Film Office<\/a><\/p>\n","protected":false},"author":2,"featured_media":7159,"comment_status":"closed","ping_status":"closed","sticky":false,"template":"","format":"standard","meta":{"footnotes":""},"categories":[38],"tags":[],"class_list":["post-7158","post","type-post","status-publish","format-standard","has-post-thumbnail","hentry","category-noticias"],"yoast_head":"<!-- This site is optimized with the Yoast SEO plugin v27.3 - https:\/\/yoast.com\/product\/yoast-seo-wordpress\/ -->\n<title>Asamblea anual de Spain Film Commission en Terrassa, Catalunya - Spain Film Commission<\/title>\n<meta name=\"robots\" content=\"index, follow, max-snippet:-1, max-image-preview:large, max-video-preview:-1\" \/>\n<link rel=\"canonical\" href=\"https:\/\/spainfilmcommission.com\/en\/blog\/asamblea-anual-de-spain-film-commission-en-terrassa-catalunya\/\" \/>\n<meta property=\"og:locale\" content=\"en_US\" \/>\n<meta property=\"og:type\" content=\"article\" \/>\n<meta property=\"og:title\" content=\"Asamblea anual de Spain Film Commission en Terrassa, Catalunya - Spain Film Commission\" \/>\n<meta property=\"og:description\" content=\"Se celebr\u00f3 en el Parc Audiovisual de Catalunya teniendo como anfitriones a Terrassa Film Office\" \/>\n<meta property=\"og:url\" content=\"https:\/\/spainfilmcommission.com\/en\/blog\/asamblea-anual-de-spain-film-commission-en-terrassa-catalunya\/\" \/>\n<meta property=\"og:site_name\" content=\"Spain Film Commission\" \/>\n<meta property=\"article:published_time\" content=\"2018-06-29T22:00:00+00:00\" \/>\n<meta property=\"article:modified_time\" content=\"2025-06-16T09:51:26+00:00\" \/>\n<meta property=\"og:image\" content=\"https:\/\/spainfilmcommission.com\/wp-content\/uploads\/2018\/06\/asamblea-anual-de-spain-film-commission-en-terrassa-catalunya-59.jpg\" \/>\n\t<meta property=\"og:image:width\" content=\"1170\" \/>\n\t<meta property=\"og:image:height\" content=\"877\" \/>\n\t<meta property=\"og:image:type\" content=\"image\/jpeg\" \/>\n<meta name=\"author\" content=\"studio128k_dam\" \/>\n<meta name=\"twitter:card\" content=\"summary_large_image\" \/>\n<meta name=\"twitter:label1\" content=\"Written by\" \/>\n\t<meta name=\"twitter:data1\" content=\"studio128k_dam\" \/>\n\t<meta name=\"twitter:label2\" content=\"Est. reading time\" \/>\n\t<meta name=\"twitter:data2\" content=\"3 minutes\" \/>\n<script type=\"application\/ld+json\" class=\"yoast-schema-graph\">{\"@context\":\"https:\\\/\\\/schema.org\",\"@graph\":[{\"@type\":\"Article\",\"@id\":\"https:\\\/\\\/spainfilmcommission.com\\\/en\\\/blog\\\/asamblea-anual-de-spain-film-commission-en-terrassa-catalunya\\\/#article\",\"isPartOf\":{\"@id\":\"https:\\\/\\\/spainfilmcommission.com\\\/en\\\/blog\\\/asamblea-anual-de-spain-film-commission-en-terrassa-catalunya\\\/\"},\"author\":{\"name\":\"studio128k_dam\",\"@id\":\"https:\\\/\\\/spainfilmcommission.com\\\/en\\\/#\\\/schema\\\/person\\\/6c014ba6ceac198d178a6a9e61113c9d\"},\"headline\":\"Asamblea anual de Spain Film Commission en Terrassa, Catalunya\",\"datePublished\":\"2018-06-29T22:00:00+00:00\",\"dateModified\":\"2025-06-16T09:51:26+00:00\",\"mainEntityOfPage\":{\"@id\":\"https:\\\/\\\/spainfilmcommission.com\\\/en\\\/blog\\\/asamblea-anual-de-spain-film-commission-en-terrassa-catalunya\\\/\"},\"wordCount\":449,\"publisher\":{\"@id\":\"https:\\\/\\\/spainfilmcommission.com\\\/en\\\/#organization\"},\"image\":{\"@id\":\"https:\\\/\\\/spainfilmcommission.com\\\/en\\\/blog\\\/asamblea-anual-de-spain-film-commission-en-terrassa-catalunya\\\/#primaryimage\"},\"thumbnailUrl\":\"https:\\\/\\\/spainfilmcommission.com\\\/wp-content\\\/uploads\\\/2018\\\/06\\\/asamblea-anual-de-spain-film-commission-en-terrassa-catalunya-59.jpg\",\"articleSection\":[\"Noticias\"],\"inLanguage\":\"en-US\"},{\"@type\":\"WebPage\",\"@id\":\"https:\\\/\\\/spainfilmcommission.com\\\/en\\\/blog\\\/asamblea-anual-de-spain-film-commission-en-terrassa-catalunya\\\/\",\"url\":\"https:\\\/\\\/spainfilmcommission.com\\\/en\\\/blog\\\/asamblea-anual-de-spain-film-commission-en-terrassa-catalunya\\\/\",\"name\":\"Asamblea anual de Spain Film Commission en Terrassa, Catalunya - Spain Film Commission\",\"isPartOf\":{\"@id\":\"https:\\\/\\\/spainfilmcommission.com\\\/en\\\/#website\"},\"primaryImageOfPage\":{\"@id\":\"https:\\\/\\\/spainfilmcommission.com\\\/en\\\/blog\\\/asamblea-anual-de-spain-film-commission-en-terrassa-catalunya\\\/#primaryimage\"},\"image\":{\"@id\":\"https:\\\/\\\/spainfilmcommission.com\\\/en\\\/blog\\\/asamblea-anual-de-spain-film-commission-en-terrassa-catalunya\\\/#primaryimage\"},\"thumbnailUrl\":\"https:\\\/\\\/spainfilmcommission.com\\\/wp-content\\\/uploads\\\/2018\\\/06\\\/asamblea-anual-de-spain-film-commission-en-terrassa-catalunya-59.jpg\",\"datePublished\":\"2018-06-29T22:00:00+00:00\",\"dateModified\":\"2025-06-16T09:51:26+00:00\",\"breadcrumb\":{\"@id\":\"https:\\\/\\\/spainfilmcommission.com\\\/en\\\/blog\\\/asamblea-anual-de-spain-film-commission-en-terrassa-catalunya\\\/#breadcrumb\"},\"inLanguage\":\"en-US\",\"potentialAction\":[{\"@type\":\"ReadAction\",\"target\":[\"https:\\\/\\\/spainfilmcommission.com\\\/en\\\/blog\\\/asamblea-anual-de-spain-film-commission-en-terrassa-catalunya\\\/\"]}]},{\"@type\":\"ImageObject\",\"inLanguage\":\"en-US\",\"@id\":\"https:\\\/\\\/spainfilmcommission.com\\\/en\\\/blog\\\/asamblea-anual-de-spain-film-commission-en-terrassa-catalunya\\\/#primaryimage\",\"url\":\"https:\\\/\\\/spainfilmcommission.com\\\/wp-content\\\/uploads\\\/2018\\\/06\\\/asamblea-anual-de-spain-film-commission-en-terrassa-catalunya-59.jpg\",\"contentUrl\":\"https:\\\/\\\/spainfilmcommission.com\\\/wp-content\\\/uploads\\\/2018\\\/06\\\/asamblea-anual-de-spain-film-commission-en-terrassa-catalunya-59.jpg\",\"width\":1170,\"height\":877},{\"@type\":\"BreadcrumbList\",\"@id\":\"https:\\\/\\\/spainfilmcommission.com\\\/en\\\/blog\\\/asamblea-anual-de-spain-film-commission-en-terrassa-catalunya\\\/#breadcrumb\",\"itemListElement\":[{\"@type\":\"ListItem\",\"position\":1,\"name\":\"Portada\",\"item\":\"https:\\\/\\\/spainfilmcommission.com\\\/en\\\/\"},{\"@type\":\"ListItem\",\"position\":2,\"name\":\"Asamblea anual de Spain Film Commission en Terrassa, Catalunya\"}]},{\"@type\":\"WebSite\",\"@id\":\"https:\\\/\\\/spainfilmcommission.com\\\/en\\\/#website\",\"url\":\"https:\\\/\\\/spainfilmcommission.com\\\/en\\\/\",\"name\":\"Spain Film Commission\",\"description\":\"\",\"publisher\":{\"@id\":\"https:\\\/\\\/spainfilmcommission.com\\\/en\\\/#organization\"},\"potentialAction\":[{\"@type\":\"SearchAction\",\"target\":{\"@type\":\"EntryPoint\",\"urlTemplate\":\"https:\\\/\\\/spainfilmcommission.com\\\/en\\\/?s={search_term_string}\"},\"query-input\":{\"@type\":\"PropertyValueSpecification\",\"valueRequired\":true,\"valueName\":\"search_term_string\"}}],\"inLanguage\":\"en-US\"},{\"@type\":\"Organization\",\"@id\":\"https:\\\/\\\/spainfilmcommission.com\\\/en\\\/#organization\",\"name\":\"Spain Film Commission\",\"url\":\"https:\\\/\\\/spainfilmcommission.com\\\/en\\\/\",\"logo\":{\"@type\":\"ImageObject\",\"inLanguage\":\"en-US\",\"@id\":\"https:\\\/\\\/spainfilmcommission.com\\\/en\\\/#\\\/schema\\\/logo\\\/image\\\/\",\"url\":\"https:\\\/\\\/spainfilmcommission.com\\\/wp-content\\\/uploads\\\/2024\\\/07\\\/SPC_COLOR.png\",\"contentUrl\":\"https:\\\/\\\/spainfilmcommission.com\\\/wp-content\\\/uploads\\\/2024\\\/07\\\/SPC_COLOR.png\",\"width\":1665,\"height\":1665,\"caption\":\"Spain Film Commission\"},\"image\":{\"@id\":\"https:\\\/\\\/spainfilmcommission.com\\\/en\\\/#\\\/schema\\\/logo\\\/image\\\/\"}},{\"@type\":\"Person\",\"@id\":\"https:\\\/\\\/spainfilmcommission.com\\\/en\\\/#\\\/schema\\\/person\\\/6c014ba6ceac198d178a6a9e61113c9d\",\"name\":\"studio128k_dam\",\"image\":{\"@type\":\"ImageObject\",\"inLanguage\":\"en-US\",\"@id\":\"https:\\\/\\\/secure.gravatar.com\\\/avatar\\\/810f99144a13522c24aa173f9cd8bf079d0e89758af00b5f2938443cd51b31e9?s=96&d=mm&r=g\",\"url\":\"https:\\\/\\\/secure.gravatar.com\\\/avatar\\\/810f99144a13522c24aa173f9cd8bf079d0e89758af00b5f2938443cd51b31e9?s=96&d=mm&r=g\",\"contentUrl\":\"https:\\\/\\\/secure.gravatar.com\\\/avatar\\\/810f99144a13522c24aa173f9cd8bf079d0e89758af00b5f2938443cd51b31e9?s=96&d=mm&r=g\",\"caption\":\"studio128k_dam\"}}]}<\/script>\n<!-- \/ Yoast SEO plugin. -->","yoast_head_json":{"title":"Asamblea anual de Spain Film Commission en Terrassa, Catalunya - Spain Film Commission","robots":{"index":"index","follow":"follow","max-snippet":"max-snippet:-1","max-image-preview":"max-image-preview:large","max-video-preview":"max-video-preview:-1"},"canonical":"https:\/\/spainfilmcommission.com\/en\/blog\/asamblea-anual-de-spain-film-commission-en-terrassa-catalunya\/","og_locale":"en_US","og_type":"article","og_title":"Asamblea anual de Spain Film Commission en Terrassa, Catalunya - Spain Film Commission","og_description":"Se celebr\u00f3 en el Parc Audiovisual de Catalunya teniendo como anfitriones a Terrassa Film Office","og_url":"https:\/\/spainfilmcommission.com\/en\/blog\/asamblea-anual-de-spain-film-commission-en-terrassa-catalunya\/","og_site_name":"Spain Film Commission","article_published_time":"2018-06-29T22:00:00+00:00","article_modified_time":"2025-06-16T09:51:26+00:00","og_image":[{"width":1170,"height":877,"url":"https:\/\/spainfilmcommission.com\/wp-content\/uploads\/2018\/06\/asamblea-anual-de-spain-film-commission-en-terrassa-catalunya-59.jpg","type":"image\/jpeg"}],"author":"studio128k_dam","twitter_card":"summary_large_image","twitter_misc":{"Written by":"studio128k_dam","Est. reading time":"3 minutes"},"schema":{"@context":"https:\/\/schema.org","@graph":[{"@type":"Article","@id":"https:\/\/spainfilmcommission.com\/en\/blog\/asamblea-anual-de-spain-film-commission-en-terrassa-catalunya\/#article","isPartOf":{"@id":"https:\/\/spainfilmcommission.com\/en\/blog\/asamblea-anual-de-spain-film-commission-en-terrassa-catalunya\/"},"author":{"name":"studio128k_dam","@id":"https:\/\/spainfilmcommission.com\/en\/#\/schema\/person\/6c014ba6ceac198d178a6a9e61113c9d"},"headline":"Asamblea anual de Spain Film Commission en Terrassa, Catalunya","datePublished":"2018-06-29T22:00:00+00:00","dateModified":"2025-06-16T09:51:26+00:00","mainEntityOfPage":{"@id":"https:\/\/spainfilmcommission.com\/en\/blog\/asamblea-anual-de-spain-film-commission-en-terrassa-catalunya\/"},"wordCount":449,"publisher":{"@id":"https:\/\/spainfilmcommission.com\/en\/#organization"},"image":{"@id":"https:\/\/spainfilmcommission.com\/en\/blog\/asamblea-anual-de-spain-film-commission-en-terrassa-catalunya\/#primaryimage"},"thumbnailUrl":"https:\/\/spainfilmcommission.com\/wp-content\/uploads\/2018\/06\/asamblea-anual-de-spain-film-commission-en-terrassa-catalunya-59.jpg","articleSection":["Noticias"],"inLanguage":"en-US"},{"@type":"WebPage","@id":"https:\/\/spainfilmcommission.com\/en\/blog\/asamblea-anual-de-spain-film-commission-en-terrassa-catalunya\/","url":"https:\/\/spainfilmcommission.com\/en\/blog\/asamblea-anual-de-spain-film-commission-en-terrassa-catalunya\/","name":"Asamblea anual de Spain Film Commission en Terrassa, Catalunya - Spain Film Commission","isPartOf":{"@id":"https:\/\/spainfilmcommission.com\/en\/#website"},"primaryImageOfPage":{"@id":"https:\/\/spainfilmcommission.com\/en\/blog\/asamblea-anual-de-spain-film-commission-en-terrassa-catalunya\/#primaryimage"},"image":{"@id":"https:\/\/spainfilmcommission.com\/en\/blog\/asamblea-anual-de-spain-film-commission-en-terrassa-catalunya\/#primaryimage"},"thumbnailUrl":"https:\/\/spainfilmcommission.com\/wp-content\/uploads\/2018\/06\/asamblea-anual-de-spain-film-commission-en-terrassa-catalunya-59.jpg","datePublished":"2018-06-29T22:00:00+00:00","dateModified":"2025-06-16T09:51:26+00:00","breadcrumb":{"@id":"https:\/\/spainfilmcommission.com\/en\/blog\/asamblea-anual-de-spain-film-commission-en-terrassa-catalunya\/#breadcrumb"},"inLanguage":"en-US","potentialAction":[{"@type":"ReadAction","target":["https:\/\/spainfilmcommission.com\/en\/blog\/asamblea-anual-de-spain-film-commission-en-terrassa-catalunya\/"]}]},{"@type":"ImageObject","inLanguage":"en-US","@id":"https:\/\/spainfilmcommission.com\/en\/blog\/asamblea-anual-de-spain-film-commission-en-terrassa-catalunya\/#primaryimage","url":"https:\/\/spainfilmcommission.com\/wp-content\/uploads\/2018\/06\/asamblea-anual-de-spain-film-commission-en-terrassa-catalunya-59.jpg","contentUrl":"https:\/\/spainfilmcommission.com\/wp-content\/uploads\/2018\/06\/asamblea-anual-de-spain-film-commission-en-terrassa-catalunya-59.jpg","width":1170,"height":877},{"@type":"BreadcrumbList","@id":"https:\/\/spainfilmcommission.com\/en\/blog\/asamblea-anual-de-spain-film-commission-en-terrassa-catalunya\/#breadcrumb","itemListElement":[{"@type":"ListItem","position":1,"name":"Portada","item":"https:\/\/spainfilmcommission.com\/en\/"},{"@type":"ListItem","position":2,"name":"Asamblea anual de Spain Film Commission en Terrassa, Catalunya"}]},{"@type":"WebSite","@id":"https:\/\/spainfilmcommission.com\/en\/#website","url":"https:\/\/spainfilmcommission.com\/en\/","name":"Spain Film Commission","description":"","publisher":{"@id":"https:\/\/spainfilmcommission.com\/en\/#organization"},"potentialAction":[{"@type":"SearchAction","target":{"@type":"EntryPoint","urlTemplate":"https:\/\/spainfilmcommission.com\/en\/?s={search_term_string}"},"query-input":{"@type":"PropertyValueSpecification","valueRequired":true,"valueName":"search_term_string"}}],"inLanguage":"en-US"},{"@type":"Organization","@id":"https:\/\/spainfilmcommission.com\/en\/#organization","name":"Spain Film Commission","url":"https:\/\/spainfilmcommission.com\/en\/","logo":{"@type":"ImageObject","inLanguage":"en-US","@id":"https:\/\/spainfilmcommission.com\/en\/#\/schema\/logo\/image\/","url":"https:\/\/spainfilmcommission.com\/wp-content\/uploads\/2024\/07\/SPC_COLOR.png","contentUrl":"https:\/\/spainfilmcommission.com\/wp-content\/uploads\/2024\/07\/SPC_COLOR.png","width":1665,"height":1665,"caption":"Spain Film Commission"},"image":{"@id":"https:\/\/spainfilmcommission.com\/en\/#\/schema\/logo\/image\/"}},{"@type":"Person","@id":"https:\/\/spainfilmcommission.com\/en\/#\/schema\/person\/6c014ba6ceac198d178a6a9e61113c9d","name":"studio128k_dam","image":{"@type":"ImageObject","inLanguage":"en-US","@id":"https:\/\/secure.gravatar.com\/avatar\/810f99144a13522c24aa173f9cd8bf079d0e89758af00b5f2938443cd51b31e9?s=96&d=mm&r=g","url":"https:\/\/secure.gravatar.com\/avatar\/810f99144a13522c24aa173f9cd8bf079d0e89758af00b5f2938443cd51b31e9?s=96&d=mm&r=g","contentUrl":"https:\/\/secure.gravatar.com\/avatar\/810f99144a13522c24aa173f9cd8bf079d0e89758af00b5f2938443cd51b31e9?s=96&d=mm&r=g","caption":"studio128k_dam"}}]}},"_links":{"self":[{"href":"https:\/\/spainfilmcommission.com\/en\/wp-json\/wp\/v2\/posts\/7158","targetHints":{"allow":["GET"]}}],"collection":[{"href":"https:\/\/spainfilmcommission.com\/en\/wp-json\/wp\/v2\/posts"}],"about":[{"href":"https:\/\/spainfilmcommission.com\/en\/wp-json\/wp\/v2\/types\/post"}],"author":[{"embeddable":true,"href":"https:\/\/spainfilmcommission.com\/en\/wp-json\/wp\/v2\/users\/2"}],"replies":[{"embeddable":true,"href":"https:\/\/spainfilmcommission.com\/en\/wp-json\/wp\/v2\/comments?post=7158"}],"version-history":[{"count":0,"href":"https:\/\/spainfilmcommission.com\/en\/wp-json\/wp\/v2\/posts\/7158\/revisions"}],"wp:featuredmedia":[{"embeddable":true,"href":"https:\/\/spainfilmcommission.com\/en\/wp-json\/wp\/v2\/media\/7159"}],"wp:attachment":[{"href":"https:\/\/spainfilmcommission.com\/en\/wp-json\/wp\/v2\/media?parent=7158"}],"wp:term":[{"taxonomy":"category","embeddable":true,"href":"https:\/\/spainfilmcommission.com\/en\/wp-json\/wp\/v2\/categories?post=7158"},{"taxonomy":"post_tag","embeddable":true,"href":"https:\/\/spainfilmcommission.com\/en\/wp-json\/wp\/v2\/tags?post=7158"}],"curies":[{"name":"wp","href":"https:\/\/api.w.org\/{rel}","templated":true}]}}