{"id":7142,"date":"2018-06-24T00:00:00","date_gmt":"2018-06-23T22:00:00","guid":{"rendered":"https:\/\/sfc.com\/una-caravana-de-cine-recorre-extremadura-descubriendo-localizaciones-y-mas\/"},"modified":"2025-06-16T11:50:03","modified_gmt":"2025-06-16T09:50:03","slug":"una-caravana-de-cine-recorre-extremadura-descubriendo-localizaciones-y-mas","status":"publish","type":"post","link":"https:\/\/spainfilmcommission.com\/en\/blog\/una-caravana-de-cine-recorre-extremadura-descubriendo-localizaciones-y-mas\/","title":{"rendered":"Una &#8216;caravana de cine&#8217; recorre Extremadura descubriendo localizaciones y m\u00e1s&#8230;"},"content":{"rendered":"<p>A lo largo de cuatro semanas, una caravana caracterizada con iconograf\u00eda de la pel\u00edcula \u201cViaje a la Luna\u201d de Georges M\u00e9li\u00e8s, recorrer\u00e1 seis comarcas extreme\u00f1as en las que un fot\u00f3grafo (<a href=\"http:\/\/www.marinoscandurra.com\/\">Marino Scandurra<\/a>) y un documentalista (<a href=\"http:\/\/www.pedrosara.es\/\">Pedro Sara<\/a>), apoyados por un equipo de producci\u00f3n, crear\u00e1n un amplio y variado cat\u00e1logo fotogr\u00e1fico y videogr\u00e1fico no solo de localizaciones \u00fanicas donde desarrollar rodajes de cine y televisi\u00f3n, sino tambi\u00e9n de personas e historias \u201cde pel\u00edcula\u201d que guardan esos lugares. Los materiales recogidos ser\u00e1n la base para el dise\u00f1o y producci\u00f3n de materiales de comunicaci\u00f3n y marketing de <a href=\"http:\/\/www.extremadurafc.org\/\">Extremadura Film Commission.<\/a><\/p>\n<p>Caravana de Cine es un proyecto de la <a href=\"http:\/\/www.fundacionextremenadelacultura.org\/\">Fundaci\u00f3n Extreme\u00f1a de la Cultura<\/a> y la <a href=\"http:\/\/www.juntaex.es\/con06\/\">Consejer\u00eda de Cultura e Igualdad de la Junta de Extremadura<\/a> y forma parte de las actividades desarrolladas por la oficina regional de rodajes \u201c<a href=\"http:\/\/www.extremadurafc.org\/\">Extremadura Film Commission<\/a>\u201d y la marca \u201c<a href=\"http:\/\/www.extremaduraaudiovisual.com\/\">Extremadura Audiovisual<\/a>\u201d. Cuenta con financiaci\u00f3n de las Diputaciones Provinciales de <a href=\"https:\/\/www.dip-caceres.es\/temas\/educacion-y-cultura\/index.html\">C\u00e1ceres<\/a> y <a href=\"http:\/\/www.dip-badajoz.es\/diputacion\/delegaciones\/cultura\/index.php\">Badajoz<\/a>, as\u00ed como del <a href=\"http:\/\/juventudextremadura.gobex.es\/web\/\">Instituto de la Juventud de Extremadura<\/a>; y la colaboraci\u00f3n de la empresa <a href=\"http:\/\/www.sonoboxaudiovisuales.es\/\">Sonobox<\/a> y los Ayuntamientos de Alburquerque, Ca\u00f1amero, Casta\u00f1ar de Ibor, Guadalupe, Hoyos, Jerez de los Caballeros, Llerena y Valencia de Alc\u00e1ntara.<\/p>\n<p>El proyecto tambi\u00e9n tiene entre sus objetivos dar a conocer el patrimonio audiovisual de la regi\u00f3n entre los propios extreme\u00f1os, as\u00ed como el talento de una cantera de cineastas que est\u00e1n siendo reconocidos en la industria internacional. Todo ello a trav\u00e9s de ocho muestras nocturnas de cortometrajes del <a href=\"http:\/\/www.catalogojara.com\/\">Cat\u00e1logo Jara<\/a> y cuatro Talleres de creaci\u00f3n Cinematogr\u00e1fica en <a href=\"http:\/\/juventudextremadura.gobex.es\/web\/espacios-para-la-creacion-joven\">Espacios para la Creaci\u00f3n Joven del Instituto de la Juventud de Extremadura<\/a> donde se trabajar\u00e1 el cine como lenguaje art\u00edstico y manifestaci\u00f3n cultural con los m\u00e1s j\u00f3venes<\/p>\n<p>Durante el mes de agosto tendr\u00e1 lugar la post-producci\u00f3n de im\u00e1genes y piezas de v\u00eddeo, el volcado de material en la nueva web de Extremadura Film Commission y la continuidad de la comunicaci\u00f3n en redes sociales.<\/p>\n<p>M\u00e1s Info: <a href=\"https:\/\/www.fundacionextremenadelacultura.org\/caravana-de-cine-2018\/\">https:\/\/www.fundacionextremenadelacultura.org\/caravana-de-cine-2018\/<\/a><\/p>\n<p><img decoding=\"async\" src=\"https:\/\/spainfilmcommission.com\/\/wp-content\/uploads\/2018\/06\/una-caravana-de-cine-recorre-extremadura-descubriendo-localizaciones1-57.jpg\" alt=\"Imagen relacionada\" \/><img decoding=\"async\" src=\"https:\/\/spainfilmcommission.com\/\/wp-content\/uploads\/2018\/06\/una-caravana-de-cine-recorre-extremadura-descubriendo-localizaciones2-57.jpg\" alt=\"Imagen relacionada\" \/><\/p>\n","protected":false},"excerpt":{"rendered":"<p>Proyecciones, cursos y material documental que ser\u00e1 la base para el dise\u00f1o de elementos de comunicaci\u00f3n y marketing de <a href=\"http:\/\/www.extremadurafc.org\/\">Extremadura Film Commission<\/a><\/p>\n","protected":false},"author":2,"featured_media":7143,"comment_status":"closed","ping_status":"closed","sticky":false,"template":"","format":"standard","meta":{"footnotes":""},"categories":[38],"tags":[],"class_list":["post-7142","post","type-post","status-publish","format-standard","has-post-thumbnail","hentry","category-noticias"],"yoast_head":"<!-- This site is optimized with the Yoast SEO plugin v27.3 - https:\/\/yoast.com\/product\/yoast-seo-wordpress\/ -->\n<title>Una &#039;caravana de cine&#039; recorre Extremadura descubriendo localizaciones y m\u00e1s... - Spain Film Commission<\/title>\n<meta name=\"robots\" content=\"index, follow, max-snippet:-1, max-image-preview:large, max-video-preview:-1\" \/>\n<link rel=\"canonical\" href=\"https:\/\/spainfilmcommission.com\/en\/blog\/una-caravana-de-cine-recorre-extremadura-descubriendo-localizaciones-y-mas\/\" \/>\n<meta property=\"og:locale\" content=\"en_US\" \/>\n<meta property=\"og:type\" content=\"article\" \/>\n<meta property=\"og:title\" content=\"Una &#039;caravana de cine&#039; recorre Extremadura descubriendo localizaciones y m\u00e1s... - Spain Film Commission\" \/>\n<meta property=\"og:description\" content=\"Proyecciones, cursos y material documental que ser\u00e1 la base para el dise\u00f1o de elementos de comunicaci\u00f3n y marketing de Extremadura Film Commission\" \/>\n<meta property=\"og:url\" content=\"https:\/\/spainfilmcommission.com\/en\/blog\/una-caravana-de-cine-recorre-extremadura-descubriendo-localizaciones-y-mas\/\" \/>\n<meta property=\"og:site_name\" content=\"Spain Film Commission\" \/>\n<meta property=\"article:published_time\" content=\"2018-06-23T22:00:00+00:00\" \/>\n<meta property=\"article:modified_time\" content=\"2025-06-16T09:50:03+00:00\" \/>\n<meta property=\"og:image\" content=\"https:\/\/spainfilmcommission.com\/wp-content\/uploads\/2018\/06\/una-caravana-de-cine-recorre-extremadura-descubriendo-localizaciones-57.jpg\" \/>\n\t<meta property=\"og:image:width\" content=\"696\" \/>\n\t<meta property=\"og:image:height\" content=\"464\" \/>\n\t<meta property=\"og:image:type\" content=\"image\/jpeg\" \/>\n<meta name=\"author\" content=\"studio128k_dam\" \/>\n<meta name=\"twitter:card\" content=\"summary_large_image\" \/>\n<meta name=\"twitter:label1\" content=\"Written by\" \/>\n\t<meta name=\"twitter:data1\" content=\"studio128k_dam\" \/>\n\t<meta name=\"twitter:label2\" content=\"Est. reading time\" \/>\n\t<meta name=\"twitter:data2\" content=\"3 minutes\" \/>\n<script type=\"application\/ld+json\" class=\"yoast-schema-graph\">{\"@context\":\"https:\\\/\\\/schema.org\",\"@graph\":[{\"@type\":\"Article\",\"@id\":\"https:\\\/\\\/spainfilmcommission.com\\\/en\\\/blog\\\/una-caravana-de-cine-recorre-extremadura-descubriendo-localizaciones-y-mas\\\/#article\",\"isPartOf\":{\"@id\":\"https:\\\/\\\/spainfilmcommission.com\\\/en\\\/blog\\\/una-caravana-de-cine-recorre-extremadura-descubriendo-localizaciones-y-mas\\\/\"},\"author\":{\"name\":\"studio128k_dam\",\"@id\":\"https:\\\/\\\/spainfilmcommission.com\\\/en\\\/#\\\/schema\\\/person\\\/6c014ba6ceac198d178a6a9e61113c9d\"},\"headline\":\"Una &#8216;caravana de cine&#8217; recorre Extremadura descubriendo localizaciones y m\u00e1s&#8230;\",\"datePublished\":\"2018-06-23T22:00:00+00:00\",\"dateModified\":\"2025-06-16T09:50:03+00:00\",\"mainEntityOfPage\":{\"@id\":\"https:\\\/\\\/spainfilmcommission.com\\\/en\\\/blog\\\/una-caravana-de-cine-recorre-extremadura-descubriendo-localizaciones-y-mas\\\/\"},\"wordCount\":373,\"publisher\":{\"@id\":\"https:\\\/\\\/spainfilmcommission.com\\\/en\\\/#organization\"},\"image\":{\"@id\":\"https:\\\/\\\/spainfilmcommission.com\\\/en\\\/blog\\\/una-caravana-de-cine-recorre-extremadura-descubriendo-localizaciones-y-mas\\\/#primaryimage\"},\"thumbnailUrl\":\"https:\\\/\\\/spainfilmcommission.com\\\/wp-content\\\/uploads\\\/2018\\\/06\\\/una-caravana-de-cine-recorre-extremadura-descubriendo-localizaciones-57.jpg\",\"articleSection\":[\"Noticias\"],\"inLanguage\":\"en-US\"},{\"@type\":\"WebPage\",\"@id\":\"https:\\\/\\\/spainfilmcommission.com\\\/en\\\/blog\\\/una-caravana-de-cine-recorre-extremadura-descubriendo-localizaciones-y-mas\\\/\",\"url\":\"https:\\\/\\\/spainfilmcommission.com\\\/en\\\/blog\\\/una-caravana-de-cine-recorre-extremadura-descubriendo-localizaciones-y-mas\\\/\",\"name\":\"Una 'caravana de cine' recorre Extremadura descubriendo localizaciones y m\u00e1s... - Spain Film Commission\",\"isPartOf\":{\"@id\":\"https:\\\/\\\/spainfilmcommission.com\\\/en\\\/#website\"},\"primaryImageOfPage\":{\"@id\":\"https:\\\/\\\/spainfilmcommission.com\\\/en\\\/blog\\\/una-caravana-de-cine-recorre-extremadura-descubriendo-localizaciones-y-mas\\\/#primaryimage\"},\"image\":{\"@id\":\"https:\\\/\\\/spainfilmcommission.com\\\/en\\\/blog\\\/una-caravana-de-cine-recorre-extremadura-descubriendo-localizaciones-y-mas\\\/#primaryimage\"},\"thumbnailUrl\":\"https:\\\/\\\/spainfilmcommission.com\\\/wp-content\\\/uploads\\\/2018\\\/06\\\/una-caravana-de-cine-recorre-extremadura-descubriendo-localizaciones-57.jpg\",\"datePublished\":\"2018-06-23T22:00:00+00:00\",\"dateModified\":\"2025-06-16T09:50:03+00:00\",\"breadcrumb\":{\"@id\":\"https:\\\/\\\/spainfilmcommission.com\\\/en\\\/blog\\\/una-caravana-de-cine-recorre-extremadura-descubriendo-localizaciones-y-mas\\\/#breadcrumb\"},\"inLanguage\":\"en-US\",\"potentialAction\":[{\"@type\":\"ReadAction\",\"target\":[\"https:\\\/\\\/spainfilmcommission.com\\\/en\\\/blog\\\/una-caravana-de-cine-recorre-extremadura-descubriendo-localizaciones-y-mas\\\/\"]}]},{\"@type\":\"ImageObject\",\"inLanguage\":\"en-US\",\"@id\":\"https:\\\/\\\/spainfilmcommission.com\\\/en\\\/blog\\\/una-caravana-de-cine-recorre-extremadura-descubriendo-localizaciones-y-mas\\\/#primaryimage\",\"url\":\"https:\\\/\\\/spainfilmcommission.com\\\/wp-content\\\/uploads\\\/2018\\\/06\\\/una-caravana-de-cine-recorre-extremadura-descubriendo-localizaciones-57.jpg\",\"contentUrl\":\"https:\\\/\\\/spainfilmcommission.com\\\/wp-content\\\/uploads\\\/2018\\\/06\\\/una-caravana-de-cine-recorre-extremadura-descubriendo-localizaciones-57.jpg\",\"width\":696,\"height\":464},{\"@type\":\"BreadcrumbList\",\"@id\":\"https:\\\/\\\/spainfilmcommission.com\\\/en\\\/blog\\\/una-caravana-de-cine-recorre-extremadura-descubriendo-localizaciones-y-mas\\\/#breadcrumb\",\"itemListElement\":[{\"@type\":\"ListItem\",\"position\":1,\"name\":\"Portada\",\"item\":\"https:\\\/\\\/spainfilmcommission.com\\\/en\\\/\"},{\"@type\":\"ListItem\",\"position\":2,\"name\":\"Una &#8216;caravana de cine&#8217; recorre Extremadura descubriendo localizaciones y m\u00e1s&#8230;\"}]},{\"@type\":\"WebSite\",\"@id\":\"https:\\\/\\\/spainfilmcommission.com\\\/en\\\/#website\",\"url\":\"https:\\\/\\\/spainfilmcommission.com\\\/en\\\/\",\"name\":\"Spain Film Commission\",\"description\":\"\",\"publisher\":{\"@id\":\"https:\\\/\\\/spainfilmcommission.com\\\/en\\\/#organization\"},\"potentialAction\":[{\"@type\":\"SearchAction\",\"target\":{\"@type\":\"EntryPoint\",\"urlTemplate\":\"https:\\\/\\\/spainfilmcommission.com\\\/en\\\/?s={search_term_string}\"},\"query-input\":{\"@type\":\"PropertyValueSpecification\",\"valueRequired\":true,\"valueName\":\"search_term_string\"}}],\"inLanguage\":\"en-US\"},{\"@type\":\"Organization\",\"@id\":\"https:\\\/\\\/spainfilmcommission.com\\\/en\\\/#organization\",\"name\":\"Spain Film Commission\",\"url\":\"https:\\\/\\\/spainfilmcommission.com\\\/en\\\/\",\"logo\":{\"@type\":\"ImageObject\",\"inLanguage\":\"en-US\",\"@id\":\"https:\\\/\\\/spainfilmcommission.com\\\/en\\\/#\\\/schema\\\/logo\\\/image\\\/\",\"url\":\"https:\\\/\\\/spainfilmcommission.com\\\/wp-content\\\/uploads\\\/2024\\\/07\\\/SPC_COLOR.png\",\"contentUrl\":\"https:\\\/\\\/spainfilmcommission.com\\\/wp-content\\\/uploads\\\/2024\\\/07\\\/SPC_COLOR.png\",\"width\":1665,\"height\":1665,\"caption\":\"Spain Film Commission\"},\"image\":{\"@id\":\"https:\\\/\\\/spainfilmcommission.com\\\/en\\\/#\\\/schema\\\/logo\\\/image\\\/\"}},{\"@type\":\"Person\",\"@id\":\"https:\\\/\\\/spainfilmcommission.com\\\/en\\\/#\\\/schema\\\/person\\\/6c014ba6ceac198d178a6a9e61113c9d\",\"name\":\"studio128k_dam\",\"image\":{\"@type\":\"ImageObject\",\"inLanguage\":\"en-US\",\"@id\":\"https:\\\/\\\/secure.gravatar.com\\\/avatar\\\/810f99144a13522c24aa173f9cd8bf079d0e89758af00b5f2938443cd51b31e9?s=96&d=mm&r=g\",\"url\":\"https:\\\/\\\/secure.gravatar.com\\\/avatar\\\/810f99144a13522c24aa173f9cd8bf079d0e89758af00b5f2938443cd51b31e9?s=96&d=mm&r=g\",\"contentUrl\":\"https:\\\/\\\/secure.gravatar.com\\\/avatar\\\/810f99144a13522c24aa173f9cd8bf079d0e89758af00b5f2938443cd51b31e9?s=96&d=mm&r=g\",\"caption\":\"studio128k_dam\"}}]}<\/script>\n<!-- \/ Yoast SEO plugin. -->","yoast_head_json":{"title":"Una 'caravana de cine' recorre Extremadura descubriendo localizaciones y m\u00e1s... - Spain Film Commission","robots":{"index":"index","follow":"follow","max-snippet":"max-snippet:-1","max-image-preview":"max-image-preview:large","max-video-preview":"max-video-preview:-1"},"canonical":"https:\/\/spainfilmcommission.com\/en\/blog\/una-caravana-de-cine-recorre-extremadura-descubriendo-localizaciones-y-mas\/","og_locale":"en_US","og_type":"article","og_title":"Una 'caravana de cine' recorre Extremadura descubriendo localizaciones y m\u00e1s... - Spain Film Commission","og_description":"Proyecciones, cursos y material documental que ser\u00e1 la base para el dise\u00f1o de elementos de comunicaci\u00f3n y marketing de Extremadura Film Commission","og_url":"https:\/\/spainfilmcommission.com\/en\/blog\/una-caravana-de-cine-recorre-extremadura-descubriendo-localizaciones-y-mas\/","og_site_name":"Spain Film Commission","article_published_time":"2018-06-23T22:00:00+00:00","article_modified_time":"2025-06-16T09:50:03+00:00","og_image":[{"width":696,"height":464,"url":"https:\/\/spainfilmcommission.com\/wp-content\/uploads\/2018\/06\/una-caravana-de-cine-recorre-extremadura-descubriendo-localizaciones-57.jpg","type":"image\/jpeg"}],"author":"studio128k_dam","twitter_card":"summary_large_image","twitter_misc":{"Written by":"studio128k_dam","Est. reading time":"3 minutes"},"schema":{"@context":"https:\/\/schema.org","@graph":[{"@type":"Article","@id":"https:\/\/spainfilmcommission.com\/en\/blog\/una-caravana-de-cine-recorre-extremadura-descubriendo-localizaciones-y-mas\/#article","isPartOf":{"@id":"https:\/\/spainfilmcommission.com\/en\/blog\/una-caravana-de-cine-recorre-extremadura-descubriendo-localizaciones-y-mas\/"},"author":{"name":"studio128k_dam","@id":"https:\/\/spainfilmcommission.com\/en\/#\/schema\/person\/6c014ba6ceac198d178a6a9e61113c9d"},"headline":"Una &#8216;caravana de cine&#8217; recorre Extremadura descubriendo localizaciones y m\u00e1s&#8230;","datePublished":"2018-06-23T22:00:00+00:00","dateModified":"2025-06-16T09:50:03+00:00","mainEntityOfPage":{"@id":"https:\/\/spainfilmcommission.com\/en\/blog\/una-caravana-de-cine-recorre-extremadura-descubriendo-localizaciones-y-mas\/"},"wordCount":373,"publisher":{"@id":"https:\/\/spainfilmcommission.com\/en\/#organization"},"image":{"@id":"https:\/\/spainfilmcommission.com\/en\/blog\/una-caravana-de-cine-recorre-extremadura-descubriendo-localizaciones-y-mas\/#primaryimage"},"thumbnailUrl":"https:\/\/spainfilmcommission.com\/wp-content\/uploads\/2018\/06\/una-caravana-de-cine-recorre-extremadura-descubriendo-localizaciones-57.jpg","articleSection":["Noticias"],"inLanguage":"en-US"},{"@type":"WebPage","@id":"https:\/\/spainfilmcommission.com\/en\/blog\/una-caravana-de-cine-recorre-extremadura-descubriendo-localizaciones-y-mas\/","url":"https:\/\/spainfilmcommission.com\/en\/blog\/una-caravana-de-cine-recorre-extremadura-descubriendo-localizaciones-y-mas\/","name":"Una 'caravana de cine' recorre Extremadura descubriendo localizaciones y m\u00e1s... - Spain Film Commission","isPartOf":{"@id":"https:\/\/spainfilmcommission.com\/en\/#website"},"primaryImageOfPage":{"@id":"https:\/\/spainfilmcommission.com\/en\/blog\/una-caravana-de-cine-recorre-extremadura-descubriendo-localizaciones-y-mas\/#primaryimage"},"image":{"@id":"https:\/\/spainfilmcommission.com\/en\/blog\/una-caravana-de-cine-recorre-extremadura-descubriendo-localizaciones-y-mas\/#primaryimage"},"thumbnailUrl":"https:\/\/spainfilmcommission.com\/wp-content\/uploads\/2018\/06\/una-caravana-de-cine-recorre-extremadura-descubriendo-localizaciones-57.jpg","datePublished":"2018-06-23T22:00:00+00:00","dateModified":"2025-06-16T09:50:03+00:00","breadcrumb":{"@id":"https:\/\/spainfilmcommission.com\/en\/blog\/una-caravana-de-cine-recorre-extremadura-descubriendo-localizaciones-y-mas\/#breadcrumb"},"inLanguage":"en-US","potentialAction":[{"@type":"ReadAction","target":["https:\/\/spainfilmcommission.com\/en\/blog\/una-caravana-de-cine-recorre-extremadura-descubriendo-localizaciones-y-mas\/"]}]},{"@type":"ImageObject","inLanguage":"en-US","@id":"https:\/\/spainfilmcommission.com\/en\/blog\/una-caravana-de-cine-recorre-extremadura-descubriendo-localizaciones-y-mas\/#primaryimage","url":"https:\/\/spainfilmcommission.com\/wp-content\/uploads\/2018\/06\/una-caravana-de-cine-recorre-extremadura-descubriendo-localizaciones-57.jpg","contentUrl":"https:\/\/spainfilmcommission.com\/wp-content\/uploads\/2018\/06\/una-caravana-de-cine-recorre-extremadura-descubriendo-localizaciones-57.jpg","width":696,"height":464},{"@type":"BreadcrumbList","@id":"https:\/\/spainfilmcommission.com\/en\/blog\/una-caravana-de-cine-recorre-extremadura-descubriendo-localizaciones-y-mas\/#breadcrumb","itemListElement":[{"@type":"ListItem","position":1,"name":"Portada","item":"https:\/\/spainfilmcommission.com\/en\/"},{"@type":"ListItem","position":2,"name":"Una &#8216;caravana de cine&#8217; recorre Extremadura descubriendo localizaciones y m\u00e1s&#8230;"}]},{"@type":"WebSite","@id":"https:\/\/spainfilmcommission.com\/en\/#website","url":"https:\/\/spainfilmcommission.com\/en\/","name":"Spain Film Commission","description":"","publisher":{"@id":"https:\/\/spainfilmcommission.com\/en\/#organization"},"potentialAction":[{"@type":"SearchAction","target":{"@type":"EntryPoint","urlTemplate":"https:\/\/spainfilmcommission.com\/en\/?s={search_term_string}"},"query-input":{"@type":"PropertyValueSpecification","valueRequired":true,"valueName":"search_term_string"}}],"inLanguage":"en-US"},{"@type":"Organization","@id":"https:\/\/spainfilmcommission.com\/en\/#organization","name":"Spain Film Commission","url":"https:\/\/spainfilmcommission.com\/en\/","logo":{"@type":"ImageObject","inLanguage":"en-US","@id":"https:\/\/spainfilmcommission.com\/en\/#\/schema\/logo\/image\/","url":"https:\/\/spainfilmcommission.com\/wp-content\/uploads\/2024\/07\/SPC_COLOR.png","contentUrl":"https:\/\/spainfilmcommission.com\/wp-content\/uploads\/2024\/07\/SPC_COLOR.png","width":1665,"height":1665,"caption":"Spain Film Commission"},"image":{"@id":"https:\/\/spainfilmcommission.com\/en\/#\/schema\/logo\/image\/"}},{"@type":"Person","@id":"https:\/\/spainfilmcommission.com\/en\/#\/schema\/person\/6c014ba6ceac198d178a6a9e61113c9d","name":"studio128k_dam","image":{"@type":"ImageObject","inLanguage":"en-US","@id":"https:\/\/secure.gravatar.com\/avatar\/810f99144a13522c24aa173f9cd8bf079d0e89758af00b5f2938443cd51b31e9?s=96&d=mm&r=g","url":"https:\/\/secure.gravatar.com\/avatar\/810f99144a13522c24aa173f9cd8bf079d0e89758af00b5f2938443cd51b31e9?s=96&d=mm&r=g","contentUrl":"https:\/\/secure.gravatar.com\/avatar\/810f99144a13522c24aa173f9cd8bf079d0e89758af00b5f2938443cd51b31e9?s=96&d=mm&r=g","caption":"studio128k_dam"}}]}},"_links":{"self":[{"href":"https:\/\/spainfilmcommission.com\/en\/wp-json\/wp\/v2\/posts\/7142","targetHints":{"allow":["GET"]}}],"collection":[{"href":"https:\/\/spainfilmcommission.com\/en\/wp-json\/wp\/v2\/posts"}],"about":[{"href":"https:\/\/spainfilmcommission.com\/en\/wp-json\/wp\/v2\/types\/post"}],"author":[{"embeddable":true,"href":"https:\/\/spainfilmcommission.com\/en\/wp-json\/wp\/v2\/users\/2"}],"replies":[{"embeddable":true,"href":"https:\/\/spainfilmcommission.com\/en\/wp-json\/wp\/v2\/comments?post=7142"}],"version-history":[{"count":0,"href":"https:\/\/spainfilmcommission.com\/en\/wp-json\/wp\/v2\/posts\/7142\/revisions"}],"wp:featuredmedia":[{"embeddable":true,"href":"https:\/\/spainfilmcommission.com\/en\/wp-json\/wp\/v2\/media\/7143"}],"wp:attachment":[{"href":"https:\/\/spainfilmcommission.com\/en\/wp-json\/wp\/v2\/media?parent=7142"}],"wp:term":[{"taxonomy":"category","embeddable":true,"href":"https:\/\/spainfilmcommission.com\/en\/wp-json\/wp\/v2\/categories?post=7142"},{"taxonomy":"post_tag","embeddable":true,"href":"https:\/\/spainfilmcommission.com\/en\/wp-json\/wp\/v2\/tags?post=7142"}],"curies":[{"name":"wp","href":"https:\/\/api.w.org\/{rel}","templated":true}]}}