{"id":7118,"date":"2018-06-06T00:00:00","date_gmt":"2018-06-05T22:00:00","guid":{"rendered":"https:\/\/sfc.com\/nace-la-rioja-film-commission-oficina-del-cine-y-el-audiovisual-de-la-rioja\/"},"modified":"2025-06-12T14:14:29","modified_gmt":"2025-06-12T12:14:29","slug":"nace-la-rioja-film-commission-oficina-del-cine-y-el-audiovisual-de-la-rioja","status":"publish","type":"post","link":"https:\/\/spainfilmcommission.com\/en\/blog\/nace-la-rioja-film-commission-oficina-del-cine-y-el-audiovisual-de-la-rioja\/","title":{"rendered":"Nace La Rioja Film Commission, oficina del cine y el audiovisual de La Rioja"},"content":{"rendered":"<p><a href=\"http:\/\/www.filmcommissionlarioja.org\/\">La Rioja Film Commission<\/a> es una gestora de cine creada en 2018 por el Gobierno de La Rioja y gestionada por La Rioja Turismo. Su objetivo principal es promocionar La Rioja como lugar de rodaje y apoyar a las empresas y profesionales de la industria audiovisual en la log\u00edstica de sus producciones.<\/p>\n<p>Los profesionales (fot\u00f3grafos, publicistas, productores, localizadores\u2026) que elijan La Rioja como destino para su proyecto, cuentan desde ahora con servicios gratuitos de informaci\u00f3n, asesoramiento, optimizaci\u00f3n de recursos y tramitaci\u00f3n de permisos.<\/p>\n<p>La Rioja Film Commission sirve de enlace entre el Gobierno de La Rioja, las administraciones p\u00fablicas y particulares, y la industria del audiovisual.<\/p>\n<p>La Rioja ofrece innumerables atractivos para convertirse en plat\u00f3 de rodaje. Es la regi\u00f3n m\u00e1s peque\u00f1a de Espa\u00f1a, pero en su territorio esconde paisajes y rincones propios de todo un continente. A cada paso, cambiar\u00e1s de mundo sin salir de esta tierra.<\/p>\n<p>Tiene algo de mediterr\u00e1neo, para\u00edso de vi\u00f1edos; buena parte de clima continental; algo de alpino, que corona las sierras nevadas en invierno y un secano profundo que crea paisajes lunares.<\/p>\n<p>Situada en el Norte de Espa\u00f1a, mantiene frontera con 4 comunidades aut\u00f3nomas diferentes, lo que hace que su situaci\u00f3n sea estrat\u00e9gica. La Rioja cuenta con m\u00e1s de 1.500 kms de carreteras, de los que 200 son autopistas, lo que provoca una accesibilidad total para cambiar de escenario en media hora como m\u00e1ximo.<\/p>\n<p>El aeropuerto nacional de Logro\u00f1o-Agoncillo a 10 minutos de la capital, los internacionales de Bilbao y Zaragoza a poco m\u00e1s de una hora por carretera, y la v\u00eda ferroviaria con conexiones con Madrid y Barcelona, acercan La Rioja al resto del mundo.<\/p>\n<p>La Rioja tiene adem\u00e1s con una extensa capacidad hotelera para todos los gustos y necesidades. Su capital, Logro\u00f1o, cuenta con m\u00e1s de 2.000 plazas en diferentes hoteles. 5 de ellos de 4 estrellas.<\/p>\n<p><a href=\"http:\/\/www.filmcommissionlarioja.org\">P\u00e1gina web<\/a><\/p>\n<p>V\u00eddeo: <a href=\"https:\/\/vimeo.com\/272750649\">https:\/\/vimeo.com\/272750649<\/a><\/p>\n<p><img decoding=\"async\" src=\"https:\/\/spainfilmcommission.com\/\/wp-content\/uploads\/2018\/06\/nace-la-rioja-film-commission1-54.jpg\" alt=\"Imagen relacionada\" \/><img decoding=\"async\" src=\"https:\/\/spainfilmcommission.com\/\/wp-content\/uploads\/2018\/06\/nace-la-rioja-film-commission2-54.jpg\" alt=\"Imagen relacionada\" \/><img decoding=\"async\" src=\"https:\/\/spainfilmcommission.com\/\/wp-content\/uploads\/2018\/06\/nace-la-rioja-film-commission3-54.jpg\" alt=\"Imagen relacionada\" \/><\/p>\n","protected":false},"excerpt":{"rendered":"<p>Creada por el Gobierno de La Rioja y gestionada por La Rioja Turismo promocionar\u00e1 la regi\u00f3n y apoyar\u00e1 a las <span class=\"link-complex-target\">empresas<\/span> que quieran rodar y trabajar en esa comunidad<\/p>\n","protected":false},"author":2,"featured_media":7119,"comment_status":"closed","ping_status":"closed","sticky":false,"template":"","format":"standard","meta":{"footnotes":""},"categories":[38],"tags":[],"class_list":["post-7118","post","type-post","status-publish","format-standard","has-post-thumbnail","hentry","category-noticias"],"yoast_head":"<!-- This site is optimized with the Yoast SEO plugin v27.3 - https:\/\/yoast.com\/product\/yoast-seo-wordpress\/ -->\n<title>Nace La Rioja Film Commission, oficina del cine y el audiovisual de La Rioja - Spain Film Commission<\/title>\n<meta name=\"robots\" content=\"index, follow, max-snippet:-1, max-image-preview:large, max-video-preview:-1\" \/>\n<link rel=\"canonical\" href=\"https:\/\/spainfilmcommission.com\/en\/blog\/nace-la-rioja-film-commission-oficina-del-cine-y-el-audiovisual-de-la-rioja\/\" \/>\n<meta property=\"og:locale\" content=\"en_US\" \/>\n<meta property=\"og:type\" content=\"article\" \/>\n<meta property=\"og:title\" content=\"Nace La Rioja Film Commission, oficina del cine y el audiovisual de La Rioja - Spain Film Commission\" \/>\n<meta property=\"og:description\" content=\"Creada por el Gobierno de La Rioja y gestionada por La Rioja Turismo promocionar\u00e1 la regi\u00f3n y apoyar\u00e1 a las empresas que quieran rodar y trabajar en esa comunidad\" \/>\n<meta property=\"og:url\" content=\"https:\/\/spainfilmcommission.com\/en\/blog\/nace-la-rioja-film-commission-oficina-del-cine-y-el-audiovisual-de-la-rioja\/\" \/>\n<meta property=\"og:site_name\" content=\"Spain Film Commission\" \/>\n<meta property=\"article:published_time\" content=\"2018-06-05T22:00:00+00:00\" \/>\n<meta property=\"article:modified_time\" content=\"2025-06-12T12:14:29+00:00\" \/>\n<meta property=\"og:image\" content=\"https:\/\/spainfilmcommission.com\/wp-content\/uploads\/2018\/06\/nace-la-rioja-film-commission-oficina-del-cine-y-el-audiovisual-de-la-rioja-54.jpg\" \/>\n\t<meta property=\"og:image:width\" content=\"633\" \/>\n\t<meta property=\"og:image:height\" content=\"426\" \/>\n\t<meta property=\"og:image:type\" content=\"image\/jpeg\" \/>\n<meta name=\"author\" content=\"studio128k_dam\" \/>\n<meta name=\"twitter:card\" content=\"summary_large_image\" \/>\n<meta name=\"twitter:label1\" content=\"Written by\" \/>\n\t<meta name=\"twitter:data1\" content=\"studio128k_dam\" \/>\n\t<meta name=\"twitter:label2\" content=\"Est. reading time\" \/>\n\t<meta name=\"twitter:data2\" content=\"3 minutes\" \/>\n<script type=\"application\/ld+json\" class=\"yoast-schema-graph\">{\"@context\":\"https:\\\/\\\/schema.org\",\"@graph\":[{\"@type\":\"Article\",\"@id\":\"https:\\\/\\\/spainfilmcommission.com\\\/en\\\/blog\\\/nace-la-rioja-film-commission-oficina-del-cine-y-el-audiovisual-de-la-rioja\\\/#article\",\"isPartOf\":{\"@id\":\"https:\\\/\\\/spainfilmcommission.com\\\/en\\\/blog\\\/nace-la-rioja-film-commission-oficina-del-cine-y-el-audiovisual-de-la-rioja\\\/\"},\"author\":{\"name\":\"studio128k_dam\",\"@id\":\"https:\\\/\\\/spainfilmcommission.com\\\/en\\\/#\\\/schema\\\/person\\\/6c014ba6ceac198d178a6a9e61113c9d\"},\"headline\":\"Nace La Rioja Film Commission, oficina del cine y el audiovisual de La Rioja\",\"datePublished\":\"2018-06-05T22:00:00+00:00\",\"dateModified\":\"2025-06-12T12:14:29+00:00\",\"mainEntityOfPage\":{\"@id\":\"https:\\\/\\\/spainfilmcommission.com\\\/en\\\/blog\\\/nace-la-rioja-film-commission-oficina-del-cine-y-el-audiovisual-de-la-rioja\\\/\"},\"wordCount\":345,\"publisher\":{\"@id\":\"https:\\\/\\\/spainfilmcommission.com\\\/en\\\/#organization\"},\"image\":{\"@id\":\"https:\\\/\\\/spainfilmcommission.com\\\/en\\\/blog\\\/nace-la-rioja-film-commission-oficina-del-cine-y-el-audiovisual-de-la-rioja\\\/#primaryimage\"},\"thumbnailUrl\":\"https:\\\/\\\/spainfilmcommission.com\\\/wp-content\\\/uploads\\\/2018\\\/06\\\/nace-la-rioja-film-commission-oficina-del-cine-y-el-audiovisual-de-la-rioja-54.jpg\",\"articleSection\":[\"Noticias\"],\"inLanguage\":\"en-US\"},{\"@type\":\"WebPage\",\"@id\":\"https:\\\/\\\/spainfilmcommission.com\\\/en\\\/blog\\\/nace-la-rioja-film-commission-oficina-del-cine-y-el-audiovisual-de-la-rioja\\\/\",\"url\":\"https:\\\/\\\/spainfilmcommission.com\\\/en\\\/blog\\\/nace-la-rioja-film-commission-oficina-del-cine-y-el-audiovisual-de-la-rioja\\\/\",\"name\":\"Nace La Rioja Film Commission, oficina del cine y el audiovisual de La Rioja - Spain Film Commission\",\"isPartOf\":{\"@id\":\"https:\\\/\\\/spainfilmcommission.com\\\/en\\\/#website\"},\"primaryImageOfPage\":{\"@id\":\"https:\\\/\\\/spainfilmcommission.com\\\/en\\\/blog\\\/nace-la-rioja-film-commission-oficina-del-cine-y-el-audiovisual-de-la-rioja\\\/#primaryimage\"},\"image\":{\"@id\":\"https:\\\/\\\/spainfilmcommission.com\\\/en\\\/blog\\\/nace-la-rioja-film-commission-oficina-del-cine-y-el-audiovisual-de-la-rioja\\\/#primaryimage\"},\"thumbnailUrl\":\"https:\\\/\\\/spainfilmcommission.com\\\/wp-content\\\/uploads\\\/2018\\\/06\\\/nace-la-rioja-film-commission-oficina-del-cine-y-el-audiovisual-de-la-rioja-54.jpg\",\"datePublished\":\"2018-06-05T22:00:00+00:00\",\"dateModified\":\"2025-06-12T12:14:29+00:00\",\"breadcrumb\":{\"@id\":\"https:\\\/\\\/spainfilmcommission.com\\\/en\\\/blog\\\/nace-la-rioja-film-commission-oficina-del-cine-y-el-audiovisual-de-la-rioja\\\/#breadcrumb\"},\"inLanguage\":\"en-US\",\"potentialAction\":[{\"@type\":\"ReadAction\",\"target\":[\"https:\\\/\\\/spainfilmcommission.com\\\/en\\\/blog\\\/nace-la-rioja-film-commission-oficina-del-cine-y-el-audiovisual-de-la-rioja\\\/\"]}]},{\"@type\":\"ImageObject\",\"inLanguage\":\"en-US\",\"@id\":\"https:\\\/\\\/spainfilmcommission.com\\\/en\\\/blog\\\/nace-la-rioja-film-commission-oficina-del-cine-y-el-audiovisual-de-la-rioja\\\/#primaryimage\",\"url\":\"https:\\\/\\\/spainfilmcommission.com\\\/wp-content\\\/uploads\\\/2018\\\/06\\\/nace-la-rioja-film-commission-oficina-del-cine-y-el-audiovisual-de-la-rioja-54.jpg\",\"contentUrl\":\"https:\\\/\\\/spainfilmcommission.com\\\/wp-content\\\/uploads\\\/2018\\\/06\\\/nace-la-rioja-film-commission-oficina-del-cine-y-el-audiovisual-de-la-rioja-54.jpg\",\"width\":633,\"height\":426},{\"@type\":\"BreadcrumbList\",\"@id\":\"https:\\\/\\\/spainfilmcommission.com\\\/en\\\/blog\\\/nace-la-rioja-film-commission-oficina-del-cine-y-el-audiovisual-de-la-rioja\\\/#breadcrumb\",\"itemListElement\":[{\"@type\":\"ListItem\",\"position\":1,\"name\":\"Portada\",\"item\":\"https:\\\/\\\/spainfilmcommission.com\\\/en\\\/\"},{\"@type\":\"ListItem\",\"position\":2,\"name\":\"Nace La Rioja Film Commission, oficina del cine y el audiovisual de La Rioja\"}]},{\"@type\":\"WebSite\",\"@id\":\"https:\\\/\\\/spainfilmcommission.com\\\/en\\\/#website\",\"url\":\"https:\\\/\\\/spainfilmcommission.com\\\/en\\\/\",\"name\":\"Spain Film Commission\",\"description\":\"\",\"publisher\":{\"@id\":\"https:\\\/\\\/spainfilmcommission.com\\\/en\\\/#organization\"},\"potentialAction\":[{\"@type\":\"SearchAction\",\"target\":{\"@type\":\"EntryPoint\",\"urlTemplate\":\"https:\\\/\\\/spainfilmcommission.com\\\/en\\\/?s={search_term_string}\"},\"query-input\":{\"@type\":\"PropertyValueSpecification\",\"valueRequired\":true,\"valueName\":\"search_term_string\"}}],\"inLanguage\":\"en-US\"},{\"@type\":\"Organization\",\"@id\":\"https:\\\/\\\/spainfilmcommission.com\\\/en\\\/#organization\",\"name\":\"Spain Film Commission\",\"url\":\"https:\\\/\\\/spainfilmcommission.com\\\/en\\\/\",\"logo\":{\"@type\":\"ImageObject\",\"inLanguage\":\"en-US\",\"@id\":\"https:\\\/\\\/spainfilmcommission.com\\\/en\\\/#\\\/schema\\\/logo\\\/image\\\/\",\"url\":\"https:\\\/\\\/spainfilmcommission.com\\\/wp-content\\\/uploads\\\/2024\\\/07\\\/SPC_COLOR.png\",\"contentUrl\":\"https:\\\/\\\/spainfilmcommission.com\\\/wp-content\\\/uploads\\\/2024\\\/07\\\/SPC_COLOR.png\",\"width\":1665,\"height\":1665,\"caption\":\"Spain Film Commission\"},\"image\":{\"@id\":\"https:\\\/\\\/spainfilmcommission.com\\\/en\\\/#\\\/schema\\\/logo\\\/image\\\/\"}},{\"@type\":\"Person\",\"@id\":\"https:\\\/\\\/spainfilmcommission.com\\\/en\\\/#\\\/schema\\\/person\\\/6c014ba6ceac198d178a6a9e61113c9d\",\"name\":\"studio128k_dam\",\"image\":{\"@type\":\"ImageObject\",\"inLanguage\":\"en-US\",\"@id\":\"https:\\\/\\\/secure.gravatar.com\\\/avatar\\\/810f99144a13522c24aa173f9cd8bf079d0e89758af00b5f2938443cd51b31e9?s=96&d=mm&r=g\",\"url\":\"https:\\\/\\\/secure.gravatar.com\\\/avatar\\\/810f99144a13522c24aa173f9cd8bf079d0e89758af00b5f2938443cd51b31e9?s=96&d=mm&r=g\",\"contentUrl\":\"https:\\\/\\\/secure.gravatar.com\\\/avatar\\\/810f99144a13522c24aa173f9cd8bf079d0e89758af00b5f2938443cd51b31e9?s=96&d=mm&r=g\",\"caption\":\"studio128k_dam\"}}]}<\/script>\n<!-- \/ Yoast SEO plugin. -->","yoast_head_json":{"title":"Nace La Rioja Film Commission, oficina del cine y el audiovisual de La Rioja - Spain Film Commission","robots":{"index":"index","follow":"follow","max-snippet":"max-snippet:-1","max-image-preview":"max-image-preview:large","max-video-preview":"max-video-preview:-1"},"canonical":"https:\/\/spainfilmcommission.com\/en\/blog\/nace-la-rioja-film-commission-oficina-del-cine-y-el-audiovisual-de-la-rioja\/","og_locale":"en_US","og_type":"article","og_title":"Nace La Rioja Film Commission, oficina del cine y el audiovisual de La Rioja - Spain Film Commission","og_description":"Creada por el Gobierno de La Rioja y gestionada por La Rioja Turismo promocionar\u00e1 la regi\u00f3n y apoyar\u00e1 a las empresas que quieran rodar y trabajar en esa comunidad","og_url":"https:\/\/spainfilmcommission.com\/en\/blog\/nace-la-rioja-film-commission-oficina-del-cine-y-el-audiovisual-de-la-rioja\/","og_site_name":"Spain Film Commission","article_published_time":"2018-06-05T22:00:00+00:00","article_modified_time":"2025-06-12T12:14:29+00:00","og_image":[{"width":633,"height":426,"url":"https:\/\/spainfilmcommission.com\/wp-content\/uploads\/2018\/06\/nace-la-rioja-film-commission-oficina-del-cine-y-el-audiovisual-de-la-rioja-54.jpg","type":"image\/jpeg"}],"author":"studio128k_dam","twitter_card":"summary_large_image","twitter_misc":{"Written by":"studio128k_dam","Est. reading time":"3 minutes"},"schema":{"@context":"https:\/\/schema.org","@graph":[{"@type":"Article","@id":"https:\/\/spainfilmcommission.com\/en\/blog\/nace-la-rioja-film-commission-oficina-del-cine-y-el-audiovisual-de-la-rioja\/#article","isPartOf":{"@id":"https:\/\/spainfilmcommission.com\/en\/blog\/nace-la-rioja-film-commission-oficina-del-cine-y-el-audiovisual-de-la-rioja\/"},"author":{"name":"studio128k_dam","@id":"https:\/\/spainfilmcommission.com\/en\/#\/schema\/person\/6c014ba6ceac198d178a6a9e61113c9d"},"headline":"Nace La Rioja Film Commission, oficina del cine y el audiovisual de La Rioja","datePublished":"2018-06-05T22:00:00+00:00","dateModified":"2025-06-12T12:14:29+00:00","mainEntityOfPage":{"@id":"https:\/\/spainfilmcommission.com\/en\/blog\/nace-la-rioja-film-commission-oficina-del-cine-y-el-audiovisual-de-la-rioja\/"},"wordCount":345,"publisher":{"@id":"https:\/\/spainfilmcommission.com\/en\/#organization"},"image":{"@id":"https:\/\/spainfilmcommission.com\/en\/blog\/nace-la-rioja-film-commission-oficina-del-cine-y-el-audiovisual-de-la-rioja\/#primaryimage"},"thumbnailUrl":"https:\/\/spainfilmcommission.com\/wp-content\/uploads\/2018\/06\/nace-la-rioja-film-commission-oficina-del-cine-y-el-audiovisual-de-la-rioja-54.jpg","articleSection":["Noticias"],"inLanguage":"en-US"},{"@type":"WebPage","@id":"https:\/\/spainfilmcommission.com\/en\/blog\/nace-la-rioja-film-commission-oficina-del-cine-y-el-audiovisual-de-la-rioja\/","url":"https:\/\/spainfilmcommission.com\/en\/blog\/nace-la-rioja-film-commission-oficina-del-cine-y-el-audiovisual-de-la-rioja\/","name":"Nace La Rioja Film Commission, oficina del cine y el audiovisual de La Rioja - Spain Film Commission","isPartOf":{"@id":"https:\/\/spainfilmcommission.com\/en\/#website"},"primaryImageOfPage":{"@id":"https:\/\/spainfilmcommission.com\/en\/blog\/nace-la-rioja-film-commission-oficina-del-cine-y-el-audiovisual-de-la-rioja\/#primaryimage"},"image":{"@id":"https:\/\/spainfilmcommission.com\/en\/blog\/nace-la-rioja-film-commission-oficina-del-cine-y-el-audiovisual-de-la-rioja\/#primaryimage"},"thumbnailUrl":"https:\/\/spainfilmcommission.com\/wp-content\/uploads\/2018\/06\/nace-la-rioja-film-commission-oficina-del-cine-y-el-audiovisual-de-la-rioja-54.jpg","datePublished":"2018-06-05T22:00:00+00:00","dateModified":"2025-06-12T12:14:29+00:00","breadcrumb":{"@id":"https:\/\/spainfilmcommission.com\/en\/blog\/nace-la-rioja-film-commission-oficina-del-cine-y-el-audiovisual-de-la-rioja\/#breadcrumb"},"inLanguage":"en-US","potentialAction":[{"@type":"ReadAction","target":["https:\/\/spainfilmcommission.com\/en\/blog\/nace-la-rioja-film-commission-oficina-del-cine-y-el-audiovisual-de-la-rioja\/"]}]},{"@type":"ImageObject","inLanguage":"en-US","@id":"https:\/\/spainfilmcommission.com\/en\/blog\/nace-la-rioja-film-commission-oficina-del-cine-y-el-audiovisual-de-la-rioja\/#primaryimage","url":"https:\/\/spainfilmcommission.com\/wp-content\/uploads\/2018\/06\/nace-la-rioja-film-commission-oficina-del-cine-y-el-audiovisual-de-la-rioja-54.jpg","contentUrl":"https:\/\/spainfilmcommission.com\/wp-content\/uploads\/2018\/06\/nace-la-rioja-film-commission-oficina-del-cine-y-el-audiovisual-de-la-rioja-54.jpg","width":633,"height":426},{"@type":"BreadcrumbList","@id":"https:\/\/spainfilmcommission.com\/en\/blog\/nace-la-rioja-film-commission-oficina-del-cine-y-el-audiovisual-de-la-rioja\/#breadcrumb","itemListElement":[{"@type":"ListItem","position":1,"name":"Portada","item":"https:\/\/spainfilmcommission.com\/en\/"},{"@type":"ListItem","position":2,"name":"Nace La Rioja Film Commission, oficina del cine y el audiovisual de La Rioja"}]},{"@type":"WebSite","@id":"https:\/\/spainfilmcommission.com\/en\/#website","url":"https:\/\/spainfilmcommission.com\/en\/","name":"Spain Film Commission","description":"","publisher":{"@id":"https:\/\/spainfilmcommission.com\/en\/#organization"},"potentialAction":[{"@type":"SearchAction","target":{"@type":"EntryPoint","urlTemplate":"https:\/\/spainfilmcommission.com\/en\/?s={search_term_string}"},"query-input":{"@type":"PropertyValueSpecification","valueRequired":true,"valueName":"search_term_string"}}],"inLanguage":"en-US"},{"@type":"Organization","@id":"https:\/\/spainfilmcommission.com\/en\/#organization","name":"Spain Film Commission","url":"https:\/\/spainfilmcommission.com\/en\/","logo":{"@type":"ImageObject","inLanguage":"en-US","@id":"https:\/\/spainfilmcommission.com\/en\/#\/schema\/logo\/image\/","url":"https:\/\/spainfilmcommission.com\/wp-content\/uploads\/2024\/07\/SPC_COLOR.png","contentUrl":"https:\/\/spainfilmcommission.com\/wp-content\/uploads\/2024\/07\/SPC_COLOR.png","width":1665,"height":1665,"caption":"Spain Film Commission"},"image":{"@id":"https:\/\/spainfilmcommission.com\/en\/#\/schema\/logo\/image\/"}},{"@type":"Person","@id":"https:\/\/spainfilmcommission.com\/en\/#\/schema\/person\/6c014ba6ceac198d178a6a9e61113c9d","name":"studio128k_dam","image":{"@type":"ImageObject","inLanguage":"en-US","@id":"https:\/\/secure.gravatar.com\/avatar\/810f99144a13522c24aa173f9cd8bf079d0e89758af00b5f2938443cd51b31e9?s=96&d=mm&r=g","url":"https:\/\/secure.gravatar.com\/avatar\/810f99144a13522c24aa173f9cd8bf079d0e89758af00b5f2938443cd51b31e9?s=96&d=mm&r=g","contentUrl":"https:\/\/secure.gravatar.com\/avatar\/810f99144a13522c24aa173f9cd8bf079d0e89758af00b5f2938443cd51b31e9?s=96&d=mm&r=g","caption":"studio128k_dam"}}]}},"_links":{"self":[{"href":"https:\/\/spainfilmcommission.com\/en\/wp-json\/wp\/v2\/posts\/7118","targetHints":{"allow":["GET"]}}],"collection":[{"href":"https:\/\/spainfilmcommission.com\/en\/wp-json\/wp\/v2\/posts"}],"about":[{"href":"https:\/\/spainfilmcommission.com\/en\/wp-json\/wp\/v2\/types\/post"}],"author":[{"embeddable":true,"href":"https:\/\/spainfilmcommission.com\/en\/wp-json\/wp\/v2\/users\/2"}],"replies":[{"embeddable":true,"href":"https:\/\/spainfilmcommission.com\/en\/wp-json\/wp\/v2\/comments?post=7118"}],"version-history":[{"count":0,"href":"https:\/\/spainfilmcommission.com\/en\/wp-json\/wp\/v2\/posts\/7118\/revisions"}],"wp:featuredmedia":[{"embeddable":true,"href":"https:\/\/spainfilmcommission.com\/en\/wp-json\/wp\/v2\/media\/7119"}],"wp:attachment":[{"href":"https:\/\/spainfilmcommission.com\/en\/wp-json\/wp\/v2\/media?parent=7118"}],"wp:term":[{"taxonomy":"category","embeddable":true,"href":"https:\/\/spainfilmcommission.com\/en\/wp-json\/wp\/v2\/categories?post=7118"},{"taxonomy":"post_tag","embeddable":true,"href":"https:\/\/spainfilmcommission.com\/en\/wp-json\/wp\/v2\/tags?post=7118"}],"curies":[{"name":"wp","href":"https:\/\/api.w.org\/{rel}","templated":true}]}}