{"id":7098,"date":"2018-05-28T00:00:00","date_gmt":"2018-05-27T22:00:00","guid":{"rendered":"https:\/\/sfc.com\/andalucia-film-commission-presenta-la-memoria-de-actividad-del-2017-donde-se-confirma-la-tendencia-al-alza-en-rodajes-generacion-de-economia-y-empleo\/"},"modified":"2025-06-12T14:16:27","modified_gmt":"2025-06-12T12:16:27","slug":"andalucia-film-commission-presenta-la-memoria-de-actividad-del-2017-donde-se-confirma-la-tendencia-al-alza-en-rodajes-generacion-de-economia-y-empleo","status":"publish","type":"post","link":"https:\/\/spainfilmcommission.com\/en\/blog\/andalucia-film-commission-presenta-la-memoria-de-actividad-del-2017-donde-se-confirma-la-tendencia-al-alza-en-rodajes-generacion-de-economia-y-empleo\/","title":{"rendered":"Andaluc\u00eda Film Commission presenta la memoria de actividad del 2017 donde se confirma la tendencia al alza en rodajes, generaci\u00f3n de econom\u00eda y empleo"},"content":{"rendered":"<p>Como viene realizando anualmente, Piluca Querol, directora de Andaluc\u00eda FC, ha presentado la Memoria de actividad de AFC y su Red de Ciudades de Cine aportando los datos del impacto econ\u00f3mico y de empleo que superan datos anteriores y confirman que la industria de rodajes es un vector estable y al alza en Andaluc\u00eda.<\/p>\n<p>Se confirma la tendencia en alza durante el a\u00f1o 2017 con 1.406 rodajes, lo que viene a ser una suma total de 15.368 rodajes atendidos desde la creaci\u00f3n de Andaluc\u00eda Film Commission en el 1.998, con un total de 490 programas de televisi\u00f3n, 235 spots publicitarios, 211 reportajes fotogr\u00e1ficos, 46 largometrajes, 87 documentales y 53 rodajes de cap\u00edtulos de series de televisi\u00f3n.<\/p>\n<p>Estos rodajes han generado un impacto sobre la econom\u00eda andaluza de 122.544.678\u20ac y generado un empleo de 21.877 profesionales.<\/p>\n<p>Esta Memoria se encuentra disponible en la secci\u00f3n <a href=\"http:\/\/www.andaluciafilm.com\/index.php\/afc\/informes\">informes de actividad de p\u00e1gina web de AFC<\/a>.\u00a0 En este enlace se pueden ver todas las Memorias de actividad publicadas hasta la fecha.<\/p>\n<p>Los datos del 2017 evidencian que la industria de los rodajes en Andaluc\u00eda ha alcanzado un importante nivel de consolidaci\u00f3n y estabilidad. Debe destacarse que en 2017 se ha alcanzado un porcentaje significativo de producciones en el que ha intervenido total o parcialmente la industria andaluza.<\/p>\n<p>La tendencia positiva de los \u00faltimos a\u00f1os se est\u00e1 manteniendo en el primer semestre del 2018 y Andaluc\u00eda Film Commission prepara ya un importante conjunto de iniciativas con ocasi\u00f3n del 20 Aniversario de la entidad que se celebrar\u00e1 en el a\u00f1o 2018, con t\u00edtulos como el rodaje de\u2018Terminator6\u2019 \u2018Tu hijo\u2019 de Miguel \u00c1ngel Vivas, series como \u2018Lontano da te\u2019 \u2018Juego de Tronos\u2019, \u2018La otra mirada\u2019, \u2018Snatch\u2019, \u2018Living the dream\u2019, &#8216;Bounty Hunters&#8217;\u2026<\/p>\n<p>En el 2018 Andaluc\u00eda FC cumple 20 a\u00f1os de actividad que la convierten en la film Commission m\u00e1s antigua de Espa\u00f1a y con una presencia muy activa en la Junta de la European Film Commission Network y en la Spain Film Commission.<\/p>\n<p><img decoding=\"async\" src=\"https:\/\/spainfilmcommission.com\/\/wp-content\/uploads\/2018\/05\/andalucia-film-commission-presenta-la-memoria-de-actividad-del-2017-donde-se-confirma-la-tendencia-al-alza-en-rodajes-generacion-de-economia-y-empleo1-52.jpg\" alt=\"Imagen relacionada\" \/><img decoding=\"async\" src=\"https:\/\/spainfilmcommission.com\/\/wp-content\/uploads\/2018\/05\/andalucia-film-commission-presenta-la-memoria-de-actividad-del-2017-donde-se-confirma-la-tendencia-al-alza-en-rodajes-generacion-de-economia-y-empleo2-52.jpg\" alt=\"Imagen relacionada\" \/><img decoding=\"async\" src=\"https:\/\/spainfilmcommission.com\/\/wp-content\/uploads\/2018\/05\/andalucia-film-commission-presenta-la-memoria-de-actividad-del-2017-donde-se-confirma-la-tendencia-al-alza-en-rodajes-generacion-de-economia-y-empleo3-52.jpg\" alt=\"Imagen relacionada\" \/><\/p>\n","protected":false},"excerpt":{"rendered":"<p><a href=\"http:\/\/www.andaluciafilm.com\/\">Andaluc\u00eda Film Commission<\/a> atiende 1.406 rodajes en el a\u00f1o 2017 que generan en la econom\u00eda andaluza m\u00e1s de 122 millones de euros y un empleo de 21.877 profesionales<\/p>\n<p>\u00a0<\/p>\n","protected":false},"author":2,"featured_media":7099,"comment_status":"closed","ping_status":"closed","sticky":false,"template":"","format":"standard","meta":{"footnotes":""},"categories":[38],"tags":[],"class_list":["post-7098","post","type-post","status-publish","format-standard","has-post-thumbnail","hentry","category-noticias"],"yoast_head":"<!-- This site is optimized with the Yoast SEO plugin v27.3 - https:\/\/yoast.com\/product\/yoast-seo-wordpress\/ -->\n<title>Andaluc\u00eda Film Commission presenta la memoria de actividad del 2017 donde se confirma la tendencia al alza en rodajes, generaci\u00f3n de econom\u00eda y empleo - Spain Film Commission<\/title>\n<meta name=\"robots\" content=\"index, follow, max-snippet:-1, max-image-preview:large, max-video-preview:-1\" \/>\n<link rel=\"canonical\" href=\"https:\/\/spainfilmcommission.com\/en\/blog\/andalucia-film-commission-presenta-la-memoria-de-actividad-del-2017-donde-se-confirma-la-tendencia-al-alza-en-rodajes-generacion-de-economia-y-empleo\/\" \/>\n<meta property=\"og:locale\" content=\"en_US\" \/>\n<meta property=\"og:type\" content=\"article\" \/>\n<meta property=\"og:title\" content=\"Andaluc\u00eda Film Commission presenta la memoria de actividad del 2017 donde se confirma la tendencia al alza en rodajes, generaci\u00f3n de econom\u00eda y empleo - Spain Film Commission\" \/>\n<meta property=\"og:description\" content=\"Andaluc\u00eda Film Commission atiende 1.406 rodajes en el a\u00f1o 2017 que generan en la econom\u00eda andaluza m\u00e1s de 122 millones de euros y un empleo de 21.877 profesionales \u00a0\" \/>\n<meta property=\"og:url\" content=\"https:\/\/spainfilmcommission.com\/en\/blog\/andalucia-film-commission-presenta-la-memoria-de-actividad-del-2017-donde-se-confirma-la-tendencia-al-alza-en-rodajes-generacion-de-economia-y-empleo\/\" \/>\n<meta property=\"og:site_name\" content=\"Spain Film Commission\" \/>\n<meta property=\"article:published_time\" content=\"2018-05-27T22:00:00+00:00\" \/>\n<meta property=\"article:modified_time\" content=\"2025-06-12T12:16:27+00:00\" \/>\n<meta property=\"og:image\" content=\"https:\/\/spainfilmcommission.com\/wp-content\/uploads\/2018\/05\/andalucia-film-commission-presenta-la-memoria-de-actividad-del-2017-donde-se-confirma-la-tendencia-al-alza-en-rodajes-generacion-de-economia-y-empleo-52.jpg\" \/>\n\t<meta property=\"og:image:width\" content=\"570\" \/>\n\t<meta property=\"og:image:height\" content=\"400\" \/>\n\t<meta property=\"og:image:type\" content=\"image\/jpeg\" \/>\n<meta name=\"author\" content=\"studio128k_dam\" \/>\n<meta name=\"twitter:card\" content=\"summary_large_image\" \/>\n<meta name=\"twitter:label1\" content=\"Written by\" \/>\n\t<meta name=\"twitter:data1\" content=\"studio128k_dam\" \/>\n\t<meta name=\"twitter:label2\" content=\"Est. reading time\" \/>\n\t<meta name=\"twitter:data2\" content=\"3 minutes\" \/>\n<script type=\"application\/ld+json\" class=\"yoast-schema-graph\">{\"@context\":\"https:\\\/\\\/schema.org\",\"@graph\":[{\"@type\":\"Article\",\"@id\":\"https:\\\/\\\/spainfilmcommission.com\\\/en\\\/blog\\\/andalucia-film-commission-presenta-la-memoria-de-actividad-del-2017-donde-se-confirma-la-tendencia-al-alza-en-rodajes-generacion-de-economia-y-empleo\\\/#article\",\"isPartOf\":{\"@id\":\"https:\\\/\\\/spainfilmcommission.com\\\/en\\\/blog\\\/andalucia-film-commission-presenta-la-memoria-de-actividad-del-2017-donde-se-confirma-la-tendencia-al-alza-en-rodajes-generacion-de-economia-y-empleo\\\/\"},\"author\":{\"name\":\"studio128k_dam\",\"@id\":\"https:\\\/\\\/spainfilmcommission.com\\\/en\\\/#\\\/schema\\\/person\\\/6c014ba6ceac198d178a6a9e61113c9d\"},\"headline\":\"Andaluc\u00eda Film Commission presenta la memoria de actividad del 2017 donde se confirma la tendencia al alza en rodajes, generaci\u00f3n de econom\u00eda y empleo\",\"datePublished\":\"2018-05-27T22:00:00+00:00\",\"dateModified\":\"2025-06-12T12:16:27+00:00\",\"mainEntityOfPage\":{\"@id\":\"https:\\\/\\\/spainfilmcommission.com\\\/en\\\/blog\\\/andalucia-film-commission-presenta-la-memoria-de-actividad-del-2017-donde-se-confirma-la-tendencia-al-alza-en-rodajes-generacion-de-economia-y-empleo\\\/\"},\"wordCount\":357,\"publisher\":{\"@id\":\"https:\\\/\\\/spainfilmcommission.com\\\/en\\\/#organization\"},\"image\":{\"@id\":\"https:\\\/\\\/spainfilmcommission.com\\\/en\\\/blog\\\/andalucia-film-commission-presenta-la-memoria-de-actividad-del-2017-donde-se-confirma-la-tendencia-al-alza-en-rodajes-generacion-de-economia-y-empleo\\\/#primaryimage\"},\"thumbnailUrl\":\"https:\\\/\\\/spainfilmcommission.com\\\/wp-content\\\/uploads\\\/2018\\\/05\\\/andalucia-film-commission-presenta-la-memoria-de-actividad-del-2017-donde-se-confirma-la-tendencia-al-alza-en-rodajes-generacion-de-economia-y-empleo-52.jpg\",\"articleSection\":[\"Noticias\"],\"inLanguage\":\"en-US\"},{\"@type\":\"WebPage\",\"@id\":\"https:\\\/\\\/spainfilmcommission.com\\\/en\\\/blog\\\/andalucia-film-commission-presenta-la-memoria-de-actividad-del-2017-donde-se-confirma-la-tendencia-al-alza-en-rodajes-generacion-de-economia-y-empleo\\\/\",\"url\":\"https:\\\/\\\/spainfilmcommission.com\\\/en\\\/blog\\\/andalucia-film-commission-presenta-la-memoria-de-actividad-del-2017-donde-se-confirma-la-tendencia-al-alza-en-rodajes-generacion-de-economia-y-empleo\\\/\",\"name\":\"Andaluc\u00eda Film Commission presenta la memoria de actividad del 2017 donde se confirma la tendencia al alza en rodajes, generaci\u00f3n de econom\u00eda y empleo - Spain Film Commission\",\"isPartOf\":{\"@id\":\"https:\\\/\\\/spainfilmcommission.com\\\/en\\\/#website\"},\"primaryImageOfPage\":{\"@id\":\"https:\\\/\\\/spainfilmcommission.com\\\/en\\\/blog\\\/andalucia-film-commission-presenta-la-memoria-de-actividad-del-2017-donde-se-confirma-la-tendencia-al-alza-en-rodajes-generacion-de-economia-y-empleo\\\/#primaryimage\"},\"image\":{\"@id\":\"https:\\\/\\\/spainfilmcommission.com\\\/en\\\/blog\\\/andalucia-film-commission-presenta-la-memoria-de-actividad-del-2017-donde-se-confirma-la-tendencia-al-alza-en-rodajes-generacion-de-economia-y-empleo\\\/#primaryimage\"},\"thumbnailUrl\":\"https:\\\/\\\/spainfilmcommission.com\\\/wp-content\\\/uploads\\\/2018\\\/05\\\/andalucia-film-commission-presenta-la-memoria-de-actividad-del-2017-donde-se-confirma-la-tendencia-al-alza-en-rodajes-generacion-de-economia-y-empleo-52.jpg\",\"datePublished\":\"2018-05-27T22:00:00+00:00\",\"dateModified\":\"2025-06-12T12:16:27+00:00\",\"breadcrumb\":{\"@id\":\"https:\\\/\\\/spainfilmcommission.com\\\/en\\\/blog\\\/andalucia-film-commission-presenta-la-memoria-de-actividad-del-2017-donde-se-confirma-la-tendencia-al-alza-en-rodajes-generacion-de-economia-y-empleo\\\/#breadcrumb\"},\"inLanguage\":\"en-US\",\"potentialAction\":[{\"@type\":\"ReadAction\",\"target\":[\"https:\\\/\\\/spainfilmcommission.com\\\/en\\\/blog\\\/andalucia-film-commission-presenta-la-memoria-de-actividad-del-2017-donde-se-confirma-la-tendencia-al-alza-en-rodajes-generacion-de-economia-y-empleo\\\/\"]}]},{\"@type\":\"ImageObject\",\"inLanguage\":\"en-US\",\"@id\":\"https:\\\/\\\/spainfilmcommission.com\\\/en\\\/blog\\\/andalucia-film-commission-presenta-la-memoria-de-actividad-del-2017-donde-se-confirma-la-tendencia-al-alza-en-rodajes-generacion-de-economia-y-empleo\\\/#primaryimage\",\"url\":\"https:\\\/\\\/spainfilmcommission.com\\\/wp-content\\\/uploads\\\/2018\\\/05\\\/andalucia-film-commission-presenta-la-memoria-de-actividad-del-2017-donde-se-confirma-la-tendencia-al-alza-en-rodajes-generacion-de-economia-y-empleo-52.jpg\",\"contentUrl\":\"https:\\\/\\\/spainfilmcommission.com\\\/wp-content\\\/uploads\\\/2018\\\/05\\\/andalucia-film-commission-presenta-la-memoria-de-actividad-del-2017-donde-se-confirma-la-tendencia-al-alza-en-rodajes-generacion-de-economia-y-empleo-52.jpg\",\"width\":570,\"height\":400},{\"@type\":\"BreadcrumbList\",\"@id\":\"https:\\\/\\\/spainfilmcommission.com\\\/en\\\/blog\\\/andalucia-film-commission-presenta-la-memoria-de-actividad-del-2017-donde-se-confirma-la-tendencia-al-alza-en-rodajes-generacion-de-economia-y-empleo\\\/#breadcrumb\",\"itemListElement\":[{\"@type\":\"ListItem\",\"position\":1,\"name\":\"Portada\",\"item\":\"https:\\\/\\\/spainfilmcommission.com\\\/en\\\/\"},{\"@type\":\"ListItem\",\"position\":2,\"name\":\"Andaluc\u00eda Film Commission presenta la memoria de actividad del 2017 donde se confirma la tendencia al alza en rodajes, generaci\u00f3n de econom\u00eda y empleo\"}]},{\"@type\":\"WebSite\",\"@id\":\"https:\\\/\\\/spainfilmcommission.com\\\/en\\\/#website\",\"url\":\"https:\\\/\\\/spainfilmcommission.com\\\/en\\\/\",\"name\":\"Spain Film Commission\",\"description\":\"\",\"publisher\":{\"@id\":\"https:\\\/\\\/spainfilmcommission.com\\\/en\\\/#organization\"},\"potentialAction\":[{\"@type\":\"SearchAction\",\"target\":{\"@type\":\"EntryPoint\",\"urlTemplate\":\"https:\\\/\\\/spainfilmcommission.com\\\/en\\\/?s={search_term_string}\"},\"query-input\":{\"@type\":\"PropertyValueSpecification\",\"valueRequired\":true,\"valueName\":\"search_term_string\"}}],\"inLanguage\":\"en-US\"},{\"@type\":\"Organization\",\"@id\":\"https:\\\/\\\/spainfilmcommission.com\\\/en\\\/#organization\",\"name\":\"Spain Film Commission\",\"url\":\"https:\\\/\\\/spainfilmcommission.com\\\/en\\\/\",\"logo\":{\"@type\":\"ImageObject\",\"inLanguage\":\"en-US\",\"@id\":\"https:\\\/\\\/spainfilmcommission.com\\\/en\\\/#\\\/schema\\\/logo\\\/image\\\/\",\"url\":\"https:\\\/\\\/spainfilmcommission.com\\\/wp-content\\\/uploads\\\/2024\\\/07\\\/SPC_COLOR.png\",\"contentUrl\":\"https:\\\/\\\/spainfilmcommission.com\\\/wp-content\\\/uploads\\\/2024\\\/07\\\/SPC_COLOR.png\",\"width\":1665,\"height\":1665,\"caption\":\"Spain Film Commission\"},\"image\":{\"@id\":\"https:\\\/\\\/spainfilmcommission.com\\\/en\\\/#\\\/schema\\\/logo\\\/image\\\/\"}},{\"@type\":\"Person\",\"@id\":\"https:\\\/\\\/spainfilmcommission.com\\\/en\\\/#\\\/schema\\\/person\\\/6c014ba6ceac198d178a6a9e61113c9d\",\"name\":\"studio128k_dam\",\"image\":{\"@type\":\"ImageObject\",\"inLanguage\":\"en-US\",\"@id\":\"https:\\\/\\\/secure.gravatar.com\\\/avatar\\\/810f99144a13522c24aa173f9cd8bf079d0e89758af00b5f2938443cd51b31e9?s=96&d=mm&r=g\",\"url\":\"https:\\\/\\\/secure.gravatar.com\\\/avatar\\\/810f99144a13522c24aa173f9cd8bf079d0e89758af00b5f2938443cd51b31e9?s=96&d=mm&r=g\",\"contentUrl\":\"https:\\\/\\\/secure.gravatar.com\\\/avatar\\\/810f99144a13522c24aa173f9cd8bf079d0e89758af00b5f2938443cd51b31e9?s=96&d=mm&r=g\",\"caption\":\"studio128k_dam\"}}]}<\/script>\n<!-- \/ Yoast SEO plugin. -->","yoast_head_json":{"title":"Andaluc\u00eda Film Commission presenta la memoria de actividad del 2017 donde se confirma la tendencia al alza en rodajes, generaci\u00f3n de econom\u00eda y empleo - Spain Film Commission","robots":{"index":"index","follow":"follow","max-snippet":"max-snippet:-1","max-image-preview":"max-image-preview:large","max-video-preview":"max-video-preview:-1"},"canonical":"https:\/\/spainfilmcommission.com\/en\/blog\/andalucia-film-commission-presenta-la-memoria-de-actividad-del-2017-donde-se-confirma-la-tendencia-al-alza-en-rodajes-generacion-de-economia-y-empleo\/","og_locale":"en_US","og_type":"article","og_title":"Andaluc\u00eda Film Commission presenta la memoria de actividad del 2017 donde se confirma la tendencia al alza en rodajes, generaci\u00f3n de econom\u00eda y empleo - Spain Film Commission","og_description":"Andaluc\u00eda Film Commission atiende 1.406 rodajes en el a\u00f1o 2017 que generan en la econom\u00eda andaluza m\u00e1s de 122 millones de euros y un empleo de 21.877 profesionales \u00a0","og_url":"https:\/\/spainfilmcommission.com\/en\/blog\/andalucia-film-commission-presenta-la-memoria-de-actividad-del-2017-donde-se-confirma-la-tendencia-al-alza-en-rodajes-generacion-de-economia-y-empleo\/","og_site_name":"Spain Film Commission","article_published_time":"2018-05-27T22:00:00+00:00","article_modified_time":"2025-06-12T12:16:27+00:00","og_image":[{"width":570,"height":400,"url":"https:\/\/spainfilmcommission.com\/wp-content\/uploads\/2018\/05\/andalucia-film-commission-presenta-la-memoria-de-actividad-del-2017-donde-se-confirma-la-tendencia-al-alza-en-rodajes-generacion-de-economia-y-empleo-52.jpg","type":"image\/jpeg"}],"author":"studio128k_dam","twitter_card":"summary_large_image","twitter_misc":{"Written by":"studio128k_dam","Est. reading time":"3 minutes"},"schema":{"@context":"https:\/\/schema.org","@graph":[{"@type":"Article","@id":"https:\/\/spainfilmcommission.com\/en\/blog\/andalucia-film-commission-presenta-la-memoria-de-actividad-del-2017-donde-se-confirma-la-tendencia-al-alza-en-rodajes-generacion-de-economia-y-empleo\/#article","isPartOf":{"@id":"https:\/\/spainfilmcommission.com\/en\/blog\/andalucia-film-commission-presenta-la-memoria-de-actividad-del-2017-donde-se-confirma-la-tendencia-al-alza-en-rodajes-generacion-de-economia-y-empleo\/"},"author":{"name":"studio128k_dam","@id":"https:\/\/spainfilmcommission.com\/en\/#\/schema\/person\/6c014ba6ceac198d178a6a9e61113c9d"},"headline":"Andaluc\u00eda Film Commission presenta la memoria de actividad del 2017 donde se confirma la tendencia al alza en rodajes, generaci\u00f3n de econom\u00eda y empleo","datePublished":"2018-05-27T22:00:00+00:00","dateModified":"2025-06-12T12:16:27+00:00","mainEntityOfPage":{"@id":"https:\/\/spainfilmcommission.com\/en\/blog\/andalucia-film-commission-presenta-la-memoria-de-actividad-del-2017-donde-se-confirma-la-tendencia-al-alza-en-rodajes-generacion-de-economia-y-empleo\/"},"wordCount":357,"publisher":{"@id":"https:\/\/spainfilmcommission.com\/en\/#organization"},"image":{"@id":"https:\/\/spainfilmcommission.com\/en\/blog\/andalucia-film-commission-presenta-la-memoria-de-actividad-del-2017-donde-se-confirma-la-tendencia-al-alza-en-rodajes-generacion-de-economia-y-empleo\/#primaryimage"},"thumbnailUrl":"https:\/\/spainfilmcommission.com\/wp-content\/uploads\/2018\/05\/andalucia-film-commission-presenta-la-memoria-de-actividad-del-2017-donde-se-confirma-la-tendencia-al-alza-en-rodajes-generacion-de-economia-y-empleo-52.jpg","articleSection":["Noticias"],"inLanguage":"en-US"},{"@type":"WebPage","@id":"https:\/\/spainfilmcommission.com\/en\/blog\/andalucia-film-commission-presenta-la-memoria-de-actividad-del-2017-donde-se-confirma-la-tendencia-al-alza-en-rodajes-generacion-de-economia-y-empleo\/","url":"https:\/\/spainfilmcommission.com\/en\/blog\/andalucia-film-commission-presenta-la-memoria-de-actividad-del-2017-donde-se-confirma-la-tendencia-al-alza-en-rodajes-generacion-de-economia-y-empleo\/","name":"Andaluc\u00eda Film Commission presenta la memoria de actividad del 2017 donde se confirma la tendencia al alza en rodajes, generaci\u00f3n de econom\u00eda y empleo - Spain Film Commission","isPartOf":{"@id":"https:\/\/spainfilmcommission.com\/en\/#website"},"primaryImageOfPage":{"@id":"https:\/\/spainfilmcommission.com\/en\/blog\/andalucia-film-commission-presenta-la-memoria-de-actividad-del-2017-donde-se-confirma-la-tendencia-al-alza-en-rodajes-generacion-de-economia-y-empleo\/#primaryimage"},"image":{"@id":"https:\/\/spainfilmcommission.com\/en\/blog\/andalucia-film-commission-presenta-la-memoria-de-actividad-del-2017-donde-se-confirma-la-tendencia-al-alza-en-rodajes-generacion-de-economia-y-empleo\/#primaryimage"},"thumbnailUrl":"https:\/\/spainfilmcommission.com\/wp-content\/uploads\/2018\/05\/andalucia-film-commission-presenta-la-memoria-de-actividad-del-2017-donde-se-confirma-la-tendencia-al-alza-en-rodajes-generacion-de-economia-y-empleo-52.jpg","datePublished":"2018-05-27T22:00:00+00:00","dateModified":"2025-06-12T12:16:27+00:00","breadcrumb":{"@id":"https:\/\/spainfilmcommission.com\/en\/blog\/andalucia-film-commission-presenta-la-memoria-de-actividad-del-2017-donde-se-confirma-la-tendencia-al-alza-en-rodajes-generacion-de-economia-y-empleo\/#breadcrumb"},"inLanguage":"en-US","potentialAction":[{"@type":"ReadAction","target":["https:\/\/spainfilmcommission.com\/en\/blog\/andalucia-film-commission-presenta-la-memoria-de-actividad-del-2017-donde-se-confirma-la-tendencia-al-alza-en-rodajes-generacion-de-economia-y-empleo\/"]}]},{"@type":"ImageObject","inLanguage":"en-US","@id":"https:\/\/spainfilmcommission.com\/en\/blog\/andalucia-film-commission-presenta-la-memoria-de-actividad-del-2017-donde-se-confirma-la-tendencia-al-alza-en-rodajes-generacion-de-economia-y-empleo\/#primaryimage","url":"https:\/\/spainfilmcommission.com\/wp-content\/uploads\/2018\/05\/andalucia-film-commission-presenta-la-memoria-de-actividad-del-2017-donde-se-confirma-la-tendencia-al-alza-en-rodajes-generacion-de-economia-y-empleo-52.jpg","contentUrl":"https:\/\/spainfilmcommission.com\/wp-content\/uploads\/2018\/05\/andalucia-film-commission-presenta-la-memoria-de-actividad-del-2017-donde-se-confirma-la-tendencia-al-alza-en-rodajes-generacion-de-economia-y-empleo-52.jpg","width":570,"height":400},{"@type":"BreadcrumbList","@id":"https:\/\/spainfilmcommission.com\/en\/blog\/andalucia-film-commission-presenta-la-memoria-de-actividad-del-2017-donde-se-confirma-la-tendencia-al-alza-en-rodajes-generacion-de-economia-y-empleo\/#breadcrumb","itemListElement":[{"@type":"ListItem","position":1,"name":"Portada","item":"https:\/\/spainfilmcommission.com\/en\/"},{"@type":"ListItem","position":2,"name":"Andaluc\u00eda Film Commission presenta la memoria de actividad del 2017 donde se confirma la tendencia al alza en rodajes, generaci\u00f3n de econom\u00eda y empleo"}]},{"@type":"WebSite","@id":"https:\/\/spainfilmcommission.com\/en\/#website","url":"https:\/\/spainfilmcommission.com\/en\/","name":"Spain Film Commission","description":"","publisher":{"@id":"https:\/\/spainfilmcommission.com\/en\/#organization"},"potentialAction":[{"@type":"SearchAction","target":{"@type":"EntryPoint","urlTemplate":"https:\/\/spainfilmcommission.com\/en\/?s={search_term_string}"},"query-input":{"@type":"PropertyValueSpecification","valueRequired":true,"valueName":"search_term_string"}}],"inLanguage":"en-US"},{"@type":"Organization","@id":"https:\/\/spainfilmcommission.com\/en\/#organization","name":"Spain Film Commission","url":"https:\/\/spainfilmcommission.com\/en\/","logo":{"@type":"ImageObject","inLanguage":"en-US","@id":"https:\/\/spainfilmcommission.com\/en\/#\/schema\/logo\/image\/","url":"https:\/\/spainfilmcommission.com\/wp-content\/uploads\/2024\/07\/SPC_COLOR.png","contentUrl":"https:\/\/spainfilmcommission.com\/wp-content\/uploads\/2024\/07\/SPC_COLOR.png","width":1665,"height":1665,"caption":"Spain Film Commission"},"image":{"@id":"https:\/\/spainfilmcommission.com\/en\/#\/schema\/logo\/image\/"}},{"@type":"Person","@id":"https:\/\/spainfilmcommission.com\/en\/#\/schema\/person\/6c014ba6ceac198d178a6a9e61113c9d","name":"studio128k_dam","image":{"@type":"ImageObject","inLanguage":"en-US","@id":"https:\/\/secure.gravatar.com\/avatar\/810f99144a13522c24aa173f9cd8bf079d0e89758af00b5f2938443cd51b31e9?s=96&d=mm&r=g","url":"https:\/\/secure.gravatar.com\/avatar\/810f99144a13522c24aa173f9cd8bf079d0e89758af00b5f2938443cd51b31e9?s=96&d=mm&r=g","contentUrl":"https:\/\/secure.gravatar.com\/avatar\/810f99144a13522c24aa173f9cd8bf079d0e89758af00b5f2938443cd51b31e9?s=96&d=mm&r=g","caption":"studio128k_dam"}}]}},"_links":{"self":[{"href":"https:\/\/spainfilmcommission.com\/en\/wp-json\/wp\/v2\/posts\/7098","targetHints":{"allow":["GET"]}}],"collection":[{"href":"https:\/\/spainfilmcommission.com\/en\/wp-json\/wp\/v2\/posts"}],"about":[{"href":"https:\/\/spainfilmcommission.com\/en\/wp-json\/wp\/v2\/types\/post"}],"author":[{"embeddable":true,"href":"https:\/\/spainfilmcommission.com\/en\/wp-json\/wp\/v2\/users\/2"}],"replies":[{"embeddable":true,"href":"https:\/\/spainfilmcommission.com\/en\/wp-json\/wp\/v2\/comments?post=7098"}],"version-history":[{"count":0,"href":"https:\/\/spainfilmcommission.com\/en\/wp-json\/wp\/v2\/posts\/7098\/revisions"}],"wp:featuredmedia":[{"embeddable":true,"href":"https:\/\/spainfilmcommission.com\/en\/wp-json\/wp\/v2\/media\/7099"}],"wp:attachment":[{"href":"https:\/\/spainfilmcommission.com\/en\/wp-json\/wp\/v2\/media?parent=7098"}],"wp:term":[{"taxonomy":"category","embeddable":true,"href":"https:\/\/spainfilmcommission.com\/en\/wp-json\/wp\/v2\/categories?post=7098"},{"taxonomy":"post_tag","embeddable":true,"href":"https:\/\/spainfilmcommission.com\/en\/wp-json\/wp\/v2\/tags?post=7098"}],"curies":[{"name":"wp","href":"https:\/\/api.w.org\/{rel}","templated":true}]}}