{"id":7080,"date":"2018-05-22T00:00:00","date_gmt":"2018-05-21T22:00:00","guid":{"rendered":"https:\/\/sfc.com\/el-turismo-cinematografico-nueva-area-tematica-de-fitur-2019\/"},"modified":"2025-02-11T08:07:40","modified_gmt":"2025-02-11T07:07:40","slug":"el-turismo-cinematografico-nueva-area-tematica-de-fitur-2019","status":"publish","type":"post","link":"https:\/\/spainfilmcommission.com\/en\/blog\/el-turismo-cinematografico-nueva-area-tematica-de-fitur-2019\/","title":{"rendered":"El turismo cinematogr\u00e1fico, nueva \u00e1rea tem\u00e1tica de FITUR 2019"},"content":{"rendered":"<p>La directora de Fitur, Ana Larra\u00f1aga, en su comparecencia ante la Comisi\u00f3n de Energ\u00eda, Turismo y Agenda Digital en el Senado ha desvelado que en la pr\u00f3xima edici\u00f3n de la Feria Internacional de Turismo (FITUR) se va a crear un nuevo espacio dedicado al Turismo Cinematogr\u00e1fico.<\/p>\n<p>Para Spain Film Commission este nuevo espacio, en el que estamos dispuestos a colaborar, es una buena noticia ya que hemos trabajado tenazmente en los \u00faltimos a\u00f1os con el objetivo de promocionar las visitas tur\u00edsticas a los escenarios cinematogr\u00e1ficos y televisivos de Espa\u00f1a, es decir, potenciar el turismo de pantalla o turismo cinematogr\u00e1fico. \u00a0<\/p>\n<p>La creaci\u00f3n de este nuevo espacio que se estrenar\u00e1 en la 39 edici\u00f3n de la feria, del 23 al 27 de enero de 2019, se produce dentro de la din\u00e1mica de segmentaci\u00f3n y profesionalizaci\u00f3n de Fitur, que pretende as\u00ed satisfacer la demanda de un turismo cada vez m\u00e1s especializado y profesionalizado.<\/p>\n<p>La nueva \u00e1rea se sumar\u00e1, as\u00ed, a secciones monogr\u00e1ficas ya existentes en la feria como Fitur Festivales, estrenada este a\u00f1o; Fitur Compras o Fitur Salud, entre muchas otras, se\u00f1al\u00f3 Larra\u00f1aga en una intervenci\u00f3n en la Comisi\u00f3n de Industria, Turismo y Agenda Digital del Senado.<\/p>\n<p>Seg\u00fan la directora de la feria, cada vez hay m\u00e1s turistas que deciden visitar un destino porque en \u00e9l se rod\u00f3 una pel\u00edcula, una serie de televisi\u00f3n o un anuncio publicitario. Los municipios son conscientes de que todo eso dinamiza los destinos tur\u00edsticos y apuestan tambi\u00e9n por esta iniciativa e intentan ser elegidos como localizaciones para los rodajes de pel\u00edculas o series de televisi\u00f3n, a\u00f1adi\u00f3.<\/p>\n<p>A su juicio, con su clima y diversidad geogr\u00e1fica, Espa\u00f1a es un pa\u00eds muy apto para acoger todo tipo de actividades cinematogr\u00e1ficas, por lo que es importante que\u00a0el certamen\u00a0ponga el foco en ello y &#8220;vamos a ver c\u00f3mo podemos desarrollar este vertical en el marco de Fitur para 2019&#8221;, agreg\u00f3.<\/p>\n<p>Fuente: <a href=\"https:\/\/www.efetur.com\/noticia\/fitur-2019-turismo-cinematografico\/\">https:\/\/www.efetur.com\/noticia\/fitur-2019-turismo-cinematografico\/<\/a><\/p>\n<p>Foto interior: EFE\/Miguel Angel Molina<\/p>\n<p>Foto portada: EFE\/V\u00edctor Lerena<\/p>\n<p><img src='https:\/\/spainfilmcommission.com\/\/wp-content\/uploads\/2018\/05\/el-turismo-cinematografico-nueva-area-tematica-de-fitur-20191-50.png' alt='Imagen relacionada'><img src='https:\/\/spainfilmcommission.com\/\/wp-content\/uploads\/2018\/05\/el-turismo-cinematografico-nueva-area-tematica-de-fitur-20192-50.jpg' alt='Imagen relacionada'><\/p>\n","protected":false},"excerpt":{"rendered":"<p>Seg\u00fan su directora, Ana Larra\u00f1aga, la Feria Internacional de Turismo incorporar\u00e1 en su pr\u00f3xima edici\u00f3n una nueva secci\u00f3n dedicada al turismo cinematogr\u00e1fico<\/p>\n","protected":false},"author":2,"featured_media":7081,"comment_status":"closed","ping_status":"","sticky":false,"template":"","format":"standard","meta":{"footnotes":""},"categories":[38],"tags":[],"class_list":["post-7080","post","type-post","status-publish","format-standard","has-post-thumbnail","hentry","category-noticias"],"yoast_head":"<!-- This site is optimized with the Yoast SEO plugin v27.3 - https:\/\/yoast.com\/product\/yoast-seo-wordpress\/ -->\n<title>El turismo cinematogr\u00e1fico, nueva \u00e1rea tem\u00e1tica de FITUR 2019 - Spain Film Commission<\/title>\n<meta name=\"robots\" content=\"index, follow, max-snippet:-1, max-image-preview:large, max-video-preview:-1\" \/>\n<link rel=\"canonical\" href=\"https:\/\/spainfilmcommission.com\/en\/blog\/el-turismo-cinematografico-nueva-area-tematica-de-fitur-2019\/\" \/>\n<meta property=\"og:locale\" content=\"en_US\" \/>\n<meta property=\"og:type\" content=\"article\" \/>\n<meta property=\"og:title\" content=\"El turismo cinematogr\u00e1fico, nueva \u00e1rea tem\u00e1tica de FITUR 2019 - Spain Film Commission\" \/>\n<meta property=\"og:description\" content=\"Seg\u00fan su directora, Ana Larra\u00f1aga, la Feria Internacional de Turismo incorporar\u00e1 en su pr\u00f3xima edici\u00f3n una nueva secci\u00f3n dedicada al turismo cinematogr\u00e1fico\" \/>\n<meta property=\"og:url\" content=\"https:\/\/spainfilmcommission.com\/en\/blog\/el-turismo-cinematografico-nueva-area-tematica-de-fitur-2019\/\" \/>\n<meta property=\"og:site_name\" content=\"Spain Film Commission\" \/>\n<meta property=\"article:published_time\" content=\"2018-05-21T22:00:00+00:00\" \/>\n<meta property=\"article:modified_time\" content=\"2025-02-11T07:07:40+00:00\" \/>\n<meta property=\"og:image\" content=\"https:\/\/spainfilmcommission.com\/wp-content\/uploads\/2018\/05\/el-turismo-cinematografico-nueva-area-tematica-de-fitur-2019-50.jpg\" \/>\n\t<meta property=\"og:image:width\" content=\"600\" \/>\n\t<meta property=\"og:image:height\" content=\"375\" \/>\n\t<meta property=\"og:image:type\" content=\"image\/jpeg\" \/>\n<meta name=\"author\" content=\"studio128k_dam\" \/>\n<meta name=\"twitter:card\" content=\"summary_large_image\" \/>\n<meta name=\"twitter:label1\" content=\"Written by\" \/>\n\t<meta name=\"twitter:data1\" content=\"studio128k_dam\" \/>\n\t<meta name=\"twitter:label2\" content=\"Est. reading time\" \/>\n\t<meta name=\"twitter:data2\" content=\"2 minutes\" \/>\n<script type=\"application\/ld+json\" class=\"yoast-schema-graph\">{\"@context\":\"https:\\\/\\\/schema.org\",\"@graph\":[{\"@type\":\"Article\",\"@id\":\"https:\\\/\\\/spainfilmcommission.com\\\/en\\\/blog\\\/el-turismo-cinematografico-nueva-area-tematica-de-fitur-2019\\\/#article\",\"isPartOf\":{\"@id\":\"https:\\\/\\\/spainfilmcommission.com\\\/en\\\/blog\\\/el-turismo-cinematografico-nueva-area-tematica-de-fitur-2019\\\/\"},\"author\":{\"name\":\"studio128k_dam\",\"@id\":\"https:\\\/\\\/spainfilmcommission.com\\\/en\\\/#\\\/schema\\\/person\\\/6c014ba6ceac198d178a6a9e61113c9d\"},\"headline\":\"El turismo cinematogr\u00e1fico, nueva \u00e1rea tem\u00e1tica de FITUR 2019\",\"datePublished\":\"2018-05-21T22:00:00+00:00\",\"dateModified\":\"2025-02-11T07:07:40+00:00\",\"mainEntityOfPage\":{\"@id\":\"https:\\\/\\\/spainfilmcommission.com\\\/en\\\/blog\\\/el-turismo-cinematografico-nueva-area-tematica-de-fitur-2019\\\/\"},\"wordCount\":373,\"publisher\":{\"@id\":\"https:\\\/\\\/spainfilmcommission.com\\\/en\\\/#organization\"},\"image\":{\"@id\":\"https:\\\/\\\/spainfilmcommission.com\\\/en\\\/blog\\\/el-turismo-cinematografico-nueva-area-tematica-de-fitur-2019\\\/#primaryimage\"},\"thumbnailUrl\":\"https:\\\/\\\/spainfilmcommission.com\\\/wp-content\\\/uploads\\\/2018\\\/05\\\/el-turismo-cinematografico-nueva-area-tematica-de-fitur-2019-50.jpg\",\"articleSection\":[\"Noticias\"],\"inLanguage\":\"en-US\"},{\"@type\":\"WebPage\",\"@id\":\"https:\\\/\\\/spainfilmcommission.com\\\/en\\\/blog\\\/el-turismo-cinematografico-nueva-area-tematica-de-fitur-2019\\\/\",\"url\":\"https:\\\/\\\/spainfilmcommission.com\\\/en\\\/blog\\\/el-turismo-cinematografico-nueva-area-tematica-de-fitur-2019\\\/\",\"name\":\"El turismo cinematogr\u00e1fico, nueva \u00e1rea tem\u00e1tica de FITUR 2019 - Spain Film Commission\",\"isPartOf\":{\"@id\":\"https:\\\/\\\/spainfilmcommission.com\\\/en\\\/#website\"},\"primaryImageOfPage\":{\"@id\":\"https:\\\/\\\/spainfilmcommission.com\\\/en\\\/blog\\\/el-turismo-cinematografico-nueva-area-tematica-de-fitur-2019\\\/#primaryimage\"},\"image\":{\"@id\":\"https:\\\/\\\/spainfilmcommission.com\\\/en\\\/blog\\\/el-turismo-cinematografico-nueva-area-tematica-de-fitur-2019\\\/#primaryimage\"},\"thumbnailUrl\":\"https:\\\/\\\/spainfilmcommission.com\\\/wp-content\\\/uploads\\\/2018\\\/05\\\/el-turismo-cinematografico-nueva-area-tematica-de-fitur-2019-50.jpg\",\"datePublished\":\"2018-05-21T22:00:00+00:00\",\"dateModified\":\"2025-02-11T07:07:40+00:00\",\"breadcrumb\":{\"@id\":\"https:\\\/\\\/spainfilmcommission.com\\\/en\\\/blog\\\/el-turismo-cinematografico-nueva-area-tematica-de-fitur-2019\\\/#breadcrumb\"},\"inLanguage\":\"en-US\",\"potentialAction\":[{\"@type\":\"ReadAction\",\"target\":[\"https:\\\/\\\/spainfilmcommission.com\\\/en\\\/blog\\\/el-turismo-cinematografico-nueva-area-tematica-de-fitur-2019\\\/\"]}]},{\"@type\":\"ImageObject\",\"inLanguage\":\"en-US\",\"@id\":\"https:\\\/\\\/spainfilmcommission.com\\\/en\\\/blog\\\/el-turismo-cinematografico-nueva-area-tematica-de-fitur-2019\\\/#primaryimage\",\"url\":\"https:\\\/\\\/spainfilmcommission.com\\\/wp-content\\\/uploads\\\/2018\\\/05\\\/el-turismo-cinematografico-nueva-area-tematica-de-fitur-2019-50.jpg\",\"contentUrl\":\"https:\\\/\\\/spainfilmcommission.com\\\/wp-content\\\/uploads\\\/2018\\\/05\\\/el-turismo-cinematografico-nueva-area-tematica-de-fitur-2019-50.jpg\",\"width\":600,\"height\":375},{\"@type\":\"BreadcrumbList\",\"@id\":\"https:\\\/\\\/spainfilmcommission.com\\\/en\\\/blog\\\/el-turismo-cinematografico-nueva-area-tematica-de-fitur-2019\\\/#breadcrumb\",\"itemListElement\":[{\"@type\":\"ListItem\",\"position\":1,\"name\":\"Portada\",\"item\":\"https:\\\/\\\/spainfilmcommission.com\\\/en\\\/\"},{\"@type\":\"ListItem\",\"position\":2,\"name\":\"El turismo cinematogr\u00e1fico, nueva \u00e1rea tem\u00e1tica de FITUR 2019\"}]},{\"@type\":\"WebSite\",\"@id\":\"https:\\\/\\\/spainfilmcommission.com\\\/en\\\/#website\",\"url\":\"https:\\\/\\\/spainfilmcommission.com\\\/en\\\/\",\"name\":\"Spain Film Commission\",\"description\":\"\",\"publisher\":{\"@id\":\"https:\\\/\\\/spainfilmcommission.com\\\/en\\\/#organization\"},\"potentialAction\":[{\"@type\":\"SearchAction\",\"target\":{\"@type\":\"EntryPoint\",\"urlTemplate\":\"https:\\\/\\\/spainfilmcommission.com\\\/en\\\/?s={search_term_string}\"},\"query-input\":{\"@type\":\"PropertyValueSpecification\",\"valueRequired\":true,\"valueName\":\"search_term_string\"}}],\"inLanguage\":\"en-US\"},{\"@type\":\"Organization\",\"@id\":\"https:\\\/\\\/spainfilmcommission.com\\\/en\\\/#organization\",\"name\":\"Spain Film Commission\",\"url\":\"https:\\\/\\\/spainfilmcommission.com\\\/en\\\/\",\"logo\":{\"@type\":\"ImageObject\",\"inLanguage\":\"en-US\",\"@id\":\"https:\\\/\\\/spainfilmcommission.com\\\/en\\\/#\\\/schema\\\/logo\\\/image\\\/\",\"url\":\"https:\\\/\\\/spainfilmcommission.com\\\/wp-content\\\/uploads\\\/2024\\\/07\\\/SPC_COLOR.png\",\"contentUrl\":\"https:\\\/\\\/spainfilmcommission.com\\\/wp-content\\\/uploads\\\/2024\\\/07\\\/SPC_COLOR.png\",\"width\":1665,\"height\":1665,\"caption\":\"Spain Film Commission\"},\"image\":{\"@id\":\"https:\\\/\\\/spainfilmcommission.com\\\/en\\\/#\\\/schema\\\/logo\\\/image\\\/\"}},{\"@type\":\"Person\",\"@id\":\"https:\\\/\\\/spainfilmcommission.com\\\/en\\\/#\\\/schema\\\/person\\\/6c014ba6ceac198d178a6a9e61113c9d\",\"name\":\"studio128k_dam\",\"image\":{\"@type\":\"ImageObject\",\"inLanguage\":\"en-US\",\"@id\":\"https:\\\/\\\/secure.gravatar.com\\\/avatar\\\/810f99144a13522c24aa173f9cd8bf079d0e89758af00b5f2938443cd51b31e9?s=96&d=mm&r=g\",\"url\":\"https:\\\/\\\/secure.gravatar.com\\\/avatar\\\/810f99144a13522c24aa173f9cd8bf079d0e89758af00b5f2938443cd51b31e9?s=96&d=mm&r=g\",\"contentUrl\":\"https:\\\/\\\/secure.gravatar.com\\\/avatar\\\/810f99144a13522c24aa173f9cd8bf079d0e89758af00b5f2938443cd51b31e9?s=96&d=mm&r=g\",\"caption\":\"studio128k_dam\"}}]}<\/script>\n<!-- \/ Yoast SEO plugin. -->","yoast_head_json":{"title":"El turismo cinematogr\u00e1fico, nueva \u00e1rea tem\u00e1tica de FITUR 2019 - Spain Film Commission","robots":{"index":"index","follow":"follow","max-snippet":"max-snippet:-1","max-image-preview":"max-image-preview:large","max-video-preview":"max-video-preview:-1"},"canonical":"https:\/\/spainfilmcommission.com\/en\/blog\/el-turismo-cinematografico-nueva-area-tematica-de-fitur-2019\/","og_locale":"en_US","og_type":"article","og_title":"El turismo cinematogr\u00e1fico, nueva \u00e1rea tem\u00e1tica de FITUR 2019 - Spain Film Commission","og_description":"Seg\u00fan su directora, Ana Larra\u00f1aga, la Feria Internacional de Turismo incorporar\u00e1 en su pr\u00f3xima edici\u00f3n una nueva secci\u00f3n dedicada al turismo cinematogr\u00e1fico","og_url":"https:\/\/spainfilmcommission.com\/en\/blog\/el-turismo-cinematografico-nueva-area-tematica-de-fitur-2019\/","og_site_name":"Spain Film Commission","article_published_time":"2018-05-21T22:00:00+00:00","article_modified_time":"2025-02-11T07:07:40+00:00","og_image":[{"width":600,"height":375,"url":"https:\/\/spainfilmcommission.com\/wp-content\/uploads\/2018\/05\/el-turismo-cinematografico-nueva-area-tematica-de-fitur-2019-50.jpg","type":"image\/jpeg"}],"author":"studio128k_dam","twitter_card":"summary_large_image","twitter_misc":{"Written by":"studio128k_dam","Est. reading time":"2 minutes"},"schema":{"@context":"https:\/\/schema.org","@graph":[{"@type":"Article","@id":"https:\/\/spainfilmcommission.com\/en\/blog\/el-turismo-cinematografico-nueva-area-tematica-de-fitur-2019\/#article","isPartOf":{"@id":"https:\/\/spainfilmcommission.com\/en\/blog\/el-turismo-cinematografico-nueva-area-tematica-de-fitur-2019\/"},"author":{"name":"studio128k_dam","@id":"https:\/\/spainfilmcommission.com\/en\/#\/schema\/person\/6c014ba6ceac198d178a6a9e61113c9d"},"headline":"El turismo cinematogr\u00e1fico, nueva \u00e1rea tem\u00e1tica de FITUR 2019","datePublished":"2018-05-21T22:00:00+00:00","dateModified":"2025-02-11T07:07:40+00:00","mainEntityOfPage":{"@id":"https:\/\/spainfilmcommission.com\/en\/blog\/el-turismo-cinematografico-nueva-area-tematica-de-fitur-2019\/"},"wordCount":373,"publisher":{"@id":"https:\/\/spainfilmcommission.com\/en\/#organization"},"image":{"@id":"https:\/\/spainfilmcommission.com\/en\/blog\/el-turismo-cinematografico-nueva-area-tematica-de-fitur-2019\/#primaryimage"},"thumbnailUrl":"https:\/\/spainfilmcommission.com\/wp-content\/uploads\/2018\/05\/el-turismo-cinematografico-nueva-area-tematica-de-fitur-2019-50.jpg","articleSection":["Noticias"],"inLanguage":"en-US"},{"@type":"WebPage","@id":"https:\/\/spainfilmcommission.com\/en\/blog\/el-turismo-cinematografico-nueva-area-tematica-de-fitur-2019\/","url":"https:\/\/spainfilmcommission.com\/en\/blog\/el-turismo-cinematografico-nueva-area-tematica-de-fitur-2019\/","name":"El turismo cinematogr\u00e1fico, nueva \u00e1rea tem\u00e1tica de FITUR 2019 - Spain Film Commission","isPartOf":{"@id":"https:\/\/spainfilmcommission.com\/en\/#website"},"primaryImageOfPage":{"@id":"https:\/\/spainfilmcommission.com\/en\/blog\/el-turismo-cinematografico-nueva-area-tematica-de-fitur-2019\/#primaryimage"},"image":{"@id":"https:\/\/spainfilmcommission.com\/en\/blog\/el-turismo-cinematografico-nueva-area-tematica-de-fitur-2019\/#primaryimage"},"thumbnailUrl":"https:\/\/spainfilmcommission.com\/wp-content\/uploads\/2018\/05\/el-turismo-cinematografico-nueva-area-tematica-de-fitur-2019-50.jpg","datePublished":"2018-05-21T22:00:00+00:00","dateModified":"2025-02-11T07:07:40+00:00","breadcrumb":{"@id":"https:\/\/spainfilmcommission.com\/en\/blog\/el-turismo-cinematografico-nueva-area-tematica-de-fitur-2019\/#breadcrumb"},"inLanguage":"en-US","potentialAction":[{"@type":"ReadAction","target":["https:\/\/spainfilmcommission.com\/en\/blog\/el-turismo-cinematografico-nueva-area-tematica-de-fitur-2019\/"]}]},{"@type":"ImageObject","inLanguage":"en-US","@id":"https:\/\/spainfilmcommission.com\/en\/blog\/el-turismo-cinematografico-nueva-area-tematica-de-fitur-2019\/#primaryimage","url":"https:\/\/spainfilmcommission.com\/wp-content\/uploads\/2018\/05\/el-turismo-cinematografico-nueva-area-tematica-de-fitur-2019-50.jpg","contentUrl":"https:\/\/spainfilmcommission.com\/wp-content\/uploads\/2018\/05\/el-turismo-cinematografico-nueva-area-tematica-de-fitur-2019-50.jpg","width":600,"height":375},{"@type":"BreadcrumbList","@id":"https:\/\/spainfilmcommission.com\/en\/blog\/el-turismo-cinematografico-nueva-area-tematica-de-fitur-2019\/#breadcrumb","itemListElement":[{"@type":"ListItem","position":1,"name":"Portada","item":"https:\/\/spainfilmcommission.com\/en\/"},{"@type":"ListItem","position":2,"name":"El turismo cinematogr\u00e1fico, nueva \u00e1rea tem\u00e1tica de FITUR 2019"}]},{"@type":"WebSite","@id":"https:\/\/spainfilmcommission.com\/en\/#website","url":"https:\/\/spainfilmcommission.com\/en\/","name":"Spain Film Commission","description":"","publisher":{"@id":"https:\/\/spainfilmcommission.com\/en\/#organization"},"potentialAction":[{"@type":"SearchAction","target":{"@type":"EntryPoint","urlTemplate":"https:\/\/spainfilmcommission.com\/en\/?s={search_term_string}"},"query-input":{"@type":"PropertyValueSpecification","valueRequired":true,"valueName":"search_term_string"}}],"inLanguage":"en-US"},{"@type":"Organization","@id":"https:\/\/spainfilmcommission.com\/en\/#organization","name":"Spain Film Commission","url":"https:\/\/spainfilmcommission.com\/en\/","logo":{"@type":"ImageObject","inLanguage":"en-US","@id":"https:\/\/spainfilmcommission.com\/en\/#\/schema\/logo\/image\/","url":"https:\/\/spainfilmcommission.com\/wp-content\/uploads\/2024\/07\/SPC_COLOR.png","contentUrl":"https:\/\/spainfilmcommission.com\/wp-content\/uploads\/2024\/07\/SPC_COLOR.png","width":1665,"height":1665,"caption":"Spain Film Commission"},"image":{"@id":"https:\/\/spainfilmcommission.com\/en\/#\/schema\/logo\/image\/"}},{"@type":"Person","@id":"https:\/\/spainfilmcommission.com\/en\/#\/schema\/person\/6c014ba6ceac198d178a6a9e61113c9d","name":"studio128k_dam","image":{"@type":"ImageObject","inLanguage":"en-US","@id":"https:\/\/secure.gravatar.com\/avatar\/810f99144a13522c24aa173f9cd8bf079d0e89758af00b5f2938443cd51b31e9?s=96&d=mm&r=g","url":"https:\/\/secure.gravatar.com\/avatar\/810f99144a13522c24aa173f9cd8bf079d0e89758af00b5f2938443cd51b31e9?s=96&d=mm&r=g","contentUrl":"https:\/\/secure.gravatar.com\/avatar\/810f99144a13522c24aa173f9cd8bf079d0e89758af00b5f2938443cd51b31e9?s=96&d=mm&r=g","caption":"studio128k_dam"}}]}},"_links":{"self":[{"href":"https:\/\/spainfilmcommission.com\/en\/wp-json\/wp\/v2\/posts\/7080","targetHints":{"allow":["GET"]}}],"collection":[{"href":"https:\/\/spainfilmcommission.com\/en\/wp-json\/wp\/v2\/posts"}],"about":[{"href":"https:\/\/spainfilmcommission.com\/en\/wp-json\/wp\/v2\/types\/post"}],"author":[{"embeddable":true,"href":"https:\/\/spainfilmcommission.com\/en\/wp-json\/wp\/v2\/users\/2"}],"replies":[{"embeddable":true,"href":"https:\/\/spainfilmcommission.com\/en\/wp-json\/wp\/v2\/comments?post=7080"}],"version-history":[{"count":0,"href":"https:\/\/spainfilmcommission.com\/en\/wp-json\/wp\/v2\/posts\/7080\/revisions"}],"wp:featuredmedia":[{"embeddable":true,"href":"https:\/\/spainfilmcommission.com\/en\/wp-json\/wp\/v2\/media\/7081"}],"wp:attachment":[{"href":"https:\/\/spainfilmcommission.com\/en\/wp-json\/wp\/v2\/media?parent=7080"}],"wp:term":[{"taxonomy":"category","embeddable":true,"href":"https:\/\/spainfilmcommission.com\/en\/wp-json\/wp\/v2\/categories?post=7080"},{"taxonomy":"post_tag","embeddable":true,"href":"https:\/\/spainfilmcommission.com\/en\/wp-json\/wp\/v2\/tags?post=7080"}],"curies":[{"name":"wp","href":"https:\/\/api.w.org\/{rel}","templated":true}]}}