{"id":7042,"date":"2018-05-02T00:00:00","date_gmt":"2018-05-01T22:00:00","guid":{"rendered":"https:\/\/sfc.com\/spain-film-commission-participa-en-el-marche-du-film-de-cannes\/"},"modified":"2025-02-11T08:07:40","modified_gmt":"2025-02-11T07:07:40","slug":"spain-film-commission-participa-en-el-marche-du-film-de-cannes","status":"publish","type":"post","link":"https:\/\/spainfilmcommission.com\/en\/blog\/spain-film-commission-participa-en-el-marche-du-film-de-cannes\/","title":{"rendered":"Spain Film Commission participa en el March\u00e9 du Film de Cannes"},"content":{"rendered":"<p>Un a\u00f1o m\u00e1s Spain Film Commission asiste al <a href=\"http:\/\/www.marchedufilm.com\/fr\/\">March\u00e9 du Film<\/a> del <a href=\"https:\/\/www.festival-cannes.com\">Festival Internacional de Cine de Cannes<\/a>, mercado internacional de referencia y uno de los m\u00e1s importantes puntos de encuentro de los profesionales de la industria audiovisual en Europa.<\/p>\n<p>Nos encontrar\u00e1s en el pabell\u00f3n Cinema from Spain \/ Riviera A5, organizado por ICEX Espa\u00f1a, ICAA y la Oficina Econ\u00f3mica y Comercial de Espa\u00f1a en Par\u00eds, que se mantendr\u00e1 abierto del martes\u00a08 de mayo\u00a0al viernes\u00a017\u00a0de mayo de 9.00 h a 18.30h.<\/p>\n<p>Durante esos d\u00edas los miembros de Spain Film Commission atender\u00e1n a todos aquellos productores y profesionales del audiovisual que est\u00e9n interesados en rodar en Espa\u00f1a y difundir\u00e1n las ventajas con las que cuenta el pa\u00eds para desarrollar proyectos audiovisuales.<\/p>\n<p>Este a\u00f1o, adem\u00e1s de promocionar las <a href=\"http:\/\/www.shootinginspain.info\/es\/localizaciones\">localizaciones<\/a> de rodajes en las diferentes comunidades espa\u00f1olas, se har\u00e1 una especial incidencia al renovado sistema de <a href=\"http:\/\/www.shootinginspain.info\/es\/rodajes-internacionales\"><strong>Incentivos Fiscales<\/strong><\/a> a los <strong>rodajes internacionales en Espa\u00f1a<\/strong>, que asciende al <strong>20% de tax rebate, <\/strong><strong>con las particularidades de <\/strong><strong>Navarra con un 35% de tax credit<\/strong><strong> y<\/strong><strong> Canarias con un 40% de tax rebate <\/strong>y a los servicios gratuitos que presta la <a href=\"http:\/\/www.shootinginspain.info\/es\/red-spain-film-commission\">red de oficinas de Spain Film Commission<\/a> en todo el territorio de espa\u00f1ol.<\/p>\n<p>Para m\u00e1s informaci\u00f3n sobre porqu\u00e9 y c\u00f3mo rodar en Espa\u00f1a puedes acceder a la<strong> <a href=\"http:\/\/www.shootinginspain.info\">nueva plataforma de contenidos digitales<\/a><\/strong> de Spain Film Commission, Shooting in Spain, que se ha llevado a cabo gracias al apoyo del Ministerio de Cultura a trav\u00e9s del \u00e1rea de Industrias Culturales.<\/p>\n<p>Spain Film Commission es una asociaci\u00f3n sin \u00e1nimo de lucro que desde 2001 lidera el posicionamiento del pa\u00eds como destino de rodajes audiovisuales, coordinando los esfuerzos de una red de 30 film commissions y film offices distribuidas por toda Espa\u00f1a.<\/p>\n<p>La entidad es una de las fundadoras de la European Film Commission Network [EUFCN], miembro de la Association of Film Commissioners International [AFCI] y colabora activamente con el Gobierno de Espa\u00f1a, instituciones territoriales, asociaciones, profesionales y productoras para potenciar la actividad e industria audiovisual.<\/p>\n<p><img src='https:\/\/spainfilmcommission.com\/\/wp-content\/uploads\/2018\/05\/spain-film-commission-participa-en-le-marche-du-film-de-cannes1-46.jpg' alt='Imagen relacionada'><img src='https:\/\/spainfilmcommission.com\/\/wp-content\/uploads\/2018\/05\/spain-film-commission-participa-en-le-marche-du-film-de-cannes2-46.jpg' alt='Imagen relacionada'><img src='https:\/\/spainfilmcommission.com\/\/wp-content\/uploads\/2018\/05\/spain-film-commission-participa-en-le-marche-du-film-de-cannes3-46.jpg' alt='Imagen relacionada'><\/p>\n","protected":false},"excerpt":{"rendered":"<p>Spain Film Commission estar\u00e1 presente en el <a href=\"http:\/\/www.marchedufilm.com\/fr\/\">March\u00e9 du Film,<\/a> en el pabell\u00f3n <a href=\"http:\/\/www.audiovisualfromspain.com\/audiovisual\/en\/main\/markets\/marche-du-film\/line-up\/index.html\">Cinema from Spain<\/a> de Riviera A5, del 8 al 17 de mayo, para promover Espa\u00f1a como destino de rodajes.<\/p>\n<p>\u00a0<\/p>\n","protected":false},"author":2,"featured_media":7043,"comment_status":"closed","ping_status":"","sticky":false,"template":"","format":"standard","meta":{"footnotes":""},"categories":[38],"tags":[],"class_list":["post-7042","post","type-post","status-publish","format-standard","has-post-thumbnail","hentry","category-noticias"],"yoast_head":"<!-- This site is optimized with the Yoast SEO plugin v27.3 - https:\/\/yoast.com\/product\/yoast-seo-wordpress\/ -->\n<title>Spain Film Commission participa en el March\u00e9 du Film de Cannes - Spain Film Commission<\/title>\n<meta name=\"robots\" content=\"index, follow, max-snippet:-1, max-image-preview:large, max-video-preview:-1\" \/>\n<link rel=\"canonical\" href=\"https:\/\/spainfilmcommission.com\/en\/blog\/spain-film-commission-participa-en-el-marche-du-film-de-cannes\/\" \/>\n<meta property=\"og:locale\" content=\"en_US\" \/>\n<meta property=\"og:type\" content=\"article\" \/>\n<meta property=\"og:title\" content=\"Spain Film Commission participa en el March\u00e9 du Film de Cannes - Spain Film Commission\" \/>\n<meta property=\"og:description\" content=\"Spain Film Commission estar\u00e1 presente en el March\u00e9 du Film, en el pabell\u00f3n Cinema from Spain de Riviera A5, del 8 al 17 de mayo, para promover Espa\u00f1a como destino de rodajes. \u00a0\" \/>\n<meta property=\"og:url\" content=\"https:\/\/spainfilmcommission.com\/en\/blog\/spain-film-commission-participa-en-el-marche-du-film-de-cannes\/\" \/>\n<meta property=\"og:site_name\" content=\"Spain Film Commission\" \/>\n<meta property=\"article:published_time\" content=\"2018-05-01T22:00:00+00:00\" \/>\n<meta property=\"article:modified_time\" content=\"2025-02-11T07:07:40+00:00\" \/>\n<meta property=\"og:image\" content=\"https:\/\/spainfilmcommission.com\/wp-content\/uploads\/2018\/05\/spain-film-commission-participa-en-el-marche-du-film-de-cannes-46.jpg\" \/>\n\t<meta property=\"og:image:width\" content=\"600\" \/>\n\t<meta property=\"og:image:height\" content=\"401\" \/>\n\t<meta property=\"og:image:type\" content=\"image\/jpeg\" \/>\n<meta name=\"author\" content=\"studio128k_dam\" \/>\n<meta name=\"twitter:card\" content=\"summary_large_image\" \/>\n<meta name=\"twitter:label1\" content=\"Written by\" \/>\n\t<meta name=\"twitter:data1\" content=\"studio128k_dam\" \/>\n\t<meta name=\"twitter:label2\" content=\"Est. reading time\" \/>\n\t<meta name=\"twitter:data2\" content=\"2 minutes\" \/>\n<script type=\"application\/ld+json\" class=\"yoast-schema-graph\">{\"@context\":\"https:\\\/\\\/schema.org\",\"@graph\":[{\"@type\":\"Article\",\"@id\":\"https:\\\/\\\/spainfilmcommission.com\\\/en\\\/blog\\\/spain-film-commission-participa-en-el-marche-du-film-de-cannes\\\/#article\",\"isPartOf\":{\"@id\":\"https:\\\/\\\/spainfilmcommission.com\\\/en\\\/blog\\\/spain-film-commission-participa-en-el-marche-du-film-de-cannes\\\/\"},\"author\":{\"name\":\"studio128k_dam\",\"@id\":\"https:\\\/\\\/spainfilmcommission.com\\\/en\\\/#\\\/schema\\\/person\\\/6c014ba6ceac198d178a6a9e61113c9d\"},\"headline\":\"Spain Film Commission participa en el March\u00e9 du Film de Cannes\",\"datePublished\":\"2018-05-01T22:00:00+00:00\",\"dateModified\":\"2025-02-11T07:07:40+00:00\",\"mainEntityOfPage\":{\"@id\":\"https:\\\/\\\/spainfilmcommission.com\\\/en\\\/blog\\\/spain-film-commission-participa-en-el-marche-du-film-de-cannes\\\/\"},\"wordCount\":363,\"publisher\":{\"@id\":\"https:\\\/\\\/spainfilmcommission.com\\\/en\\\/#organization\"},\"image\":{\"@id\":\"https:\\\/\\\/spainfilmcommission.com\\\/en\\\/blog\\\/spain-film-commission-participa-en-el-marche-du-film-de-cannes\\\/#primaryimage\"},\"thumbnailUrl\":\"https:\\\/\\\/spainfilmcommission.com\\\/wp-content\\\/uploads\\\/2018\\\/05\\\/spain-film-commission-participa-en-el-marche-du-film-de-cannes-46.jpg\",\"articleSection\":[\"Noticias\"],\"inLanguage\":\"en-US\"},{\"@type\":\"WebPage\",\"@id\":\"https:\\\/\\\/spainfilmcommission.com\\\/en\\\/blog\\\/spain-film-commission-participa-en-el-marche-du-film-de-cannes\\\/\",\"url\":\"https:\\\/\\\/spainfilmcommission.com\\\/en\\\/blog\\\/spain-film-commission-participa-en-el-marche-du-film-de-cannes\\\/\",\"name\":\"Spain Film Commission participa en el March\u00e9 du Film de Cannes - Spain Film Commission\",\"isPartOf\":{\"@id\":\"https:\\\/\\\/spainfilmcommission.com\\\/en\\\/#website\"},\"primaryImageOfPage\":{\"@id\":\"https:\\\/\\\/spainfilmcommission.com\\\/en\\\/blog\\\/spain-film-commission-participa-en-el-marche-du-film-de-cannes\\\/#primaryimage\"},\"image\":{\"@id\":\"https:\\\/\\\/spainfilmcommission.com\\\/en\\\/blog\\\/spain-film-commission-participa-en-el-marche-du-film-de-cannes\\\/#primaryimage\"},\"thumbnailUrl\":\"https:\\\/\\\/spainfilmcommission.com\\\/wp-content\\\/uploads\\\/2018\\\/05\\\/spain-film-commission-participa-en-el-marche-du-film-de-cannes-46.jpg\",\"datePublished\":\"2018-05-01T22:00:00+00:00\",\"dateModified\":\"2025-02-11T07:07:40+00:00\",\"breadcrumb\":{\"@id\":\"https:\\\/\\\/spainfilmcommission.com\\\/en\\\/blog\\\/spain-film-commission-participa-en-el-marche-du-film-de-cannes\\\/#breadcrumb\"},\"inLanguage\":\"en-US\",\"potentialAction\":[{\"@type\":\"ReadAction\",\"target\":[\"https:\\\/\\\/spainfilmcommission.com\\\/en\\\/blog\\\/spain-film-commission-participa-en-el-marche-du-film-de-cannes\\\/\"]}]},{\"@type\":\"ImageObject\",\"inLanguage\":\"en-US\",\"@id\":\"https:\\\/\\\/spainfilmcommission.com\\\/en\\\/blog\\\/spain-film-commission-participa-en-el-marche-du-film-de-cannes\\\/#primaryimage\",\"url\":\"https:\\\/\\\/spainfilmcommission.com\\\/wp-content\\\/uploads\\\/2018\\\/05\\\/spain-film-commission-participa-en-el-marche-du-film-de-cannes-46.jpg\",\"contentUrl\":\"https:\\\/\\\/spainfilmcommission.com\\\/wp-content\\\/uploads\\\/2018\\\/05\\\/spain-film-commission-participa-en-el-marche-du-film-de-cannes-46.jpg\",\"width\":600,\"height\":401},{\"@type\":\"BreadcrumbList\",\"@id\":\"https:\\\/\\\/spainfilmcommission.com\\\/en\\\/blog\\\/spain-film-commission-participa-en-el-marche-du-film-de-cannes\\\/#breadcrumb\",\"itemListElement\":[{\"@type\":\"ListItem\",\"position\":1,\"name\":\"Portada\",\"item\":\"https:\\\/\\\/spainfilmcommission.com\\\/en\\\/\"},{\"@type\":\"ListItem\",\"position\":2,\"name\":\"Spain Film Commission participa en el March\u00e9 du Film de Cannes\"}]},{\"@type\":\"WebSite\",\"@id\":\"https:\\\/\\\/spainfilmcommission.com\\\/en\\\/#website\",\"url\":\"https:\\\/\\\/spainfilmcommission.com\\\/en\\\/\",\"name\":\"Spain Film Commission\",\"description\":\"\",\"publisher\":{\"@id\":\"https:\\\/\\\/spainfilmcommission.com\\\/en\\\/#organization\"},\"potentialAction\":[{\"@type\":\"SearchAction\",\"target\":{\"@type\":\"EntryPoint\",\"urlTemplate\":\"https:\\\/\\\/spainfilmcommission.com\\\/en\\\/?s={search_term_string}\"},\"query-input\":{\"@type\":\"PropertyValueSpecification\",\"valueRequired\":true,\"valueName\":\"search_term_string\"}}],\"inLanguage\":\"en-US\"},{\"@type\":\"Organization\",\"@id\":\"https:\\\/\\\/spainfilmcommission.com\\\/en\\\/#organization\",\"name\":\"Spain Film Commission\",\"url\":\"https:\\\/\\\/spainfilmcommission.com\\\/en\\\/\",\"logo\":{\"@type\":\"ImageObject\",\"inLanguage\":\"en-US\",\"@id\":\"https:\\\/\\\/spainfilmcommission.com\\\/en\\\/#\\\/schema\\\/logo\\\/image\\\/\",\"url\":\"https:\\\/\\\/spainfilmcommission.com\\\/wp-content\\\/uploads\\\/2024\\\/07\\\/SPC_COLOR.png\",\"contentUrl\":\"https:\\\/\\\/spainfilmcommission.com\\\/wp-content\\\/uploads\\\/2024\\\/07\\\/SPC_COLOR.png\",\"width\":1665,\"height\":1665,\"caption\":\"Spain Film Commission\"},\"image\":{\"@id\":\"https:\\\/\\\/spainfilmcommission.com\\\/en\\\/#\\\/schema\\\/logo\\\/image\\\/\"}},{\"@type\":\"Person\",\"@id\":\"https:\\\/\\\/spainfilmcommission.com\\\/en\\\/#\\\/schema\\\/person\\\/6c014ba6ceac198d178a6a9e61113c9d\",\"name\":\"studio128k_dam\",\"image\":{\"@type\":\"ImageObject\",\"inLanguage\":\"en-US\",\"@id\":\"https:\\\/\\\/secure.gravatar.com\\\/avatar\\\/810f99144a13522c24aa173f9cd8bf079d0e89758af00b5f2938443cd51b31e9?s=96&d=mm&r=g\",\"url\":\"https:\\\/\\\/secure.gravatar.com\\\/avatar\\\/810f99144a13522c24aa173f9cd8bf079d0e89758af00b5f2938443cd51b31e9?s=96&d=mm&r=g\",\"contentUrl\":\"https:\\\/\\\/secure.gravatar.com\\\/avatar\\\/810f99144a13522c24aa173f9cd8bf079d0e89758af00b5f2938443cd51b31e9?s=96&d=mm&r=g\",\"caption\":\"studio128k_dam\"}}]}<\/script>\n<!-- \/ Yoast SEO plugin. -->","yoast_head_json":{"title":"Spain Film Commission participa en el March\u00e9 du Film de Cannes - Spain Film Commission","robots":{"index":"index","follow":"follow","max-snippet":"max-snippet:-1","max-image-preview":"max-image-preview:large","max-video-preview":"max-video-preview:-1"},"canonical":"https:\/\/spainfilmcommission.com\/en\/blog\/spain-film-commission-participa-en-el-marche-du-film-de-cannes\/","og_locale":"en_US","og_type":"article","og_title":"Spain Film Commission participa en el March\u00e9 du Film de Cannes - Spain Film Commission","og_description":"Spain Film Commission estar\u00e1 presente en el March\u00e9 du Film, en el pabell\u00f3n Cinema from Spain de Riviera A5, del 8 al 17 de mayo, para promover Espa\u00f1a como destino de rodajes. \u00a0","og_url":"https:\/\/spainfilmcommission.com\/en\/blog\/spain-film-commission-participa-en-el-marche-du-film-de-cannes\/","og_site_name":"Spain Film Commission","article_published_time":"2018-05-01T22:00:00+00:00","article_modified_time":"2025-02-11T07:07:40+00:00","og_image":[{"width":600,"height":401,"url":"https:\/\/spainfilmcommission.com\/wp-content\/uploads\/2018\/05\/spain-film-commission-participa-en-el-marche-du-film-de-cannes-46.jpg","type":"image\/jpeg"}],"author":"studio128k_dam","twitter_card":"summary_large_image","twitter_misc":{"Written by":"studio128k_dam","Est. reading time":"2 minutes"},"schema":{"@context":"https:\/\/schema.org","@graph":[{"@type":"Article","@id":"https:\/\/spainfilmcommission.com\/en\/blog\/spain-film-commission-participa-en-el-marche-du-film-de-cannes\/#article","isPartOf":{"@id":"https:\/\/spainfilmcommission.com\/en\/blog\/spain-film-commission-participa-en-el-marche-du-film-de-cannes\/"},"author":{"name":"studio128k_dam","@id":"https:\/\/spainfilmcommission.com\/en\/#\/schema\/person\/6c014ba6ceac198d178a6a9e61113c9d"},"headline":"Spain Film Commission participa en el March\u00e9 du Film de Cannes","datePublished":"2018-05-01T22:00:00+00:00","dateModified":"2025-02-11T07:07:40+00:00","mainEntityOfPage":{"@id":"https:\/\/spainfilmcommission.com\/en\/blog\/spain-film-commission-participa-en-el-marche-du-film-de-cannes\/"},"wordCount":363,"publisher":{"@id":"https:\/\/spainfilmcommission.com\/en\/#organization"},"image":{"@id":"https:\/\/spainfilmcommission.com\/en\/blog\/spain-film-commission-participa-en-el-marche-du-film-de-cannes\/#primaryimage"},"thumbnailUrl":"https:\/\/spainfilmcommission.com\/wp-content\/uploads\/2018\/05\/spain-film-commission-participa-en-el-marche-du-film-de-cannes-46.jpg","articleSection":["Noticias"],"inLanguage":"en-US"},{"@type":"WebPage","@id":"https:\/\/spainfilmcommission.com\/en\/blog\/spain-film-commission-participa-en-el-marche-du-film-de-cannes\/","url":"https:\/\/spainfilmcommission.com\/en\/blog\/spain-film-commission-participa-en-el-marche-du-film-de-cannes\/","name":"Spain Film Commission participa en el March\u00e9 du Film de Cannes - Spain Film Commission","isPartOf":{"@id":"https:\/\/spainfilmcommission.com\/en\/#website"},"primaryImageOfPage":{"@id":"https:\/\/spainfilmcommission.com\/en\/blog\/spain-film-commission-participa-en-el-marche-du-film-de-cannes\/#primaryimage"},"image":{"@id":"https:\/\/spainfilmcommission.com\/en\/blog\/spain-film-commission-participa-en-el-marche-du-film-de-cannes\/#primaryimage"},"thumbnailUrl":"https:\/\/spainfilmcommission.com\/wp-content\/uploads\/2018\/05\/spain-film-commission-participa-en-el-marche-du-film-de-cannes-46.jpg","datePublished":"2018-05-01T22:00:00+00:00","dateModified":"2025-02-11T07:07:40+00:00","breadcrumb":{"@id":"https:\/\/spainfilmcommission.com\/en\/blog\/spain-film-commission-participa-en-el-marche-du-film-de-cannes\/#breadcrumb"},"inLanguage":"en-US","potentialAction":[{"@type":"ReadAction","target":["https:\/\/spainfilmcommission.com\/en\/blog\/spain-film-commission-participa-en-el-marche-du-film-de-cannes\/"]}]},{"@type":"ImageObject","inLanguage":"en-US","@id":"https:\/\/spainfilmcommission.com\/en\/blog\/spain-film-commission-participa-en-el-marche-du-film-de-cannes\/#primaryimage","url":"https:\/\/spainfilmcommission.com\/wp-content\/uploads\/2018\/05\/spain-film-commission-participa-en-el-marche-du-film-de-cannes-46.jpg","contentUrl":"https:\/\/spainfilmcommission.com\/wp-content\/uploads\/2018\/05\/spain-film-commission-participa-en-el-marche-du-film-de-cannes-46.jpg","width":600,"height":401},{"@type":"BreadcrumbList","@id":"https:\/\/spainfilmcommission.com\/en\/blog\/spain-film-commission-participa-en-el-marche-du-film-de-cannes\/#breadcrumb","itemListElement":[{"@type":"ListItem","position":1,"name":"Portada","item":"https:\/\/spainfilmcommission.com\/en\/"},{"@type":"ListItem","position":2,"name":"Spain Film Commission participa en el March\u00e9 du Film de Cannes"}]},{"@type":"WebSite","@id":"https:\/\/spainfilmcommission.com\/en\/#website","url":"https:\/\/spainfilmcommission.com\/en\/","name":"Spain Film Commission","description":"","publisher":{"@id":"https:\/\/spainfilmcommission.com\/en\/#organization"},"potentialAction":[{"@type":"SearchAction","target":{"@type":"EntryPoint","urlTemplate":"https:\/\/spainfilmcommission.com\/en\/?s={search_term_string}"},"query-input":{"@type":"PropertyValueSpecification","valueRequired":true,"valueName":"search_term_string"}}],"inLanguage":"en-US"},{"@type":"Organization","@id":"https:\/\/spainfilmcommission.com\/en\/#organization","name":"Spain Film Commission","url":"https:\/\/spainfilmcommission.com\/en\/","logo":{"@type":"ImageObject","inLanguage":"en-US","@id":"https:\/\/spainfilmcommission.com\/en\/#\/schema\/logo\/image\/","url":"https:\/\/spainfilmcommission.com\/wp-content\/uploads\/2024\/07\/SPC_COLOR.png","contentUrl":"https:\/\/spainfilmcommission.com\/wp-content\/uploads\/2024\/07\/SPC_COLOR.png","width":1665,"height":1665,"caption":"Spain Film Commission"},"image":{"@id":"https:\/\/spainfilmcommission.com\/en\/#\/schema\/logo\/image\/"}},{"@type":"Person","@id":"https:\/\/spainfilmcommission.com\/en\/#\/schema\/person\/6c014ba6ceac198d178a6a9e61113c9d","name":"studio128k_dam","image":{"@type":"ImageObject","inLanguage":"en-US","@id":"https:\/\/secure.gravatar.com\/avatar\/810f99144a13522c24aa173f9cd8bf079d0e89758af00b5f2938443cd51b31e9?s=96&d=mm&r=g","url":"https:\/\/secure.gravatar.com\/avatar\/810f99144a13522c24aa173f9cd8bf079d0e89758af00b5f2938443cd51b31e9?s=96&d=mm&r=g","contentUrl":"https:\/\/secure.gravatar.com\/avatar\/810f99144a13522c24aa173f9cd8bf079d0e89758af00b5f2938443cd51b31e9?s=96&d=mm&r=g","caption":"studio128k_dam"}}]}},"_links":{"self":[{"href":"https:\/\/spainfilmcommission.com\/en\/wp-json\/wp\/v2\/posts\/7042","targetHints":{"allow":["GET"]}}],"collection":[{"href":"https:\/\/spainfilmcommission.com\/en\/wp-json\/wp\/v2\/posts"}],"about":[{"href":"https:\/\/spainfilmcommission.com\/en\/wp-json\/wp\/v2\/types\/post"}],"author":[{"embeddable":true,"href":"https:\/\/spainfilmcommission.com\/en\/wp-json\/wp\/v2\/users\/2"}],"replies":[{"embeddable":true,"href":"https:\/\/spainfilmcommission.com\/en\/wp-json\/wp\/v2\/comments?post=7042"}],"version-history":[{"count":0,"href":"https:\/\/spainfilmcommission.com\/en\/wp-json\/wp\/v2\/posts\/7042\/revisions"}],"wp:featuredmedia":[{"embeddable":true,"href":"https:\/\/spainfilmcommission.com\/en\/wp-json\/wp\/v2\/media\/7043"}],"wp:attachment":[{"href":"https:\/\/spainfilmcommission.com\/en\/wp-json\/wp\/v2\/media?parent=7042"}],"wp:term":[{"taxonomy":"category","embeddable":true,"href":"https:\/\/spainfilmcommission.com\/en\/wp-json\/wp\/v2\/categories?post=7042"},{"taxonomy":"post_tag","embeddable":true,"href":"https:\/\/spainfilmcommission.com\/en\/wp-json\/wp\/v2\/tags?post=7042"}],"curies":[{"name":"wp","href":"https:\/\/api.w.org\/{rel}","templated":true}]}}