{"id":7030,"date":"2018-04-23T00:00:00","date_gmt":"2018-04-22T22:00:00","guid":{"rendered":"https:\/\/sfc.com\/presencia-espanola-en-la-71-edicion-del-festival-de-cannes\/"},"modified":"2025-06-12T14:11:37","modified_gmt":"2025-06-12T12:11:37","slug":"presencia-espanola-en-la-71-edicion-del-festival-de-cannes","status":"publish","type":"post","link":"https:\/\/spainfilmcommission.com\/en\/blog\/presencia-espanola-en-la-71-edicion-del-festival-de-cannes\/","title":{"rendered":"Presencia espa\u00f1ola en la 71 edici\u00f3n del Festival de Cannes"},"content":{"rendered":"<p>La edici\u00f3n 71 del <a href=\"http:\/\/www.festival-cannes.com\/es\/\">Festival de Cannes<\/a> ser\u00e1 inaugurada por &#8220;Todos lo saben&#8221;, un largometraje dirigido por el iran\u00ed Asghar Farhadi y con un reparto encabezado por Javier Bardem, Pen\u00e9lope Cruz y Ricardo Dar\u00edn, acompa\u00f1ados por B\u00e1rbara Lennie, Inma Cuesta o Eduard Fern\u00e1ndez. Es una coproducci\u00f3n de Espa\u00f1a (Morena Films) y Francia rodada en Madrid (Torrelaguna) y Guadalajara<strong>.<\/strong><\/p>\n<p>Trailer: <a href=\"https:\/\/www.youtube.com\/watch?time_continue=6&amp;v=QHP_myY2lto\">https:\/\/www.youtube.com\/watch?time_continue=6&amp;v=QHP_myY2lto<\/a><\/p>\n<p>Tambi\u00e9n en la secci\u00f3n oficial, en sesi\u00f3n especial fuera de concurso, participar\u00e1 la coproducci\u00f3n hispano polaca <strong>\u201c<\/strong>Un d\u00eda m\u00e1s con vida\u201d, dirigida por el navarro Ra\u00fal de la Fuente y Damian Nenow, que recrea la vida del legendario periodista Ryszard Kapuscinski mezclando im\u00e1genes reales con otras en animaci\u00f3n.<\/p>\n<p>Trailer: <a href=\"https:\/\/www.youtube.com\/watch?v=U484ULrLOBY\">https:\/\/www.youtube.com\/watch?v=U484ULrLOBY<\/a><\/p>\n<p>La pel\u00edcula<strong> \u201c<\/strong>El \u00c1ngel\u201d, de Luis Ortega, est\u00e1 seleccionada para competir en la secci\u00f3n oficial &#8216;Un Certain Regard&#8217;.\u00a0 El largometraje de Ortega es una coproducci\u00f3n iberoamericana de K&amp;S Films, Underground y Telefe de Argentina y la espa\u00f1ola El Deseo. Protagonizada por Lorenzo Ferro se basa en la vida de Carlos Robledo Puch, que asesin\u00f3 a 11 personas entre 1971 y 1972. El elenco est\u00e1 integrado tambi\u00e9n por Peter Lanzani, el Chino Dar\u00edn, Cecilia Roth, Mercedes Mor\u00e1n y Daniel Fanego.<\/p>\n<p>Reportaje Acci\u00f3n! Noticias es el noticiero semanal de CINE.AR: <a href=\"https:\/\/www.youtube.com\/watch?v=YB1-6IFYs0I\">https:\/\/www.youtube.com\/watch?v=YB1-6IFYs0I<\/a><\/p>\n<p>En la Quincena de Realizadores\u00a0 hay dos t\u00edtulos espa\u00f1oles: \u201cPetra\u201d de Jaime Rosales y \u201cCarmen y Lola\u201d de Arantxa Echevarr\u00eda.<\/p>\n<p>\u201cPetra\u201d es una\u00a0 coproducci\u00f3n de Espa\u00f1a (Fresdeval Films, Wanda Visi\u00f3n), Francia y Dinamarca rodada en la sierra de Madrid y en La Empord\u00e0 en Girona, con guion del propio Rosales junto a\u00a0 Clara Roquet\u00a0 y Michel Gaztambide, est\u00e1 protagonizado por B\u00e1rbara Lennie, \u00c0lex Brendem\u00fchl y Marisa Paredes.<\/p>\n<p>Reportaje de Movistar+: <a href=\"https:\/\/www.youtube.com\/watch?v=pCMWFv6cNSI\">https:\/\/www.youtube.com\/watch?v=pCMWFv6cNSI<\/a><\/p>\n<p>La \u00f3pera prima de la bilba\u00edna Arantxa Echevarr\u00eda, \u201cCarmen y Lola\u201d. Rodada entre Madrid y Cantabria est\u00e1 producida por TVTEC Servicios Audiovisuales y con distribuci\u00f3n en Espa\u00f1a por parte de Super 8, el argumento gira en torno a la historia de amor de dos adolescentes gitanas y aborda las grandes dificultades de vivir la homosexualidad. El guion es de la propia directora y las actrices protagonistas son: Zaira Romero, Rosy Rodr\u00edguez, Carolina Yuste, Moreno Borja y Rafaela Le\u00f3n.<\/p>\n<p>Primeras im\u00e1genes: <a href=\"https:\/\/www.youtube.com\/watch?v=adTojMt-yys\">https:\/\/www.youtube.com\/watch?v=adTojMt-yys<\/a><\/p>\n<p>Clausurar\u00e1 el Festival una pel\u00edcula rodada en Espa\u00f1a: \u201cEl hombre que mat\u00f3 a Don Quijote\u201d de Terry Gilliam. Coproducida entre otros por la espa\u00f1ola Tornasol, est\u00e1 protagonizada por Jonathan Pryce en el papel de Don Quijote y cuenta con Adam Driver, Rossy de Palma y Sergi L\u00f3pez. En Espa\u00f1a se rod\u00f3 en Navarra, Castilla la Mancha y Canarias.<\/p>\n<p>Trailer: <a href=\"https:\/\/www.youtube.com\/watch?v=mNzC0edKAGQ\">https:\/\/www.youtube.com\/watch?v=mNzC0edKAGQ<\/a><\/p>\n<p>El estreno mundial en el Festival de Cannes fuera de la competici\u00f3n oficial de<em> \u201cHan Solo: una historia de Star Wars\u201d <\/em>tiene una peque\u00f1a relaci\u00f3n con Espa\u00f1a ya que varias de sus escenas se rodaron en Canarias, en concreto en la isla de Fuerteventura.<\/p>\n<p><img decoding=\"async\" src=\"https:\/\/spainfilmcommission.com\/\/wp-content\/uploads\/2018\/04\/presencia-espanola-en-la-71-edicion-del-festival-de-cannes1-45.jpg\" alt=\"Imagen relacionada\" \/><img decoding=\"async\" src=\"https:\/\/spainfilmcommission.com\/\/wp-content\/uploads\/2018\/04\/presencia-espanola-en-la-71-edicion-del-festival-de-cannes2-45.jpg\" alt=\"Imagen relacionada\" \/><img decoding=\"async\" src=\"https:\/\/spainfilmcommission.com\/\/wp-content\/uploads\/2018\/04\/presencia-espanola-en-la-71-edicion-del-festival-de-cannes3-45.jpg\" alt=\"Imagen relacionada\" \/><img decoding=\"async\" src=\"https:\/\/spainfilmcommission.com\/\/wp-content\/uploads\/2018\/04\/presencia-espanola-en-la-71-edicion-del-festival-de-cannes4-45.jpg\" alt=\"Imagen relacionada\" \/><\/p>\n\n\n<p><\/p>\n","protected":false},"excerpt":{"rendered":"<p>Las pel\u00edculas &#8220;Todos lo saben&#8221;, &#8220;Un d\u00eda m\u00e1s con vida&#8221;, &#8220;Petra&#8221;, &#8220;Carmen y Lola&#8221; &#8220;El \u00c1ngel&#8217; y &#8220;El hombre que mat\u00f3 a Don Quijote&#8221; estar\u00e1n presentes en varias secciones del festival<\/p>\n","protected":false},"author":2,"featured_media":7031,"comment_status":"closed","ping_status":"closed","sticky":false,"template":"","format":"standard","meta":{"footnotes":""},"categories":[38],"tags":[],"class_list":["post-7030","post","type-post","status-publish","format-standard","has-post-thumbnail","hentry","category-noticias"],"yoast_head":"<!-- This site is optimized with the Yoast SEO plugin v27.3 - https:\/\/yoast.com\/product\/yoast-seo-wordpress\/ -->\n<title>Presencia espa\u00f1ola en la 71 edici\u00f3n del Festival de Cannes - Spain Film Commission<\/title>\n<meta name=\"robots\" content=\"index, follow, max-snippet:-1, max-image-preview:large, max-video-preview:-1\" \/>\n<link rel=\"canonical\" href=\"https:\/\/spainfilmcommission.com\/en\/blog\/presencia-espanola-en-la-71-edicion-del-festival-de-cannes\/\" \/>\n<meta property=\"og:locale\" content=\"en_US\" \/>\n<meta property=\"og:type\" content=\"article\" \/>\n<meta property=\"og:title\" content=\"Presencia espa\u00f1ola en la 71 edici\u00f3n del Festival de Cannes - Spain Film Commission\" \/>\n<meta property=\"og:description\" content=\"Las pel\u00edculas &quot;Todos lo saben&quot;, &#8220;Un d\u00eda m\u00e1s con vida&#8221;, &#8220;Petra&#8221;, &#8220;Carmen y Lola&#8221; &quot;El \u00c1ngel&#039; y &#8220;El hombre que mat\u00f3 a Don Quijote&#8221; estar\u00e1n presentes en varias secciones del festival\" \/>\n<meta property=\"og:url\" content=\"https:\/\/spainfilmcommission.com\/en\/blog\/presencia-espanola-en-la-71-edicion-del-festival-de-cannes\/\" \/>\n<meta property=\"og:site_name\" content=\"Spain Film Commission\" \/>\n<meta property=\"article:published_time\" content=\"2018-04-22T22:00:00+00:00\" \/>\n<meta property=\"article:modified_time\" content=\"2025-06-12T12:11:37+00:00\" \/>\n<meta property=\"og:image\" content=\"https:\/\/spainfilmcommission.com\/wp-content\/uploads\/2018\/04\/presencia-espanola-en-la-71-edicion-del-festival-de-cannes-45.jpg\" \/>\n\t<meta property=\"og:image:width\" content=\"1024\" \/>\n\t<meta property=\"og:image:height\" content=\"653\" \/>\n\t<meta property=\"og:image:type\" content=\"image\/jpeg\" \/>\n<meta name=\"author\" content=\"studio128k_dam\" \/>\n<meta name=\"twitter:card\" content=\"summary_large_image\" \/>\n<meta name=\"twitter:label1\" content=\"Written by\" \/>\n\t<meta name=\"twitter:data1\" content=\"studio128k_dam\" \/>\n\t<meta name=\"twitter:label2\" content=\"Est. reading time\" \/>\n\t<meta name=\"twitter:data2\" content=\"4 minutes\" \/>\n<script type=\"application\/ld+json\" class=\"yoast-schema-graph\">{\"@context\":\"https:\\\/\\\/schema.org\",\"@graph\":[{\"@type\":\"Article\",\"@id\":\"https:\\\/\\\/spainfilmcommission.com\\\/en\\\/blog\\\/presencia-espanola-en-la-71-edicion-del-festival-de-cannes\\\/#article\",\"isPartOf\":{\"@id\":\"https:\\\/\\\/spainfilmcommission.com\\\/en\\\/blog\\\/presencia-espanola-en-la-71-edicion-del-festival-de-cannes\\\/\"},\"author\":{\"name\":\"studio128k_dam\",\"@id\":\"https:\\\/\\\/spainfilmcommission.com\\\/en\\\/#\\\/schema\\\/person\\\/6c014ba6ceac198d178a6a9e61113c9d\"},\"headline\":\"Presencia espa\u00f1ola en la 71 edici\u00f3n del Festival de Cannes\",\"datePublished\":\"2018-04-22T22:00:00+00:00\",\"dateModified\":\"2025-06-12T12:11:37+00:00\",\"mainEntityOfPage\":{\"@id\":\"https:\\\/\\\/spainfilmcommission.com\\\/en\\\/blog\\\/presencia-espanola-en-la-71-edicion-del-festival-de-cannes\\\/\"},\"wordCount\":560,\"publisher\":{\"@id\":\"https:\\\/\\\/spainfilmcommission.com\\\/en\\\/#organization\"},\"image\":{\"@id\":\"https:\\\/\\\/spainfilmcommission.com\\\/en\\\/blog\\\/presencia-espanola-en-la-71-edicion-del-festival-de-cannes\\\/#primaryimage\"},\"thumbnailUrl\":\"https:\\\/\\\/spainfilmcommission.com\\\/wp-content\\\/uploads\\\/2018\\\/04\\\/presencia-espanola-en-la-71-edicion-del-festival-de-cannes-45.jpg\",\"articleSection\":[\"Noticias\"],\"inLanguage\":\"en-US\"},{\"@type\":\"WebPage\",\"@id\":\"https:\\\/\\\/spainfilmcommission.com\\\/en\\\/blog\\\/presencia-espanola-en-la-71-edicion-del-festival-de-cannes\\\/\",\"url\":\"https:\\\/\\\/spainfilmcommission.com\\\/en\\\/blog\\\/presencia-espanola-en-la-71-edicion-del-festival-de-cannes\\\/\",\"name\":\"Presencia espa\u00f1ola en la 71 edici\u00f3n del Festival de Cannes - Spain Film Commission\",\"isPartOf\":{\"@id\":\"https:\\\/\\\/spainfilmcommission.com\\\/en\\\/#website\"},\"primaryImageOfPage\":{\"@id\":\"https:\\\/\\\/spainfilmcommission.com\\\/en\\\/blog\\\/presencia-espanola-en-la-71-edicion-del-festival-de-cannes\\\/#primaryimage\"},\"image\":{\"@id\":\"https:\\\/\\\/spainfilmcommission.com\\\/en\\\/blog\\\/presencia-espanola-en-la-71-edicion-del-festival-de-cannes\\\/#primaryimage\"},\"thumbnailUrl\":\"https:\\\/\\\/spainfilmcommission.com\\\/wp-content\\\/uploads\\\/2018\\\/04\\\/presencia-espanola-en-la-71-edicion-del-festival-de-cannes-45.jpg\",\"datePublished\":\"2018-04-22T22:00:00+00:00\",\"dateModified\":\"2025-06-12T12:11:37+00:00\",\"breadcrumb\":{\"@id\":\"https:\\\/\\\/spainfilmcommission.com\\\/en\\\/blog\\\/presencia-espanola-en-la-71-edicion-del-festival-de-cannes\\\/#breadcrumb\"},\"inLanguage\":\"en-US\",\"potentialAction\":[{\"@type\":\"ReadAction\",\"target\":[\"https:\\\/\\\/spainfilmcommission.com\\\/en\\\/blog\\\/presencia-espanola-en-la-71-edicion-del-festival-de-cannes\\\/\"]}]},{\"@type\":\"ImageObject\",\"inLanguage\":\"en-US\",\"@id\":\"https:\\\/\\\/spainfilmcommission.com\\\/en\\\/blog\\\/presencia-espanola-en-la-71-edicion-del-festival-de-cannes\\\/#primaryimage\",\"url\":\"https:\\\/\\\/spainfilmcommission.com\\\/wp-content\\\/uploads\\\/2018\\\/04\\\/presencia-espanola-en-la-71-edicion-del-festival-de-cannes-45.jpg\",\"contentUrl\":\"https:\\\/\\\/spainfilmcommission.com\\\/wp-content\\\/uploads\\\/2018\\\/04\\\/presencia-espanola-en-la-71-edicion-del-festival-de-cannes-45.jpg\",\"width\":1024,\"height\":653},{\"@type\":\"BreadcrumbList\",\"@id\":\"https:\\\/\\\/spainfilmcommission.com\\\/en\\\/blog\\\/presencia-espanola-en-la-71-edicion-del-festival-de-cannes\\\/#breadcrumb\",\"itemListElement\":[{\"@type\":\"ListItem\",\"position\":1,\"name\":\"Portada\",\"item\":\"https:\\\/\\\/spainfilmcommission.com\\\/en\\\/\"},{\"@type\":\"ListItem\",\"position\":2,\"name\":\"Presencia espa\u00f1ola en la 71 edici\u00f3n del Festival de Cannes\"}]},{\"@type\":\"WebSite\",\"@id\":\"https:\\\/\\\/spainfilmcommission.com\\\/en\\\/#website\",\"url\":\"https:\\\/\\\/spainfilmcommission.com\\\/en\\\/\",\"name\":\"Spain Film Commission\",\"description\":\"\",\"publisher\":{\"@id\":\"https:\\\/\\\/spainfilmcommission.com\\\/en\\\/#organization\"},\"potentialAction\":[{\"@type\":\"SearchAction\",\"target\":{\"@type\":\"EntryPoint\",\"urlTemplate\":\"https:\\\/\\\/spainfilmcommission.com\\\/en\\\/?s={search_term_string}\"},\"query-input\":{\"@type\":\"PropertyValueSpecification\",\"valueRequired\":true,\"valueName\":\"search_term_string\"}}],\"inLanguage\":\"en-US\"},{\"@type\":\"Organization\",\"@id\":\"https:\\\/\\\/spainfilmcommission.com\\\/en\\\/#organization\",\"name\":\"Spain Film Commission\",\"url\":\"https:\\\/\\\/spainfilmcommission.com\\\/en\\\/\",\"logo\":{\"@type\":\"ImageObject\",\"inLanguage\":\"en-US\",\"@id\":\"https:\\\/\\\/spainfilmcommission.com\\\/en\\\/#\\\/schema\\\/logo\\\/image\\\/\",\"url\":\"https:\\\/\\\/spainfilmcommission.com\\\/wp-content\\\/uploads\\\/2024\\\/07\\\/SPC_COLOR.png\",\"contentUrl\":\"https:\\\/\\\/spainfilmcommission.com\\\/wp-content\\\/uploads\\\/2024\\\/07\\\/SPC_COLOR.png\",\"width\":1665,\"height\":1665,\"caption\":\"Spain Film Commission\"},\"image\":{\"@id\":\"https:\\\/\\\/spainfilmcommission.com\\\/en\\\/#\\\/schema\\\/logo\\\/image\\\/\"}},{\"@type\":\"Person\",\"@id\":\"https:\\\/\\\/spainfilmcommission.com\\\/en\\\/#\\\/schema\\\/person\\\/6c014ba6ceac198d178a6a9e61113c9d\",\"name\":\"studio128k_dam\",\"image\":{\"@type\":\"ImageObject\",\"inLanguage\":\"en-US\",\"@id\":\"https:\\\/\\\/secure.gravatar.com\\\/avatar\\\/810f99144a13522c24aa173f9cd8bf079d0e89758af00b5f2938443cd51b31e9?s=96&d=mm&r=g\",\"url\":\"https:\\\/\\\/secure.gravatar.com\\\/avatar\\\/810f99144a13522c24aa173f9cd8bf079d0e89758af00b5f2938443cd51b31e9?s=96&d=mm&r=g\",\"contentUrl\":\"https:\\\/\\\/secure.gravatar.com\\\/avatar\\\/810f99144a13522c24aa173f9cd8bf079d0e89758af00b5f2938443cd51b31e9?s=96&d=mm&r=g\",\"caption\":\"studio128k_dam\"}}]}<\/script>\n<!-- \/ Yoast SEO plugin. -->","yoast_head_json":{"title":"Presencia espa\u00f1ola en la 71 edici\u00f3n del Festival de Cannes - Spain Film Commission","robots":{"index":"index","follow":"follow","max-snippet":"max-snippet:-1","max-image-preview":"max-image-preview:large","max-video-preview":"max-video-preview:-1"},"canonical":"https:\/\/spainfilmcommission.com\/en\/blog\/presencia-espanola-en-la-71-edicion-del-festival-de-cannes\/","og_locale":"en_US","og_type":"article","og_title":"Presencia espa\u00f1ola en la 71 edici\u00f3n del Festival de Cannes - Spain Film Commission","og_description":"Las pel\u00edculas \"Todos lo saben\", &#8220;Un d\u00eda m\u00e1s con vida&#8221;, &#8220;Petra&#8221;, &#8220;Carmen y Lola&#8221; \"El \u00c1ngel' y &#8220;El hombre que mat\u00f3 a Don Quijote&#8221; estar\u00e1n presentes en varias secciones del festival","og_url":"https:\/\/spainfilmcommission.com\/en\/blog\/presencia-espanola-en-la-71-edicion-del-festival-de-cannes\/","og_site_name":"Spain Film Commission","article_published_time":"2018-04-22T22:00:00+00:00","article_modified_time":"2025-06-12T12:11:37+00:00","og_image":[{"width":1024,"height":653,"url":"https:\/\/spainfilmcommission.com\/wp-content\/uploads\/2018\/04\/presencia-espanola-en-la-71-edicion-del-festival-de-cannes-45.jpg","type":"image\/jpeg"}],"author":"studio128k_dam","twitter_card":"summary_large_image","twitter_misc":{"Written by":"studio128k_dam","Est. reading time":"4 minutes"},"schema":{"@context":"https:\/\/schema.org","@graph":[{"@type":"Article","@id":"https:\/\/spainfilmcommission.com\/en\/blog\/presencia-espanola-en-la-71-edicion-del-festival-de-cannes\/#article","isPartOf":{"@id":"https:\/\/spainfilmcommission.com\/en\/blog\/presencia-espanola-en-la-71-edicion-del-festival-de-cannes\/"},"author":{"name":"studio128k_dam","@id":"https:\/\/spainfilmcommission.com\/en\/#\/schema\/person\/6c014ba6ceac198d178a6a9e61113c9d"},"headline":"Presencia espa\u00f1ola en la 71 edici\u00f3n del Festival de Cannes","datePublished":"2018-04-22T22:00:00+00:00","dateModified":"2025-06-12T12:11:37+00:00","mainEntityOfPage":{"@id":"https:\/\/spainfilmcommission.com\/en\/blog\/presencia-espanola-en-la-71-edicion-del-festival-de-cannes\/"},"wordCount":560,"publisher":{"@id":"https:\/\/spainfilmcommission.com\/en\/#organization"},"image":{"@id":"https:\/\/spainfilmcommission.com\/en\/blog\/presencia-espanola-en-la-71-edicion-del-festival-de-cannes\/#primaryimage"},"thumbnailUrl":"https:\/\/spainfilmcommission.com\/wp-content\/uploads\/2018\/04\/presencia-espanola-en-la-71-edicion-del-festival-de-cannes-45.jpg","articleSection":["Noticias"],"inLanguage":"en-US"},{"@type":"WebPage","@id":"https:\/\/spainfilmcommission.com\/en\/blog\/presencia-espanola-en-la-71-edicion-del-festival-de-cannes\/","url":"https:\/\/spainfilmcommission.com\/en\/blog\/presencia-espanola-en-la-71-edicion-del-festival-de-cannes\/","name":"Presencia espa\u00f1ola en la 71 edici\u00f3n del Festival de Cannes - Spain Film Commission","isPartOf":{"@id":"https:\/\/spainfilmcommission.com\/en\/#website"},"primaryImageOfPage":{"@id":"https:\/\/spainfilmcommission.com\/en\/blog\/presencia-espanola-en-la-71-edicion-del-festival-de-cannes\/#primaryimage"},"image":{"@id":"https:\/\/spainfilmcommission.com\/en\/blog\/presencia-espanola-en-la-71-edicion-del-festival-de-cannes\/#primaryimage"},"thumbnailUrl":"https:\/\/spainfilmcommission.com\/wp-content\/uploads\/2018\/04\/presencia-espanola-en-la-71-edicion-del-festival-de-cannes-45.jpg","datePublished":"2018-04-22T22:00:00+00:00","dateModified":"2025-06-12T12:11:37+00:00","breadcrumb":{"@id":"https:\/\/spainfilmcommission.com\/en\/blog\/presencia-espanola-en-la-71-edicion-del-festival-de-cannes\/#breadcrumb"},"inLanguage":"en-US","potentialAction":[{"@type":"ReadAction","target":["https:\/\/spainfilmcommission.com\/en\/blog\/presencia-espanola-en-la-71-edicion-del-festival-de-cannes\/"]}]},{"@type":"ImageObject","inLanguage":"en-US","@id":"https:\/\/spainfilmcommission.com\/en\/blog\/presencia-espanola-en-la-71-edicion-del-festival-de-cannes\/#primaryimage","url":"https:\/\/spainfilmcommission.com\/wp-content\/uploads\/2018\/04\/presencia-espanola-en-la-71-edicion-del-festival-de-cannes-45.jpg","contentUrl":"https:\/\/spainfilmcommission.com\/wp-content\/uploads\/2018\/04\/presencia-espanola-en-la-71-edicion-del-festival-de-cannes-45.jpg","width":1024,"height":653},{"@type":"BreadcrumbList","@id":"https:\/\/spainfilmcommission.com\/en\/blog\/presencia-espanola-en-la-71-edicion-del-festival-de-cannes\/#breadcrumb","itemListElement":[{"@type":"ListItem","position":1,"name":"Portada","item":"https:\/\/spainfilmcommission.com\/en\/"},{"@type":"ListItem","position":2,"name":"Presencia espa\u00f1ola en la 71 edici\u00f3n del Festival de Cannes"}]},{"@type":"WebSite","@id":"https:\/\/spainfilmcommission.com\/en\/#website","url":"https:\/\/spainfilmcommission.com\/en\/","name":"Spain Film Commission","description":"","publisher":{"@id":"https:\/\/spainfilmcommission.com\/en\/#organization"},"potentialAction":[{"@type":"SearchAction","target":{"@type":"EntryPoint","urlTemplate":"https:\/\/spainfilmcommission.com\/en\/?s={search_term_string}"},"query-input":{"@type":"PropertyValueSpecification","valueRequired":true,"valueName":"search_term_string"}}],"inLanguage":"en-US"},{"@type":"Organization","@id":"https:\/\/spainfilmcommission.com\/en\/#organization","name":"Spain Film Commission","url":"https:\/\/spainfilmcommission.com\/en\/","logo":{"@type":"ImageObject","inLanguage":"en-US","@id":"https:\/\/spainfilmcommission.com\/en\/#\/schema\/logo\/image\/","url":"https:\/\/spainfilmcommission.com\/wp-content\/uploads\/2024\/07\/SPC_COLOR.png","contentUrl":"https:\/\/spainfilmcommission.com\/wp-content\/uploads\/2024\/07\/SPC_COLOR.png","width":1665,"height":1665,"caption":"Spain Film Commission"},"image":{"@id":"https:\/\/spainfilmcommission.com\/en\/#\/schema\/logo\/image\/"}},{"@type":"Person","@id":"https:\/\/spainfilmcommission.com\/en\/#\/schema\/person\/6c014ba6ceac198d178a6a9e61113c9d","name":"studio128k_dam","image":{"@type":"ImageObject","inLanguage":"en-US","@id":"https:\/\/secure.gravatar.com\/avatar\/810f99144a13522c24aa173f9cd8bf079d0e89758af00b5f2938443cd51b31e9?s=96&d=mm&r=g","url":"https:\/\/secure.gravatar.com\/avatar\/810f99144a13522c24aa173f9cd8bf079d0e89758af00b5f2938443cd51b31e9?s=96&d=mm&r=g","contentUrl":"https:\/\/secure.gravatar.com\/avatar\/810f99144a13522c24aa173f9cd8bf079d0e89758af00b5f2938443cd51b31e9?s=96&d=mm&r=g","caption":"studio128k_dam"}}]}},"_links":{"self":[{"href":"https:\/\/spainfilmcommission.com\/en\/wp-json\/wp\/v2\/posts\/7030","targetHints":{"allow":["GET"]}}],"collection":[{"href":"https:\/\/spainfilmcommission.com\/en\/wp-json\/wp\/v2\/posts"}],"about":[{"href":"https:\/\/spainfilmcommission.com\/en\/wp-json\/wp\/v2\/types\/post"}],"author":[{"embeddable":true,"href":"https:\/\/spainfilmcommission.com\/en\/wp-json\/wp\/v2\/users\/2"}],"replies":[{"embeddable":true,"href":"https:\/\/spainfilmcommission.com\/en\/wp-json\/wp\/v2\/comments?post=7030"}],"version-history":[{"count":0,"href":"https:\/\/spainfilmcommission.com\/en\/wp-json\/wp\/v2\/posts\/7030\/revisions"}],"wp:featuredmedia":[{"embeddable":true,"href":"https:\/\/spainfilmcommission.com\/en\/wp-json\/wp\/v2\/media\/7031"}],"wp:attachment":[{"href":"https:\/\/spainfilmcommission.com\/en\/wp-json\/wp\/v2\/media?parent=7030"}],"wp:term":[{"taxonomy":"category","embeddable":true,"href":"https:\/\/spainfilmcommission.com\/en\/wp-json\/wp\/v2\/categories?post=7030"},{"taxonomy":"post_tag","embeddable":true,"href":"https:\/\/spainfilmcommission.com\/en\/wp-json\/wp\/v2\/tags?post=7030"}],"curies":[{"name":"wp","href":"https:\/\/api.w.org\/{rel}","templated":true}]}}