{"id":7014,"date":"2018-04-18T00:00:00","date_gmt":"2018-04-17T22:00:00","guid":{"rendered":"https:\/\/sfc.com\/la-ciudad-de-madrid-pone-en-marcha-ciudad-de-madrid-film-office-city-of-madrid-film-office\/"},"modified":"2025-02-11T08:07:41","modified_gmt":"2025-02-11T07:07:41","slug":"la-ciudad-de-madrid-pone-en-marcha-ciudad-de-madrid-film-office-city-of-madrid-film-office","status":"publish","type":"post","link":"https:\/\/spainfilmcommission.com\/en\/blog\/la-ciudad-de-madrid-pone-en-marcha-ciudad-de-madrid-film-office-city-of-madrid-film-office\/","title":{"rendered":"La Ciudad de Madrid pone en marcha &#8220;Ciudad de Madrid Film Office \/ City of Madrid Film Office&#8221;"},"content":{"rendered":"<p>La nueva <strong><a href=\"https:\/\/cityofmadridfilmoffice.com\/\">Film Office de la Ciudad de Madrid<\/a> <\/strong>se incorporar\u00e1 en breve a la red de Spain Film Commission.<\/p>\n<p>El Ayuntamiento de Madrid ha presentado en el marco del <strong>MAFIZ<\/strong> del <a href=\"http:\/\/festivaldemalaga.com\"><strong>Festival de M\u00e1laga<\/strong><\/a> la nueva Ciudad de Madrid Film Office, la oficina de rodajes de la capital de Espa\u00f1a. Su alcaldesa, Manuela Carmena, y Lola Salvador, directora art\u00edstica de Cineteca y responsable de las pol\u00edticas audiovisuales del consistorio madrile\u00f1o han explicado la iniciativa.<\/p>\n<p>La oficina est\u00e1 ubicada en la hist\u00f3rica Casa de la Panader\u00eda, en plena Plaza Mayor de Madrid.\u00a0Es un organismo del Ayuntamiento destinado a prestar apoyo a todo tipo de producciones audiovisuales, colaborar en la promoci\u00f3n e internacionalizaci\u00f3n de las producciones madrile\u00f1as y promover la realizaci\u00f3n de rodajes en la ciudad.<\/p>\n<p>Aunque la \u00a0nueva Film Office ve la luz oficialmente, el ayuntamiento ha seguido prestando servicios a rodajes audiovisuales durante todo el tiempo de gestaci\u00f3n de la nueva Film Office con su oficina administrativa de permisos de rodajes y con el apoyo de los productores madrile\u00f1os mediante <strong><a href=\"http:\/\/www.amaudiovisual.es\/\">la asociaci\u00f3n AMA<\/a>.<\/strong><\/p>\n<p>Para Lola Salvador el espejo en el que quieren fijarse son las oficinas de rodajes de ciudades como Nueva York y Par\u00eds, una oficina gestionada por gente de cine para que no todo sea una cuesti\u00f3n administrativa. La alcaldesa de Madrid, Manuela Carmena, ha anunciado que se va a presentar un amplio cat\u00e1logo de localizaciones sorprendentes de la capital.<\/p>\n<p>En 2017, seg\u00fan los responsables de la nueva oficina, se solicitaron unos 10.000 permisos para todo tipo de producciones audiovisuales: cortometrajes, largometrajes, spots publicitarios, v\u00eddeos o sesiones de fotograf\u00eda.<\/p>\n<p>Ciudad de Madrid Film Office \/ City of Madrid Film Office ha solicitado la incorporaci\u00f3n a la red de Spain Film Commission que en breve se realizar\u00e1 y as\u00ed trabajar conjuntamente para potenciar Espa\u00f1a como plat\u00f3 cinematogr\u00e1fico e impulsar la industria y los profesionales del audiovisual de nuestro pa\u00eds.<\/p>\n<p>M\u00e1s informaci\u00f3n:<strong> <\/strong><\/p>\n<p><strong><a href=\"https:\/\/festivaldemalaga.com\/Content\/source\/pdf\/notas\/20180417200612_926_nota_de_prensa.pdf\">https:\/\/festivaldemalaga.com\/Content\/source\/pdf\/notas\/20180417200612_926_nota_de_prensa.pdf<\/a><\/strong><\/p>\n<p><strong><a href=\"https:\/\/www.audiovisual451.com\/se-presenta-en-malaga-ciudad-de-madrid-film-office-que-aspira-a-replicar-el-modelo-de-las-oficinas-de-rodajes-de-nueva-york-y-paris\/\">https:\/\/www.audiovisual451.com\/se-presenta-en-malaga-ciudad-de-madrid-film-office-que-aspira-a-replicar-el-modelo-de-las-oficinas-de-rodajes-de-nueva-york-y-paris\/<\/a><\/strong><\/p>\n<p><img src='https:\/\/spainfilmcommission.com\/\/wp-content\/uploads\/2018\/04\/comienza-a-trabajar-la-ciudad-de-madrid-film-office-city-of-madrid-film-office1-43.jpg' alt='Imagen relacionada'><img src='https:\/\/spainfilmcommission.com\/\/wp-content\/uploads\/2018\/04\/comienza-a-trabajar-la-ciudad-de-madrid-film-office-city-of-madrid-film-office2-43.jpg' alt='Imagen relacionada'><\/p>\n","protected":false},"excerpt":{"rendered":"<p>La nueva <strong><a href=\"https:\/\/cityofmadridfilmoffice.com\/\">Film Office de la Ciudad de Madrid<\/a> <\/strong>se incorporar\u00e1 en breve a la red de Spain Film Commission<\/p>\n","protected":false},"author":2,"featured_media":7015,"comment_status":"closed","ping_status":"","sticky":false,"template":"","format":"standard","meta":{"footnotes":""},"categories":[38],"tags":[],"class_list":["post-7014","post","type-post","status-publish","format-standard","has-post-thumbnail","hentry","category-noticias"],"yoast_head":"<!-- This site is optimized with the Yoast SEO plugin v27.3 - https:\/\/yoast.com\/product\/yoast-seo-wordpress\/ -->\n<title>La Ciudad de Madrid pone en marcha &quot;Ciudad de Madrid Film Office \/ City of Madrid Film Office&quot; - Spain Film Commission<\/title>\n<meta name=\"robots\" content=\"index, follow, max-snippet:-1, max-image-preview:large, max-video-preview:-1\" \/>\n<link rel=\"canonical\" href=\"https:\/\/spainfilmcommission.com\/en\/blog\/la-ciudad-de-madrid-pone-en-marcha-ciudad-de-madrid-film-office-city-of-madrid-film-office\/\" \/>\n<meta property=\"og:locale\" content=\"en_US\" \/>\n<meta property=\"og:type\" content=\"article\" \/>\n<meta property=\"og:title\" content=\"La Ciudad de Madrid pone en marcha &quot;Ciudad de Madrid Film Office \/ City of Madrid Film Office&quot; - Spain Film Commission\" \/>\n<meta property=\"og:description\" content=\"La nueva Film Office de la Ciudad de Madrid se incorporar\u00e1 en breve a la red de Spain Film Commission\" \/>\n<meta property=\"og:url\" content=\"https:\/\/spainfilmcommission.com\/en\/blog\/la-ciudad-de-madrid-pone-en-marcha-ciudad-de-madrid-film-office-city-of-madrid-film-office\/\" \/>\n<meta property=\"og:site_name\" content=\"Spain Film Commission\" \/>\n<meta property=\"article:published_time\" content=\"2018-04-17T22:00:00+00:00\" \/>\n<meta property=\"article:modified_time\" content=\"2025-02-11T07:07:41+00:00\" \/>\n<meta property=\"og:image\" content=\"https:\/\/spainfilmcommission.com\/wp-content\/uploads\/2018\/04\/comienza-a-trabajar-la-ciudad-de-madrid-film-office-city-of-madrid-film-office-43.jpg\" \/>\n\t<meta property=\"og:image:width\" content=\"300\" \/>\n\t<meta property=\"og:image:height\" content=\"236\" \/>\n\t<meta property=\"og:image:type\" content=\"image\/jpeg\" \/>\n<meta name=\"author\" content=\"studio128k_dam\" \/>\n<meta name=\"twitter:card\" content=\"summary_large_image\" \/>\n<meta name=\"twitter:label1\" content=\"Written by\" \/>\n\t<meta name=\"twitter:data1\" content=\"studio128k_dam\" \/>\n\t<meta name=\"twitter:label2\" content=\"Est. reading time\" \/>\n\t<meta name=\"twitter:data2\" content=\"2 minutes\" \/>\n<script type=\"application\/ld+json\" class=\"yoast-schema-graph\">{\"@context\":\"https:\\\/\\\/schema.org\",\"@graph\":[{\"@type\":\"Article\",\"@id\":\"https:\\\/\\\/spainfilmcommission.com\\\/en\\\/blog\\\/la-ciudad-de-madrid-pone-en-marcha-ciudad-de-madrid-film-office-city-of-madrid-film-office\\\/#article\",\"isPartOf\":{\"@id\":\"https:\\\/\\\/spainfilmcommission.com\\\/en\\\/blog\\\/la-ciudad-de-madrid-pone-en-marcha-ciudad-de-madrid-film-office-city-of-madrid-film-office\\\/\"},\"author\":{\"name\":\"studio128k_dam\",\"@id\":\"https:\\\/\\\/spainfilmcommission.com\\\/en\\\/#\\\/schema\\\/person\\\/6c014ba6ceac198d178a6a9e61113c9d\"},\"headline\":\"La Ciudad de Madrid pone en marcha &#8220;Ciudad de Madrid Film Office \\\/ City of Madrid Film Office&#8221;\",\"datePublished\":\"2018-04-17T22:00:00+00:00\",\"dateModified\":\"2025-02-11T07:07:41+00:00\",\"mainEntityOfPage\":{\"@id\":\"https:\\\/\\\/spainfilmcommission.com\\\/en\\\/blog\\\/la-ciudad-de-madrid-pone-en-marcha-ciudad-de-madrid-film-office-city-of-madrid-film-office\\\/\"},\"wordCount\":370,\"publisher\":{\"@id\":\"https:\\\/\\\/spainfilmcommission.com\\\/en\\\/#organization\"},\"image\":{\"@id\":\"https:\\\/\\\/spainfilmcommission.com\\\/en\\\/blog\\\/la-ciudad-de-madrid-pone-en-marcha-ciudad-de-madrid-film-office-city-of-madrid-film-office\\\/#primaryimage\"},\"thumbnailUrl\":\"https:\\\/\\\/spainfilmcommission.com\\\/wp-content\\\/uploads\\\/2018\\\/04\\\/comienza-a-trabajar-la-ciudad-de-madrid-film-office-city-of-madrid-film-office-43.jpg\",\"articleSection\":[\"Noticias\"],\"inLanguage\":\"en-US\"},{\"@type\":\"WebPage\",\"@id\":\"https:\\\/\\\/spainfilmcommission.com\\\/en\\\/blog\\\/la-ciudad-de-madrid-pone-en-marcha-ciudad-de-madrid-film-office-city-of-madrid-film-office\\\/\",\"url\":\"https:\\\/\\\/spainfilmcommission.com\\\/en\\\/blog\\\/la-ciudad-de-madrid-pone-en-marcha-ciudad-de-madrid-film-office-city-of-madrid-film-office\\\/\",\"name\":\"La Ciudad de Madrid pone en marcha \\\"Ciudad de Madrid Film Office \\\/ City of Madrid Film Office\\\" - Spain Film Commission\",\"isPartOf\":{\"@id\":\"https:\\\/\\\/spainfilmcommission.com\\\/en\\\/#website\"},\"primaryImageOfPage\":{\"@id\":\"https:\\\/\\\/spainfilmcommission.com\\\/en\\\/blog\\\/la-ciudad-de-madrid-pone-en-marcha-ciudad-de-madrid-film-office-city-of-madrid-film-office\\\/#primaryimage\"},\"image\":{\"@id\":\"https:\\\/\\\/spainfilmcommission.com\\\/en\\\/blog\\\/la-ciudad-de-madrid-pone-en-marcha-ciudad-de-madrid-film-office-city-of-madrid-film-office\\\/#primaryimage\"},\"thumbnailUrl\":\"https:\\\/\\\/spainfilmcommission.com\\\/wp-content\\\/uploads\\\/2018\\\/04\\\/comienza-a-trabajar-la-ciudad-de-madrid-film-office-city-of-madrid-film-office-43.jpg\",\"datePublished\":\"2018-04-17T22:00:00+00:00\",\"dateModified\":\"2025-02-11T07:07:41+00:00\",\"breadcrumb\":{\"@id\":\"https:\\\/\\\/spainfilmcommission.com\\\/en\\\/blog\\\/la-ciudad-de-madrid-pone-en-marcha-ciudad-de-madrid-film-office-city-of-madrid-film-office\\\/#breadcrumb\"},\"inLanguage\":\"en-US\",\"potentialAction\":[{\"@type\":\"ReadAction\",\"target\":[\"https:\\\/\\\/spainfilmcommission.com\\\/en\\\/blog\\\/la-ciudad-de-madrid-pone-en-marcha-ciudad-de-madrid-film-office-city-of-madrid-film-office\\\/\"]}]},{\"@type\":\"ImageObject\",\"inLanguage\":\"en-US\",\"@id\":\"https:\\\/\\\/spainfilmcommission.com\\\/en\\\/blog\\\/la-ciudad-de-madrid-pone-en-marcha-ciudad-de-madrid-film-office-city-of-madrid-film-office\\\/#primaryimage\",\"url\":\"https:\\\/\\\/spainfilmcommission.com\\\/wp-content\\\/uploads\\\/2018\\\/04\\\/comienza-a-trabajar-la-ciudad-de-madrid-film-office-city-of-madrid-film-office-43.jpg\",\"contentUrl\":\"https:\\\/\\\/spainfilmcommission.com\\\/wp-content\\\/uploads\\\/2018\\\/04\\\/comienza-a-trabajar-la-ciudad-de-madrid-film-office-city-of-madrid-film-office-43.jpg\",\"width\":300,\"height\":236},{\"@type\":\"BreadcrumbList\",\"@id\":\"https:\\\/\\\/spainfilmcommission.com\\\/en\\\/blog\\\/la-ciudad-de-madrid-pone-en-marcha-ciudad-de-madrid-film-office-city-of-madrid-film-office\\\/#breadcrumb\",\"itemListElement\":[{\"@type\":\"ListItem\",\"position\":1,\"name\":\"Portada\",\"item\":\"https:\\\/\\\/spainfilmcommission.com\\\/en\\\/\"},{\"@type\":\"ListItem\",\"position\":2,\"name\":\"La Ciudad de Madrid pone en marcha &#8220;Ciudad de Madrid Film Office \\\/ City of Madrid Film Office&#8221;\"}]},{\"@type\":\"WebSite\",\"@id\":\"https:\\\/\\\/spainfilmcommission.com\\\/en\\\/#website\",\"url\":\"https:\\\/\\\/spainfilmcommission.com\\\/en\\\/\",\"name\":\"Spain Film Commission\",\"description\":\"\",\"publisher\":{\"@id\":\"https:\\\/\\\/spainfilmcommission.com\\\/en\\\/#organization\"},\"potentialAction\":[{\"@type\":\"SearchAction\",\"target\":{\"@type\":\"EntryPoint\",\"urlTemplate\":\"https:\\\/\\\/spainfilmcommission.com\\\/en\\\/?s={search_term_string}\"},\"query-input\":{\"@type\":\"PropertyValueSpecification\",\"valueRequired\":true,\"valueName\":\"search_term_string\"}}],\"inLanguage\":\"en-US\"},{\"@type\":\"Organization\",\"@id\":\"https:\\\/\\\/spainfilmcommission.com\\\/en\\\/#organization\",\"name\":\"Spain Film Commission\",\"url\":\"https:\\\/\\\/spainfilmcommission.com\\\/en\\\/\",\"logo\":{\"@type\":\"ImageObject\",\"inLanguage\":\"en-US\",\"@id\":\"https:\\\/\\\/spainfilmcommission.com\\\/en\\\/#\\\/schema\\\/logo\\\/image\\\/\",\"url\":\"https:\\\/\\\/spainfilmcommission.com\\\/wp-content\\\/uploads\\\/2024\\\/07\\\/SPC_COLOR.png\",\"contentUrl\":\"https:\\\/\\\/spainfilmcommission.com\\\/wp-content\\\/uploads\\\/2024\\\/07\\\/SPC_COLOR.png\",\"width\":1665,\"height\":1665,\"caption\":\"Spain Film Commission\"},\"image\":{\"@id\":\"https:\\\/\\\/spainfilmcommission.com\\\/en\\\/#\\\/schema\\\/logo\\\/image\\\/\"}},{\"@type\":\"Person\",\"@id\":\"https:\\\/\\\/spainfilmcommission.com\\\/en\\\/#\\\/schema\\\/person\\\/6c014ba6ceac198d178a6a9e61113c9d\",\"name\":\"studio128k_dam\",\"image\":{\"@type\":\"ImageObject\",\"inLanguage\":\"en-US\",\"@id\":\"https:\\\/\\\/secure.gravatar.com\\\/avatar\\\/810f99144a13522c24aa173f9cd8bf079d0e89758af00b5f2938443cd51b31e9?s=96&d=mm&r=g\",\"url\":\"https:\\\/\\\/secure.gravatar.com\\\/avatar\\\/810f99144a13522c24aa173f9cd8bf079d0e89758af00b5f2938443cd51b31e9?s=96&d=mm&r=g\",\"contentUrl\":\"https:\\\/\\\/secure.gravatar.com\\\/avatar\\\/810f99144a13522c24aa173f9cd8bf079d0e89758af00b5f2938443cd51b31e9?s=96&d=mm&r=g\",\"caption\":\"studio128k_dam\"}}]}<\/script>\n<!-- \/ Yoast SEO plugin. -->","yoast_head_json":{"title":"La Ciudad de Madrid pone en marcha \"Ciudad de Madrid Film Office \/ City of Madrid Film Office\" - Spain Film Commission","robots":{"index":"index","follow":"follow","max-snippet":"max-snippet:-1","max-image-preview":"max-image-preview:large","max-video-preview":"max-video-preview:-1"},"canonical":"https:\/\/spainfilmcommission.com\/en\/blog\/la-ciudad-de-madrid-pone-en-marcha-ciudad-de-madrid-film-office-city-of-madrid-film-office\/","og_locale":"en_US","og_type":"article","og_title":"La Ciudad de Madrid pone en marcha \"Ciudad de Madrid Film Office \/ City of Madrid Film Office\" - Spain Film Commission","og_description":"La nueva Film Office de la Ciudad de Madrid se incorporar\u00e1 en breve a la red de Spain Film Commission","og_url":"https:\/\/spainfilmcommission.com\/en\/blog\/la-ciudad-de-madrid-pone-en-marcha-ciudad-de-madrid-film-office-city-of-madrid-film-office\/","og_site_name":"Spain Film Commission","article_published_time":"2018-04-17T22:00:00+00:00","article_modified_time":"2025-02-11T07:07:41+00:00","og_image":[{"width":300,"height":236,"url":"https:\/\/spainfilmcommission.com\/wp-content\/uploads\/2018\/04\/comienza-a-trabajar-la-ciudad-de-madrid-film-office-city-of-madrid-film-office-43.jpg","type":"image\/jpeg"}],"author":"studio128k_dam","twitter_card":"summary_large_image","twitter_misc":{"Written by":"studio128k_dam","Est. reading time":"2 minutes"},"schema":{"@context":"https:\/\/schema.org","@graph":[{"@type":"Article","@id":"https:\/\/spainfilmcommission.com\/en\/blog\/la-ciudad-de-madrid-pone-en-marcha-ciudad-de-madrid-film-office-city-of-madrid-film-office\/#article","isPartOf":{"@id":"https:\/\/spainfilmcommission.com\/en\/blog\/la-ciudad-de-madrid-pone-en-marcha-ciudad-de-madrid-film-office-city-of-madrid-film-office\/"},"author":{"name":"studio128k_dam","@id":"https:\/\/spainfilmcommission.com\/en\/#\/schema\/person\/6c014ba6ceac198d178a6a9e61113c9d"},"headline":"La Ciudad de Madrid pone en marcha &#8220;Ciudad de Madrid Film Office \/ City of Madrid Film Office&#8221;","datePublished":"2018-04-17T22:00:00+00:00","dateModified":"2025-02-11T07:07:41+00:00","mainEntityOfPage":{"@id":"https:\/\/spainfilmcommission.com\/en\/blog\/la-ciudad-de-madrid-pone-en-marcha-ciudad-de-madrid-film-office-city-of-madrid-film-office\/"},"wordCount":370,"publisher":{"@id":"https:\/\/spainfilmcommission.com\/en\/#organization"},"image":{"@id":"https:\/\/spainfilmcommission.com\/en\/blog\/la-ciudad-de-madrid-pone-en-marcha-ciudad-de-madrid-film-office-city-of-madrid-film-office\/#primaryimage"},"thumbnailUrl":"https:\/\/spainfilmcommission.com\/wp-content\/uploads\/2018\/04\/comienza-a-trabajar-la-ciudad-de-madrid-film-office-city-of-madrid-film-office-43.jpg","articleSection":["Noticias"],"inLanguage":"en-US"},{"@type":"WebPage","@id":"https:\/\/spainfilmcommission.com\/en\/blog\/la-ciudad-de-madrid-pone-en-marcha-ciudad-de-madrid-film-office-city-of-madrid-film-office\/","url":"https:\/\/spainfilmcommission.com\/en\/blog\/la-ciudad-de-madrid-pone-en-marcha-ciudad-de-madrid-film-office-city-of-madrid-film-office\/","name":"La Ciudad de Madrid pone en marcha \"Ciudad de Madrid Film Office \/ City of Madrid Film Office\" - Spain Film Commission","isPartOf":{"@id":"https:\/\/spainfilmcommission.com\/en\/#website"},"primaryImageOfPage":{"@id":"https:\/\/spainfilmcommission.com\/en\/blog\/la-ciudad-de-madrid-pone-en-marcha-ciudad-de-madrid-film-office-city-of-madrid-film-office\/#primaryimage"},"image":{"@id":"https:\/\/spainfilmcommission.com\/en\/blog\/la-ciudad-de-madrid-pone-en-marcha-ciudad-de-madrid-film-office-city-of-madrid-film-office\/#primaryimage"},"thumbnailUrl":"https:\/\/spainfilmcommission.com\/wp-content\/uploads\/2018\/04\/comienza-a-trabajar-la-ciudad-de-madrid-film-office-city-of-madrid-film-office-43.jpg","datePublished":"2018-04-17T22:00:00+00:00","dateModified":"2025-02-11T07:07:41+00:00","breadcrumb":{"@id":"https:\/\/spainfilmcommission.com\/en\/blog\/la-ciudad-de-madrid-pone-en-marcha-ciudad-de-madrid-film-office-city-of-madrid-film-office\/#breadcrumb"},"inLanguage":"en-US","potentialAction":[{"@type":"ReadAction","target":["https:\/\/spainfilmcommission.com\/en\/blog\/la-ciudad-de-madrid-pone-en-marcha-ciudad-de-madrid-film-office-city-of-madrid-film-office\/"]}]},{"@type":"ImageObject","inLanguage":"en-US","@id":"https:\/\/spainfilmcommission.com\/en\/blog\/la-ciudad-de-madrid-pone-en-marcha-ciudad-de-madrid-film-office-city-of-madrid-film-office\/#primaryimage","url":"https:\/\/spainfilmcommission.com\/wp-content\/uploads\/2018\/04\/comienza-a-trabajar-la-ciudad-de-madrid-film-office-city-of-madrid-film-office-43.jpg","contentUrl":"https:\/\/spainfilmcommission.com\/wp-content\/uploads\/2018\/04\/comienza-a-trabajar-la-ciudad-de-madrid-film-office-city-of-madrid-film-office-43.jpg","width":300,"height":236},{"@type":"BreadcrumbList","@id":"https:\/\/spainfilmcommission.com\/en\/blog\/la-ciudad-de-madrid-pone-en-marcha-ciudad-de-madrid-film-office-city-of-madrid-film-office\/#breadcrumb","itemListElement":[{"@type":"ListItem","position":1,"name":"Portada","item":"https:\/\/spainfilmcommission.com\/en\/"},{"@type":"ListItem","position":2,"name":"La Ciudad de Madrid pone en marcha &#8220;Ciudad de Madrid Film Office \/ City of Madrid Film Office&#8221;"}]},{"@type":"WebSite","@id":"https:\/\/spainfilmcommission.com\/en\/#website","url":"https:\/\/spainfilmcommission.com\/en\/","name":"Spain Film Commission","description":"","publisher":{"@id":"https:\/\/spainfilmcommission.com\/en\/#organization"},"potentialAction":[{"@type":"SearchAction","target":{"@type":"EntryPoint","urlTemplate":"https:\/\/spainfilmcommission.com\/en\/?s={search_term_string}"},"query-input":{"@type":"PropertyValueSpecification","valueRequired":true,"valueName":"search_term_string"}}],"inLanguage":"en-US"},{"@type":"Organization","@id":"https:\/\/spainfilmcommission.com\/en\/#organization","name":"Spain Film Commission","url":"https:\/\/spainfilmcommission.com\/en\/","logo":{"@type":"ImageObject","inLanguage":"en-US","@id":"https:\/\/spainfilmcommission.com\/en\/#\/schema\/logo\/image\/","url":"https:\/\/spainfilmcommission.com\/wp-content\/uploads\/2024\/07\/SPC_COLOR.png","contentUrl":"https:\/\/spainfilmcommission.com\/wp-content\/uploads\/2024\/07\/SPC_COLOR.png","width":1665,"height":1665,"caption":"Spain Film Commission"},"image":{"@id":"https:\/\/spainfilmcommission.com\/en\/#\/schema\/logo\/image\/"}},{"@type":"Person","@id":"https:\/\/spainfilmcommission.com\/en\/#\/schema\/person\/6c014ba6ceac198d178a6a9e61113c9d","name":"studio128k_dam","image":{"@type":"ImageObject","inLanguage":"en-US","@id":"https:\/\/secure.gravatar.com\/avatar\/810f99144a13522c24aa173f9cd8bf079d0e89758af00b5f2938443cd51b31e9?s=96&d=mm&r=g","url":"https:\/\/secure.gravatar.com\/avatar\/810f99144a13522c24aa173f9cd8bf079d0e89758af00b5f2938443cd51b31e9?s=96&d=mm&r=g","contentUrl":"https:\/\/secure.gravatar.com\/avatar\/810f99144a13522c24aa173f9cd8bf079d0e89758af00b5f2938443cd51b31e9?s=96&d=mm&r=g","caption":"studio128k_dam"}}]}},"_links":{"self":[{"href":"https:\/\/spainfilmcommission.com\/en\/wp-json\/wp\/v2\/posts\/7014","targetHints":{"allow":["GET"]}}],"collection":[{"href":"https:\/\/spainfilmcommission.com\/en\/wp-json\/wp\/v2\/posts"}],"about":[{"href":"https:\/\/spainfilmcommission.com\/en\/wp-json\/wp\/v2\/types\/post"}],"author":[{"embeddable":true,"href":"https:\/\/spainfilmcommission.com\/en\/wp-json\/wp\/v2\/users\/2"}],"replies":[{"embeddable":true,"href":"https:\/\/spainfilmcommission.com\/en\/wp-json\/wp\/v2\/comments?post=7014"}],"version-history":[{"count":0,"href":"https:\/\/spainfilmcommission.com\/en\/wp-json\/wp\/v2\/posts\/7014\/revisions"}],"wp:featuredmedia":[{"embeddable":true,"href":"https:\/\/spainfilmcommission.com\/en\/wp-json\/wp\/v2\/media\/7015"}],"wp:attachment":[{"href":"https:\/\/spainfilmcommission.com\/en\/wp-json\/wp\/v2\/media?parent=7014"}],"wp:term":[{"taxonomy":"category","embeddable":true,"href":"https:\/\/spainfilmcommission.com\/en\/wp-json\/wp\/v2\/categories?post=7014"},{"taxonomy":"post_tag","embeddable":true,"href":"https:\/\/spainfilmcommission.com\/en\/wp-json\/wp\/v2\/tags?post=7014"}],"curies":[{"name":"wp","href":"https:\/\/api.w.org\/{rel}","templated":true}]}}