{"id":6882,"date":"2018-02-02T00:00:00","date_gmt":"2018-02-01T22:00:00","guid":{"rendered":"https:\/\/sfc.com\/spain-film-commission-participara-en-el-european-film-market\/"},"modified":"2025-02-11T08:07:41","modified_gmt":"2025-02-11T07:07:41","slug":"spain-film-commission-participara-en-el-european-film-market","status":"publish","type":"post","link":"https:\/\/spainfilmcommission.com\/en\/blog\/spain-film-commission-participara-en-el-european-film-market\/","title":{"rendered":"Spain Film Commission participar\u00e1 en el European Film Market"},"content":{"rendered":"<p>Spain Film Commission participar\u00e1 en el European Film Market de la 68 edici\u00f3n de la Berlinale, en el pabell\u00f3n Cinema from Spain, para promover Espa\u00f1a como destino de rodajes<\/p>\n<p>Un a\u00f1o m\u00e1s <a href=\"#http:\/\/www.shootinginspain.info\">Spain Film Commission<\/a> asiste al <a href=\"https:\/\/www.efm-berlinale.de\/en\/home\/homepage.html\">European Film Market<\/a> del <a href=\"https:\/\/www.berlinale.de\/en\/HomePage.html\">Festival Internacional de Cine de Berl\u00edn<\/a>, mercado internacional de referencia y uno de los m\u00e1s importantes puntos de encuentro de los profesionales de la industria audiovisual.<\/p>\n<p>El pabell\u00f3n <a href=\"http:\/\/www.audiovisualfromspain.com\/audiovisual\/es\/index.html\">Cinema from Spain<\/a> de <a href=\"https:\/\/www.icex.es\/icex\/es\/index.html\">ICEX<\/a>, <a href=\"#https:\/\/www.mecd.gob.es\/cultura-mecd\/areas-cultura\/cine\/inicio.html\">ICAA<\/a> y la Oficina Econ\u00f3mica y Comercial de Espa\u00f1a en Berl\u00edn estar\u00e1 situado en el Martin Gropius-Bau, Stand n\u00famero 24, que se mantendr\u00e1 abierto durante los d\u00edas 15 al 23 de febrero de 2018.<\/p>\n<p>Durante esos d\u00edas los miembros de Spain Film Commission atender\u00e1n a todos aquellos productores y profesionales del audiovisual que est\u00e9n interesados en rodar en Espa\u00f1a y difundir\u00e1n las ventajas con las que cuenta el pa\u00eds para desarrollar proyectos audiovisuales.<\/p>\n<p>Este a\u00f1o, adem\u00e1s de promocionar las localizaciones de rodajes en las diferentes comunidades espa\u00f1olas, se har\u00e1 una especial incidencia al renovado sistema de <a href=\"#http:\/\/www.shootinginspain.info\/es\/rodajes-internacionales\">Incentivos Fiscales<\/a> a los rodajes internacionales en Espa\u00f1a, que asciende al <strong>20% de tax rebate, 35% de tax credit en Navarra y 40% de tax rebate en Canarias<\/strong> y a los servicios gratuitos que presta la red de oficinas de Spain Film Commission en todo el territorio de Espa\u00f1a.<\/p>\n<p>Entre las varias actividades programadas <strong>se presentar\u00e1 la nueva plataforma de contenidos digitales<\/strong> de la entidad, <a href=\"#http:\/\/www.shootinginspain.info\">Shooting in Spain<\/a>, que se ha llevado a cabo gracias al apoyo del Ministerio de Cultura a trav\u00e9s del \u00e1rea de Industrias Culturales.<\/p>\n<p><img src='https:\/\/spainfilmcommission.com\/\/wp-content\/uploads\/2018\/02\/spain-film-commission-participara-en-el-european-film-market1-28.jpg' alt='Imagen relacionada'><img src='https:\/\/spainfilmcommission.com\/\/wp-content\/uploads\/2018\/02\/spain-film-commission-participara-en-el-european-film-market2-28.png' alt='Imagen relacionada'><\/p>\n","protected":false},"excerpt":{"rendered":"<p align=\"center\">Spain Film Commission participar\u00e1 en el European Film Market de la 68 edici\u00f3n de la Berlinale, en el pabell\u00f3n Cinema from Spain, para promover Espa\u00f1a como destino de rodajes<\/p>\n","protected":false},"author":2,"featured_media":6883,"comment_status":"closed","ping_status":"","sticky":false,"template":"","format":"standard","meta":{"footnotes":""},"categories":[38],"tags":[],"class_list":["post-6882","post","type-post","status-publish","format-standard","has-post-thumbnail","hentry","category-noticias"],"yoast_head":"<!-- This site is optimized with the Yoast SEO plugin v27.3 - https:\/\/yoast.com\/product\/yoast-seo-wordpress\/ -->\n<title>Spain Film Commission participar\u00e1 en el European Film Market - Spain Film Commission<\/title>\n<meta name=\"robots\" content=\"index, follow, max-snippet:-1, max-image-preview:large, max-video-preview:-1\" \/>\n<link rel=\"canonical\" href=\"https:\/\/spainfilmcommission.com\/en\/blog\/spain-film-commission-participara-en-el-european-film-market\/\" \/>\n<meta property=\"og:locale\" content=\"en_US\" \/>\n<meta property=\"og:type\" content=\"article\" \/>\n<meta property=\"og:title\" content=\"Spain Film Commission participar\u00e1 en el European Film Market - Spain Film Commission\" \/>\n<meta property=\"og:description\" content=\"Spain Film Commission participar\u00e1 en el European Film Market de la 68 edici\u00f3n de la Berlinale, en el pabell\u00f3n Cinema from Spain, para promover Espa\u00f1a como destino de rodajes\" \/>\n<meta property=\"og:url\" content=\"https:\/\/spainfilmcommission.com\/en\/blog\/spain-film-commission-participara-en-el-european-film-market\/\" \/>\n<meta property=\"og:site_name\" content=\"Spain Film Commission\" \/>\n<meta property=\"article:published_time\" content=\"2018-02-01T22:00:00+00:00\" \/>\n<meta property=\"article:modified_time\" content=\"2025-02-11T07:07:41+00:00\" \/>\n<meta property=\"og:image\" content=\"https:\/\/spainfilmcommission.com\/wp-content\/uploads\/2018\/02\/spain-film-commission-participara-en-el-european-film-market-28.png\" \/>\n\t<meta property=\"og:image:width\" content=\"539\" \/>\n\t<meta property=\"og:image:height\" content=\"362\" \/>\n\t<meta property=\"og:image:type\" content=\"image\/png\" \/>\n<meta name=\"author\" content=\"studio128k_dam\" \/>\n<meta name=\"twitter:card\" content=\"summary_large_image\" \/>\n<meta name=\"twitter:label1\" content=\"Written by\" \/>\n\t<meta name=\"twitter:data1\" content=\"studio128k_dam\" \/>\n\t<meta name=\"twitter:label2\" content=\"Est. reading time\" \/>\n\t<meta name=\"twitter:data2\" content=\"1 minute\" \/>\n<script type=\"application\/ld+json\" class=\"yoast-schema-graph\">{\"@context\":\"https:\\\/\\\/schema.org\",\"@graph\":[{\"@type\":\"Article\",\"@id\":\"https:\\\/\\\/spainfilmcommission.com\\\/en\\\/blog\\\/spain-film-commission-participara-en-el-european-film-market\\\/#article\",\"isPartOf\":{\"@id\":\"https:\\\/\\\/spainfilmcommission.com\\\/en\\\/blog\\\/spain-film-commission-participara-en-el-european-film-market\\\/\"},\"author\":{\"name\":\"studio128k_dam\",\"@id\":\"https:\\\/\\\/spainfilmcommission.com\\\/en\\\/#\\\/schema\\\/person\\\/6c014ba6ceac198d178a6a9e61113c9d\"},\"headline\":\"Spain Film Commission participar\u00e1 en el European Film Market\",\"datePublished\":\"2018-02-01T22:00:00+00:00\",\"dateModified\":\"2025-02-11T07:07:41+00:00\",\"mainEntityOfPage\":{\"@id\":\"https:\\\/\\\/spainfilmcommission.com\\\/en\\\/blog\\\/spain-film-commission-participara-en-el-european-film-market\\\/\"},\"wordCount\":284,\"publisher\":{\"@id\":\"https:\\\/\\\/spainfilmcommission.com\\\/en\\\/#organization\"},\"image\":{\"@id\":\"https:\\\/\\\/spainfilmcommission.com\\\/en\\\/blog\\\/spain-film-commission-participara-en-el-european-film-market\\\/#primaryimage\"},\"thumbnailUrl\":\"https:\\\/\\\/spainfilmcommission.com\\\/wp-content\\\/uploads\\\/2018\\\/02\\\/spain-film-commission-participara-en-el-european-film-market-28.png\",\"articleSection\":[\"Noticias\"],\"inLanguage\":\"en-US\"},{\"@type\":\"WebPage\",\"@id\":\"https:\\\/\\\/spainfilmcommission.com\\\/en\\\/blog\\\/spain-film-commission-participara-en-el-european-film-market\\\/\",\"url\":\"https:\\\/\\\/spainfilmcommission.com\\\/en\\\/blog\\\/spain-film-commission-participara-en-el-european-film-market\\\/\",\"name\":\"Spain Film Commission participar\u00e1 en el European Film Market - Spain Film Commission\",\"isPartOf\":{\"@id\":\"https:\\\/\\\/spainfilmcommission.com\\\/en\\\/#website\"},\"primaryImageOfPage\":{\"@id\":\"https:\\\/\\\/spainfilmcommission.com\\\/en\\\/blog\\\/spain-film-commission-participara-en-el-european-film-market\\\/#primaryimage\"},\"image\":{\"@id\":\"https:\\\/\\\/spainfilmcommission.com\\\/en\\\/blog\\\/spain-film-commission-participara-en-el-european-film-market\\\/#primaryimage\"},\"thumbnailUrl\":\"https:\\\/\\\/spainfilmcommission.com\\\/wp-content\\\/uploads\\\/2018\\\/02\\\/spain-film-commission-participara-en-el-european-film-market-28.png\",\"datePublished\":\"2018-02-01T22:00:00+00:00\",\"dateModified\":\"2025-02-11T07:07:41+00:00\",\"breadcrumb\":{\"@id\":\"https:\\\/\\\/spainfilmcommission.com\\\/en\\\/blog\\\/spain-film-commission-participara-en-el-european-film-market\\\/#breadcrumb\"},\"inLanguage\":\"en-US\",\"potentialAction\":[{\"@type\":\"ReadAction\",\"target\":[\"https:\\\/\\\/spainfilmcommission.com\\\/en\\\/blog\\\/spain-film-commission-participara-en-el-european-film-market\\\/\"]}]},{\"@type\":\"ImageObject\",\"inLanguage\":\"en-US\",\"@id\":\"https:\\\/\\\/spainfilmcommission.com\\\/en\\\/blog\\\/spain-film-commission-participara-en-el-european-film-market\\\/#primaryimage\",\"url\":\"https:\\\/\\\/spainfilmcommission.com\\\/wp-content\\\/uploads\\\/2018\\\/02\\\/spain-film-commission-participara-en-el-european-film-market-28.png\",\"contentUrl\":\"https:\\\/\\\/spainfilmcommission.com\\\/wp-content\\\/uploads\\\/2018\\\/02\\\/spain-film-commission-participara-en-el-european-film-market-28.png\",\"width\":539,\"height\":362},{\"@type\":\"BreadcrumbList\",\"@id\":\"https:\\\/\\\/spainfilmcommission.com\\\/en\\\/blog\\\/spain-film-commission-participara-en-el-european-film-market\\\/#breadcrumb\",\"itemListElement\":[{\"@type\":\"ListItem\",\"position\":1,\"name\":\"Portada\",\"item\":\"https:\\\/\\\/spainfilmcommission.com\\\/en\\\/\"},{\"@type\":\"ListItem\",\"position\":2,\"name\":\"Spain Film Commission participar\u00e1 en el European Film Market\"}]},{\"@type\":\"WebSite\",\"@id\":\"https:\\\/\\\/spainfilmcommission.com\\\/en\\\/#website\",\"url\":\"https:\\\/\\\/spainfilmcommission.com\\\/en\\\/\",\"name\":\"Spain Film Commission\",\"description\":\"\",\"publisher\":{\"@id\":\"https:\\\/\\\/spainfilmcommission.com\\\/en\\\/#organization\"},\"potentialAction\":[{\"@type\":\"SearchAction\",\"target\":{\"@type\":\"EntryPoint\",\"urlTemplate\":\"https:\\\/\\\/spainfilmcommission.com\\\/en\\\/?s={search_term_string}\"},\"query-input\":{\"@type\":\"PropertyValueSpecification\",\"valueRequired\":true,\"valueName\":\"search_term_string\"}}],\"inLanguage\":\"en-US\"},{\"@type\":\"Organization\",\"@id\":\"https:\\\/\\\/spainfilmcommission.com\\\/en\\\/#organization\",\"name\":\"Spain Film Commission\",\"url\":\"https:\\\/\\\/spainfilmcommission.com\\\/en\\\/\",\"logo\":{\"@type\":\"ImageObject\",\"inLanguage\":\"en-US\",\"@id\":\"https:\\\/\\\/spainfilmcommission.com\\\/en\\\/#\\\/schema\\\/logo\\\/image\\\/\",\"url\":\"https:\\\/\\\/spainfilmcommission.com\\\/wp-content\\\/uploads\\\/2024\\\/07\\\/SPC_COLOR.png\",\"contentUrl\":\"https:\\\/\\\/spainfilmcommission.com\\\/wp-content\\\/uploads\\\/2024\\\/07\\\/SPC_COLOR.png\",\"width\":1665,\"height\":1665,\"caption\":\"Spain Film Commission\"},\"image\":{\"@id\":\"https:\\\/\\\/spainfilmcommission.com\\\/en\\\/#\\\/schema\\\/logo\\\/image\\\/\"}},{\"@type\":\"Person\",\"@id\":\"https:\\\/\\\/spainfilmcommission.com\\\/en\\\/#\\\/schema\\\/person\\\/6c014ba6ceac198d178a6a9e61113c9d\",\"name\":\"studio128k_dam\",\"image\":{\"@type\":\"ImageObject\",\"inLanguage\":\"en-US\",\"@id\":\"https:\\\/\\\/secure.gravatar.com\\\/avatar\\\/810f99144a13522c24aa173f9cd8bf079d0e89758af00b5f2938443cd51b31e9?s=96&d=mm&r=g\",\"url\":\"https:\\\/\\\/secure.gravatar.com\\\/avatar\\\/810f99144a13522c24aa173f9cd8bf079d0e89758af00b5f2938443cd51b31e9?s=96&d=mm&r=g\",\"contentUrl\":\"https:\\\/\\\/secure.gravatar.com\\\/avatar\\\/810f99144a13522c24aa173f9cd8bf079d0e89758af00b5f2938443cd51b31e9?s=96&d=mm&r=g\",\"caption\":\"studio128k_dam\"}}]}<\/script>\n<!-- \/ Yoast SEO plugin. -->","yoast_head_json":{"title":"Spain Film Commission participar\u00e1 en el European Film Market - Spain Film Commission","robots":{"index":"index","follow":"follow","max-snippet":"max-snippet:-1","max-image-preview":"max-image-preview:large","max-video-preview":"max-video-preview:-1"},"canonical":"https:\/\/spainfilmcommission.com\/en\/blog\/spain-film-commission-participara-en-el-european-film-market\/","og_locale":"en_US","og_type":"article","og_title":"Spain Film Commission participar\u00e1 en el European Film Market - Spain Film Commission","og_description":"Spain Film Commission participar\u00e1 en el European Film Market de la 68 edici\u00f3n de la Berlinale, en el pabell\u00f3n Cinema from Spain, para promover Espa\u00f1a como destino de rodajes","og_url":"https:\/\/spainfilmcommission.com\/en\/blog\/spain-film-commission-participara-en-el-european-film-market\/","og_site_name":"Spain Film Commission","article_published_time":"2018-02-01T22:00:00+00:00","article_modified_time":"2025-02-11T07:07:41+00:00","og_image":[{"width":539,"height":362,"url":"https:\/\/spainfilmcommission.com\/wp-content\/uploads\/2018\/02\/spain-film-commission-participara-en-el-european-film-market-28.png","type":"image\/png"}],"author":"studio128k_dam","twitter_card":"summary_large_image","twitter_misc":{"Written by":"studio128k_dam","Est. reading time":"1 minute"},"schema":{"@context":"https:\/\/schema.org","@graph":[{"@type":"Article","@id":"https:\/\/spainfilmcommission.com\/en\/blog\/spain-film-commission-participara-en-el-european-film-market\/#article","isPartOf":{"@id":"https:\/\/spainfilmcommission.com\/en\/blog\/spain-film-commission-participara-en-el-european-film-market\/"},"author":{"name":"studio128k_dam","@id":"https:\/\/spainfilmcommission.com\/en\/#\/schema\/person\/6c014ba6ceac198d178a6a9e61113c9d"},"headline":"Spain Film Commission participar\u00e1 en el European Film Market","datePublished":"2018-02-01T22:00:00+00:00","dateModified":"2025-02-11T07:07:41+00:00","mainEntityOfPage":{"@id":"https:\/\/spainfilmcommission.com\/en\/blog\/spain-film-commission-participara-en-el-european-film-market\/"},"wordCount":284,"publisher":{"@id":"https:\/\/spainfilmcommission.com\/en\/#organization"},"image":{"@id":"https:\/\/spainfilmcommission.com\/en\/blog\/spain-film-commission-participara-en-el-european-film-market\/#primaryimage"},"thumbnailUrl":"https:\/\/spainfilmcommission.com\/wp-content\/uploads\/2018\/02\/spain-film-commission-participara-en-el-european-film-market-28.png","articleSection":["Noticias"],"inLanguage":"en-US"},{"@type":"WebPage","@id":"https:\/\/spainfilmcommission.com\/en\/blog\/spain-film-commission-participara-en-el-european-film-market\/","url":"https:\/\/spainfilmcommission.com\/en\/blog\/spain-film-commission-participara-en-el-european-film-market\/","name":"Spain Film Commission participar\u00e1 en el European Film Market - Spain Film Commission","isPartOf":{"@id":"https:\/\/spainfilmcommission.com\/en\/#website"},"primaryImageOfPage":{"@id":"https:\/\/spainfilmcommission.com\/en\/blog\/spain-film-commission-participara-en-el-european-film-market\/#primaryimage"},"image":{"@id":"https:\/\/spainfilmcommission.com\/en\/blog\/spain-film-commission-participara-en-el-european-film-market\/#primaryimage"},"thumbnailUrl":"https:\/\/spainfilmcommission.com\/wp-content\/uploads\/2018\/02\/spain-film-commission-participara-en-el-european-film-market-28.png","datePublished":"2018-02-01T22:00:00+00:00","dateModified":"2025-02-11T07:07:41+00:00","breadcrumb":{"@id":"https:\/\/spainfilmcommission.com\/en\/blog\/spain-film-commission-participara-en-el-european-film-market\/#breadcrumb"},"inLanguage":"en-US","potentialAction":[{"@type":"ReadAction","target":["https:\/\/spainfilmcommission.com\/en\/blog\/spain-film-commission-participara-en-el-european-film-market\/"]}]},{"@type":"ImageObject","inLanguage":"en-US","@id":"https:\/\/spainfilmcommission.com\/en\/blog\/spain-film-commission-participara-en-el-european-film-market\/#primaryimage","url":"https:\/\/spainfilmcommission.com\/wp-content\/uploads\/2018\/02\/spain-film-commission-participara-en-el-european-film-market-28.png","contentUrl":"https:\/\/spainfilmcommission.com\/wp-content\/uploads\/2018\/02\/spain-film-commission-participara-en-el-european-film-market-28.png","width":539,"height":362},{"@type":"BreadcrumbList","@id":"https:\/\/spainfilmcommission.com\/en\/blog\/spain-film-commission-participara-en-el-european-film-market\/#breadcrumb","itemListElement":[{"@type":"ListItem","position":1,"name":"Portada","item":"https:\/\/spainfilmcommission.com\/en\/"},{"@type":"ListItem","position":2,"name":"Spain Film Commission participar\u00e1 en el European Film Market"}]},{"@type":"WebSite","@id":"https:\/\/spainfilmcommission.com\/en\/#website","url":"https:\/\/spainfilmcommission.com\/en\/","name":"Spain Film Commission","description":"","publisher":{"@id":"https:\/\/spainfilmcommission.com\/en\/#organization"},"potentialAction":[{"@type":"SearchAction","target":{"@type":"EntryPoint","urlTemplate":"https:\/\/spainfilmcommission.com\/en\/?s={search_term_string}"},"query-input":{"@type":"PropertyValueSpecification","valueRequired":true,"valueName":"search_term_string"}}],"inLanguage":"en-US"},{"@type":"Organization","@id":"https:\/\/spainfilmcommission.com\/en\/#organization","name":"Spain Film Commission","url":"https:\/\/spainfilmcommission.com\/en\/","logo":{"@type":"ImageObject","inLanguage":"en-US","@id":"https:\/\/spainfilmcommission.com\/en\/#\/schema\/logo\/image\/","url":"https:\/\/spainfilmcommission.com\/wp-content\/uploads\/2024\/07\/SPC_COLOR.png","contentUrl":"https:\/\/spainfilmcommission.com\/wp-content\/uploads\/2024\/07\/SPC_COLOR.png","width":1665,"height":1665,"caption":"Spain Film Commission"},"image":{"@id":"https:\/\/spainfilmcommission.com\/en\/#\/schema\/logo\/image\/"}},{"@type":"Person","@id":"https:\/\/spainfilmcommission.com\/en\/#\/schema\/person\/6c014ba6ceac198d178a6a9e61113c9d","name":"studio128k_dam","image":{"@type":"ImageObject","inLanguage":"en-US","@id":"https:\/\/secure.gravatar.com\/avatar\/810f99144a13522c24aa173f9cd8bf079d0e89758af00b5f2938443cd51b31e9?s=96&d=mm&r=g","url":"https:\/\/secure.gravatar.com\/avatar\/810f99144a13522c24aa173f9cd8bf079d0e89758af00b5f2938443cd51b31e9?s=96&d=mm&r=g","contentUrl":"https:\/\/secure.gravatar.com\/avatar\/810f99144a13522c24aa173f9cd8bf079d0e89758af00b5f2938443cd51b31e9?s=96&d=mm&r=g","caption":"studio128k_dam"}}]}},"_links":{"self":[{"href":"https:\/\/spainfilmcommission.com\/en\/wp-json\/wp\/v2\/posts\/6882","targetHints":{"allow":["GET"]}}],"collection":[{"href":"https:\/\/spainfilmcommission.com\/en\/wp-json\/wp\/v2\/posts"}],"about":[{"href":"https:\/\/spainfilmcommission.com\/en\/wp-json\/wp\/v2\/types\/post"}],"author":[{"embeddable":true,"href":"https:\/\/spainfilmcommission.com\/en\/wp-json\/wp\/v2\/users\/2"}],"replies":[{"embeddable":true,"href":"https:\/\/spainfilmcommission.com\/en\/wp-json\/wp\/v2\/comments?post=6882"}],"version-history":[{"count":0,"href":"https:\/\/spainfilmcommission.com\/en\/wp-json\/wp\/v2\/posts\/6882\/revisions"}],"wp:featuredmedia":[{"embeddable":true,"href":"https:\/\/spainfilmcommission.com\/en\/wp-json\/wp\/v2\/media\/6883"}],"wp:attachment":[{"href":"https:\/\/spainfilmcommission.com\/en\/wp-json\/wp\/v2\/media?parent=6882"}],"wp:term":[{"taxonomy":"category","embeddable":true,"href":"https:\/\/spainfilmcommission.com\/en\/wp-json\/wp\/v2\/categories?post=6882"},{"taxonomy":"post_tag","embeddable":true,"href":"https:\/\/spainfilmcommission.com\/en\/wp-json\/wp\/v2\/tags?post=6882"}],"curies":[{"name":"wp","href":"https:\/\/api.w.org\/{rel}","templated":true}]}}