{"id":6866,"date":"2018-01-31T00:00:00","date_gmt":"2018-01-30T22:00:00","guid":{"rendered":"https:\/\/sfc.com\/spain-film-commission-y-la-asociacion-de-profesionales-de-la-produccion-audiovisual-appa-se-reunen-para-trabajar-proyectos-en-2018\/"},"modified":"2025-02-11T08:07:41","modified_gmt":"2025-02-11T07:07:41","slug":"spain-film-commission-y-la-asociacion-de-profesionales-de-la-produccion-audiovisual-appa-se-reunen-para-trabajar-proyectos-en-2018","status":"publish","type":"post","link":"https:\/\/spainfilmcommission.com\/en\/blog\/spain-film-commission-y-la-asociacion-de-profesionales-de-la-produccion-audiovisual-appa-se-reunen-para-trabajar-proyectos-en-2018\/","title":{"rendered":"Spain Film Commission y la Asociaci\u00f3n de Profesionales de la Producci\u00f3n Audiovisual, APPA, se re\u00fanen para trabajar proyectos en 2018"},"content":{"rendered":"<p>El 29 de enero, Spain Film Commission y la <a href=\"http:\/\/www.asociacionappa.es\/\">Asociaci\u00f3n de Profesionales de la Producci\u00f3n Audiovisual, APPA<\/a>, se reunieron para avanzar en nuevos trabajos y acciones en com\u00fan que desarrollen el acuerdo de colaboraci\u00f3n renovado el pasado verano.<\/p>\n<p>APPA y Spain Film Commission han acordado colaborar en jornadas de formaci\u00f3n para sus socios respectivos, planteando una primera relacionada con los incentivos fiscales. Tambi\u00e9n han acordado poner en com\u00fan informaci\u00f3n y documentos referentes a los procesos de rodajes que gestionan las Film Commissions y Film Offices con el fin de facilitar a los profesionales de la producci\u00f3n y a las oficinas de la red de Spain Film Commission una relaci\u00f3n fluida y profesional. Adem\u00e1s van a establecer un protocolo de intercambio de informaci\u00f3n para que sus p\u00e1ginas web recojan las actividades de ambas al objeto de informar al sector audiovisual de las industrias de los rodajes en Espa\u00f1a.<\/p>\n<p>APPA nos inform\u00f3 de la\u00a0Asamblea General de su asociaci\u00f3n celebrada en enero\u00a0donde llevaron a cabo un balance de la actividad de la entidad del a\u00f1o pasado y donde se marcaron una serie de prop\u00f3sitos para 2018. Si quieres conocer m\u00e1s puedes acceder a este <a href=\"http:\/\/www.asociacionappa.es\/celebramos-nuestra-primera-asamblea-socios-del-ano-buenas-perspectivas-13553\/\">enlace<\/a>.<\/p>\n<p><a href=\"http:\/\/www.shootinginspain.info\/es\/asociacion-de-profesionales-de-la-produccion-audiovisual-appa\">APPA <\/a>es una asociaci\u00f3n en la que tienen cabida profesionales provenientes del mundo del cine, la televisi\u00f3n y de la publicidad; sus objetivos son promover, mantener y proteger el m\u00e1s alto nivel profesional en la organizaci\u00f3n de la producci\u00f3n audiovisual.<\/p>\n<p><img src='https:\/\/spainfilmcommission.com\/\/wp-content\/uploads\/2018\/01\/spain-film-commission-y-la-asociacion-de-profesionales-de-la-produccion-audiovisual-appa-se-reunen-para-trabajar-proyectos-en-20181-26.jpg' alt='Imagen relacionada'><img src='https:\/\/spainfilmcommission.com\/\/wp-content\/uploads\/2018\/01\/spain-film-commission-y-la-asociacion-de-profesionales-de-la-produccion-audiovisual-appa-se-reunen-para-trabajar-proyectos-en-20182-26.jpg' alt='Imagen relacionada'><\/p>\n","protected":false},"excerpt":{"rendered":"<p>Spain Film Commission y la <a href=\"http:\/\/www.asociacionappa.es\/\">Asociaci\u00f3n de Profesionales de la Producci\u00f3n Audiovisual, APPA<\/a>, se reunieron el 29 de enero para avanzar en nuevos acciones y\u00a0trabajos en com\u00fan que desarrollen el acuerdo de colaboraci\u00f3n renovado el pasado verano.<\/p>\n","protected":false},"author":2,"featured_media":6867,"comment_status":"closed","ping_status":"","sticky":false,"template":"","format":"standard","meta":{"footnotes":""},"categories":[38],"tags":[],"class_list":["post-6866","post","type-post","status-publish","format-standard","has-post-thumbnail","hentry","category-noticias"],"yoast_head":"<!-- This site is optimized with the Yoast SEO plugin v27.3 - https:\/\/yoast.com\/product\/yoast-seo-wordpress\/ -->\n<title>Spain Film Commission y la Asociaci\u00f3n de Profesionales de la Producci\u00f3n Audiovisual, APPA, se re\u00fanen para trabajar proyectos en 2018 - Spain Film Commission<\/title>\n<meta name=\"robots\" content=\"index, follow, max-snippet:-1, max-image-preview:large, max-video-preview:-1\" \/>\n<link rel=\"canonical\" href=\"https:\/\/spainfilmcommission.com\/en\/blog\/spain-film-commission-y-la-asociacion-de-profesionales-de-la-produccion-audiovisual-appa-se-reunen-para-trabajar-proyectos-en-2018\/\" \/>\n<meta property=\"og:locale\" content=\"en_US\" \/>\n<meta property=\"og:type\" content=\"article\" \/>\n<meta property=\"og:title\" content=\"Spain Film Commission y la Asociaci\u00f3n de Profesionales de la Producci\u00f3n Audiovisual, APPA, se re\u00fanen para trabajar proyectos en 2018 - Spain Film Commission\" \/>\n<meta property=\"og:description\" content=\"Spain Film Commission y la Asociaci\u00f3n de Profesionales de la Producci\u00f3n Audiovisual, APPA, se reunieron el 29 de enero para avanzar en nuevos acciones y\u00a0trabajos en com\u00fan que desarrollen el acuerdo de colaboraci\u00f3n renovado el pasado verano.\" \/>\n<meta property=\"og:url\" content=\"https:\/\/spainfilmcommission.com\/en\/blog\/spain-film-commission-y-la-asociacion-de-profesionales-de-la-produccion-audiovisual-appa-se-reunen-para-trabajar-proyectos-en-2018\/\" \/>\n<meta property=\"og:site_name\" content=\"Spain Film Commission\" \/>\n<meta property=\"article:published_time\" content=\"2018-01-30T22:00:00+00:00\" \/>\n<meta property=\"article:modified_time\" content=\"2025-02-11T07:07:41+00:00\" \/>\n<meta property=\"og:image\" content=\"https:\/\/spainfilmcommission.com\/wp-content\/uploads\/2018\/01\/spain-film-commission-y-la-asociacion-de-profesionales-de-la-produccion-audiovisual-appa-se-reunen-para-trabajar-proyectos-en-2018-26.jpg\" \/>\n\t<meta property=\"og:image:width\" content=\"1000\" \/>\n\t<meta property=\"og:image:height\" content=\"1000\" \/>\n\t<meta property=\"og:image:type\" content=\"image\/jpeg\" \/>\n<meta name=\"author\" content=\"studio128k_dam\" \/>\n<meta name=\"twitter:card\" content=\"summary_large_image\" \/>\n<meta name=\"twitter:label1\" content=\"Written by\" \/>\n\t<meta name=\"twitter:data1\" content=\"studio128k_dam\" \/>\n\t<meta name=\"twitter:label2\" content=\"Est. reading time\" \/>\n\t<meta name=\"twitter:data2\" content=\"1 minute\" \/>\n<script type=\"application\/ld+json\" class=\"yoast-schema-graph\">{\"@context\":\"https:\\\/\\\/schema.org\",\"@graph\":[{\"@type\":\"Article\",\"@id\":\"https:\\\/\\\/spainfilmcommission.com\\\/en\\\/blog\\\/spain-film-commission-y-la-asociacion-de-profesionales-de-la-produccion-audiovisual-appa-se-reunen-para-trabajar-proyectos-en-2018\\\/#article\",\"isPartOf\":{\"@id\":\"https:\\\/\\\/spainfilmcommission.com\\\/en\\\/blog\\\/spain-film-commission-y-la-asociacion-de-profesionales-de-la-produccion-audiovisual-appa-se-reunen-para-trabajar-proyectos-en-2018\\\/\"},\"author\":{\"name\":\"studio128k_dam\",\"@id\":\"https:\\\/\\\/spainfilmcommission.com\\\/en\\\/#\\\/schema\\\/person\\\/6c014ba6ceac198d178a6a9e61113c9d\"},\"headline\":\"Spain Film Commission y la Asociaci\u00f3n de Profesionales de la Producci\u00f3n Audiovisual, APPA, se re\u00fanen para trabajar proyectos en 2018\",\"datePublished\":\"2018-01-30T22:00:00+00:00\",\"dateModified\":\"2025-02-11T07:07:41+00:00\",\"mainEntityOfPage\":{\"@id\":\"https:\\\/\\\/spainfilmcommission.com\\\/en\\\/blog\\\/spain-film-commission-y-la-asociacion-de-profesionales-de-la-produccion-audiovisual-appa-se-reunen-para-trabajar-proyectos-en-2018\\\/\"},\"wordCount\":277,\"publisher\":{\"@id\":\"https:\\\/\\\/spainfilmcommission.com\\\/en\\\/#organization\"},\"image\":{\"@id\":\"https:\\\/\\\/spainfilmcommission.com\\\/en\\\/blog\\\/spain-film-commission-y-la-asociacion-de-profesionales-de-la-produccion-audiovisual-appa-se-reunen-para-trabajar-proyectos-en-2018\\\/#primaryimage\"},\"thumbnailUrl\":\"https:\\\/\\\/spainfilmcommission.com\\\/wp-content\\\/uploads\\\/2018\\\/01\\\/spain-film-commission-y-la-asociacion-de-profesionales-de-la-produccion-audiovisual-appa-se-reunen-para-trabajar-proyectos-en-2018-26.jpg\",\"articleSection\":[\"Noticias\"],\"inLanguage\":\"en-US\"},{\"@type\":\"WebPage\",\"@id\":\"https:\\\/\\\/spainfilmcommission.com\\\/en\\\/blog\\\/spain-film-commission-y-la-asociacion-de-profesionales-de-la-produccion-audiovisual-appa-se-reunen-para-trabajar-proyectos-en-2018\\\/\",\"url\":\"https:\\\/\\\/spainfilmcommission.com\\\/en\\\/blog\\\/spain-film-commission-y-la-asociacion-de-profesionales-de-la-produccion-audiovisual-appa-se-reunen-para-trabajar-proyectos-en-2018\\\/\",\"name\":\"Spain Film Commission y la Asociaci\u00f3n de Profesionales de la Producci\u00f3n Audiovisual, APPA, se re\u00fanen para trabajar proyectos en 2018 - Spain Film Commission\",\"isPartOf\":{\"@id\":\"https:\\\/\\\/spainfilmcommission.com\\\/en\\\/#website\"},\"primaryImageOfPage\":{\"@id\":\"https:\\\/\\\/spainfilmcommission.com\\\/en\\\/blog\\\/spain-film-commission-y-la-asociacion-de-profesionales-de-la-produccion-audiovisual-appa-se-reunen-para-trabajar-proyectos-en-2018\\\/#primaryimage\"},\"image\":{\"@id\":\"https:\\\/\\\/spainfilmcommission.com\\\/en\\\/blog\\\/spain-film-commission-y-la-asociacion-de-profesionales-de-la-produccion-audiovisual-appa-se-reunen-para-trabajar-proyectos-en-2018\\\/#primaryimage\"},\"thumbnailUrl\":\"https:\\\/\\\/spainfilmcommission.com\\\/wp-content\\\/uploads\\\/2018\\\/01\\\/spain-film-commission-y-la-asociacion-de-profesionales-de-la-produccion-audiovisual-appa-se-reunen-para-trabajar-proyectos-en-2018-26.jpg\",\"datePublished\":\"2018-01-30T22:00:00+00:00\",\"dateModified\":\"2025-02-11T07:07:41+00:00\",\"breadcrumb\":{\"@id\":\"https:\\\/\\\/spainfilmcommission.com\\\/en\\\/blog\\\/spain-film-commission-y-la-asociacion-de-profesionales-de-la-produccion-audiovisual-appa-se-reunen-para-trabajar-proyectos-en-2018\\\/#breadcrumb\"},\"inLanguage\":\"en-US\",\"potentialAction\":[{\"@type\":\"ReadAction\",\"target\":[\"https:\\\/\\\/spainfilmcommission.com\\\/en\\\/blog\\\/spain-film-commission-y-la-asociacion-de-profesionales-de-la-produccion-audiovisual-appa-se-reunen-para-trabajar-proyectos-en-2018\\\/\"]}]},{\"@type\":\"ImageObject\",\"inLanguage\":\"en-US\",\"@id\":\"https:\\\/\\\/spainfilmcommission.com\\\/en\\\/blog\\\/spain-film-commission-y-la-asociacion-de-profesionales-de-la-produccion-audiovisual-appa-se-reunen-para-trabajar-proyectos-en-2018\\\/#primaryimage\",\"url\":\"https:\\\/\\\/spainfilmcommission.com\\\/wp-content\\\/uploads\\\/2018\\\/01\\\/spain-film-commission-y-la-asociacion-de-profesionales-de-la-produccion-audiovisual-appa-se-reunen-para-trabajar-proyectos-en-2018-26.jpg\",\"contentUrl\":\"https:\\\/\\\/spainfilmcommission.com\\\/wp-content\\\/uploads\\\/2018\\\/01\\\/spain-film-commission-y-la-asociacion-de-profesionales-de-la-produccion-audiovisual-appa-se-reunen-para-trabajar-proyectos-en-2018-26.jpg\",\"width\":1000,\"height\":1000},{\"@type\":\"BreadcrumbList\",\"@id\":\"https:\\\/\\\/spainfilmcommission.com\\\/en\\\/blog\\\/spain-film-commission-y-la-asociacion-de-profesionales-de-la-produccion-audiovisual-appa-se-reunen-para-trabajar-proyectos-en-2018\\\/#breadcrumb\",\"itemListElement\":[{\"@type\":\"ListItem\",\"position\":1,\"name\":\"Portada\",\"item\":\"https:\\\/\\\/spainfilmcommission.com\\\/en\\\/\"},{\"@type\":\"ListItem\",\"position\":2,\"name\":\"Spain Film Commission y la Asociaci\u00f3n de Profesionales de la Producci\u00f3n Audiovisual, APPA, se re\u00fanen para trabajar proyectos en 2018\"}]},{\"@type\":\"WebSite\",\"@id\":\"https:\\\/\\\/spainfilmcommission.com\\\/en\\\/#website\",\"url\":\"https:\\\/\\\/spainfilmcommission.com\\\/en\\\/\",\"name\":\"Spain Film Commission\",\"description\":\"\",\"publisher\":{\"@id\":\"https:\\\/\\\/spainfilmcommission.com\\\/en\\\/#organization\"},\"potentialAction\":[{\"@type\":\"SearchAction\",\"target\":{\"@type\":\"EntryPoint\",\"urlTemplate\":\"https:\\\/\\\/spainfilmcommission.com\\\/en\\\/?s={search_term_string}\"},\"query-input\":{\"@type\":\"PropertyValueSpecification\",\"valueRequired\":true,\"valueName\":\"search_term_string\"}}],\"inLanguage\":\"en-US\"},{\"@type\":\"Organization\",\"@id\":\"https:\\\/\\\/spainfilmcommission.com\\\/en\\\/#organization\",\"name\":\"Spain Film Commission\",\"url\":\"https:\\\/\\\/spainfilmcommission.com\\\/en\\\/\",\"logo\":{\"@type\":\"ImageObject\",\"inLanguage\":\"en-US\",\"@id\":\"https:\\\/\\\/spainfilmcommission.com\\\/en\\\/#\\\/schema\\\/logo\\\/image\\\/\",\"url\":\"https:\\\/\\\/spainfilmcommission.com\\\/wp-content\\\/uploads\\\/2024\\\/07\\\/SPC_COLOR.png\",\"contentUrl\":\"https:\\\/\\\/spainfilmcommission.com\\\/wp-content\\\/uploads\\\/2024\\\/07\\\/SPC_COLOR.png\",\"width\":1665,\"height\":1665,\"caption\":\"Spain Film Commission\"},\"image\":{\"@id\":\"https:\\\/\\\/spainfilmcommission.com\\\/en\\\/#\\\/schema\\\/logo\\\/image\\\/\"}},{\"@type\":\"Person\",\"@id\":\"https:\\\/\\\/spainfilmcommission.com\\\/en\\\/#\\\/schema\\\/person\\\/6c014ba6ceac198d178a6a9e61113c9d\",\"name\":\"studio128k_dam\",\"image\":{\"@type\":\"ImageObject\",\"inLanguage\":\"en-US\",\"@id\":\"https:\\\/\\\/secure.gravatar.com\\\/avatar\\\/810f99144a13522c24aa173f9cd8bf079d0e89758af00b5f2938443cd51b31e9?s=96&d=mm&r=g\",\"url\":\"https:\\\/\\\/secure.gravatar.com\\\/avatar\\\/810f99144a13522c24aa173f9cd8bf079d0e89758af00b5f2938443cd51b31e9?s=96&d=mm&r=g\",\"contentUrl\":\"https:\\\/\\\/secure.gravatar.com\\\/avatar\\\/810f99144a13522c24aa173f9cd8bf079d0e89758af00b5f2938443cd51b31e9?s=96&d=mm&r=g\",\"caption\":\"studio128k_dam\"}}]}<\/script>\n<!-- \/ Yoast SEO plugin. -->","yoast_head_json":{"title":"Spain Film Commission y la Asociaci\u00f3n de Profesionales de la Producci\u00f3n Audiovisual, APPA, se re\u00fanen para trabajar proyectos en 2018 - Spain Film Commission","robots":{"index":"index","follow":"follow","max-snippet":"max-snippet:-1","max-image-preview":"max-image-preview:large","max-video-preview":"max-video-preview:-1"},"canonical":"https:\/\/spainfilmcommission.com\/en\/blog\/spain-film-commission-y-la-asociacion-de-profesionales-de-la-produccion-audiovisual-appa-se-reunen-para-trabajar-proyectos-en-2018\/","og_locale":"en_US","og_type":"article","og_title":"Spain Film Commission y la Asociaci\u00f3n de Profesionales de la Producci\u00f3n Audiovisual, APPA, se re\u00fanen para trabajar proyectos en 2018 - Spain Film Commission","og_description":"Spain Film Commission y la Asociaci\u00f3n de Profesionales de la Producci\u00f3n Audiovisual, APPA, se reunieron el 29 de enero para avanzar en nuevos acciones y\u00a0trabajos en com\u00fan que desarrollen el acuerdo de colaboraci\u00f3n renovado el pasado verano.","og_url":"https:\/\/spainfilmcommission.com\/en\/blog\/spain-film-commission-y-la-asociacion-de-profesionales-de-la-produccion-audiovisual-appa-se-reunen-para-trabajar-proyectos-en-2018\/","og_site_name":"Spain Film Commission","article_published_time":"2018-01-30T22:00:00+00:00","article_modified_time":"2025-02-11T07:07:41+00:00","og_image":[{"width":1000,"height":1000,"url":"https:\/\/spainfilmcommission.com\/wp-content\/uploads\/2018\/01\/spain-film-commission-y-la-asociacion-de-profesionales-de-la-produccion-audiovisual-appa-se-reunen-para-trabajar-proyectos-en-2018-26.jpg","type":"image\/jpeg"}],"author":"studio128k_dam","twitter_card":"summary_large_image","twitter_misc":{"Written by":"studio128k_dam","Est. reading time":"1 minute"},"schema":{"@context":"https:\/\/schema.org","@graph":[{"@type":"Article","@id":"https:\/\/spainfilmcommission.com\/en\/blog\/spain-film-commission-y-la-asociacion-de-profesionales-de-la-produccion-audiovisual-appa-se-reunen-para-trabajar-proyectos-en-2018\/#article","isPartOf":{"@id":"https:\/\/spainfilmcommission.com\/en\/blog\/spain-film-commission-y-la-asociacion-de-profesionales-de-la-produccion-audiovisual-appa-se-reunen-para-trabajar-proyectos-en-2018\/"},"author":{"name":"studio128k_dam","@id":"https:\/\/spainfilmcommission.com\/en\/#\/schema\/person\/6c014ba6ceac198d178a6a9e61113c9d"},"headline":"Spain Film Commission y la Asociaci\u00f3n de Profesionales de la Producci\u00f3n Audiovisual, APPA, se re\u00fanen para trabajar proyectos en 2018","datePublished":"2018-01-30T22:00:00+00:00","dateModified":"2025-02-11T07:07:41+00:00","mainEntityOfPage":{"@id":"https:\/\/spainfilmcommission.com\/en\/blog\/spain-film-commission-y-la-asociacion-de-profesionales-de-la-produccion-audiovisual-appa-se-reunen-para-trabajar-proyectos-en-2018\/"},"wordCount":277,"publisher":{"@id":"https:\/\/spainfilmcommission.com\/en\/#organization"},"image":{"@id":"https:\/\/spainfilmcommission.com\/en\/blog\/spain-film-commission-y-la-asociacion-de-profesionales-de-la-produccion-audiovisual-appa-se-reunen-para-trabajar-proyectos-en-2018\/#primaryimage"},"thumbnailUrl":"https:\/\/spainfilmcommission.com\/wp-content\/uploads\/2018\/01\/spain-film-commission-y-la-asociacion-de-profesionales-de-la-produccion-audiovisual-appa-se-reunen-para-trabajar-proyectos-en-2018-26.jpg","articleSection":["Noticias"],"inLanguage":"en-US"},{"@type":"WebPage","@id":"https:\/\/spainfilmcommission.com\/en\/blog\/spain-film-commission-y-la-asociacion-de-profesionales-de-la-produccion-audiovisual-appa-se-reunen-para-trabajar-proyectos-en-2018\/","url":"https:\/\/spainfilmcommission.com\/en\/blog\/spain-film-commission-y-la-asociacion-de-profesionales-de-la-produccion-audiovisual-appa-se-reunen-para-trabajar-proyectos-en-2018\/","name":"Spain Film Commission y la Asociaci\u00f3n de Profesionales de la Producci\u00f3n Audiovisual, APPA, se re\u00fanen para trabajar proyectos en 2018 - Spain Film Commission","isPartOf":{"@id":"https:\/\/spainfilmcommission.com\/en\/#website"},"primaryImageOfPage":{"@id":"https:\/\/spainfilmcommission.com\/en\/blog\/spain-film-commission-y-la-asociacion-de-profesionales-de-la-produccion-audiovisual-appa-se-reunen-para-trabajar-proyectos-en-2018\/#primaryimage"},"image":{"@id":"https:\/\/spainfilmcommission.com\/en\/blog\/spain-film-commission-y-la-asociacion-de-profesionales-de-la-produccion-audiovisual-appa-se-reunen-para-trabajar-proyectos-en-2018\/#primaryimage"},"thumbnailUrl":"https:\/\/spainfilmcommission.com\/wp-content\/uploads\/2018\/01\/spain-film-commission-y-la-asociacion-de-profesionales-de-la-produccion-audiovisual-appa-se-reunen-para-trabajar-proyectos-en-2018-26.jpg","datePublished":"2018-01-30T22:00:00+00:00","dateModified":"2025-02-11T07:07:41+00:00","breadcrumb":{"@id":"https:\/\/spainfilmcommission.com\/en\/blog\/spain-film-commission-y-la-asociacion-de-profesionales-de-la-produccion-audiovisual-appa-se-reunen-para-trabajar-proyectos-en-2018\/#breadcrumb"},"inLanguage":"en-US","potentialAction":[{"@type":"ReadAction","target":["https:\/\/spainfilmcommission.com\/en\/blog\/spain-film-commission-y-la-asociacion-de-profesionales-de-la-produccion-audiovisual-appa-se-reunen-para-trabajar-proyectos-en-2018\/"]}]},{"@type":"ImageObject","inLanguage":"en-US","@id":"https:\/\/spainfilmcommission.com\/en\/blog\/spain-film-commission-y-la-asociacion-de-profesionales-de-la-produccion-audiovisual-appa-se-reunen-para-trabajar-proyectos-en-2018\/#primaryimage","url":"https:\/\/spainfilmcommission.com\/wp-content\/uploads\/2018\/01\/spain-film-commission-y-la-asociacion-de-profesionales-de-la-produccion-audiovisual-appa-se-reunen-para-trabajar-proyectos-en-2018-26.jpg","contentUrl":"https:\/\/spainfilmcommission.com\/wp-content\/uploads\/2018\/01\/spain-film-commission-y-la-asociacion-de-profesionales-de-la-produccion-audiovisual-appa-se-reunen-para-trabajar-proyectos-en-2018-26.jpg","width":1000,"height":1000},{"@type":"BreadcrumbList","@id":"https:\/\/spainfilmcommission.com\/en\/blog\/spain-film-commission-y-la-asociacion-de-profesionales-de-la-produccion-audiovisual-appa-se-reunen-para-trabajar-proyectos-en-2018\/#breadcrumb","itemListElement":[{"@type":"ListItem","position":1,"name":"Portada","item":"https:\/\/spainfilmcommission.com\/en\/"},{"@type":"ListItem","position":2,"name":"Spain Film Commission y la Asociaci\u00f3n de Profesionales de la Producci\u00f3n Audiovisual, APPA, se re\u00fanen para trabajar proyectos en 2018"}]},{"@type":"WebSite","@id":"https:\/\/spainfilmcommission.com\/en\/#website","url":"https:\/\/spainfilmcommission.com\/en\/","name":"Spain Film Commission","description":"","publisher":{"@id":"https:\/\/spainfilmcommission.com\/en\/#organization"},"potentialAction":[{"@type":"SearchAction","target":{"@type":"EntryPoint","urlTemplate":"https:\/\/spainfilmcommission.com\/en\/?s={search_term_string}"},"query-input":{"@type":"PropertyValueSpecification","valueRequired":true,"valueName":"search_term_string"}}],"inLanguage":"en-US"},{"@type":"Organization","@id":"https:\/\/spainfilmcommission.com\/en\/#organization","name":"Spain Film Commission","url":"https:\/\/spainfilmcommission.com\/en\/","logo":{"@type":"ImageObject","inLanguage":"en-US","@id":"https:\/\/spainfilmcommission.com\/en\/#\/schema\/logo\/image\/","url":"https:\/\/spainfilmcommission.com\/wp-content\/uploads\/2024\/07\/SPC_COLOR.png","contentUrl":"https:\/\/spainfilmcommission.com\/wp-content\/uploads\/2024\/07\/SPC_COLOR.png","width":1665,"height":1665,"caption":"Spain Film Commission"},"image":{"@id":"https:\/\/spainfilmcommission.com\/en\/#\/schema\/logo\/image\/"}},{"@type":"Person","@id":"https:\/\/spainfilmcommission.com\/en\/#\/schema\/person\/6c014ba6ceac198d178a6a9e61113c9d","name":"studio128k_dam","image":{"@type":"ImageObject","inLanguage":"en-US","@id":"https:\/\/secure.gravatar.com\/avatar\/810f99144a13522c24aa173f9cd8bf079d0e89758af00b5f2938443cd51b31e9?s=96&d=mm&r=g","url":"https:\/\/secure.gravatar.com\/avatar\/810f99144a13522c24aa173f9cd8bf079d0e89758af00b5f2938443cd51b31e9?s=96&d=mm&r=g","contentUrl":"https:\/\/secure.gravatar.com\/avatar\/810f99144a13522c24aa173f9cd8bf079d0e89758af00b5f2938443cd51b31e9?s=96&d=mm&r=g","caption":"studio128k_dam"}}]}},"_links":{"self":[{"href":"https:\/\/spainfilmcommission.com\/en\/wp-json\/wp\/v2\/posts\/6866","targetHints":{"allow":["GET"]}}],"collection":[{"href":"https:\/\/spainfilmcommission.com\/en\/wp-json\/wp\/v2\/posts"}],"about":[{"href":"https:\/\/spainfilmcommission.com\/en\/wp-json\/wp\/v2\/types\/post"}],"author":[{"embeddable":true,"href":"https:\/\/spainfilmcommission.com\/en\/wp-json\/wp\/v2\/users\/2"}],"replies":[{"embeddable":true,"href":"https:\/\/spainfilmcommission.com\/en\/wp-json\/wp\/v2\/comments?post=6866"}],"version-history":[{"count":0,"href":"https:\/\/spainfilmcommission.com\/en\/wp-json\/wp\/v2\/posts\/6866\/revisions"}],"wp:featuredmedia":[{"embeddable":true,"href":"https:\/\/spainfilmcommission.com\/en\/wp-json\/wp\/v2\/media\/6867"}],"wp:attachment":[{"href":"https:\/\/spainfilmcommission.com\/en\/wp-json\/wp\/v2\/media?parent=6866"}],"wp:term":[{"taxonomy":"category","embeddable":true,"href":"https:\/\/spainfilmcommission.com\/en\/wp-json\/wp\/v2\/categories?post=6866"},{"taxonomy":"post_tag","embeddable":true,"href":"https:\/\/spainfilmcommission.com\/en\/wp-json\/wp\/v2\/tags?post=6866"}],"curies":[{"name":"wp","href":"https:\/\/api.w.org\/{rel}","templated":true}]}}