{"id":6842,"date":"2018-01-22T00:00:00","date_gmt":"2018-01-21T22:00:00","guid":{"rendered":"https:\/\/sfc.com\/la-palma-film-commission-organizara-en-2018-cursos-de-formacion-para-el-sector-audiovisual-de-la-isla-de-la-palma\/"},"modified":"2025-02-11T08:07:41","modified_gmt":"2025-02-11T07:07:41","slug":"la-palma-film-commission-organizara-en-2018-cursos-de-formacion-para-el-sector-audiovisual-de-la-isla-de-la-palma","status":"publish","type":"post","link":"https:\/\/spainfilmcommission.com\/en\/blog\/la-palma-film-commission-organizara-en-2018-cursos-de-formacion-para-el-sector-audiovisual-de-la-isla-de-la-palma\/","title":{"rendered":"La Palma Film Commission organizar\u00e1 en 2018 cursos de formaci\u00f3n para el sector audiovisual de la isla de La Palma"},"content":{"rendered":"<p><a href=\"http:\/\/www.lapalmafilmcommission.com\/es\/\" target=\"_blank\">La Palma Film Commission<\/a>, dependiente de la Sociedad de Promoci\u00f3n y Desarrollo Econ\u00f3mico del Cabildo Insular de La Palma, organizar\u00e1 en 2018 un amplio programa de formaci\u00f3n que se desarrollar\u00e1n con la colaboraci\u00f3n del Gobierno de Canarias, Cl\u00faster Audiovisual de Canarias y el Instituto de Formaci\u00f3n e Investigaci\u00f3n Cinematogr\u00e1fica.<\/p>\n<p>Los cursos ya programados son para la formaci\u00f3n de responsable de localizaciones, producci\u00f3n audiovisual en Ingl\u00e9s, maquillaje y peluquer\u00eda para cine y televisi\u00f3n, un taller pr\u00e1ctico de financiaci\u00f3n de proyectos cinematogr\u00e1ficos, marketing cinematogr\u00e1fico para producciones independientes, postproducci\u00f3n digital y efectos especiales con Adobe After Effects, etalonaje cinematogr\u00e1fico con Davinci Resolve, c\u00f3mo hacer el sonido de una pel\u00edcula o el guion cinematogr\u00e1fico.<\/p>\n<p>La consejera insular de Turismo, Alicia Vanoostende, valora la importancia que el Cabildo, a trav\u00e9s de La Palma Film Commission, sigue dando al desarrollo de la actividad econ\u00f3mica en torno al sector audiovisual, y al respecto explica que estos cursos tienen como objetivo fortalecer la industria local y prepararla para los posibles rodajes que lleguen a la isla.<\/p>\n<p>En la presentaci\u00f3n de estas actividades, la coordinadora de La Palma Film Commission, Mar\u00eda Jos\u00e9 Manso, ha dicho: &#8220;Lo que pretendemos es que nuestros profesionales tengan la oportunidad de poder acceder a este tipo de formaci\u00f3n de calidad sin salir de la isla. El audiovisual es un sector con gran potencial para la diversificaci\u00f3n de la econom\u00eda y necesitamos formar a nuestros profesionales para que tengan las mismas oportunidades que el resto de profesionales de otras islas&#8221;.<\/p>\n<p>Todo aquel que desee informarse sobre estos cursos, puede\u00a0enviar un correo a la direcci\u00f3n <a href=\"mailto:formacion@lapalmafilmcommission.com\" target=\"_blank\">formacion@lapalmafilmcommission.com<\/a>, comunicando los cursos en los que est\u00e9 interesado y los datos de contacto. \u00a0<\/p>\n<p><img src='https:\/\/spainfilmcommission.com\/\/wp-content\/uploads\/2018\/01\/la-palma-film-commission-organizara-en-2018-cursos-de-formacion-para-el-sector-audiovisual-de-la-isla-de-la-palma1-23.jpeg' alt='Imagen relacionada'><img src='https:\/\/spainfilmcommission.com\/\/wp-content\/uploads\/2018\/01\/la-palma-film-commission-organizara-en-2018-cursos-de-formacion-para-el-sector-audiovisual-de-la-isla-de-la-palma2-23.jpg' alt='Imagen relacionada'><\/p>\n","protected":false},"excerpt":{"rendered":"<p><a href=\"http:\/\/www.lapalmafilmcommission.com\/es\/\" target=\"_blank\">La Palma Film Commission<\/a> organizar\u00e1 en 2018 un amplio programa de formaci\u00f3n que se desarrollar\u00e1n con la colaboraci\u00f3n del Gobierno de Canarias, Cl\u00faster Audiovisual de Canarias y el Instituto de Formaci\u00f3n e Investigaci\u00f3n Cinematogr\u00e1fica.<\/p>\n","protected":false},"author":2,"featured_media":6843,"comment_status":"closed","ping_status":"","sticky":false,"template":"","format":"standard","meta":{"footnotes":""},"categories":[38],"tags":[],"class_list":["post-6842","post","type-post","status-publish","format-standard","has-post-thumbnail","hentry","category-noticias"],"yoast_head":"<!-- This site is optimized with the Yoast SEO plugin v27.3 - https:\/\/yoast.com\/product\/yoast-seo-wordpress\/ -->\n<title>La Palma Film Commission organizar\u00e1 en 2018 cursos de formaci\u00f3n para el sector audiovisual de la isla de La Palma - Spain Film Commission<\/title>\n<meta name=\"robots\" content=\"index, follow, max-snippet:-1, max-image-preview:large, max-video-preview:-1\" \/>\n<link rel=\"canonical\" href=\"https:\/\/spainfilmcommission.com\/en\/blog\/la-palma-film-commission-organizara-en-2018-cursos-de-formacion-para-el-sector-audiovisual-de-la-isla-de-la-palma\/\" \/>\n<meta property=\"og:locale\" content=\"en_US\" \/>\n<meta property=\"og:type\" content=\"article\" \/>\n<meta property=\"og:title\" content=\"La Palma Film Commission organizar\u00e1 en 2018 cursos de formaci\u00f3n para el sector audiovisual de la isla de La Palma - Spain Film Commission\" \/>\n<meta property=\"og:description\" content=\"La Palma Film Commission organizar\u00e1 en 2018 un amplio programa de formaci\u00f3n que se desarrollar\u00e1n con la colaboraci\u00f3n del Gobierno de Canarias, Cl\u00faster Audiovisual de Canarias y el Instituto de Formaci\u00f3n e Investigaci\u00f3n Cinematogr\u00e1fica.\" \/>\n<meta property=\"og:url\" content=\"https:\/\/spainfilmcommission.com\/en\/blog\/la-palma-film-commission-organizara-en-2018-cursos-de-formacion-para-el-sector-audiovisual-de-la-isla-de-la-palma\/\" \/>\n<meta property=\"og:site_name\" content=\"Spain Film Commission\" \/>\n<meta property=\"article:published_time\" content=\"2018-01-21T22:00:00+00:00\" \/>\n<meta property=\"article:modified_time\" content=\"2025-02-11T07:07:41+00:00\" \/>\n<meta property=\"og:image\" content=\"https:\/\/spainfilmcommission.com\/wp-content\/uploads\/2018\/01\/la-palma-film-commission-organizara-en-2018-cursos-de-formacion-para-el-sector-audiovisual-de-la-isla-de-la-palma-23.jpg\" \/>\n\t<meta property=\"og:image:width\" content=\"1069\" \/>\n\t<meta property=\"og:image:height\" content=\"960\" \/>\n\t<meta property=\"og:image:type\" content=\"image\/jpeg\" \/>\n<meta name=\"author\" content=\"studio128k_dam\" \/>\n<meta name=\"twitter:card\" content=\"summary_large_image\" \/>\n<meta name=\"twitter:label1\" content=\"Written by\" \/>\n\t<meta name=\"twitter:data1\" content=\"studio128k_dam\" \/>\n\t<meta name=\"twitter:label2\" content=\"Est. reading time\" \/>\n\t<meta name=\"twitter:data2\" content=\"2 minutes\" \/>\n<script type=\"application\/ld+json\" class=\"yoast-schema-graph\">{\"@context\":\"https:\\\/\\\/schema.org\",\"@graph\":[{\"@type\":\"Article\",\"@id\":\"https:\\\/\\\/spainfilmcommission.com\\\/en\\\/blog\\\/la-palma-film-commission-organizara-en-2018-cursos-de-formacion-para-el-sector-audiovisual-de-la-isla-de-la-palma\\\/#article\",\"isPartOf\":{\"@id\":\"https:\\\/\\\/spainfilmcommission.com\\\/en\\\/blog\\\/la-palma-film-commission-organizara-en-2018-cursos-de-formacion-para-el-sector-audiovisual-de-la-isla-de-la-palma\\\/\"},\"author\":{\"name\":\"studio128k_dam\",\"@id\":\"https:\\\/\\\/spainfilmcommission.com\\\/en\\\/#\\\/schema\\\/person\\\/6c014ba6ceac198d178a6a9e61113c9d\"},\"headline\":\"La Palma Film Commission organizar\u00e1 en 2018 cursos de formaci\u00f3n para el sector audiovisual de la isla de La Palma\",\"datePublished\":\"2018-01-21T22:00:00+00:00\",\"dateModified\":\"2025-02-11T07:07:41+00:00\",\"mainEntityOfPage\":{\"@id\":\"https:\\\/\\\/spainfilmcommission.com\\\/en\\\/blog\\\/la-palma-film-commission-organizara-en-2018-cursos-de-formacion-para-el-sector-audiovisual-de-la-isla-de-la-palma\\\/\"},\"wordCount\":326,\"publisher\":{\"@id\":\"https:\\\/\\\/spainfilmcommission.com\\\/en\\\/#organization\"},\"image\":{\"@id\":\"https:\\\/\\\/spainfilmcommission.com\\\/en\\\/blog\\\/la-palma-film-commission-organizara-en-2018-cursos-de-formacion-para-el-sector-audiovisual-de-la-isla-de-la-palma\\\/#primaryimage\"},\"thumbnailUrl\":\"https:\\\/\\\/spainfilmcommission.com\\\/wp-content\\\/uploads\\\/2018\\\/01\\\/la-palma-film-commission-organizara-en-2018-cursos-de-formacion-para-el-sector-audiovisual-de-la-isla-de-la-palma-23.jpg\",\"articleSection\":[\"Noticias\"],\"inLanguage\":\"en-US\"},{\"@type\":\"WebPage\",\"@id\":\"https:\\\/\\\/spainfilmcommission.com\\\/en\\\/blog\\\/la-palma-film-commission-organizara-en-2018-cursos-de-formacion-para-el-sector-audiovisual-de-la-isla-de-la-palma\\\/\",\"url\":\"https:\\\/\\\/spainfilmcommission.com\\\/en\\\/blog\\\/la-palma-film-commission-organizara-en-2018-cursos-de-formacion-para-el-sector-audiovisual-de-la-isla-de-la-palma\\\/\",\"name\":\"La Palma Film Commission organizar\u00e1 en 2018 cursos de formaci\u00f3n para el sector audiovisual de la isla de La Palma - Spain Film Commission\",\"isPartOf\":{\"@id\":\"https:\\\/\\\/spainfilmcommission.com\\\/en\\\/#website\"},\"primaryImageOfPage\":{\"@id\":\"https:\\\/\\\/spainfilmcommission.com\\\/en\\\/blog\\\/la-palma-film-commission-organizara-en-2018-cursos-de-formacion-para-el-sector-audiovisual-de-la-isla-de-la-palma\\\/#primaryimage\"},\"image\":{\"@id\":\"https:\\\/\\\/spainfilmcommission.com\\\/en\\\/blog\\\/la-palma-film-commission-organizara-en-2018-cursos-de-formacion-para-el-sector-audiovisual-de-la-isla-de-la-palma\\\/#primaryimage\"},\"thumbnailUrl\":\"https:\\\/\\\/spainfilmcommission.com\\\/wp-content\\\/uploads\\\/2018\\\/01\\\/la-palma-film-commission-organizara-en-2018-cursos-de-formacion-para-el-sector-audiovisual-de-la-isla-de-la-palma-23.jpg\",\"datePublished\":\"2018-01-21T22:00:00+00:00\",\"dateModified\":\"2025-02-11T07:07:41+00:00\",\"breadcrumb\":{\"@id\":\"https:\\\/\\\/spainfilmcommission.com\\\/en\\\/blog\\\/la-palma-film-commission-organizara-en-2018-cursos-de-formacion-para-el-sector-audiovisual-de-la-isla-de-la-palma\\\/#breadcrumb\"},\"inLanguage\":\"en-US\",\"potentialAction\":[{\"@type\":\"ReadAction\",\"target\":[\"https:\\\/\\\/spainfilmcommission.com\\\/en\\\/blog\\\/la-palma-film-commission-organizara-en-2018-cursos-de-formacion-para-el-sector-audiovisual-de-la-isla-de-la-palma\\\/\"]}]},{\"@type\":\"ImageObject\",\"inLanguage\":\"en-US\",\"@id\":\"https:\\\/\\\/spainfilmcommission.com\\\/en\\\/blog\\\/la-palma-film-commission-organizara-en-2018-cursos-de-formacion-para-el-sector-audiovisual-de-la-isla-de-la-palma\\\/#primaryimage\",\"url\":\"https:\\\/\\\/spainfilmcommission.com\\\/wp-content\\\/uploads\\\/2018\\\/01\\\/la-palma-film-commission-organizara-en-2018-cursos-de-formacion-para-el-sector-audiovisual-de-la-isla-de-la-palma-23.jpg\",\"contentUrl\":\"https:\\\/\\\/spainfilmcommission.com\\\/wp-content\\\/uploads\\\/2018\\\/01\\\/la-palma-film-commission-organizara-en-2018-cursos-de-formacion-para-el-sector-audiovisual-de-la-isla-de-la-palma-23.jpg\",\"width\":1069,\"height\":960},{\"@type\":\"BreadcrumbList\",\"@id\":\"https:\\\/\\\/spainfilmcommission.com\\\/en\\\/blog\\\/la-palma-film-commission-organizara-en-2018-cursos-de-formacion-para-el-sector-audiovisual-de-la-isla-de-la-palma\\\/#breadcrumb\",\"itemListElement\":[{\"@type\":\"ListItem\",\"position\":1,\"name\":\"Portada\",\"item\":\"https:\\\/\\\/spainfilmcommission.com\\\/en\\\/\"},{\"@type\":\"ListItem\",\"position\":2,\"name\":\"La Palma Film Commission organizar\u00e1 en 2018 cursos de formaci\u00f3n para el sector audiovisual de la isla de La Palma\"}]},{\"@type\":\"WebSite\",\"@id\":\"https:\\\/\\\/spainfilmcommission.com\\\/en\\\/#website\",\"url\":\"https:\\\/\\\/spainfilmcommission.com\\\/en\\\/\",\"name\":\"Spain Film Commission\",\"description\":\"\",\"publisher\":{\"@id\":\"https:\\\/\\\/spainfilmcommission.com\\\/en\\\/#organization\"},\"potentialAction\":[{\"@type\":\"SearchAction\",\"target\":{\"@type\":\"EntryPoint\",\"urlTemplate\":\"https:\\\/\\\/spainfilmcommission.com\\\/en\\\/?s={search_term_string}\"},\"query-input\":{\"@type\":\"PropertyValueSpecification\",\"valueRequired\":true,\"valueName\":\"search_term_string\"}}],\"inLanguage\":\"en-US\"},{\"@type\":\"Organization\",\"@id\":\"https:\\\/\\\/spainfilmcommission.com\\\/en\\\/#organization\",\"name\":\"Spain Film Commission\",\"url\":\"https:\\\/\\\/spainfilmcommission.com\\\/en\\\/\",\"logo\":{\"@type\":\"ImageObject\",\"inLanguage\":\"en-US\",\"@id\":\"https:\\\/\\\/spainfilmcommission.com\\\/en\\\/#\\\/schema\\\/logo\\\/image\\\/\",\"url\":\"https:\\\/\\\/spainfilmcommission.com\\\/wp-content\\\/uploads\\\/2024\\\/07\\\/SPC_COLOR.png\",\"contentUrl\":\"https:\\\/\\\/spainfilmcommission.com\\\/wp-content\\\/uploads\\\/2024\\\/07\\\/SPC_COLOR.png\",\"width\":1665,\"height\":1665,\"caption\":\"Spain Film Commission\"},\"image\":{\"@id\":\"https:\\\/\\\/spainfilmcommission.com\\\/en\\\/#\\\/schema\\\/logo\\\/image\\\/\"}},{\"@type\":\"Person\",\"@id\":\"https:\\\/\\\/spainfilmcommission.com\\\/en\\\/#\\\/schema\\\/person\\\/6c014ba6ceac198d178a6a9e61113c9d\",\"name\":\"studio128k_dam\",\"image\":{\"@type\":\"ImageObject\",\"inLanguage\":\"en-US\",\"@id\":\"https:\\\/\\\/secure.gravatar.com\\\/avatar\\\/810f99144a13522c24aa173f9cd8bf079d0e89758af00b5f2938443cd51b31e9?s=96&d=mm&r=g\",\"url\":\"https:\\\/\\\/secure.gravatar.com\\\/avatar\\\/810f99144a13522c24aa173f9cd8bf079d0e89758af00b5f2938443cd51b31e9?s=96&d=mm&r=g\",\"contentUrl\":\"https:\\\/\\\/secure.gravatar.com\\\/avatar\\\/810f99144a13522c24aa173f9cd8bf079d0e89758af00b5f2938443cd51b31e9?s=96&d=mm&r=g\",\"caption\":\"studio128k_dam\"}}]}<\/script>\n<!-- \/ Yoast SEO plugin. -->","yoast_head_json":{"title":"La Palma Film Commission organizar\u00e1 en 2018 cursos de formaci\u00f3n para el sector audiovisual de la isla de La Palma - Spain Film Commission","robots":{"index":"index","follow":"follow","max-snippet":"max-snippet:-1","max-image-preview":"max-image-preview:large","max-video-preview":"max-video-preview:-1"},"canonical":"https:\/\/spainfilmcommission.com\/en\/blog\/la-palma-film-commission-organizara-en-2018-cursos-de-formacion-para-el-sector-audiovisual-de-la-isla-de-la-palma\/","og_locale":"en_US","og_type":"article","og_title":"La Palma Film Commission organizar\u00e1 en 2018 cursos de formaci\u00f3n para el sector audiovisual de la isla de La Palma - Spain Film Commission","og_description":"La Palma Film Commission organizar\u00e1 en 2018 un amplio programa de formaci\u00f3n que se desarrollar\u00e1n con la colaboraci\u00f3n del Gobierno de Canarias, Cl\u00faster Audiovisual de Canarias y el Instituto de Formaci\u00f3n e Investigaci\u00f3n Cinematogr\u00e1fica.","og_url":"https:\/\/spainfilmcommission.com\/en\/blog\/la-palma-film-commission-organizara-en-2018-cursos-de-formacion-para-el-sector-audiovisual-de-la-isla-de-la-palma\/","og_site_name":"Spain Film Commission","article_published_time":"2018-01-21T22:00:00+00:00","article_modified_time":"2025-02-11T07:07:41+00:00","og_image":[{"width":1069,"height":960,"url":"https:\/\/spainfilmcommission.com\/wp-content\/uploads\/2018\/01\/la-palma-film-commission-organizara-en-2018-cursos-de-formacion-para-el-sector-audiovisual-de-la-isla-de-la-palma-23.jpg","type":"image\/jpeg"}],"author":"studio128k_dam","twitter_card":"summary_large_image","twitter_misc":{"Written by":"studio128k_dam","Est. reading time":"2 minutes"},"schema":{"@context":"https:\/\/schema.org","@graph":[{"@type":"Article","@id":"https:\/\/spainfilmcommission.com\/en\/blog\/la-palma-film-commission-organizara-en-2018-cursos-de-formacion-para-el-sector-audiovisual-de-la-isla-de-la-palma\/#article","isPartOf":{"@id":"https:\/\/spainfilmcommission.com\/en\/blog\/la-palma-film-commission-organizara-en-2018-cursos-de-formacion-para-el-sector-audiovisual-de-la-isla-de-la-palma\/"},"author":{"name":"studio128k_dam","@id":"https:\/\/spainfilmcommission.com\/en\/#\/schema\/person\/6c014ba6ceac198d178a6a9e61113c9d"},"headline":"La Palma Film Commission organizar\u00e1 en 2018 cursos de formaci\u00f3n para el sector audiovisual de la isla de La Palma","datePublished":"2018-01-21T22:00:00+00:00","dateModified":"2025-02-11T07:07:41+00:00","mainEntityOfPage":{"@id":"https:\/\/spainfilmcommission.com\/en\/blog\/la-palma-film-commission-organizara-en-2018-cursos-de-formacion-para-el-sector-audiovisual-de-la-isla-de-la-palma\/"},"wordCount":326,"publisher":{"@id":"https:\/\/spainfilmcommission.com\/en\/#organization"},"image":{"@id":"https:\/\/spainfilmcommission.com\/en\/blog\/la-palma-film-commission-organizara-en-2018-cursos-de-formacion-para-el-sector-audiovisual-de-la-isla-de-la-palma\/#primaryimage"},"thumbnailUrl":"https:\/\/spainfilmcommission.com\/wp-content\/uploads\/2018\/01\/la-palma-film-commission-organizara-en-2018-cursos-de-formacion-para-el-sector-audiovisual-de-la-isla-de-la-palma-23.jpg","articleSection":["Noticias"],"inLanguage":"en-US"},{"@type":"WebPage","@id":"https:\/\/spainfilmcommission.com\/en\/blog\/la-palma-film-commission-organizara-en-2018-cursos-de-formacion-para-el-sector-audiovisual-de-la-isla-de-la-palma\/","url":"https:\/\/spainfilmcommission.com\/en\/blog\/la-palma-film-commission-organizara-en-2018-cursos-de-formacion-para-el-sector-audiovisual-de-la-isla-de-la-palma\/","name":"La Palma Film Commission organizar\u00e1 en 2018 cursos de formaci\u00f3n para el sector audiovisual de la isla de La Palma - Spain Film Commission","isPartOf":{"@id":"https:\/\/spainfilmcommission.com\/en\/#website"},"primaryImageOfPage":{"@id":"https:\/\/spainfilmcommission.com\/en\/blog\/la-palma-film-commission-organizara-en-2018-cursos-de-formacion-para-el-sector-audiovisual-de-la-isla-de-la-palma\/#primaryimage"},"image":{"@id":"https:\/\/spainfilmcommission.com\/en\/blog\/la-palma-film-commission-organizara-en-2018-cursos-de-formacion-para-el-sector-audiovisual-de-la-isla-de-la-palma\/#primaryimage"},"thumbnailUrl":"https:\/\/spainfilmcommission.com\/wp-content\/uploads\/2018\/01\/la-palma-film-commission-organizara-en-2018-cursos-de-formacion-para-el-sector-audiovisual-de-la-isla-de-la-palma-23.jpg","datePublished":"2018-01-21T22:00:00+00:00","dateModified":"2025-02-11T07:07:41+00:00","breadcrumb":{"@id":"https:\/\/spainfilmcommission.com\/en\/blog\/la-palma-film-commission-organizara-en-2018-cursos-de-formacion-para-el-sector-audiovisual-de-la-isla-de-la-palma\/#breadcrumb"},"inLanguage":"en-US","potentialAction":[{"@type":"ReadAction","target":["https:\/\/spainfilmcommission.com\/en\/blog\/la-palma-film-commission-organizara-en-2018-cursos-de-formacion-para-el-sector-audiovisual-de-la-isla-de-la-palma\/"]}]},{"@type":"ImageObject","inLanguage":"en-US","@id":"https:\/\/spainfilmcommission.com\/en\/blog\/la-palma-film-commission-organizara-en-2018-cursos-de-formacion-para-el-sector-audiovisual-de-la-isla-de-la-palma\/#primaryimage","url":"https:\/\/spainfilmcommission.com\/wp-content\/uploads\/2018\/01\/la-palma-film-commission-organizara-en-2018-cursos-de-formacion-para-el-sector-audiovisual-de-la-isla-de-la-palma-23.jpg","contentUrl":"https:\/\/spainfilmcommission.com\/wp-content\/uploads\/2018\/01\/la-palma-film-commission-organizara-en-2018-cursos-de-formacion-para-el-sector-audiovisual-de-la-isla-de-la-palma-23.jpg","width":1069,"height":960},{"@type":"BreadcrumbList","@id":"https:\/\/spainfilmcommission.com\/en\/blog\/la-palma-film-commission-organizara-en-2018-cursos-de-formacion-para-el-sector-audiovisual-de-la-isla-de-la-palma\/#breadcrumb","itemListElement":[{"@type":"ListItem","position":1,"name":"Portada","item":"https:\/\/spainfilmcommission.com\/en\/"},{"@type":"ListItem","position":2,"name":"La Palma Film Commission organizar\u00e1 en 2018 cursos de formaci\u00f3n para el sector audiovisual de la isla de La Palma"}]},{"@type":"WebSite","@id":"https:\/\/spainfilmcommission.com\/en\/#website","url":"https:\/\/spainfilmcommission.com\/en\/","name":"Spain Film Commission","description":"","publisher":{"@id":"https:\/\/spainfilmcommission.com\/en\/#organization"},"potentialAction":[{"@type":"SearchAction","target":{"@type":"EntryPoint","urlTemplate":"https:\/\/spainfilmcommission.com\/en\/?s={search_term_string}"},"query-input":{"@type":"PropertyValueSpecification","valueRequired":true,"valueName":"search_term_string"}}],"inLanguage":"en-US"},{"@type":"Organization","@id":"https:\/\/spainfilmcommission.com\/en\/#organization","name":"Spain Film Commission","url":"https:\/\/spainfilmcommission.com\/en\/","logo":{"@type":"ImageObject","inLanguage":"en-US","@id":"https:\/\/spainfilmcommission.com\/en\/#\/schema\/logo\/image\/","url":"https:\/\/spainfilmcommission.com\/wp-content\/uploads\/2024\/07\/SPC_COLOR.png","contentUrl":"https:\/\/spainfilmcommission.com\/wp-content\/uploads\/2024\/07\/SPC_COLOR.png","width":1665,"height":1665,"caption":"Spain Film Commission"},"image":{"@id":"https:\/\/spainfilmcommission.com\/en\/#\/schema\/logo\/image\/"}},{"@type":"Person","@id":"https:\/\/spainfilmcommission.com\/en\/#\/schema\/person\/6c014ba6ceac198d178a6a9e61113c9d","name":"studio128k_dam","image":{"@type":"ImageObject","inLanguage":"en-US","@id":"https:\/\/secure.gravatar.com\/avatar\/810f99144a13522c24aa173f9cd8bf079d0e89758af00b5f2938443cd51b31e9?s=96&d=mm&r=g","url":"https:\/\/secure.gravatar.com\/avatar\/810f99144a13522c24aa173f9cd8bf079d0e89758af00b5f2938443cd51b31e9?s=96&d=mm&r=g","contentUrl":"https:\/\/secure.gravatar.com\/avatar\/810f99144a13522c24aa173f9cd8bf079d0e89758af00b5f2938443cd51b31e9?s=96&d=mm&r=g","caption":"studio128k_dam"}}]}},"_links":{"self":[{"href":"https:\/\/spainfilmcommission.com\/en\/wp-json\/wp\/v2\/posts\/6842","targetHints":{"allow":["GET"]}}],"collection":[{"href":"https:\/\/spainfilmcommission.com\/en\/wp-json\/wp\/v2\/posts"}],"about":[{"href":"https:\/\/spainfilmcommission.com\/en\/wp-json\/wp\/v2\/types\/post"}],"author":[{"embeddable":true,"href":"https:\/\/spainfilmcommission.com\/en\/wp-json\/wp\/v2\/users\/2"}],"replies":[{"embeddable":true,"href":"https:\/\/spainfilmcommission.com\/en\/wp-json\/wp\/v2\/comments?post=6842"}],"version-history":[{"count":0,"href":"https:\/\/spainfilmcommission.com\/en\/wp-json\/wp\/v2\/posts\/6842\/revisions"}],"wp:featuredmedia":[{"embeddable":true,"href":"https:\/\/spainfilmcommission.com\/en\/wp-json\/wp\/v2\/media\/6843"}],"wp:attachment":[{"href":"https:\/\/spainfilmcommission.com\/en\/wp-json\/wp\/v2\/media?parent=6842"}],"wp:term":[{"taxonomy":"category","embeddable":true,"href":"https:\/\/spainfilmcommission.com\/en\/wp-json\/wp\/v2\/categories?post=6842"},{"taxonomy":"post_tag","embeddable":true,"href":"https:\/\/spainfilmcommission.com\/en\/wp-json\/wp\/v2\/tags?post=6842"}],"curies":[{"name":"wp","href":"https:\/\/api.w.org\/{rel}","templated":true}]}}