{"id":6818,"date":"2018-01-10T00:00:00","date_gmt":"2018-01-09T22:00:00","guid":{"rendered":"https:\/\/sfc.com\/productores-de-toda-espana-debatiran-sobre-el-sector-en-zaragoza-con-motivo-de-la-celebracion-de-la-gala-de-los-premios-forque-de-egeda\/"},"modified":"2025-02-11T08:07:42","modified_gmt":"2025-02-11T07:07:42","slug":"productores-de-toda-espana-debatiran-sobre-el-sector-en-zaragoza-con-motivo-de-la-celebracion-de-la-gala-de-los-premios-forque-de-egeda","status":"publish","type":"post","link":"https:\/\/spainfilmcommission.com\/en\/blog\/productores-de-toda-espana-debatiran-sobre-el-sector-en-zaragoza-con-motivo-de-la-celebracion-de-la-gala-de-los-premios-forque-de-egeda\/","title":{"rendered":"Productores de toda Espa\u00f1a debatir\u00e1n sobre el sector en Zaragoza con motivo de la celebraci\u00f3n de la gala de los Premios Forqu\u00e9 de EGEDA"},"content":{"rendered":"<p>Productores audiovisuales de 15 asociaciones profesionales de 10 comunidades se dar\u00e1n cita el 13 de enero en el <a href=\"http:\/\/www.iaacc.es\">IAACC Pablo Serrano<\/a> Zaragoza, con la colaboraci\u00f3n del <a href=\"http:\/\/www.aragon.es\">Gobierno de Arag\u00f3n<\/a> y <a href=\"http:\/\/www.aragonfilm.com\">Arag\u00f3n Film Commission<\/a>, para debatir sobre el modelo de financiaci\u00f3n audiovisual en Espa\u00f1a.<\/p>\n<p>En esta jornada, que se celabrar\u00e1 con motivo de la gala de los <a href=\"http:\/\/www.premiojosemariaforque.com\/JMF_EDICIONACTUAL.asp\">Premios Forqu\u00e9 de EGEDA<\/a>, participar\u00e1n asociaciones de la Comunidad Valenciana, Islas Baleares, Catalu\u00f1a, Arag\u00f3n, Navarra, Pa\u00eds Vasco, Galicia, Madrid, Andaluc\u00eda y Canarias.\u00a0<\/p>\n<p>La Asociaci\u00f3n de Productores Independientes Audiovisuales de Arag\u00f3n (APROAR) fue la representaci\u00f3n aragonesa en las reuniones anteriores y propusieron celebrar el siguiente encuentro en Zaragoza durante la celebraci\u00f3n de la gala de los Premios Forqu\u00e9 y aprovechar as\u00ed la estancia de distintos productores del territorio espa\u00f1ol.<\/p>\n<p>En este encuentro, los productores quieren continuar con el di\u00e1logo iniciado en San Sebasti\u00e1n y Sitges\u00a0 donde se consensu\u00f3 la propuesta de creaci\u00f3n del Fondo Nacional P\u00fablico de Apoyo al Sector Audiovisual y ahondar en la necesaria unidad del sector que no siempre se ha dado a pesar de contar con objetivos comunes. Tambi\u00e9n valorar\u00e1n el borrador de ayudas al sector que est\u00e1 elaborando el Ministerio de Educaci\u00f3n, Cultura y Deporte.<\/p>\n<p>El Gobierno de Arag\u00f3n y Arag\u00f3n Film Commission quieren aprovechar este encuentro para reivindicar el territorio de esta comunidad y que sea tenido en cuenta en el momento de plantear rodajes audiovisuales.<\/p>\n<p>El cine y el audiovisual es una de las grandes apuestas culturales para el Gobierno de Arag\u00f3n, algo que ya empieza a dar sus frutos y que se traduce, adem\u00e1s del trabajo de Arag\u00f3n Film Commission, en el aumento de las ayudas a las producciones audiovisuales que se realizan en el territorio aragon\u00e9s.<\/p>\n<p>La jornada de trabajo en la capital aragonesa ser\u00e1 clausurada por el director general del ICAA, \u00d3scar Graefenhain, y el director general de Cultura y Patrimonio del Gobierno de Arag\u00f3n, Nacho Escu\u00edn.<\/p>\n<p><img src='https:\/\/spainfilmcommission.com\/\/wp-content\/uploads\/2018\/01\/productores-de-toda-espana-debatiran-sobre-el-sector-en-zaragoza-con-motivo-de-la-celebracion-de-la-gala-de-los-premios-forque-de-egeda1-20.jpg' alt='Imagen relacionada'><img src='https:\/\/spainfilmcommission.com\/\/wp-content\/uploads\/2018\/01\/productores-de-toda-espana-debatiran-sobre-el-sector-en-zaragoza-con-motivo-de-la-celebracion-de-la-gala-de-los-premios-forque-de-egeda2-20.jpg' alt='Imagen relacionada'><\/p>\n","protected":false},"excerpt":{"rendered":"<p>Productores audiovisuales de 15 asociaciones profesionales de 10 comunidades se dar\u00e1n cita el 13 de enero en el IAACC Pablo Serrano Zaragoza, con la colaboraci\u00f3n del Gobierno de Arag\u00f3n y <a href=\"http:\/\/www.aragonfilm.com\">Arag\u00f3n Film Commission<\/a>, para debatir sobre el modelo de financiaci\u00f3n audiovisual en Espa\u00f1a.<\/p>\n","protected":false},"author":2,"featured_media":6819,"comment_status":"closed","ping_status":"","sticky":false,"template":"","format":"standard","meta":{"footnotes":""},"categories":[38],"tags":[],"class_list":["post-6818","post","type-post","status-publish","format-standard","has-post-thumbnail","hentry","category-noticias"],"yoast_head":"<!-- This site is optimized with the Yoast SEO plugin v27.3 - https:\/\/yoast.com\/product\/yoast-seo-wordpress\/ -->\n<title>Productores de toda Espa\u00f1a debatir\u00e1n sobre el sector en Zaragoza con motivo de la celebraci\u00f3n de la gala de los Premios Forqu\u00e9 de EGEDA - Spain Film Commission<\/title>\n<meta name=\"robots\" content=\"index, follow, max-snippet:-1, max-image-preview:large, max-video-preview:-1\" \/>\n<link rel=\"canonical\" href=\"https:\/\/spainfilmcommission.com\/en\/blog\/productores-de-toda-espana-debatiran-sobre-el-sector-en-zaragoza-con-motivo-de-la-celebracion-de-la-gala-de-los-premios-forque-de-egeda\/\" \/>\n<meta property=\"og:locale\" content=\"en_US\" \/>\n<meta property=\"og:type\" content=\"article\" \/>\n<meta property=\"og:title\" content=\"Productores de toda Espa\u00f1a debatir\u00e1n sobre el sector en Zaragoza con motivo de la celebraci\u00f3n de la gala de los Premios Forqu\u00e9 de EGEDA - Spain Film Commission\" \/>\n<meta property=\"og:description\" content=\"Productores audiovisuales de 15 asociaciones profesionales de 10 comunidades se dar\u00e1n cita el 13 de enero en el IAACC Pablo Serrano Zaragoza, con la colaboraci\u00f3n del Gobierno de Arag\u00f3n y Arag\u00f3n Film Commission, para debatir sobre el modelo de financiaci\u00f3n audiovisual en Espa\u00f1a.\" \/>\n<meta property=\"og:url\" content=\"https:\/\/spainfilmcommission.com\/en\/blog\/productores-de-toda-espana-debatiran-sobre-el-sector-en-zaragoza-con-motivo-de-la-celebracion-de-la-gala-de-los-premios-forque-de-egeda\/\" \/>\n<meta property=\"og:site_name\" content=\"Spain Film Commission\" \/>\n<meta property=\"article:published_time\" content=\"2018-01-09T22:00:00+00:00\" \/>\n<meta property=\"article:modified_time\" content=\"2025-02-11T07:07:42+00:00\" \/>\n<meta property=\"og:image\" content=\"https:\/\/spainfilmcommission.com\/wp-content\/uploads\/2018\/01\/productores-de-toda-espana-debatiran-sobre-el-sector-en-zaragoza-con-motivo-de-la-celebracion-de-la-gala-de-los-premios-forque-de-egeda-20.jpg\" \/>\n\t<meta property=\"og:image:width\" content=\"1600\" \/>\n\t<meta property=\"og:image:height\" content=\"1068\" \/>\n\t<meta property=\"og:image:type\" content=\"image\/jpeg\" \/>\n<meta name=\"author\" content=\"studio128k_dam\" \/>\n<meta name=\"twitter:card\" content=\"summary_large_image\" \/>\n<meta name=\"twitter:label1\" content=\"Written by\" \/>\n\t<meta name=\"twitter:data1\" content=\"studio128k_dam\" \/>\n\t<meta name=\"twitter:label2\" content=\"Est. reading time\" \/>\n\t<meta name=\"twitter:data2\" content=\"2 minutes\" \/>\n<script type=\"application\/ld+json\" class=\"yoast-schema-graph\">{\"@context\":\"https:\\\/\\\/schema.org\",\"@graph\":[{\"@type\":\"Article\",\"@id\":\"https:\\\/\\\/spainfilmcommission.com\\\/en\\\/blog\\\/productores-de-toda-espana-debatiran-sobre-el-sector-en-zaragoza-con-motivo-de-la-celebracion-de-la-gala-de-los-premios-forque-de-egeda\\\/#article\",\"isPartOf\":{\"@id\":\"https:\\\/\\\/spainfilmcommission.com\\\/en\\\/blog\\\/productores-de-toda-espana-debatiran-sobre-el-sector-en-zaragoza-con-motivo-de-la-celebracion-de-la-gala-de-los-premios-forque-de-egeda\\\/\"},\"author\":{\"name\":\"studio128k_dam\",\"@id\":\"https:\\\/\\\/spainfilmcommission.com\\\/en\\\/#\\\/schema\\\/person\\\/6c014ba6ceac198d178a6a9e61113c9d\"},\"headline\":\"Productores de toda Espa\u00f1a debatir\u00e1n sobre el sector en Zaragoza con motivo de la celebraci\u00f3n de la gala de los Premios Forqu\u00e9 de EGEDA\",\"datePublished\":\"2018-01-09T22:00:00+00:00\",\"dateModified\":\"2025-02-11T07:07:42+00:00\",\"mainEntityOfPage\":{\"@id\":\"https:\\\/\\\/spainfilmcommission.com\\\/en\\\/blog\\\/productores-de-toda-espana-debatiran-sobre-el-sector-en-zaragoza-con-motivo-de-la-celebracion-de-la-gala-de-los-premios-forque-de-egeda\\\/\"},\"wordCount\":367,\"publisher\":{\"@id\":\"https:\\\/\\\/spainfilmcommission.com\\\/en\\\/#organization\"},\"image\":{\"@id\":\"https:\\\/\\\/spainfilmcommission.com\\\/en\\\/blog\\\/productores-de-toda-espana-debatiran-sobre-el-sector-en-zaragoza-con-motivo-de-la-celebracion-de-la-gala-de-los-premios-forque-de-egeda\\\/#primaryimage\"},\"thumbnailUrl\":\"https:\\\/\\\/spainfilmcommission.com\\\/wp-content\\\/uploads\\\/2018\\\/01\\\/productores-de-toda-espana-debatiran-sobre-el-sector-en-zaragoza-con-motivo-de-la-celebracion-de-la-gala-de-los-premios-forque-de-egeda-20.jpg\",\"articleSection\":[\"Noticias\"],\"inLanguage\":\"en-US\"},{\"@type\":\"WebPage\",\"@id\":\"https:\\\/\\\/spainfilmcommission.com\\\/en\\\/blog\\\/productores-de-toda-espana-debatiran-sobre-el-sector-en-zaragoza-con-motivo-de-la-celebracion-de-la-gala-de-los-premios-forque-de-egeda\\\/\",\"url\":\"https:\\\/\\\/spainfilmcommission.com\\\/en\\\/blog\\\/productores-de-toda-espana-debatiran-sobre-el-sector-en-zaragoza-con-motivo-de-la-celebracion-de-la-gala-de-los-premios-forque-de-egeda\\\/\",\"name\":\"Productores de toda Espa\u00f1a debatir\u00e1n sobre el sector en Zaragoza con motivo de la celebraci\u00f3n de la gala de los Premios Forqu\u00e9 de EGEDA - Spain Film Commission\",\"isPartOf\":{\"@id\":\"https:\\\/\\\/spainfilmcommission.com\\\/en\\\/#website\"},\"primaryImageOfPage\":{\"@id\":\"https:\\\/\\\/spainfilmcommission.com\\\/en\\\/blog\\\/productores-de-toda-espana-debatiran-sobre-el-sector-en-zaragoza-con-motivo-de-la-celebracion-de-la-gala-de-los-premios-forque-de-egeda\\\/#primaryimage\"},\"image\":{\"@id\":\"https:\\\/\\\/spainfilmcommission.com\\\/en\\\/blog\\\/productores-de-toda-espana-debatiran-sobre-el-sector-en-zaragoza-con-motivo-de-la-celebracion-de-la-gala-de-los-premios-forque-de-egeda\\\/#primaryimage\"},\"thumbnailUrl\":\"https:\\\/\\\/spainfilmcommission.com\\\/wp-content\\\/uploads\\\/2018\\\/01\\\/productores-de-toda-espana-debatiran-sobre-el-sector-en-zaragoza-con-motivo-de-la-celebracion-de-la-gala-de-los-premios-forque-de-egeda-20.jpg\",\"datePublished\":\"2018-01-09T22:00:00+00:00\",\"dateModified\":\"2025-02-11T07:07:42+00:00\",\"breadcrumb\":{\"@id\":\"https:\\\/\\\/spainfilmcommission.com\\\/en\\\/blog\\\/productores-de-toda-espana-debatiran-sobre-el-sector-en-zaragoza-con-motivo-de-la-celebracion-de-la-gala-de-los-premios-forque-de-egeda\\\/#breadcrumb\"},\"inLanguage\":\"en-US\",\"potentialAction\":[{\"@type\":\"ReadAction\",\"target\":[\"https:\\\/\\\/spainfilmcommission.com\\\/en\\\/blog\\\/productores-de-toda-espana-debatiran-sobre-el-sector-en-zaragoza-con-motivo-de-la-celebracion-de-la-gala-de-los-premios-forque-de-egeda\\\/\"]}]},{\"@type\":\"ImageObject\",\"inLanguage\":\"en-US\",\"@id\":\"https:\\\/\\\/spainfilmcommission.com\\\/en\\\/blog\\\/productores-de-toda-espana-debatiran-sobre-el-sector-en-zaragoza-con-motivo-de-la-celebracion-de-la-gala-de-los-premios-forque-de-egeda\\\/#primaryimage\",\"url\":\"https:\\\/\\\/spainfilmcommission.com\\\/wp-content\\\/uploads\\\/2018\\\/01\\\/productores-de-toda-espana-debatiran-sobre-el-sector-en-zaragoza-con-motivo-de-la-celebracion-de-la-gala-de-los-premios-forque-de-egeda-20.jpg\",\"contentUrl\":\"https:\\\/\\\/spainfilmcommission.com\\\/wp-content\\\/uploads\\\/2018\\\/01\\\/productores-de-toda-espana-debatiran-sobre-el-sector-en-zaragoza-con-motivo-de-la-celebracion-de-la-gala-de-los-premios-forque-de-egeda-20.jpg\",\"width\":1600,\"height\":1068},{\"@type\":\"BreadcrumbList\",\"@id\":\"https:\\\/\\\/spainfilmcommission.com\\\/en\\\/blog\\\/productores-de-toda-espana-debatiran-sobre-el-sector-en-zaragoza-con-motivo-de-la-celebracion-de-la-gala-de-los-premios-forque-de-egeda\\\/#breadcrumb\",\"itemListElement\":[{\"@type\":\"ListItem\",\"position\":1,\"name\":\"Portada\",\"item\":\"https:\\\/\\\/spainfilmcommission.com\\\/en\\\/\"},{\"@type\":\"ListItem\",\"position\":2,\"name\":\"Productores de toda Espa\u00f1a debatir\u00e1n sobre el sector en Zaragoza con motivo de la celebraci\u00f3n de la gala de los Premios Forqu\u00e9 de EGEDA\"}]},{\"@type\":\"WebSite\",\"@id\":\"https:\\\/\\\/spainfilmcommission.com\\\/en\\\/#website\",\"url\":\"https:\\\/\\\/spainfilmcommission.com\\\/en\\\/\",\"name\":\"Spain Film Commission\",\"description\":\"\",\"publisher\":{\"@id\":\"https:\\\/\\\/spainfilmcommission.com\\\/en\\\/#organization\"},\"potentialAction\":[{\"@type\":\"SearchAction\",\"target\":{\"@type\":\"EntryPoint\",\"urlTemplate\":\"https:\\\/\\\/spainfilmcommission.com\\\/en\\\/?s={search_term_string}\"},\"query-input\":{\"@type\":\"PropertyValueSpecification\",\"valueRequired\":true,\"valueName\":\"search_term_string\"}}],\"inLanguage\":\"en-US\"},{\"@type\":\"Organization\",\"@id\":\"https:\\\/\\\/spainfilmcommission.com\\\/en\\\/#organization\",\"name\":\"Spain Film Commission\",\"url\":\"https:\\\/\\\/spainfilmcommission.com\\\/en\\\/\",\"logo\":{\"@type\":\"ImageObject\",\"inLanguage\":\"en-US\",\"@id\":\"https:\\\/\\\/spainfilmcommission.com\\\/en\\\/#\\\/schema\\\/logo\\\/image\\\/\",\"url\":\"https:\\\/\\\/spainfilmcommission.com\\\/wp-content\\\/uploads\\\/2024\\\/07\\\/SPC_COLOR.png\",\"contentUrl\":\"https:\\\/\\\/spainfilmcommission.com\\\/wp-content\\\/uploads\\\/2024\\\/07\\\/SPC_COLOR.png\",\"width\":1665,\"height\":1665,\"caption\":\"Spain Film Commission\"},\"image\":{\"@id\":\"https:\\\/\\\/spainfilmcommission.com\\\/en\\\/#\\\/schema\\\/logo\\\/image\\\/\"}},{\"@type\":\"Person\",\"@id\":\"https:\\\/\\\/spainfilmcommission.com\\\/en\\\/#\\\/schema\\\/person\\\/6c014ba6ceac198d178a6a9e61113c9d\",\"name\":\"studio128k_dam\",\"image\":{\"@type\":\"ImageObject\",\"inLanguage\":\"en-US\",\"@id\":\"https:\\\/\\\/secure.gravatar.com\\\/avatar\\\/810f99144a13522c24aa173f9cd8bf079d0e89758af00b5f2938443cd51b31e9?s=96&d=mm&r=g\",\"url\":\"https:\\\/\\\/secure.gravatar.com\\\/avatar\\\/810f99144a13522c24aa173f9cd8bf079d0e89758af00b5f2938443cd51b31e9?s=96&d=mm&r=g\",\"contentUrl\":\"https:\\\/\\\/secure.gravatar.com\\\/avatar\\\/810f99144a13522c24aa173f9cd8bf079d0e89758af00b5f2938443cd51b31e9?s=96&d=mm&r=g\",\"caption\":\"studio128k_dam\"}}]}<\/script>\n<!-- \/ Yoast SEO plugin. -->","yoast_head_json":{"title":"Productores de toda Espa\u00f1a debatir\u00e1n sobre el sector en Zaragoza con motivo de la celebraci\u00f3n de la gala de los Premios Forqu\u00e9 de EGEDA - Spain Film Commission","robots":{"index":"index","follow":"follow","max-snippet":"max-snippet:-1","max-image-preview":"max-image-preview:large","max-video-preview":"max-video-preview:-1"},"canonical":"https:\/\/spainfilmcommission.com\/en\/blog\/productores-de-toda-espana-debatiran-sobre-el-sector-en-zaragoza-con-motivo-de-la-celebracion-de-la-gala-de-los-premios-forque-de-egeda\/","og_locale":"en_US","og_type":"article","og_title":"Productores de toda Espa\u00f1a debatir\u00e1n sobre el sector en Zaragoza con motivo de la celebraci\u00f3n de la gala de los Premios Forqu\u00e9 de EGEDA - Spain Film Commission","og_description":"Productores audiovisuales de 15 asociaciones profesionales de 10 comunidades se dar\u00e1n cita el 13 de enero en el IAACC Pablo Serrano Zaragoza, con la colaboraci\u00f3n del Gobierno de Arag\u00f3n y Arag\u00f3n Film Commission, para debatir sobre el modelo de financiaci\u00f3n audiovisual en Espa\u00f1a.","og_url":"https:\/\/spainfilmcommission.com\/en\/blog\/productores-de-toda-espana-debatiran-sobre-el-sector-en-zaragoza-con-motivo-de-la-celebracion-de-la-gala-de-los-premios-forque-de-egeda\/","og_site_name":"Spain Film Commission","article_published_time":"2018-01-09T22:00:00+00:00","article_modified_time":"2025-02-11T07:07:42+00:00","og_image":[{"width":1600,"height":1068,"url":"https:\/\/spainfilmcommission.com\/wp-content\/uploads\/2018\/01\/productores-de-toda-espana-debatiran-sobre-el-sector-en-zaragoza-con-motivo-de-la-celebracion-de-la-gala-de-los-premios-forque-de-egeda-20.jpg","type":"image\/jpeg"}],"author":"studio128k_dam","twitter_card":"summary_large_image","twitter_misc":{"Written by":"studio128k_dam","Est. reading time":"2 minutes"},"schema":{"@context":"https:\/\/schema.org","@graph":[{"@type":"Article","@id":"https:\/\/spainfilmcommission.com\/en\/blog\/productores-de-toda-espana-debatiran-sobre-el-sector-en-zaragoza-con-motivo-de-la-celebracion-de-la-gala-de-los-premios-forque-de-egeda\/#article","isPartOf":{"@id":"https:\/\/spainfilmcommission.com\/en\/blog\/productores-de-toda-espana-debatiran-sobre-el-sector-en-zaragoza-con-motivo-de-la-celebracion-de-la-gala-de-los-premios-forque-de-egeda\/"},"author":{"name":"studio128k_dam","@id":"https:\/\/spainfilmcommission.com\/en\/#\/schema\/person\/6c014ba6ceac198d178a6a9e61113c9d"},"headline":"Productores de toda Espa\u00f1a debatir\u00e1n sobre el sector en Zaragoza con motivo de la celebraci\u00f3n de la gala de los Premios Forqu\u00e9 de EGEDA","datePublished":"2018-01-09T22:00:00+00:00","dateModified":"2025-02-11T07:07:42+00:00","mainEntityOfPage":{"@id":"https:\/\/spainfilmcommission.com\/en\/blog\/productores-de-toda-espana-debatiran-sobre-el-sector-en-zaragoza-con-motivo-de-la-celebracion-de-la-gala-de-los-premios-forque-de-egeda\/"},"wordCount":367,"publisher":{"@id":"https:\/\/spainfilmcommission.com\/en\/#organization"},"image":{"@id":"https:\/\/spainfilmcommission.com\/en\/blog\/productores-de-toda-espana-debatiran-sobre-el-sector-en-zaragoza-con-motivo-de-la-celebracion-de-la-gala-de-los-premios-forque-de-egeda\/#primaryimage"},"thumbnailUrl":"https:\/\/spainfilmcommission.com\/wp-content\/uploads\/2018\/01\/productores-de-toda-espana-debatiran-sobre-el-sector-en-zaragoza-con-motivo-de-la-celebracion-de-la-gala-de-los-premios-forque-de-egeda-20.jpg","articleSection":["Noticias"],"inLanguage":"en-US"},{"@type":"WebPage","@id":"https:\/\/spainfilmcommission.com\/en\/blog\/productores-de-toda-espana-debatiran-sobre-el-sector-en-zaragoza-con-motivo-de-la-celebracion-de-la-gala-de-los-premios-forque-de-egeda\/","url":"https:\/\/spainfilmcommission.com\/en\/blog\/productores-de-toda-espana-debatiran-sobre-el-sector-en-zaragoza-con-motivo-de-la-celebracion-de-la-gala-de-los-premios-forque-de-egeda\/","name":"Productores de toda Espa\u00f1a debatir\u00e1n sobre el sector en Zaragoza con motivo de la celebraci\u00f3n de la gala de los Premios Forqu\u00e9 de EGEDA - Spain Film Commission","isPartOf":{"@id":"https:\/\/spainfilmcommission.com\/en\/#website"},"primaryImageOfPage":{"@id":"https:\/\/spainfilmcommission.com\/en\/blog\/productores-de-toda-espana-debatiran-sobre-el-sector-en-zaragoza-con-motivo-de-la-celebracion-de-la-gala-de-los-premios-forque-de-egeda\/#primaryimage"},"image":{"@id":"https:\/\/spainfilmcommission.com\/en\/blog\/productores-de-toda-espana-debatiran-sobre-el-sector-en-zaragoza-con-motivo-de-la-celebracion-de-la-gala-de-los-premios-forque-de-egeda\/#primaryimage"},"thumbnailUrl":"https:\/\/spainfilmcommission.com\/wp-content\/uploads\/2018\/01\/productores-de-toda-espana-debatiran-sobre-el-sector-en-zaragoza-con-motivo-de-la-celebracion-de-la-gala-de-los-premios-forque-de-egeda-20.jpg","datePublished":"2018-01-09T22:00:00+00:00","dateModified":"2025-02-11T07:07:42+00:00","breadcrumb":{"@id":"https:\/\/spainfilmcommission.com\/en\/blog\/productores-de-toda-espana-debatiran-sobre-el-sector-en-zaragoza-con-motivo-de-la-celebracion-de-la-gala-de-los-premios-forque-de-egeda\/#breadcrumb"},"inLanguage":"en-US","potentialAction":[{"@type":"ReadAction","target":["https:\/\/spainfilmcommission.com\/en\/blog\/productores-de-toda-espana-debatiran-sobre-el-sector-en-zaragoza-con-motivo-de-la-celebracion-de-la-gala-de-los-premios-forque-de-egeda\/"]}]},{"@type":"ImageObject","inLanguage":"en-US","@id":"https:\/\/spainfilmcommission.com\/en\/blog\/productores-de-toda-espana-debatiran-sobre-el-sector-en-zaragoza-con-motivo-de-la-celebracion-de-la-gala-de-los-premios-forque-de-egeda\/#primaryimage","url":"https:\/\/spainfilmcommission.com\/wp-content\/uploads\/2018\/01\/productores-de-toda-espana-debatiran-sobre-el-sector-en-zaragoza-con-motivo-de-la-celebracion-de-la-gala-de-los-premios-forque-de-egeda-20.jpg","contentUrl":"https:\/\/spainfilmcommission.com\/wp-content\/uploads\/2018\/01\/productores-de-toda-espana-debatiran-sobre-el-sector-en-zaragoza-con-motivo-de-la-celebracion-de-la-gala-de-los-premios-forque-de-egeda-20.jpg","width":1600,"height":1068},{"@type":"BreadcrumbList","@id":"https:\/\/spainfilmcommission.com\/en\/blog\/productores-de-toda-espana-debatiran-sobre-el-sector-en-zaragoza-con-motivo-de-la-celebracion-de-la-gala-de-los-premios-forque-de-egeda\/#breadcrumb","itemListElement":[{"@type":"ListItem","position":1,"name":"Portada","item":"https:\/\/spainfilmcommission.com\/en\/"},{"@type":"ListItem","position":2,"name":"Productores de toda Espa\u00f1a debatir\u00e1n sobre el sector en Zaragoza con motivo de la celebraci\u00f3n de la gala de los Premios Forqu\u00e9 de EGEDA"}]},{"@type":"WebSite","@id":"https:\/\/spainfilmcommission.com\/en\/#website","url":"https:\/\/spainfilmcommission.com\/en\/","name":"Spain Film Commission","description":"","publisher":{"@id":"https:\/\/spainfilmcommission.com\/en\/#organization"},"potentialAction":[{"@type":"SearchAction","target":{"@type":"EntryPoint","urlTemplate":"https:\/\/spainfilmcommission.com\/en\/?s={search_term_string}"},"query-input":{"@type":"PropertyValueSpecification","valueRequired":true,"valueName":"search_term_string"}}],"inLanguage":"en-US"},{"@type":"Organization","@id":"https:\/\/spainfilmcommission.com\/en\/#organization","name":"Spain Film Commission","url":"https:\/\/spainfilmcommission.com\/en\/","logo":{"@type":"ImageObject","inLanguage":"en-US","@id":"https:\/\/spainfilmcommission.com\/en\/#\/schema\/logo\/image\/","url":"https:\/\/spainfilmcommission.com\/wp-content\/uploads\/2024\/07\/SPC_COLOR.png","contentUrl":"https:\/\/spainfilmcommission.com\/wp-content\/uploads\/2024\/07\/SPC_COLOR.png","width":1665,"height":1665,"caption":"Spain Film Commission"},"image":{"@id":"https:\/\/spainfilmcommission.com\/en\/#\/schema\/logo\/image\/"}},{"@type":"Person","@id":"https:\/\/spainfilmcommission.com\/en\/#\/schema\/person\/6c014ba6ceac198d178a6a9e61113c9d","name":"studio128k_dam","image":{"@type":"ImageObject","inLanguage":"en-US","@id":"https:\/\/secure.gravatar.com\/avatar\/810f99144a13522c24aa173f9cd8bf079d0e89758af00b5f2938443cd51b31e9?s=96&d=mm&r=g","url":"https:\/\/secure.gravatar.com\/avatar\/810f99144a13522c24aa173f9cd8bf079d0e89758af00b5f2938443cd51b31e9?s=96&d=mm&r=g","contentUrl":"https:\/\/secure.gravatar.com\/avatar\/810f99144a13522c24aa173f9cd8bf079d0e89758af00b5f2938443cd51b31e9?s=96&d=mm&r=g","caption":"studio128k_dam"}}]}},"_links":{"self":[{"href":"https:\/\/spainfilmcommission.com\/en\/wp-json\/wp\/v2\/posts\/6818","targetHints":{"allow":["GET"]}}],"collection":[{"href":"https:\/\/spainfilmcommission.com\/en\/wp-json\/wp\/v2\/posts"}],"about":[{"href":"https:\/\/spainfilmcommission.com\/en\/wp-json\/wp\/v2\/types\/post"}],"author":[{"embeddable":true,"href":"https:\/\/spainfilmcommission.com\/en\/wp-json\/wp\/v2\/users\/2"}],"replies":[{"embeddable":true,"href":"https:\/\/spainfilmcommission.com\/en\/wp-json\/wp\/v2\/comments?post=6818"}],"version-history":[{"count":0,"href":"https:\/\/spainfilmcommission.com\/en\/wp-json\/wp\/v2\/posts\/6818\/revisions"}],"wp:featuredmedia":[{"embeddable":true,"href":"https:\/\/spainfilmcommission.com\/en\/wp-json\/wp\/v2\/media\/6819"}],"wp:attachment":[{"href":"https:\/\/spainfilmcommission.com\/en\/wp-json\/wp\/v2\/media?parent=6818"}],"wp:term":[{"taxonomy":"category","embeddable":true,"href":"https:\/\/spainfilmcommission.com\/en\/wp-json\/wp\/v2\/categories?post=6818"},{"taxonomy":"post_tag","embeddable":true,"href":"https:\/\/spainfilmcommission.com\/en\/wp-json\/wp\/v2\/tags?post=6818"}],"curies":[{"name":"wp","href":"https:\/\/api.w.org\/{rel}","templated":true}]}}