{"id":6705,"date":"2017-11-05T00:00:00","date_gmt":"2017-11-04T22:00:00","guid":{"rendered":"https:\/\/sfc.com\/la-academia-de-cine-europeo-otorga-a-la-plaza-de-espana-en-sevilla-el-titulo-tesoro-de-la-cultura-cinematografica-europea\/"},"modified":"2025-02-11T08:07:42","modified_gmt":"2025-02-11T07:07:42","slug":"la-academia-de-cine-europeo-otorga-a-la-plaza-de-espana-en-sevilla-el-titulo-tesoro-de-la-cultura-cinematografica-europea","status":"publish","type":"post","link":"https:\/\/spainfilmcommission.com\/en\/blog\/la-academia-de-cine-europeo-otorga-a-la-plaza-de-espana-en-sevilla-el-titulo-tesoro-de-la-cultura-cinematografica-europea\/","title":{"rendered":"La Academia de Cine Europeo otorga a la Plaza de Espa\u00f1a en Sevilla el t\u00edtulo &#8220;Tesoro de la cultura cinematogr\u00e1fica europea&#8221;"},"content":{"rendered":"<p>La Academia de Cine Europea (EFA) eligi\u00f3 la Plaza de Espa\u00f1a de Sevilla para su incorporaci\u00f3n a los <a href=\"https:\/\/www.europeanfilmacademy.org\/Press-Releases-detail.12.0.html?&#038;no_cache=1&#038;tx_ttnews%5Btt_news%5D=506&#038;cHash=9916cdda1dd58275b66436e8fe0fd40f\">Tesoros de la Cultura Cinematogr\u00e1fica Europea<\/a> tras la candidatura presentada por Andaluc\u00eda Film Commission, reconociendo as\u00ed la importancia y vinculaci\u00f3n de este monumento con la historia del cine.<\/p>\n<p>El domingo 5 de noviembre se realiz\u00f3 un acto para descubrir la placa conmemorativa, al que acudieron la Directora de la EFA, Marion D\u00f6rin; el Consejero de Cultura de la Junta de Andaluc\u00eda, Miguel \u00c1ngel V\u00e1zquez; el Presidente y la Directora de la Andaluc\u00eda Film Commission, Carlos Rosado y Piluca Querol acompa\u00f1ados de diversas personalizades del mudo de la cultura.<\/p>\n<p>Con motivo de este reconocimiento el edificio principal de Capitan\u00eda, uno de los escenarios principales de &#8216;Lawrence de Arabia&#8217; en el que se situaba el cuartel de las tropas brit\u00e1nicas en El Cairo, se abri\u00f3 al p\u00fablico de manera excepcional.<\/p>\n<p>Con este t\u00edtulo, la Academia de Cine Europeo desea sensibilizar a la opini\u00f3n p\u00fablica sobre lugares de car\u00e1cter simb\u00f3lico para el cine europeo, lugares de valor hist\u00f3rico que deben mantenerse y protegerse no solo ahora sino tambi\u00e9n para las generaciones venideras.<\/p>\n<p><span title=\"Plaza de Espa\u00f1a is the ninth location to be awarded by the European Film Academy.\">La Plaza de Espa\u00f1a es el noveno lugar en ser otorgado por la Academia de Cine Europeo para formar parte de la lista de &#8220;Tesoros de la cultura cinematogr\u00e1fica europea&#8221;:<\/span><\/p>\n<p><span title=\"The Eisenstein Memorial Centre in Moscow\">El Eisenstein Memorial Center en Mosc\u00fa<\/span><br \/><span title=\"The House of the brothers Lumi\u00e8re in Lyon\">La casa de los hermanos Lumi\u00e8re en Lyon<\/span><br \/><span title=\"The Bergman Center in Faro\">El Centro Bergman en Faro<\/span><br \/><span title=\"The World of Tonino Guerra in Pennabilli\">El mundo de Tonino Guerra en Pennabilli<\/span><br \/><span title=\"The Potemkin Stairs in Odessa\">La escalera de Potemkin en Odessa<\/span><br \/><span title=\"The Vienna Giant Ferris Wheel\">La noria gigante de Viena<\/span><br \/><span title=\"The Sergei Parajanov Museum in Yerevan\">El Museo Sergei Parajanov en Erev\u00e1n<\/span><br \/><span title=\"The Collegiate Church of Sant Vicen\u00e7 in Cardona\">La Colegiata de Sant Vicen\u00e7 en Cardona<\/span><\/p>\n<p>La Plaza de Espa\u00f1a de Sevilla originalmente dise\u00f1ada y construida como el principal s\u00edmbolo y el proyecto m\u00e1s ambicioso de la Exposici\u00f3n Universal de la Exposici\u00f3n Iberoamericana de 1929, Plaza de Espa\u00f1a es uno de los lugares m\u00e1s emblem\u00e1ticos de Sevilla.<\/p>\n<p><span title=\"With its mix of 1920s Art Deco, Neo-Renaissance, and Neo-Mud\u00e9jar styles, Plaza de Espa\u00f1a has served as the set for various films from STAR WARS to THE DICTATOR.\">Con su mezcla de estilos Art Deco, Neo-renacentista y Neo-Mud\u00e9jar de los a\u00f1os 20, Plaza de Espa\u00f1a ha sido el escenario de varias pel\u00edculas, desde &#8216;Star wars&#8217; hasta &#8216;The dictator&#8217;. <\/span><span title=\"Actors who have shot here include Vittorio de Sica, Sean Connery and, of course, Peter OToole.\">Entre los actores que han rodado aqu\u00ed se encuentran Vittorio de Sica, Sean Connery y, por supuesto, Peter O&#8217;Toole.<\/span><\/p>\n<p><span title=\"Above all, it is forever linked to the history of cinema by its role in David Lean's unforgettable epic LAWRENCE OF ARABIA, where it served as the English army headquarters and officers' club in Cairo.\">Sobre todo, est\u00e1 vinculado para siempre a la historia del cine por su papel en la inolvidable pel\u00edcula \u00e9pica de David Lean, &#8216;Lawrence de Arabia&#8217;, donde sirvi\u00f3 como sede del ej\u00e9rcito ingl\u00e9s y club de oficiales en El Cairo.<\/span><\/p>\n<p><img src='https:\/\/spainfilmcommission.com\/\/wp-content\/uploads\/2017\/11\/la-academia-de-cine-europeo-otorga-a-la-plaza-de-espana-en-sevilla-el-titulo-tesoro-de-la-cultura-cinematografica-europea1-10.jpg' alt='Imagen relacionada'><img src='https:\/\/spainfilmcommission.com\/\/wp-content\/uploads\/2017\/11\/la-academia-de-cine-europeo-otorga-a-la-plaza-de-espana-en-sevilla-el-titulo-tesoro-de-la-cultura-cinematografica-europea2-10.jpg' alt='Imagen relacionada'><\/p>\n","protected":false},"excerpt":{"rendered":"<p>La Academia de Cine Europea (EFA) eligi\u00f3 la Plaza de Espa\u00f1a de Sevilla para su incorporaci\u00f3n a los <a href=\"https:\/\/www.europeanfilmacademy.org\/Press-Releases-detail.12.0.html?&#038;no_cache=1&#038;tx_ttnews%5Btt_news%5D=506&#038;cHash=9916cdda1dd58275b66436e8fe0fd40f\">Tesoros de la Cultura Cinematogr\u00e1fica Europea<\/a> tras la candidatura presentada por Andaluc\u00eda Film Commission, reconociendo as\u00ed la importancia y vinculaci\u00f3n de este monumento con la historia del cine.<\/p>\n","protected":false},"author":2,"featured_media":6706,"comment_status":"closed","ping_status":"","sticky":false,"template":"","format":"standard","meta":{"footnotes":""},"categories":[38],"tags":[],"class_list":["post-6705","post","type-post","status-publish","format-standard","has-post-thumbnail","hentry","category-noticias"],"yoast_head":"<!-- This site is optimized with the Yoast SEO plugin v27.3 - https:\/\/yoast.com\/product\/yoast-seo-wordpress\/ -->\n<title>La Academia de Cine Europeo otorga a la Plaza de Espa\u00f1a en Sevilla el t\u00edtulo &quot;Tesoro de la cultura cinematogr\u00e1fica europea&quot; - Spain Film Commission<\/title>\n<meta name=\"robots\" content=\"index, follow, max-snippet:-1, max-image-preview:large, max-video-preview:-1\" \/>\n<link rel=\"canonical\" href=\"https:\/\/spainfilmcommission.com\/en\/blog\/la-academia-de-cine-europeo-otorga-a-la-plaza-de-espana-en-sevilla-el-titulo-tesoro-de-la-cultura-cinematografica-europea\/\" \/>\n<meta property=\"og:locale\" content=\"en_US\" \/>\n<meta property=\"og:type\" content=\"article\" \/>\n<meta property=\"og:title\" content=\"La Academia de Cine Europeo otorga a la Plaza de Espa\u00f1a en Sevilla el t\u00edtulo &quot;Tesoro de la cultura cinematogr\u00e1fica europea&quot; - Spain Film Commission\" \/>\n<meta property=\"og:description\" content=\"La Academia de Cine Europea (EFA) eligi\u00f3 la Plaza de Espa\u00f1a de Sevilla para su incorporaci\u00f3n a los Tesoros de la Cultura Cinematogr\u00e1fica Europea tras la candidatura presentada por Andaluc\u00eda Film Commission, reconociendo as\u00ed la importancia y vinculaci\u00f3n de este monumento con la historia del cine.\" \/>\n<meta property=\"og:url\" content=\"https:\/\/spainfilmcommission.com\/en\/blog\/la-academia-de-cine-europeo-otorga-a-la-plaza-de-espana-en-sevilla-el-titulo-tesoro-de-la-cultura-cinematografica-europea\/\" \/>\n<meta property=\"og:site_name\" content=\"Spain Film Commission\" \/>\n<meta property=\"article:published_time\" content=\"2017-11-04T22:00:00+00:00\" \/>\n<meta property=\"article:modified_time\" content=\"2025-02-11T07:07:42+00:00\" \/>\n<meta property=\"og:image\" content=\"https:\/\/spainfilmcommission.com\/wp-content\/uploads\/2017\/11\/la-academia-de-cine-europeo-otorga-a-la-plaza-de-espana-en-sevilla-el-titulo-tesoro-de-la-cultura-cinematografica-europea-10.jpg\" \/>\n\t<meta property=\"og:image:width\" content=\"1440\" \/>\n\t<meta property=\"og:image:height\" content=\"812\" \/>\n\t<meta property=\"og:image:type\" content=\"image\/jpeg\" \/>\n<meta name=\"author\" content=\"studio128k_dam\" \/>\n<meta name=\"twitter:card\" content=\"summary_large_image\" \/>\n<meta name=\"twitter:label1\" content=\"Written by\" \/>\n\t<meta name=\"twitter:data1\" content=\"studio128k_dam\" \/>\n\t<meta name=\"twitter:label2\" content=\"Est. reading time\" \/>\n\t<meta name=\"twitter:data2\" content=\"2 minutes\" \/>\n<script type=\"application\/ld+json\" class=\"yoast-schema-graph\">{\"@context\":\"https:\\\/\\\/schema.org\",\"@graph\":[{\"@type\":\"Article\",\"@id\":\"https:\\\/\\\/spainfilmcommission.com\\\/en\\\/blog\\\/la-academia-de-cine-europeo-otorga-a-la-plaza-de-espana-en-sevilla-el-titulo-tesoro-de-la-cultura-cinematografica-europea\\\/#article\",\"isPartOf\":{\"@id\":\"https:\\\/\\\/spainfilmcommission.com\\\/en\\\/blog\\\/la-academia-de-cine-europeo-otorga-a-la-plaza-de-espana-en-sevilla-el-titulo-tesoro-de-la-cultura-cinematografica-europea\\\/\"},\"author\":{\"name\":\"studio128k_dam\",\"@id\":\"https:\\\/\\\/spainfilmcommission.com\\\/en\\\/#\\\/schema\\\/person\\\/6c014ba6ceac198d178a6a9e61113c9d\"},\"headline\":\"La Academia de Cine Europeo otorga a la Plaza de Espa\u00f1a en Sevilla el t\u00edtulo &#8220;Tesoro de la cultura cinematogr\u00e1fica europea&#8221;\",\"datePublished\":\"2017-11-04T22:00:00+00:00\",\"dateModified\":\"2025-02-11T07:07:42+00:00\",\"mainEntityOfPage\":{\"@id\":\"https:\\\/\\\/spainfilmcommission.com\\\/en\\\/blog\\\/la-academia-de-cine-europeo-otorga-a-la-plaza-de-espana-en-sevilla-el-titulo-tesoro-de-la-cultura-cinematografica-europea\\\/\"},\"wordCount\":458,\"publisher\":{\"@id\":\"https:\\\/\\\/spainfilmcommission.com\\\/en\\\/#organization\"},\"image\":{\"@id\":\"https:\\\/\\\/spainfilmcommission.com\\\/en\\\/blog\\\/la-academia-de-cine-europeo-otorga-a-la-plaza-de-espana-en-sevilla-el-titulo-tesoro-de-la-cultura-cinematografica-europea\\\/#primaryimage\"},\"thumbnailUrl\":\"https:\\\/\\\/spainfilmcommission.com\\\/wp-content\\\/uploads\\\/2017\\\/11\\\/la-academia-de-cine-europeo-otorga-a-la-plaza-de-espana-en-sevilla-el-titulo-tesoro-de-la-cultura-cinematografica-europea-10.jpg\",\"articleSection\":[\"Noticias\"],\"inLanguage\":\"en-US\"},{\"@type\":\"WebPage\",\"@id\":\"https:\\\/\\\/spainfilmcommission.com\\\/en\\\/blog\\\/la-academia-de-cine-europeo-otorga-a-la-plaza-de-espana-en-sevilla-el-titulo-tesoro-de-la-cultura-cinematografica-europea\\\/\",\"url\":\"https:\\\/\\\/spainfilmcommission.com\\\/en\\\/blog\\\/la-academia-de-cine-europeo-otorga-a-la-plaza-de-espana-en-sevilla-el-titulo-tesoro-de-la-cultura-cinematografica-europea\\\/\",\"name\":\"La Academia de Cine Europeo otorga a la Plaza de Espa\u00f1a en Sevilla el t\u00edtulo \\\"Tesoro de la cultura cinematogr\u00e1fica europea\\\" - Spain Film Commission\",\"isPartOf\":{\"@id\":\"https:\\\/\\\/spainfilmcommission.com\\\/en\\\/#website\"},\"primaryImageOfPage\":{\"@id\":\"https:\\\/\\\/spainfilmcommission.com\\\/en\\\/blog\\\/la-academia-de-cine-europeo-otorga-a-la-plaza-de-espana-en-sevilla-el-titulo-tesoro-de-la-cultura-cinematografica-europea\\\/#primaryimage\"},\"image\":{\"@id\":\"https:\\\/\\\/spainfilmcommission.com\\\/en\\\/blog\\\/la-academia-de-cine-europeo-otorga-a-la-plaza-de-espana-en-sevilla-el-titulo-tesoro-de-la-cultura-cinematografica-europea\\\/#primaryimage\"},\"thumbnailUrl\":\"https:\\\/\\\/spainfilmcommission.com\\\/wp-content\\\/uploads\\\/2017\\\/11\\\/la-academia-de-cine-europeo-otorga-a-la-plaza-de-espana-en-sevilla-el-titulo-tesoro-de-la-cultura-cinematografica-europea-10.jpg\",\"datePublished\":\"2017-11-04T22:00:00+00:00\",\"dateModified\":\"2025-02-11T07:07:42+00:00\",\"breadcrumb\":{\"@id\":\"https:\\\/\\\/spainfilmcommission.com\\\/en\\\/blog\\\/la-academia-de-cine-europeo-otorga-a-la-plaza-de-espana-en-sevilla-el-titulo-tesoro-de-la-cultura-cinematografica-europea\\\/#breadcrumb\"},\"inLanguage\":\"en-US\",\"potentialAction\":[{\"@type\":\"ReadAction\",\"target\":[\"https:\\\/\\\/spainfilmcommission.com\\\/en\\\/blog\\\/la-academia-de-cine-europeo-otorga-a-la-plaza-de-espana-en-sevilla-el-titulo-tesoro-de-la-cultura-cinematografica-europea\\\/\"]}]},{\"@type\":\"ImageObject\",\"inLanguage\":\"en-US\",\"@id\":\"https:\\\/\\\/spainfilmcommission.com\\\/en\\\/blog\\\/la-academia-de-cine-europeo-otorga-a-la-plaza-de-espana-en-sevilla-el-titulo-tesoro-de-la-cultura-cinematografica-europea\\\/#primaryimage\",\"url\":\"https:\\\/\\\/spainfilmcommission.com\\\/wp-content\\\/uploads\\\/2017\\\/11\\\/la-academia-de-cine-europeo-otorga-a-la-plaza-de-espana-en-sevilla-el-titulo-tesoro-de-la-cultura-cinematografica-europea-10.jpg\",\"contentUrl\":\"https:\\\/\\\/spainfilmcommission.com\\\/wp-content\\\/uploads\\\/2017\\\/11\\\/la-academia-de-cine-europeo-otorga-a-la-plaza-de-espana-en-sevilla-el-titulo-tesoro-de-la-cultura-cinematografica-europea-10.jpg\",\"width\":1440,\"height\":812},{\"@type\":\"BreadcrumbList\",\"@id\":\"https:\\\/\\\/spainfilmcommission.com\\\/en\\\/blog\\\/la-academia-de-cine-europeo-otorga-a-la-plaza-de-espana-en-sevilla-el-titulo-tesoro-de-la-cultura-cinematografica-europea\\\/#breadcrumb\",\"itemListElement\":[{\"@type\":\"ListItem\",\"position\":1,\"name\":\"Portada\",\"item\":\"https:\\\/\\\/spainfilmcommission.com\\\/en\\\/\"},{\"@type\":\"ListItem\",\"position\":2,\"name\":\"La Academia de Cine Europeo otorga a la Plaza de Espa\u00f1a en Sevilla el t\u00edtulo \u00abTesoro de la cultura cinematogr\u00e1fica europea\u00bb\"}]},{\"@type\":\"WebSite\",\"@id\":\"https:\\\/\\\/spainfilmcommission.com\\\/en\\\/#website\",\"url\":\"https:\\\/\\\/spainfilmcommission.com\\\/en\\\/\",\"name\":\"Spain Film Commission\",\"description\":\"\",\"publisher\":{\"@id\":\"https:\\\/\\\/spainfilmcommission.com\\\/en\\\/#organization\"},\"potentialAction\":[{\"@type\":\"SearchAction\",\"target\":{\"@type\":\"EntryPoint\",\"urlTemplate\":\"https:\\\/\\\/spainfilmcommission.com\\\/en\\\/?s={search_term_string}\"},\"query-input\":{\"@type\":\"PropertyValueSpecification\",\"valueRequired\":true,\"valueName\":\"search_term_string\"}}],\"inLanguage\":\"en-US\"},{\"@type\":\"Organization\",\"@id\":\"https:\\\/\\\/spainfilmcommission.com\\\/en\\\/#organization\",\"name\":\"Spain Film Commission\",\"url\":\"https:\\\/\\\/spainfilmcommission.com\\\/en\\\/\",\"logo\":{\"@type\":\"ImageObject\",\"inLanguage\":\"en-US\",\"@id\":\"https:\\\/\\\/spainfilmcommission.com\\\/en\\\/#\\\/schema\\\/logo\\\/image\\\/\",\"url\":\"https:\\\/\\\/spainfilmcommission.com\\\/wp-content\\\/uploads\\\/2024\\\/07\\\/SPC_COLOR.png\",\"contentUrl\":\"https:\\\/\\\/spainfilmcommission.com\\\/wp-content\\\/uploads\\\/2024\\\/07\\\/SPC_COLOR.png\",\"width\":1665,\"height\":1665,\"caption\":\"Spain Film Commission\"},\"image\":{\"@id\":\"https:\\\/\\\/spainfilmcommission.com\\\/en\\\/#\\\/schema\\\/logo\\\/image\\\/\"}},{\"@type\":\"Person\",\"@id\":\"https:\\\/\\\/spainfilmcommission.com\\\/en\\\/#\\\/schema\\\/person\\\/6c014ba6ceac198d178a6a9e61113c9d\",\"name\":\"studio128k_dam\",\"image\":{\"@type\":\"ImageObject\",\"inLanguage\":\"en-US\",\"@id\":\"https:\\\/\\\/secure.gravatar.com\\\/avatar\\\/810f99144a13522c24aa173f9cd8bf079d0e89758af00b5f2938443cd51b31e9?s=96&d=mm&r=g\",\"url\":\"https:\\\/\\\/secure.gravatar.com\\\/avatar\\\/810f99144a13522c24aa173f9cd8bf079d0e89758af00b5f2938443cd51b31e9?s=96&d=mm&r=g\",\"contentUrl\":\"https:\\\/\\\/secure.gravatar.com\\\/avatar\\\/810f99144a13522c24aa173f9cd8bf079d0e89758af00b5f2938443cd51b31e9?s=96&d=mm&r=g\",\"caption\":\"studio128k_dam\"}}]}<\/script>\n<!-- \/ Yoast SEO plugin. -->","yoast_head_json":{"title":"La Academia de Cine Europeo otorga a la Plaza de Espa\u00f1a en Sevilla el t\u00edtulo \"Tesoro de la cultura cinematogr\u00e1fica europea\" - Spain Film Commission","robots":{"index":"index","follow":"follow","max-snippet":"max-snippet:-1","max-image-preview":"max-image-preview:large","max-video-preview":"max-video-preview:-1"},"canonical":"https:\/\/spainfilmcommission.com\/en\/blog\/la-academia-de-cine-europeo-otorga-a-la-plaza-de-espana-en-sevilla-el-titulo-tesoro-de-la-cultura-cinematografica-europea\/","og_locale":"en_US","og_type":"article","og_title":"La Academia de Cine Europeo otorga a la Plaza de Espa\u00f1a en Sevilla el t\u00edtulo \"Tesoro de la cultura cinematogr\u00e1fica europea\" - Spain Film Commission","og_description":"La Academia de Cine Europea (EFA) eligi\u00f3 la Plaza de Espa\u00f1a de Sevilla para su incorporaci\u00f3n a los Tesoros de la Cultura Cinematogr\u00e1fica Europea tras la candidatura presentada por Andaluc\u00eda Film Commission, reconociendo as\u00ed la importancia y vinculaci\u00f3n de este monumento con la historia del cine.","og_url":"https:\/\/spainfilmcommission.com\/en\/blog\/la-academia-de-cine-europeo-otorga-a-la-plaza-de-espana-en-sevilla-el-titulo-tesoro-de-la-cultura-cinematografica-europea\/","og_site_name":"Spain Film Commission","article_published_time":"2017-11-04T22:00:00+00:00","article_modified_time":"2025-02-11T07:07:42+00:00","og_image":[{"width":1440,"height":812,"url":"https:\/\/spainfilmcommission.com\/wp-content\/uploads\/2017\/11\/la-academia-de-cine-europeo-otorga-a-la-plaza-de-espana-en-sevilla-el-titulo-tesoro-de-la-cultura-cinematografica-europea-10.jpg","type":"image\/jpeg"}],"author":"studio128k_dam","twitter_card":"summary_large_image","twitter_misc":{"Written by":"studio128k_dam","Est. reading time":"2 minutes"},"schema":{"@context":"https:\/\/schema.org","@graph":[{"@type":"Article","@id":"https:\/\/spainfilmcommission.com\/en\/blog\/la-academia-de-cine-europeo-otorga-a-la-plaza-de-espana-en-sevilla-el-titulo-tesoro-de-la-cultura-cinematografica-europea\/#article","isPartOf":{"@id":"https:\/\/spainfilmcommission.com\/en\/blog\/la-academia-de-cine-europeo-otorga-a-la-plaza-de-espana-en-sevilla-el-titulo-tesoro-de-la-cultura-cinematografica-europea\/"},"author":{"name":"studio128k_dam","@id":"https:\/\/spainfilmcommission.com\/en\/#\/schema\/person\/6c014ba6ceac198d178a6a9e61113c9d"},"headline":"La Academia de Cine Europeo otorga a la Plaza de Espa\u00f1a en Sevilla el t\u00edtulo &#8220;Tesoro de la cultura cinematogr\u00e1fica europea&#8221;","datePublished":"2017-11-04T22:00:00+00:00","dateModified":"2025-02-11T07:07:42+00:00","mainEntityOfPage":{"@id":"https:\/\/spainfilmcommission.com\/en\/blog\/la-academia-de-cine-europeo-otorga-a-la-plaza-de-espana-en-sevilla-el-titulo-tesoro-de-la-cultura-cinematografica-europea\/"},"wordCount":458,"publisher":{"@id":"https:\/\/spainfilmcommission.com\/en\/#organization"},"image":{"@id":"https:\/\/spainfilmcommission.com\/en\/blog\/la-academia-de-cine-europeo-otorga-a-la-plaza-de-espana-en-sevilla-el-titulo-tesoro-de-la-cultura-cinematografica-europea\/#primaryimage"},"thumbnailUrl":"https:\/\/spainfilmcommission.com\/wp-content\/uploads\/2017\/11\/la-academia-de-cine-europeo-otorga-a-la-plaza-de-espana-en-sevilla-el-titulo-tesoro-de-la-cultura-cinematografica-europea-10.jpg","articleSection":["Noticias"],"inLanguage":"en-US"},{"@type":"WebPage","@id":"https:\/\/spainfilmcommission.com\/en\/blog\/la-academia-de-cine-europeo-otorga-a-la-plaza-de-espana-en-sevilla-el-titulo-tesoro-de-la-cultura-cinematografica-europea\/","url":"https:\/\/spainfilmcommission.com\/en\/blog\/la-academia-de-cine-europeo-otorga-a-la-plaza-de-espana-en-sevilla-el-titulo-tesoro-de-la-cultura-cinematografica-europea\/","name":"La Academia de Cine Europeo otorga a la Plaza de Espa\u00f1a en Sevilla el t\u00edtulo \"Tesoro de la cultura cinematogr\u00e1fica europea\" - Spain Film Commission","isPartOf":{"@id":"https:\/\/spainfilmcommission.com\/en\/#website"},"primaryImageOfPage":{"@id":"https:\/\/spainfilmcommission.com\/en\/blog\/la-academia-de-cine-europeo-otorga-a-la-plaza-de-espana-en-sevilla-el-titulo-tesoro-de-la-cultura-cinematografica-europea\/#primaryimage"},"image":{"@id":"https:\/\/spainfilmcommission.com\/en\/blog\/la-academia-de-cine-europeo-otorga-a-la-plaza-de-espana-en-sevilla-el-titulo-tesoro-de-la-cultura-cinematografica-europea\/#primaryimage"},"thumbnailUrl":"https:\/\/spainfilmcommission.com\/wp-content\/uploads\/2017\/11\/la-academia-de-cine-europeo-otorga-a-la-plaza-de-espana-en-sevilla-el-titulo-tesoro-de-la-cultura-cinematografica-europea-10.jpg","datePublished":"2017-11-04T22:00:00+00:00","dateModified":"2025-02-11T07:07:42+00:00","breadcrumb":{"@id":"https:\/\/spainfilmcommission.com\/en\/blog\/la-academia-de-cine-europeo-otorga-a-la-plaza-de-espana-en-sevilla-el-titulo-tesoro-de-la-cultura-cinematografica-europea\/#breadcrumb"},"inLanguage":"en-US","potentialAction":[{"@type":"ReadAction","target":["https:\/\/spainfilmcommission.com\/en\/blog\/la-academia-de-cine-europeo-otorga-a-la-plaza-de-espana-en-sevilla-el-titulo-tesoro-de-la-cultura-cinematografica-europea\/"]}]},{"@type":"ImageObject","inLanguage":"en-US","@id":"https:\/\/spainfilmcommission.com\/en\/blog\/la-academia-de-cine-europeo-otorga-a-la-plaza-de-espana-en-sevilla-el-titulo-tesoro-de-la-cultura-cinematografica-europea\/#primaryimage","url":"https:\/\/spainfilmcommission.com\/wp-content\/uploads\/2017\/11\/la-academia-de-cine-europeo-otorga-a-la-plaza-de-espana-en-sevilla-el-titulo-tesoro-de-la-cultura-cinematografica-europea-10.jpg","contentUrl":"https:\/\/spainfilmcommission.com\/wp-content\/uploads\/2017\/11\/la-academia-de-cine-europeo-otorga-a-la-plaza-de-espana-en-sevilla-el-titulo-tesoro-de-la-cultura-cinematografica-europea-10.jpg","width":1440,"height":812},{"@type":"BreadcrumbList","@id":"https:\/\/spainfilmcommission.com\/en\/blog\/la-academia-de-cine-europeo-otorga-a-la-plaza-de-espana-en-sevilla-el-titulo-tesoro-de-la-cultura-cinematografica-europea\/#breadcrumb","itemListElement":[{"@type":"ListItem","position":1,"name":"Portada","item":"https:\/\/spainfilmcommission.com\/en\/"},{"@type":"ListItem","position":2,"name":"La Academia de Cine Europeo otorga a la Plaza de Espa\u00f1a en Sevilla el t\u00edtulo \u00abTesoro de la cultura cinematogr\u00e1fica europea\u00bb"}]},{"@type":"WebSite","@id":"https:\/\/spainfilmcommission.com\/en\/#website","url":"https:\/\/spainfilmcommission.com\/en\/","name":"Spain Film Commission","description":"","publisher":{"@id":"https:\/\/spainfilmcommission.com\/en\/#organization"},"potentialAction":[{"@type":"SearchAction","target":{"@type":"EntryPoint","urlTemplate":"https:\/\/spainfilmcommission.com\/en\/?s={search_term_string}"},"query-input":{"@type":"PropertyValueSpecification","valueRequired":true,"valueName":"search_term_string"}}],"inLanguage":"en-US"},{"@type":"Organization","@id":"https:\/\/spainfilmcommission.com\/en\/#organization","name":"Spain Film Commission","url":"https:\/\/spainfilmcommission.com\/en\/","logo":{"@type":"ImageObject","inLanguage":"en-US","@id":"https:\/\/spainfilmcommission.com\/en\/#\/schema\/logo\/image\/","url":"https:\/\/spainfilmcommission.com\/wp-content\/uploads\/2024\/07\/SPC_COLOR.png","contentUrl":"https:\/\/spainfilmcommission.com\/wp-content\/uploads\/2024\/07\/SPC_COLOR.png","width":1665,"height":1665,"caption":"Spain Film Commission"},"image":{"@id":"https:\/\/spainfilmcommission.com\/en\/#\/schema\/logo\/image\/"}},{"@type":"Person","@id":"https:\/\/spainfilmcommission.com\/en\/#\/schema\/person\/6c014ba6ceac198d178a6a9e61113c9d","name":"studio128k_dam","image":{"@type":"ImageObject","inLanguage":"en-US","@id":"https:\/\/secure.gravatar.com\/avatar\/810f99144a13522c24aa173f9cd8bf079d0e89758af00b5f2938443cd51b31e9?s=96&d=mm&r=g","url":"https:\/\/secure.gravatar.com\/avatar\/810f99144a13522c24aa173f9cd8bf079d0e89758af00b5f2938443cd51b31e9?s=96&d=mm&r=g","contentUrl":"https:\/\/secure.gravatar.com\/avatar\/810f99144a13522c24aa173f9cd8bf079d0e89758af00b5f2938443cd51b31e9?s=96&d=mm&r=g","caption":"studio128k_dam"}}]}},"_links":{"self":[{"href":"https:\/\/spainfilmcommission.com\/en\/wp-json\/wp\/v2\/posts\/6705","targetHints":{"allow":["GET"]}}],"collection":[{"href":"https:\/\/spainfilmcommission.com\/en\/wp-json\/wp\/v2\/posts"}],"about":[{"href":"https:\/\/spainfilmcommission.com\/en\/wp-json\/wp\/v2\/types\/post"}],"author":[{"embeddable":true,"href":"https:\/\/spainfilmcommission.com\/en\/wp-json\/wp\/v2\/users\/2"}],"replies":[{"embeddable":true,"href":"https:\/\/spainfilmcommission.com\/en\/wp-json\/wp\/v2\/comments?post=6705"}],"version-history":[{"count":0,"href":"https:\/\/spainfilmcommission.com\/en\/wp-json\/wp\/v2\/posts\/6705\/revisions"}],"wp:featuredmedia":[{"embeddable":true,"href":"https:\/\/spainfilmcommission.com\/en\/wp-json\/wp\/v2\/media\/6706"}],"wp:attachment":[{"href":"https:\/\/spainfilmcommission.com\/en\/wp-json\/wp\/v2\/media?parent=6705"}],"wp:term":[{"taxonomy":"category","embeddable":true,"href":"https:\/\/spainfilmcommission.com\/en\/wp-json\/wp\/v2\/categories?post=6705"},{"taxonomy":"post_tag","embeddable":true,"href":"https:\/\/spainfilmcommission.com\/en\/wp-json\/wp\/v2\/tags?post=6705"}],"curies":[{"name":"wp","href":"https:\/\/api.w.org\/{rel}","templated":true}]}}