{"id":6689,"date":"2017-11-03T00:00:00","date_gmt":"2017-11-02T22:00:00","guid":{"rendered":"https:\/\/sfc.com\/spain-film-commission-comparece-en-el-parlamento-de-la-rioja\/"},"modified":"2025-02-11T08:07:43","modified_gmt":"2025-02-11T07:07:43","slug":"spain-film-commission-comparece-en-el-parlamento-de-la-rioja","status":"publish","type":"post","link":"https:\/\/spainfilmcommission.com\/en\/blog\/spain-film-commission-comparece-en-el-parlamento-de-la-rioja\/","title":{"rendered":"Spain Film Commission comparece en el Parlamento de La Rioja"},"content":{"rendered":"<p>El presidente de Spain Film Commission, Carlos Rosado Cobi\u00e1n, compareci\u00f3 el pasado 31 de octubre en la Comisi\u00f3n de Desarrollo e Innovaci\u00f3n del Parlamento de La Rioja para hablar del funcionamiento de nuestra entidad. En la sesi\u00f3n tambi\u00e9n compareci\u00f3 la consejera de Desarrollo Econ\u00f3mico e Innovaci\u00f3n del Gobierno de La Rioja, Leonor Gonz\u00e1lez Menorca.<\/p>\n<p>En su intervenci\u00f3n Carlos Rosado ha destacado que el cine es una herramienta de primer nivel en el momento actual porque tiene influencia, es una fuente de conocimientos, crea tendencias, condiciona comportamientos e incluso moda y tiene una relaci\u00f3n muy directa con el espectador. Porque un audiovisual, una historia de ficci\u00f3n produce un v\u00ednculo emocional en el espectador intenso que le hace generar empat\u00eda con lo que ve y tambi\u00e9n por d\u00f3nde se ha rodado y todo ello, si est\u00e1 bien hecho, produce un impacto econ\u00f3mico y de empleo sobre la industria audiovisual y sobre todos los servicios conexos y dinamizaci\u00f3n del lugar muy importantes.<\/p>\n<p>As\u00ed, ha explicado, que cuando un rodaje se hace bien produce un efecto de reputaci\u00f3n del destino y cuenta con un impacto medi\u00e1tico que se traduce en rentabilizaci\u00f3n tur\u00edstica que ayuda a la comunidad aut\u00f3noma.<\/p>\n<p>Adem\u00e1s, ha ofrecido las claves para que un rodaje sea un \u00e9xito como es disponer de las herramientas adecuadas, la actuaci\u00f3n en red, autonom\u00edas de gesti\u00f3n y compartir costos. Tambi\u00e9n hay que contar con garant\u00edas para que esos rodajes no causen destrozos de tipo medioambiental y obtener todos los permisos. Por ello la coordinaci\u00f3n es fundamental.<\/p>\n<p>A pesar de que es un camino largo, el presidente de Spain Film Commission ha pedido ante la sesi\u00f3n informativa un proceso de reflexi\u00f3n para que consideren la posibilidad de crear una Film Commission en La Rioja y para ello ha asegurado todos nosotros estamos a disposici\u00f3n del Gobierno de La Rioja para colaborar en su creaci\u00f3n.<\/p>\n<p>La consejera de Desarrollo Econ\u00f3mico e Innovaci\u00f3n, Leonor Gonz\u00e1lez Menorca, ha anunciado la intenci\u00f3n de llevar a cabo un protocolo entre el Ejecutivo regional y Rioja Turismo, como sociedad an\u00f3nima, para que se puedan agilizar los tr\u00e1mites para la atracci\u00f3n de rodajes audiovisuales en nuestra comunidad aut\u00f3noma.<\/p>\n<p>Un protocolo bien definido, con sus objetivos y su articulaci\u00f3n interna, con el fin de conseguir resultados en la atracci\u00f3n de rodajes y que se descubran las bondades de La Rioja para los rodajes audiovisuales.<\/p>\n<p>Tambi\u00e9n ha informado de que, actualmente, La Rioja Turismo ya est\u00e1 realizando este tipo de trabajos para cuestiones menores, aunque ha reconocido que es de inter\u00e9s trabajar para lo que, como estrategia de futuro, pudiera ser la creaci\u00f3n de una Film Commission en La Rioja, por el impacto que tendr\u00e1 en la industria del cine para La Rioja que atesora un conjunto de elementos patrimoniales, culturales, urban\u00edsticos, humanos y paisaj\u00edsticos de importancia .<\/p>\n<p>Gonz\u00e1lez Menorca ha recordado que esta comparecencia ha surgido de una proposici\u00f3n no de Ley relativa a crear un grupo de trabajo en el Parlamento para trabajar en la constituci\u00f3n de una Film Commission en esta regi\u00f3n, grupo de trabajo se ha constituido recientemente.<\/p>\n<p><img src='https:\/\/spainfilmcommission.com\/\/wp-content\/uploads\/2017\/11\/spain-film-commission-comparece-en-el-parlamento-de-la-rioja1-8.jpg' alt='Imagen relacionada'><img src='https:\/\/spainfilmcommission.com\/\/wp-content\/uploads\/2017\/11\/spain-film-commission-comparece-en-el-parlamento-de-la-rioja2-8.jpg' alt='Imagen relacionada'><\/p>\n","protected":false},"excerpt":{"rendered":"<p>El presidente de Spain Film Commission, Carlos Rosado Cobi\u00e1n, compareci\u00f3 el pasado 31 de octubre en la Comisi\u00f3n de Desarrollo e Innovaci\u00f3n del Parlamento de La Rioja para hablar del funcionamiento de nuestra entidad. En la sesi\u00f3n tambi\u00e9n compareci\u00f3 la consejera de Desarrollo Econ\u00f3mico e Innovaci\u00f3n del Gobierno de La Rioja, Leonor Gonz\u00e1lez Menorca.<\/p>\n","protected":false},"author":2,"featured_media":6690,"comment_status":"closed","ping_status":"","sticky":false,"template":"","format":"standard","meta":{"footnotes":""},"categories":[38],"tags":[],"class_list":["post-6689","post","type-post","status-publish","format-standard","has-post-thumbnail","hentry","category-noticias"],"yoast_head":"<!-- This site is optimized with the Yoast SEO plugin v27.3 - https:\/\/yoast.com\/product\/yoast-seo-wordpress\/ -->\n<title>Spain Film Commission comparece en el Parlamento de La Rioja - Spain Film Commission<\/title>\n<meta name=\"robots\" content=\"index, follow, max-snippet:-1, max-image-preview:large, max-video-preview:-1\" \/>\n<link rel=\"canonical\" href=\"https:\/\/spainfilmcommission.com\/en\/blog\/spain-film-commission-comparece-en-el-parlamento-de-la-rioja\/\" \/>\n<meta property=\"og:locale\" content=\"en_US\" \/>\n<meta property=\"og:type\" content=\"article\" \/>\n<meta property=\"og:title\" content=\"Spain Film Commission comparece en el Parlamento de La Rioja - Spain Film Commission\" \/>\n<meta property=\"og:description\" content=\"El presidente de Spain Film Commission, Carlos Rosado Cobi\u00e1n, compareci\u00f3 el pasado 31 de octubre en la Comisi\u00f3n de Desarrollo e Innovaci\u00f3n del Parlamento de La Rioja para hablar del funcionamiento de nuestra entidad. En la sesi\u00f3n tambi\u00e9n compareci\u00f3 la consejera de Desarrollo Econ\u00f3mico e Innovaci\u00f3n del Gobierno de La Rioja, Leonor Gonz\u00e1lez Menorca.\" \/>\n<meta property=\"og:url\" content=\"https:\/\/spainfilmcommission.com\/en\/blog\/spain-film-commission-comparece-en-el-parlamento-de-la-rioja\/\" \/>\n<meta property=\"og:site_name\" content=\"Spain Film Commission\" \/>\n<meta property=\"article:published_time\" content=\"2017-11-02T22:00:00+00:00\" \/>\n<meta property=\"article:modified_time\" content=\"2025-02-11T07:07:43+00:00\" \/>\n<meta property=\"og:image\" content=\"https:\/\/spainfilmcommission.com\/wp-content\/uploads\/2017\/11\/spain-film-commission-comparece-en-el-parlamento-de-la-rioja-8.jpg\" \/>\n\t<meta property=\"og:image:width\" content=\"1536\" \/>\n\t<meta property=\"og:image:height\" content=\"623\" \/>\n\t<meta property=\"og:image:type\" content=\"image\/jpeg\" \/>\n<meta name=\"author\" content=\"studio128k_dam\" \/>\n<meta name=\"twitter:card\" content=\"summary_large_image\" \/>\n<meta name=\"twitter:label1\" content=\"Written by\" \/>\n\t<meta name=\"twitter:data1\" content=\"studio128k_dam\" \/>\n\t<meta name=\"twitter:label2\" content=\"Est. reading time\" \/>\n\t<meta name=\"twitter:data2\" content=\"3 minutes\" \/>\n<script type=\"application\/ld+json\" class=\"yoast-schema-graph\">{\"@context\":\"https:\\\/\\\/schema.org\",\"@graph\":[{\"@type\":\"Article\",\"@id\":\"https:\\\/\\\/spainfilmcommission.com\\\/en\\\/blog\\\/spain-film-commission-comparece-en-el-parlamento-de-la-rioja\\\/#article\",\"isPartOf\":{\"@id\":\"https:\\\/\\\/spainfilmcommission.com\\\/en\\\/blog\\\/spain-film-commission-comparece-en-el-parlamento-de-la-rioja\\\/\"},\"author\":{\"name\":\"studio128k_dam\",\"@id\":\"https:\\\/\\\/spainfilmcommission.com\\\/en\\\/#\\\/schema\\\/person\\\/6c014ba6ceac198d178a6a9e61113c9d\"},\"headline\":\"Spain Film Commission comparece en el Parlamento de La Rioja\",\"datePublished\":\"2017-11-02T22:00:00+00:00\",\"dateModified\":\"2025-02-11T07:07:43+00:00\",\"mainEntityOfPage\":{\"@id\":\"https:\\\/\\\/spainfilmcommission.com\\\/en\\\/blog\\\/spain-film-commission-comparece-en-el-parlamento-de-la-rioja\\\/\"},\"wordCount\":566,\"publisher\":{\"@id\":\"https:\\\/\\\/spainfilmcommission.com\\\/en\\\/#organization\"},\"image\":{\"@id\":\"https:\\\/\\\/spainfilmcommission.com\\\/en\\\/blog\\\/spain-film-commission-comparece-en-el-parlamento-de-la-rioja\\\/#primaryimage\"},\"thumbnailUrl\":\"https:\\\/\\\/spainfilmcommission.com\\\/wp-content\\\/uploads\\\/2017\\\/11\\\/spain-film-commission-comparece-en-el-parlamento-de-la-rioja-8.jpg\",\"articleSection\":[\"Noticias\"],\"inLanguage\":\"en-US\"},{\"@type\":\"WebPage\",\"@id\":\"https:\\\/\\\/spainfilmcommission.com\\\/en\\\/blog\\\/spain-film-commission-comparece-en-el-parlamento-de-la-rioja\\\/\",\"url\":\"https:\\\/\\\/spainfilmcommission.com\\\/en\\\/blog\\\/spain-film-commission-comparece-en-el-parlamento-de-la-rioja\\\/\",\"name\":\"Spain Film Commission comparece en el Parlamento de La Rioja - Spain Film Commission\",\"isPartOf\":{\"@id\":\"https:\\\/\\\/spainfilmcommission.com\\\/en\\\/#website\"},\"primaryImageOfPage\":{\"@id\":\"https:\\\/\\\/spainfilmcommission.com\\\/en\\\/blog\\\/spain-film-commission-comparece-en-el-parlamento-de-la-rioja\\\/#primaryimage\"},\"image\":{\"@id\":\"https:\\\/\\\/spainfilmcommission.com\\\/en\\\/blog\\\/spain-film-commission-comparece-en-el-parlamento-de-la-rioja\\\/#primaryimage\"},\"thumbnailUrl\":\"https:\\\/\\\/spainfilmcommission.com\\\/wp-content\\\/uploads\\\/2017\\\/11\\\/spain-film-commission-comparece-en-el-parlamento-de-la-rioja-8.jpg\",\"datePublished\":\"2017-11-02T22:00:00+00:00\",\"dateModified\":\"2025-02-11T07:07:43+00:00\",\"breadcrumb\":{\"@id\":\"https:\\\/\\\/spainfilmcommission.com\\\/en\\\/blog\\\/spain-film-commission-comparece-en-el-parlamento-de-la-rioja\\\/#breadcrumb\"},\"inLanguage\":\"en-US\",\"potentialAction\":[{\"@type\":\"ReadAction\",\"target\":[\"https:\\\/\\\/spainfilmcommission.com\\\/en\\\/blog\\\/spain-film-commission-comparece-en-el-parlamento-de-la-rioja\\\/\"]}]},{\"@type\":\"ImageObject\",\"inLanguage\":\"en-US\",\"@id\":\"https:\\\/\\\/spainfilmcommission.com\\\/en\\\/blog\\\/spain-film-commission-comparece-en-el-parlamento-de-la-rioja\\\/#primaryimage\",\"url\":\"https:\\\/\\\/spainfilmcommission.com\\\/wp-content\\\/uploads\\\/2017\\\/11\\\/spain-film-commission-comparece-en-el-parlamento-de-la-rioja-8.jpg\",\"contentUrl\":\"https:\\\/\\\/spainfilmcommission.com\\\/wp-content\\\/uploads\\\/2017\\\/11\\\/spain-film-commission-comparece-en-el-parlamento-de-la-rioja-8.jpg\",\"width\":1536,\"height\":623},{\"@type\":\"BreadcrumbList\",\"@id\":\"https:\\\/\\\/spainfilmcommission.com\\\/en\\\/blog\\\/spain-film-commission-comparece-en-el-parlamento-de-la-rioja\\\/#breadcrumb\",\"itemListElement\":[{\"@type\":\"ListItem\",\"position\":1,\"name\":\"Portada\",\"item\":\"https:\\\/\\\/spainfilmcommission.com\\\/en\\\/\"},{\"@type\":\"ListItem\",\"position\":2,\"name\":\"Spain Film Commission comparece en el Parlamento de La Rioja\"}]},{\"@type\":\"WebSite\",\"@id\":\"https:\\\/\\\/spainfilmcommission.com\\\/en\\\/#website\",\"url\":\"https:\\\/\\\/spainfilmcommission.com\\\/en\\\/\",\"name\":\"Spain Film Commission\",\"description\":\"\",\"publisher\":{\"@id\":\"https:\\\/\\\/spainfilmcommission.com\\\/en\\\/#organization\"},\"potentialAction\":[{\"@type\":\"SearchAction\",\"target\":{\"@type\":\"EntryPoint\",\"urlTemplate\":\"https:\\\/\\\/spainfilmcommission.com\\\/en\\\/?s={search_term_string}\"},\"query-input\":{\"@type\":\"PropertyValueSpecification\",\"valueRequired\":true,\"valueName\":\"search_term_string\"}}],\"inLanguage\":\"en-US\"},{\"@type\":\"Organization\",\"@id\":\"https:\\\/\\\/spainfilmcommission.com\\\/en\\\/#organization\",\"name\":\"Spain Film Commission\",\"url\":\"https:\\\/\\\/spainfilmcommission.com\\\/en\\\/\",\"logo\":{\"@type\":\"ImageObject\",\"inLanguage\":\"en-US\",\"@id\":\"https:\\\/\\\/spainfilmcommission.com\\\/en\\\/#\\\/schema\\\/logo\\\/image\\\/\",\"url\":\"https:\\\/\\\/spainfilmcommission.com\\\/wp-content\\\/uploads\\\/2024\\\/07\\\/SPC_COLOR.png\",\"contentUrl\":\"https:\\\/\\\/spainfilmcommission.com\\\/wp-content\\\/uploads\\\/2024\\\/07\\\/SPC_COLOR.png\",\"width\":1665,\"height\":1665,\"caption\":\"Spain Film Commission\"},\"image\":{\"@id\":\"https:\\\/\\\/spainfilmcommission.com\\\/en\\\/#\\\/schema\\\/logo\\\/image\\\/\"}},{\"@type\":\"Person\",\"@id\":\"https:\\\/\\\/spainfilmcommission.com\\\/en\\\/#\\\/schema\\\/person\\\/6c014ba6ceac198d178a6a9e61113c9d\",\"name\":\"studio128k_dam\",\"image\":{\"@type\":\"ImageObject\",\"inLanguage\":\"en-US\",\"@id\":\"https:\\\/\\\/secure.gravatar.com\\\/avatar\\\/810f99144a13522c24aa173f9cd8bf079d0e89758af00b5f2938443cd51b31e9?s=96&d=mm&r=g\",\"url\":\"https:\\\/\\\/secure.gravatar.com\\\/avatar\\\/810f99144a13522c24aa173f9cd8bf079d0e89758af00b5f2938443cd51b31e9?s=96&d=mm&r=g\",\"contentUrl\":\"https:\\\/\\\/secure.gravatar.com\\\/avatar\\\/810f99144a13522c24aa173f9cd8bf079d0e89758af00b5f2938443cd51b31e9?s=96&d=mm&r=g\",\"caption\":\"studio128k_dam\"}}]}<\/script>\n<!-- \/ Yoast SEO plugin. -->","yoast_head_json":{"title":"Spain Film Commission comparece en el Parlamento de La Rioja - Spain Film Commission","robots":{"index":"index","follow":"follow","max-snippet":"max-snippet:-1","max-image-preview":"max-image-preview:large","max-video-preview":"max-video-preview:-1"},"canonical":"https:\/\/spainfilmcommission.com\/en\/blog\/spain-film-commission-comparece-en-el-parlamento-de-la-rioja\/","og_locale":"en_US","og_type":"article","og_title":"Spain Film Commission comparece en el Parlamento de La Rioja - Spain Film Commission","og_description":"El presidente de Spain Film Commission, Carlos Rosado Cobi\u00e1n, compareci\u00f3 el pasado 31 de octubre en la Comisi\u00f3n de Desarrollo e Innovaci\u00f3n del Parlamento de La Rioja para hablar del funcionamiento de nuestra entidad. En la sesi\u00f3n tambi\u00e9n compareci\u00f3 la consejera de Desarrollo Econ\u00f3mico e Innovaci\u00f3n del Gobierno de La Rioja, Leonor Gonz\u00e1lez Menorca.","og_url":"https:\/\/spainfilmcommission.com\/en\/blog\/spain-film-commission-comparece-en-el-parlamento-de-la-rioja\/","og_site_name":"Spain Film Commission","article_published_time":"2017-11-02T22:00:00+00:00","article_modified_time":"2025-02-11T07:07:43+00:00","og_image":[{"width":1536,"height":623,"url":"https:\/\/spainfilmcommission.com\/wp-content\/uploads\/2017\/11\/spain-film-commission-comparece-en-el-parlamento-de-la-rioja-8.jpg","type":"image\/jpeg"}],"author":"studio128k_dam","twitter_card":"summary_large_image","twitter_misc":{"Written by":"studio128k_dam","Est. reading time":"3 minutes"},"schema":{"@context":"https:\/\/schema.org","@graph":[{"@type":"Article","@id":"https:\/\/spainfilmcommission.com\/en\/blog\/spain-film-commission-comparece-en-el-parlamento-de-la-rioja\/#article","isPartOf":{"@id":"https:\/\/spainfilmcommission.com\/en\/blog\/spain-film-commission-comparece-en-el-parlamento-de-la-rioja\/"},"author":{"name":"studio128k_dam","@id":"https:\/\/spainfilmcommission.com\/en\/#\/schema\/person\/6c014ba6ceac198d178a6a9e61113c9d"},"headline":"Spain Film Commission comparece en el Parlamento de La Rioja","datePublished":"2017-11-02T22:00:00+00:00","dateModified":"2025-02-11T07:07:43+00:00","mainEntityOfPage":{"@id":"https:\/\/spainfilmcommission.com\/en\/blog\/spain-film-commission-comparece-en-el-parlamento-de-la-rioja\/"},"wordCount":566,"publisher":{"@id":"https:\/\/spainfilmcommission.com\/en\/#organization"},"image":{"@id":"https:\/\/spainfilmcommission.com\/en\/blog\/spain-film-commission-comparece-en-el-parlamento-de-la-rioja\/#primaryimage"},"thumbnailUrl":"https:\/\/spainfilmcommission.com\/wp-content\/uploads\/2017\/11\/spain-film-commission-comparece-en-el-parlamento-de-la-rioja-8.jpg","articleSection":["Noticias"],"inLanguage":"en-US"},{"@type":"WebPage","@id":"https:\/\/spainfilmcommission.com\/en\/blog\/spain-film-commission-comparece-en-el-parlamento-de-la-rioja\/","url":"https:\/\/spainfilmcommission.com\/en\/blog\/spain-film-commission-comparece-en-el-parlamento-de-la-rioja\/","name":"Spain Film Commission comparece en el Parlamento de La Rioja - Spain Film Commission","isPartOf":{"@id":"https:\/\/spainfilmcommission.com\/en\/#website"},"primaryImageOfPage":{"@id":"https:\/\/spainfilmcommission.com\/en\/blog\/spain-film-commission-comparece-en-el-parlamento-de-la-rioja\/#primaryimage"},"image":{"@id":"https:\/\/spainfilmcommission.com\/en\/blog\/spain-film-commission-comparece-en-el-parlamento-de-la-rioja\/#primaryimage"},"thumbnailUrl":"https:\/\/spainfilmcommission.com\/wp-content\/uploads\/2017\/11\/spain-film-commission-comparece-en-el-parlamento-de-la-rioja-8.jpg","datePublished":"2017-11-02T22:00:00+00:00","dateModified":"2025-02-11T07:07:43+00:00","breadcrumb":{"@id":"https:\/\/spainfilmcommission.com\/en\/blog\/spain-film-commission-comparece-en-el-parlamento-de-la-rioja\/#breadcrumb"},"inLanguage":"en-US","potentialAction":[{"@type":"ReadAction","target":["https:\/\/spainfilmcommission.com\/en\/blog\/spain-film-commission-comparece-en-el-parlamento-de-la-rioja\/"]}]},{"@type":"ImageObject","inLanguage":"en-US","@id":"https:\/\/spainfilmcommission.com\/en\/blog\/spain-film-commission-comparece-en-el-parlamento-de-la-rioja\/#primaryimage","url":"https:\/\/spainfilmcommission.com\/wp-content\/uploads\/2017\/11\/spain-film-commission-comparece-en-el-parlamento-de-la-rioja-8.jpg","contentUrl":"https:\/\/spainfilmcommission.com\/wp-content\/uploads\/2017\/11\/spain-film-commission-comparece-en-el-parlamento-de-la-rioja-8.jpg","width":1536,"height":623},{"@type":"BreadcrumbList","@id":"https:\/\/spainfilmcommission.com\/en\/blog\/spain-film-commission-comparece-en-el-parlamento-de-la-rioja\/#breadcrumb","itemListElement":[{"@type":"ListItem","position":1,"name":"Portada","item":"https:\/\/spainfilmcommission.com\/en\/"},{"@type":"ListItem","position":2,"name":"Spain Film Commission comparece en el Parlamento de La Rioja"}]},{"@type":"WebSite","@id":"https:\/\/spainfilmcommission.com\/en\/#website","url":"https:\/\/spainfilmcommission.com\/en\/","name":"Spain Film Commission","description":"","publisher":{"@id":"https:\/\/spainfilmcommission.com\/en\/#organization"},"potentialAction":[{"@type":"SearchAction","target":{"@type":"EntryPoint","urlTemplate":"https:\/\/spainfilmcommission.com\/en\/?s={search_term_string}"},"query-input":{"@type":"PropertyValueSpecification","valueRequired":true,"valueName":"search_term_string"}}],"inLanguage":"en-US"},{"@type":"Organization","@id":"https:\/\/spainfilmcommission.com\/en\/#organization","name":"Spain Film Commission","url":"https:\/\/spainfilmcommission.com\/en\/","logo":{"@type":"ImageObject","inLanguage":"en-US","@id":"https:\/\/spainfilmcommission.com\/en\/#\/schema\/logo\/image\/","url":"https:\/\/spainfilmcommission.com\/wp-content\/uploads\/2024\/07\/SPC_COLOR.png","contentUrl":"https:\/\/spainfilmcommission.com\/wp-content\/uploads\/2024\/07\/SPC_COLOR.png","width":1665,"height":1665,"caption":"Spain Film Commission"},"image":{"@id":"https:\/\/spainfilmcommission.com\/en\/#\/schema\/logo\/image\/"}},{"@type":"Person","@id":"https:\/\/spainfilmcommission.com\/en\/#\/schema\/person\/6c014ba6ceac198d178a6a9e61113c9d","name":"studio128k_dam","image":{"@type":"ImageObject","inLanguage":"en-US","@id":"https:\/\/secure.gravatar.com\/avatar\/810f99144a13522c24aa173f9cd8bf079d0e89758af00b5f2938443cd51b31e9?s=96&d=mm&r=g","url":"https:\/\/secure.gravatar.com\/avatar\/810f99144a13522c24aa173f9cd8bf079d0e89758af00b5f2938443cd51b31e9?s=96&d=mm&r=g","contentUrl":"https:\/\/secure.gravatar.com\/avatar\/810f99144a13522c24aa173f9cd8bf079d0e89758af00b5f2938443cd51b31e9?s=96&d=mm&r=g","caption":"studio128k_dam"}}]}},"_links":{"self":[{"href":"https:\/\/spainfilmcommission.com\/en\/wp-json\/wp\/v2\/posts\/6689","targetHints":{"allow":["GET"]}}],"collection":[{"href":"https:\/\/spainfilmcommission.com\/en\/wp-json\/wp\/v2\/posts"}],"about":[{"href":"https:\/\/spainfilmcommission.com\/en\/wp-json\/wp\/v2\/types\/post"}],"author":[{"embeddable":true,"href":"https:\/\/spainfilmcommission.com\/en\/wp-json\/wp\/v2\/users\/2"}],"replies":[{"embeddable":true,"href":"https:\/\/spainfilmcommission.com\/en\/wp-json\/wp\/v2\/comments?post=6689"}],"version-history":[{"count":0,"href":"https:\/\/spainfilmcommission.com\/en\/wp-json\/wp\/v2\/posts\/6689\/revisions"}],"wp:featuredmedia":[{"embeddable":true,"href":"https:\/\/spainfilmcommission.com\/en\/wp-json\/wp\/v2\/media\/6690"}],"wp:attachment":[{"href":"https:\/\/spainfilmcommission.com\/en\/wp-json\/wp\/v2\/media?parent=6689"}],"wp:term":[{"taxonomy":"category","embeddable":true,"href":"https:\/\/spainfilmcommission.com\/en\/wp-json\/wp\/v2\/categories?post=6689"},{"taxonomy":"post_tag","embeddable":true,"href":"https:\/\/spainfilmcommission.com\/en\/wp-json\/wp\/v2\/tags?post=6689"}],"curies":[{"name":"wp","href":"https:\/\/api.w.org\/{rel}","templated":true}]}}