{"id":37824,"date":"2026-04-10T12:33:27","date_gmt":"2026-04-10T10:33:27","guid":{"rendered":"https:\/\/spainfilmcommission.com\/?p=37824"},"modified":"2026-04-10T12:33:29","modified_gmt":"2026-04-10T10:33:29","slug":"spain-film-commission-se-une-a-la-primera-junta-directiva-de-iberofic","status":"publish","type":"post","link":"https:\/\/spainfilmcommission.com\/en\/blog\/spain-film-commission-se-une-a-la-primera-junta-directiva-de-iberofic\/","title":{"rendered":"Spain Film Commission se une a la primera junta directiva de IBEROFIC"},"content":{"rendered":"\n<p><\/p>\n\n\n<ul>\n<li>\n<h5>IBEROFIC (Red Iberoamericana de Comisiones F\u00edlmicas) ha anunciado la conformaci\u00f3n de este \u00f3rgano como un nuevo paso para consolidar su crecimiento institucional y profesionalizaci\u00f3n.\u00a0<\/h5>\n<\/li>\n<\/ul>\n<ul>\n<li>\n<h5>La nueva junta facilitar\u00e1 una mayor coordinaci\u00f3n entre pa\u00edses, la construcci\u00f3n de estrategias regionales frente a desaf\u00edos globales y la consolidaci\u00f3n de Iberoam\u00e9rica como un bloque audiovisual articulado.<\/h5>\n<\/li>\n<\/ul>\n<p><b>Madrid, 10 de abril de 2026 &#8211; <\/b><span style=\"font-weight: 400;\">Spain Film Commission<\/span><span style=\"font-weight: 400;\"> entra a formar parte de la primera junta directiva de IBEROFIC. La pasada semana, La Red Iberoamericana de Comisiones F\u00edlmicas anunci\u00f3 la conformaci\u00f3n de esta primera junta directiva, un nuevo paso para consolidar su crecimiento institucional y profesionalizaci\u00f3n dos a\u00f1os despu\u00e9s de su fundaci\u00f3n. La puesta en marcha de la junta directiva representa un hito en la evoluci\u00f3n de la Red, ya que fortalece su estructura institucional, ampl\u00eda su capacidad de articulaci\u00f3n internacional y establece un espacio formal de toma de decisiones estrat\u00e9gicas para el dise\u00f1o de pol\u00edticas, planes de acci\u00f3n y alianzas globales.\u00a0<\/span><\/p>\n<p><span style=\"font-weight: 400;\">As\u00ed, la primera junta directiva de IBEROFIC est\u00e1 formada por:\u00a0<\/span><\/p>\n<ul>\n<li style=\"font-weight: 400;\" aria-level=\"1\"><span style=\"font-weight: 400;\">Carolina Cordero, directora general de Desarrollo Cultural y Creativo del Ministerio de Cultura y de la Buenos Aires Film Commission, del Gobierno de la Ciudad de Buenos Aires (Argentina).<\/span><\/li>\n<li style=\"font-weight: 400;\" aria-level=\"1\"><span style=\"font-weight: 400;\">Marysela Zamora, comisionada f\u00edlmica de la Costa Rica Film Commission &amp; PROCOMER (Costa Rica).<\/span><\/li>\n<li style=\"font-weight: 400;\" aria-level=\"1\"><span style=\"font-weight: 400;\">Juan Manuel Guimer\u00e1ns Rubio, presidente de Spain Film Commission (Espa\u00f1a).<\/span><\/li>\n<li style=\"font-weight: 400;\" aria-level=\"1\"><span style=\"font-weight: 400;\">Diana \u00c1lvarez Segoviano, coordinadora general de la Comisi\u00f3n Mexicana de Filmaciones (M\u00e9xico).<\/span><\/li>\n<li style=\"font-weight: 400;\" aria-level=\"1\"><span style=\"font-weight: 400;\">Javier Espinoza Medina, comisionado de Baja California Film Commission (M\u00e9xico).<\/span><\/li>\n<li style=\"font-weight: 400;\" aria-level=\"1\"><span style=\"font-weight: 400;\">Ana Oliveira Marques, directora ejecutiva de la Portugal Film Commission (Portugal).<\/span><\/li>\n<\/ul>\n<p>\u00a0<\/p>\n<p><span style=\"font-weight: 400;\">En palabras de <\/span><b>Juan Manuel Guimer\u00e1ns, presidente de Spain Film Commission<\/b><span style=\"font-weight: 400;\">, \u201c<\/span><i><span style=\"font-weight: 400;\">para Spain Film Commission, es un honor y una responsabilidad desempe\u00f1ar un papel destacado en el impulso de IBEROFIC. Este nuevo \u00f3rgano ayudar\u00e1 en nuestro objetivo com\u00fan de apoyar el gran talento y la capacidad de producci\u00f3n presentes en la comunidad iberoamericana. Es otro ejemplo de nuestro compromiso con la industria de los rodajes espa\u00f1ola y el fortalecimiento de las oportunidades para productores y comisiones f\u00edlmicas dentro y fuera de nuestras fronteras.\u201d <\/span><\/i><span style=\"font-weight: 400;\">\u00a0<\/span><\/p>\n<p><span style=\"font-weight: 400;\">Por su parte, <\/span><b>Carolina Cordero, fundadora y promotora de la Red se\u00f1al\u00f3: <\/b><span style=\"font-weight: 400;\">\u201c<\/span><i><span style=\"font-weight: 400;\">La creaci\u00f3n de este board marca un momento muy significativo para IBEROFIC. Durante m\u00e1s de dos a\u00f1os venimos trabajando intensamente para construir esta red, convencidos de que la cooperaci\u00f3n entre nuestras film commissions es la mejor manera de posicionar a Iberoam\u00e9rica en el mapa audiovisual global. Hoy IBEROFIC es una realidad que re\u00fane a la gran mayor\u00eda de los territorios de la regi\u00f3n y nos permite proyectar una estrategia com\u00fan para atraer inversiones, promover el talento local y fortalecer la industria<\/span><\/i><span style=\"font-weight: 400;\">.\u201d<\/span><\/p>\n<p><span style=\"font-weight: 400;\">La junta directiva tendr\u00e1 entre sus principales funciones: definir l\u00edneas estrat\u00e9gicas a medio y largo plazo; impulsar la internacionalizaci\u00f3n de la Red y la apertura de nuevos mercados; promover est\u00e1ndares compartidos entre las film commissions miembro; fomentar acuerdos de cooperaci\u00f3n bilateral y multilateral; y potenciar la competitividad de Iberoam\u00e9rica como destino integrado de rodajes.<\/span><\/p>\n<p><span style=\"font-weight: 400;\">Un nuevo \u00f3rgano directivo que facilitar\u00e1 una mayor coordinaci\u00f3n entre pa\u00edses, la construcci\u00f3n de estrategias regionales frente a desaf\u00edos globales \u2014como la creciente competencia internacional por atraer grandes producciones, la implementaci\u00f3n de pr\u00e1cticas sostenibles y la adaptaci\u00f3n a nuevas tecnolog\u00edas\u2014 y la consolidaci\u00f3n de Iberoam\u00e9rica como un bloque audiovisual articulado.<\/span><\/p>\n<p><b>Sobre IBEROFIC<\/b><\/p>\n<p><a href=\"https:\/\/rediberofic.com\/inicio\"><span style=\"font-weight: 400;\">La Red Iberoamericana de Film Commission<\/span><\/a><span style=\"font-weight: 400;\"> se constituy\u00f3 en 2024 y re\u00fane a m\u00e1s de 150 miembros de Espa\u00f1a, Portugal y Am\u00e9rica Latina. Su misi\u00f3n es visibilizar recursos, talentos e incentivos locales, impulsar coproducciones internacionales, profesionalizar la labor de las comisiones y consolidar a Iberoam\u00e9rica como un polo audiovisual competitivo en el mercado global.<\/span><\/p>\n<p><span style=\"font-weight: 400;\">La red facilita el acceso a una amplia diversidad de localizaciones, equipos e infraestructuras que garantizan calidad y eficiencia. Ofrece informaci\u00f3n especializada, facilitando el acceso a incentivos y el acompa\u00f1amiento en todo el proceso de producci\u00f3n.<\/span><\/p>\n<p><a href=\"https:\/\/spainfilmcommission.com\/wp-content\/uploads\/2026\/02\/Andalucia-Film-Commission_-_El-talento-tras-la-escena_-.jpg\" data-elementor-open-lightbox=\"yes\" data-elementor-lightbox-slideshow=\"ac9dfdc\" data-elementor-lightbox-title=\"Andaluci\u0301a Film Commission_ _El talento tras la escena_\" data-e-action-hash=\"#elementor-action%3Aaction%3Dlightbox%26settings%3DeyJpZCI6Mzc0MDIsInVybCI6Imh0dHBzOlwvXC9zcGFpbmZpbG1jb21taXNzaW9uLmNvbVwvd3AtY29udGVudFwvdXBsb2Fkc1wvMjAyNlwvMDJcL0FuZGFsdWNpYS1GaWxtLUNvbW1pc3Npb25fLV9FbC10YWxlbnRvLXRyYXMtbGEtZXNjZW5hXy0uanBnIiwic2xpZGVzaG93IjoiYWM5ZGZkYyJ9\">\u00a0<\/a><\/p>\n\n\n<p><\/p>\n","protected":false},"excerpt":{"rendered":"<p>Spain Film Commission entra a formar parte de la primera junta directiva de IBEROFIC. La pasada semana, La Red Iberoamericana de Comisiones F\u00edlmicas anunci\u00f3 la conformaci\u00f3n de esta primera junta directiva, un nuevo paso para consolidar su crecimiento institucional y profesionalizaci\u00f3n dos a\u00f1os despu\u00e9s de su fundaci\u00f3n. La puesta en marcha de la junta directiva representa un hito en la evoluci\u00f3n de la Red, ya que fortalece su estructura institucional, ampl\u00eda su capacidad de articulaci\u00f3n internacional y establece un espacio formal de toma de decisiones estrat\u00e9gicas para el dise\u00f1o de pol\u00edticas, planes de acci\u00f3n y alianzas globales. <\/p>\n","protected":false},"author":57,"featured_media":37826,"comment_status":"closed","ping_status":"closed","sticky":false,"template":"","format":"standard","meta":{"footnotes":""},"categories":[38],"tags":[56],"class_list":["post-37824","post","type-post","status-publish","format-standard","has-post-thumbnail","hentry","category-noticias","tag-iberofic"],"yoast_head":"<!-- This site is optimized with the Yoast SEO plugin v27.3 - https:\/\/yoast.com\/product\/yoast-seo-wordpress\/ -->\n<title>Spain Film Commission se une a la primera junta directiva de IBEROFIC - Spain Film Commission<\/title>\n<meta name=\"description\" content=\"Spain Film Commission entra a formar parte de la primera junta directiva de IBEROFIC. La pasada semana, La Red Iberoamericana de Comisiones F\u00edlmicas anunci\u00f3 la conformaci\u00f3n de esta primera junta directiva, un nuevo paso para consolidar su crecimiento institucional y profesionalizaci\u00f3n dos a\u00f1os despu\u00e9s de su fundaci\u00f3n. La puesta en marcha de la junta directiva representa un hito en la evoluci\u00f3n de la Red, ya que fortalece su estructura institucional, ampl\u00eda su capacidad de articulaci\u00f3n internacional y establece un espacio formal de toma de decisiones estrat\u00e9gicas para el dise\u00f1o de pol\u00edticas, planes de acci\u00f3n y alianzas globales.\" \/>\n<meta name=\"robots\" content=\"index, follow, max-snippet:-1, max-image-preview:large, max-video-preview:-1\" \/>\n<link rel=\"canonical\" href=\"https:\/\/spainfilmcommission.com\/en\/blog\/spain-film-commission-se-une-a-la-primera-junta-directiva-de-iberofic\/\" \/>\n<meta property=\"og:locale\" content=\"en_US\" \/>\n<meta property=\"og:type\" content=\"article\" \/>\n<meta property=\"og:title\" content=\"Spain Film Commission se une a la primera junta directiva de IBEROFIC - Spain Film Commission\" \/>\n<meta property=\"og:description\" content=\"Spain Film Commission entra a formar parte de la primera junta directiva de IBEROFIC. La pasada semana, La Red Iberoamericana de Comisiones F\u00edlmicas anunci\u00f3 la conformaci\u00f3n de esta primera junta directiva, un nuevo paso para consolidar su crecimiento institucional y profesionalizaci\u00f3n dos a\u00f1os despu\u00e9s de su fundaci\u00f3n. La puesta en marcha de la junta directiva representa un hito en la evoluci\u00f3n de la Red, ya que fortalece su estructura institucional, ampl\u00eda su capacidad de articulaci\u00f3n internacional y establece un espacio formal de toma de decisiones estrat\u00e9gicas para el dise\u00f1o de pol\u00edticas, planes de acci\u00f3n y alianzas globales.\" \/>\n<meta property=\"og:url\" content=\"https:\/\/spainfilmcommission.com\/en\/blog\/spain-film-commission-se-une-a-la-primera-junta-directiva-de-iberofic\/\" \/>\n<meta property=\"og:site_name\" content=\"Spain Film Commission\" \/>\n<meta property=\"article:published_time\" content=\"2026-04-10T10:33:27+00:00\" \/>\n<meta property=\"article:modified_time\" content=\"2026-04-10T10:33:29+00:00\" \/>\n<meta property=\"og:image\" content=\"https:\/\/spainfilmcommission.com\/wp-content\/uploads\/2026\/04\/Board_Iberofic.png\" \/>\n\t<meta property=\"og:image:width\" content=\"589\" \/>\n\t<meta property=\"og:image:height\" content=\"309\" \/>\n\t<meta property=\"og:image:type\" content=\"image\/png\" \/>\n<meta name=\"author\" content=\"admin_sfc\" \/>\n<meta name=\"twitter:card\" content=\"summary_large_image\" \/>\n<meta name=\"twitter:label1\" content=\"Written by\" \/>\n\t<meta name=\"twitter:data1\" content=\"admin_sfc\" \/>\n\t<meta name=\"twitter:label2\" content=\"Est. reading time\" \/>\n\t<meta name=\"twitter:data2\" content=\"4 minutes\" \/>\n<script type=\"application\/ld+json\" class=\"yoast-schema-graph\">{\"@context\":\"https:\\\/\\\/schema.org\",\"@graph\":[{\"@type\":\"Article\",\"@id\":\"https:\\\/\\\/spainfilmcommission.com\\\/en\\\/blog\\\/spain-film-commission-se-une-a-la-primera-junta-directiva-de-iberofic\\\/#article\",\"isPartOf\":{\"@id\":\"https:\\\/\\\/spainfilmcommission.com\\\/en\\\/blog\\\/spain-film-commission-se-une-a-la-primera-junta-directiva-de-iberofic\\\/\"},\"author\":{\"name\":\"admin_sfc\",\"@id\":\"https:\\\/\\\/spainfilmcommission.com\\\/en\\\/#\\\/schema\\\/person\\\/2c139497e1f3f1d330424ab32ad5c19c\"},\"headline\":\"Spain Film Commission se une a la primera junta directiva de IBEROFIC\",\"datePublished\":\"2026-04-10T10:33:27+00:00\",\"dateModified\":\"2026-04-10T10:33:29+00:00\",\"mainEntityOfPage\":{\"@id\":\"https:\\\/\\\/spainfilmcommission.com\\\/en\\\/blog\\\/spain-film-commission-se-une-a-la-primera-junta-directiva-de-iberofic\\\/\"},\"wordCount\":701,\"publisher\":{\"@id\":\"https:\\\/\\\/spainfilmcommission.com\\\/en\\\/#organization\"},\"image\":{\"@id\":\"https:\\\/\\\/spainfilmcommission.com\\\/en\\\/blog\\\/spain-film-commission-se-une-a-la-primera-junta-directiva-de-iberofic\\\/#primaryimage\"},\"thumbnailUrl\":\"https:\\\/\\\/spainfilmcommission.com\\\/wp-content\\\/uploads\\\/2026\\\/04\\\/Board_Iberofic.png\",\"keywords\":[\"IBEROFIC\"],\"articleSection\":[\"Noticias\"],\"inLanguage\":\"en-US\"},{\"@type\":\"WebPage\",\"@id\":\"https:\\\/\\\/spainfilmcommission.com\\\/en\\\/blog\\\/spain-film-commission-se-une-a-la-primera-junta-directiva-de-iberofic\\\/\",\"url\":\"https:\\\/\\\/spainfilmcommission.com\\\/en\\\/blog\\\/spain-film-commission-se-une-a-la-primera-junta-directiva-de-iberofic\\\/\",\"name\":\"Spain Film Commission se une a la primera junta directiva de IBEROFIC - Spain Film Commission\",\"isPartOf\":{\"@id\":\"https:\\\/\\\/spainfilmcommission.com\\\/en\\\/#website\"},\"primaryImageOfPage\":{\"@id\":\"https:\\\/\\\/spainfilmcommission.com\\\/en\\\/blog\\\/spain-film-commission-se-une-a-la-primera-junta-directiva-de-iberofic\\\/#primaryimage\"},\"image\":{\"@id\":\"https:\\\/\\\/spainfilmcommission.com\\\/en\\\/blog\\\/spain-film-commission-se-une-a-la-primera-junta-directiva-de-iberofic\\\/#primaryimage\"},\"thumbnailUrl\":\"https:\\\/\\\/spainfilmcommission.com\\\/wp-content\\\/uploads\\\/2026\\\/04\\\/Board_Iberofic.png\",\"datePublished\":\"2026-04-10T10:33:27+00:00\",\"dateModified\":\"2026-04-10T10:33:29+00:00\",\"description\":\"Spain Film Commission entra a formar parte de la primera junta directiva de IBEROFIC. La pasada semana, La Red Iberoamericana de Comisiones F\u00edlmicas anunci\u00f3 la conformaci\u00f3n de esta primera junta directiva, un nuevo paso para consolidar su crecimiento institucional y profesionalizaci\u00f3n dos a\u00f1os despu\u00e9s de su fundaci\u00f3n. La puesta en marcha de la junta directiva representa un hito en la evoluci\u00f3n de la Red, ya que fortalece su estructura institucional, ampl\u00eda su capacidad de articulaci\u00f3n internacional y establece un espacio formal de toma de decisiones estrat\u00e9gicas para el dise\u00f1o de pol\u00edticas, planes de acci\u00f3n y alianzas globales.\",\"breadcrumb\":{\"@id\":\"https:\\\/\\\/spainfilmcommission.com\\\/en\\\/blog\\\/spain-film-commission-se-une-a-la-primera-junta-directiva-de-iberofic\\\/#breadcrumb\"},\"inLanguage\":\"en-US\",\"potentialAction\":[{\"@type\":\"ReadAction\",\"target\":[\"https:\\\/\\\/spainfilmcommission.com\\\/en\\\/blog\\\/spain-film-commission-se-une-a-la-primera-junta-directiva-de-iberofic\\\/\"]}]},{\"@type\":\"ImageObject\",\"inLanguage\":\"en-US\",\"@id\":\"https:\\\/\\\/spainfilmcommission.com\\\/en\\\/blog\\\/spain-film-commission-se-une-a-la-primera-junta-directiva-de-iberofic\\\/#primaryimage\",\"url\":\"https:\\\/\\\/spainfilmcommission.com\\\/wp-content\\\/uploads\\\/2026\\\/04\\\/Board_Iberofic.png\",\"contentUrl\":\"https:\\\/\\\/spainfilmcommission.com\\\/wp-content\\\/uploads\\\/2026\\\/04\\\/Board_Iberofic.png\",\"width\":589,\"height\":309},{\"@type\":\"BreadcrumbList\",\"@id\":\"https:\\\/\\\/spainfilmcommission.com\\\/en\\\/blog\\\/spain-film-commission-se-une-a-la-primera-junta-directiva-de-iberofic\\\/#breadcrumb\",\"itemListElement\":[{\"@type\":\"ListItem\",\"position\":1,\"name\":\"Portada\",\"item\":\"https:\\\/\\\/spainfilmcommission.com\\\/en\\\/\"},{\"@type\":\"ListItem\",\"position\":2,\"name\":\"Spain Film Commission se une a la primera junta directiva de IBEROFIC\"}]},{\"@type\":\"WebSite\",\"@id\":\"https:\\\/\\\/spainfilmcommission.com\\\/en\\\/#website\",\"url\":\"https:\\\/\\\/spainfilmcommission.com\\\/en\\\/\",\"name\":\"Spain Film Commission\",\"description\":\"\",\"publisher\":{\"@id\":\"https:\\\/\\\/spainfilmcommission.com\\\/en\\\/#organization\"},\"potentialAction\":[{\"@type\":\"SearchAction\",\"target\":{\"@type\":\"EntryPoint\",\"urlTemplate\":\"https:\\\/\\\/spainfilmcommission.com\\\/en\\\/?s={search_term_string}\"},\"query-input\":{\"@type\":\"PropertyValueSpecification\",\"valueRequired\":true,\"valueName\":\"search_term_string\"}}],\"inLanguage\":\"en-US\"},{\"@type\":\"Organization\",\"@id\":\"https:\\\/\\\/spainfilmcommission.com\\\/en\\\/#organization\",\"name\":\"Spain Film Commission\",\"url\":\"https:\\\/\\\/spainfilmcommission.com\\\/en\\\/\",\"logo\":{\"@type\":\"ImageObject\",\"inLanguage\":\"en-US\",\"@id\":\"https:\\\/\\\/spainfilmcommission.com\\\/en\\\/#\\\/schema\\\/logo\\\/image\\\/\",\"url\":\"https:\\\/\\\/spainfilmcommission.com\\\/wp-content\\\/uploads\\\/2024\\\/07\\\/SPC_COLOR.png\",\"contentUrl\":\"https:\\\/\\\/spainfilmcommission.com\\\/wp-content\\\/uploads\\\/2024\\\/07\\\/SPC_COLOR.png\",\"width\":1665,\"height\":1665,\"caption\":\"Spain Film Commission\"},\"image\":{\"@id\":\"https:\\\/\\\/spainfilmcommission.com\\\/en\\\/#\\\/schema\\\/logo\\\/image\\\/\"}},{\"@type\":\"Person\",\"@id\":\"https:\\\/\\\/spainfilmcommission.com\\\/en\\\/#\\\/schema\\\/person\\\/2c139497e1f3f1d330424ab32ad5c19c\",\"name\":\"admin_sfc\",\"image\":{\"@type\":\"ImageObject\",\"inLanguage\":\"en-US\",\"@id\":\"https:\\\/\\\/secure.gravatar.com\\\/avatar\\\/f06061f8836c87bc33143decdd70d30d1212ed16ccafd73454a40dfc2a046aed?s=96&d=mm&r=g\",\"url\":\"https:\\\/\\\/secure.gravatar.com\\\/avatar\\\/f06061f8836c87bc33143decdd70d30d1212ed16ccafd73454a40dfc2a046aed?s=96&d=mm&r=g\",\"contentUrl\":\"https:\\\/\\\/secure.gravatar.com\\\/avatar\\\/f06061f8836c87bc33143decdd70d30d1212ed16ccafd73454a40dfc2a046aed?s=96&d=mm&r=g\",\"caption\":\"admin_sfc\"}}]}<\/script>\n<!-- \/ Yoast SEO plugin. -->","yoast_head_json":{"title":"Spain Film Commission se une a la primera junta directiva de IBEROFIC - Spain Film Commission","description":"Spain Film Commission entra a formar parte de la primera junta directiva de IBEROFIC. La pasada semana, La Red Iberoamericana de Comisiones F\u00edlmicas anunci\u00f3 la conformaci\u00f3n de esta primera junta directiva, un nuevo paso para consolidar su crecimiento institucional y profesionalizaci\u00f3n dos a\u00f1os despu\u00e9s de su fundaci\u00f3n. La puesta en marcha de la junta directiva representa un hito en la evoluci\u00f3n de la Red, ya que fortalece su estructura institucional, ampl\u00eda su capacidad de articulaci\u00f3n internacional y establece un espacio formal de toma de decisiones estrat\u00e9gicas para el dise\u00f1o de pol\u00edticas, planes de acci\u00f3n y alianzas globales.","robots":{"index":"index","follow":"follow","max-snippet":"max-snippet:-1","max-image-preview":"max-image-preview:large","max-video-preview":"max-video-preview:-1"},"canonical":"https:\/\/spainfilmcommission.com\/en\/blog\/spain-film-commission-se-une-a-la-primera-junta-directiva-de-iberofic\/","og_locale":"en_US","og_type":"article","og_title":"Spain Film Commission se une a la primera junta directiva de IBEROFIC - Spain Film Commission","og_description":"Spain Film Commission entra a formar parte de la primera junta directiva de IBEROFIC. La pasada semana, La Red Iberoamericana de Comisiones F\u00edlmicas anunci\u00f3 la conformaci\u00f3n de esta primera junta directiva, un nuevo paso para consolidar su crecimiento institucional y profesionalizaci\u00f3n dos a\u00f1os despu\u00e9s de su fundaci\u00f3n. La puesta en marcha de la junta directiva representa un hito en la evoluci\u00f3n de la Red, ya que fortalece su estructura institucional, ampl\u00eda su capacidad de articulaci\u00f3n internacional y establece un espacio formal de toma de decisiones estrat\u00e9gicas para el dise\u00f1o de pol\u00edticas, planes de acci\u00f3n y alianzas globales.","og_url":"https:\/\/spainfilmcommission.com\/en\/blog\/spain-film-commission-se-une-a-la-primera-junta-directiva-de-iberofic\/","og_site_name":"Spain Film Commission","article_published_time":"2026-04-10T10:33:27+00:00","article_modified_time":"2026-04-10T10:33:29+00:00","og_image":[{"width":589,"height":309,"url":"https:\/\/spainfilmcommission.com\/wp-content\/uploads\/2026\/04\/Board_Iberofic.png","type":"image\/png"}],"author":"admin_sfc","twitter_card":"summary_large_image","twitter_misc":{"Written by":"admin_sfc","Est. reading time":"4 minutes"},"schema":{"@context":"https:\/\/schema.org","@graph":[{"@type":"Article","@id":"https:\/\/spainfilmcommission.com\/en\/blog\/spain-film-commission-se-une-a-la-primera-junta-directiva-de-iberofic\/#article","isPartOf":{"@id":"https:\/\/spainfilmcommission.com\/en\/blog\/spain-film-commission-se-une-a-la-primera-junta-directiva-de-iberofic\/"},"author":{"name":"admin_sfc","@id":"https:\/\/spainfilmcommission.com\/en\/#\/schema\/person\/2c139497e1f3f1d330424ab32ad5c19c"},"headline":"Spain Film Commission se une a la primera junta directiva de IBEROFIC","datePublished":"2026-04-10T10:33:27+00:00","dateModified":"2026-04-10T10:33:29+00:00","mainEntityOfPage":{"@id":"https:\/\/spainfilmcommission.com\/en\/blog\/spain-film-commission-se-une-a-la-primera-junta-directiva-de-iberofic\/"},"wordCount":701,"publisher":{"@id":"https:\/\/spainfilmcommission.com\/en\/#organization"},"image":{"@id":"https:\/\/spainfilmcommission.com\/en\/blog\/spain-film-commission-se-une-a-la-primera-junta-directiva-de-iberofic\/#primaryimage"},"thumbnailUrl":"https:\/\/spainfilmcommission.com\/wp-content\/uploads\/2026\/04\/Board_Iberofic.png","keywords":["IBEROFIC"],"articleSection":["Noticias"],"inLanguage":"en-US"},{"@type":"WebPage","@id":"https:\/\/spainfilmcommission.com\/en\/blog\/spain-film-commission-se-une-a-la-primera-junta-directiva-de-iberofic\/","url":"https:\/\/spainfilmcommission.com\/en\/blog\/spain-film-commission-se-une-a-la-primera-junta-directiva-de-iberofic\/","name":"Spain Film Commission se une a la primera junta directiva de IBEROFIC - Spain Film Commission","isPartOf":{"@id":"https:\/\/spainfilmcommission.com\/en\/#website"},"primaryImageOfPage":{"@id":"https:\/\/spainfilmcommission.com\/en\/blog\/spain-film-commission-se-une-a-la-primera-junta-directiva-de-iberofic\/#primaryimage"},"image":{"@id":"https:\/\/spainfilmcommission.com\/en\/blog\/spain-film-commission-se-une-a-la-primera-junta-directiva-de-iberofic\/#primaryimage"},"thumbnailUrl":"https:\/\/spainfilmcommission.com\/wp-content\/uploads\/2026\/04\/Board_Iberofic.png","datePublished":"2026-04-10T10:33:27+00:00","dateModified":"2026-04-10T10:33:29+00:00","description":"Spain Film Commission entra a formar parte de la primera junta directiva de IBEROFIC. La pasada semana, La Red Iberoamericana de Comisiones F\u00edlmicas anunci\u00f3 la conformaci\u00f3n de esta primera junta directiva, un nuevo paso para consolidar su crecimiento institucional y profesionalizaci\u00f3n dos a\u00f1os despu\u00e9s de su fundaci\u00f3n. La puesta en marcha de la junta directiva representa un hito en la evoluci\u00f3n de la Red, ya que fortalece su estructura institucional, ampl\u00eda su capacidad de articulaci\u00f3n internacional y establece un espacio formal de toma de decisiones estrat\u00e9gicas para el dise\u00f1o de pol\u00edticas, planes de acci\u00f3n y alianzas globales.","breadcrumb":{"@id":"https:\/\/spainfilmcommission.com\/en\/blog\/spain-film-commission-se-une-a-la-primera-junta-directiva-de-iberofic\/#breadcrumb"},"inLanguage":"en-US","potentialAction":[{"@type":"ReadAction","target":["https:\/\/spainfilmcommission.com\/en\/blog\/spain-film-commission-se-une-a-la-primera-junta-directiva-de-iberofic\/"]}]},{"@type":"ImageObject","inLanguage":"en-US","@id":"https:\/\/spainfilmcommission.com\/en\/blog\/spain-film-commission-se-une-a-la-primera-junta-directiva-de-iberofic\/#primaryimage","url":"https:\/\/spainfilmcommission.com\/wp-content\/uploads\/2026\/04\/Board_Iberofic.png","contentUrl":"https:\/\/spainfilmcommission.com\/wp-content\/uploads\/2026\/04\/Board_Iberofic.png","width":589,"height":309},{"@type":"BreadcrumbList","@id":"https:\/\/spainfilmcommission.com\/en\/blog\/spain-film-commission-se-une-a-la-primera-junta-directiva-de-iberofic\/#breadcrumb","itemListElement":[{"@type":"ListItem","position":1,"name":"Portada","item":"https:\/\/spainfilmcommission.com\/en\/"},{"@type":"ListItem","position":2,"name":"Spain Film Commission se une a la primera junta directiva de IBEROFIC"}]},{"@type":"WebSite","@id":"https:\/\/spainfilmcommission.com\/en\/#website","url":"https:\/\/spainfilmcommission.com\/en\/","name":"Spain Film Commission","description":"","publisher":{"@id":"https:\/\/spainfilmcommission.com\/en\/#organization"},"potentialAction":[{"@type":"SearchAction","target":{"@type":"EntryPoint","urlTemplate":"https:\/\/spainfilmcommission.com\/en\/?s={search_term_string}"},"query-input":{"@type":"PropertyValueSpecification","valueRequired":true,"valueName":"search_term_string"}}],"inLanguage":"en-US"},{"@type":"Organization","@id":"https:\/\/spainfilmcommission.com\/en\/#organization","name":"Spain Film Commission","url":"https:\/\/spainfilmcommission.com\/en\/","logo":{"@type":"ImageObject","inLanguage":"en-US","@id":"https:\/\/spainfilmcommission.com\/en\/#\/schema\/logo\/image\/","url":"https:\/\/spainfilmcommission.com\/wp-content\/uploads\/2024\/07\/SPC_COLOR.png","contentUrl":"https:\/\/spainfilmcommission.com\/wp-content\/uploads\/2024\/07\/SPC_COLOR.png","width":1665,"height":1665,"caption":"Spain Film Commission"},"image":{"@id":"https:\/\/spainfilmcommission.com\/en\/#\/schema\/logo\/image\/"}},{"@type":"Person","@id":"https:\/\/spainfilmcommission.com\/en\/#\/schema\/person\/2c139497e1f3f1d330424ab32ad5c19c","name":"admin_sfc","image":{"@type":"ImageObject","inLanguage":"en-US","@id":"https:\/\/secure.gravatar.com\/avatar\/f06061f8836c87bc33143decdd70d30d1212ed16ccafd73454a40dfc2a046aed?s=96&d=mm&r=g","url":"https:\/\/secure.gravatar.com\/avatar\/f06061f8836c87bc33143decdd70d30d1212ed16ccafd73454a40dfc2a046aed?s=96&d=mm&r=g","contentUrl":"https:\/\/secure.gravatar.com\/avatar\/f06061f8836c87bc33143decdd70d30d1212ed16ccafd73454a40dfc2a046aed?s=96&d=mm&r=g","caption":"admin_sfc"}}]}},"_links":{"self":[{"href":"https:\/\/spainfilmcommission.com\/en\/wp-json\/wp\/v2\/posts\/37824","targetHints":{"allow":["GET"]}}],"collection":[{"href":"https:\/\/spainfilmcommission.com\/en\/wp-json\/wp\/v2\/posts"}],"about":[{"href":"https:\/\/spainfilmcommission.com\/en\/wp-json\/wp\/v2\/types\/post"}],"author":[{"embeddable":true,"href":"https:\/\/spainfilmcommission.com\/en\/wp-json\/wp\/v2\/users\/57"}],"replies":[{"embeddable":true,"href":"https:\/\/spainfilmcommission.com\/en\/wp-json\/wp\/v2\/comments?post=37824"}],"version-history":[{"count":4,"href":"https:\/\/spainfilmcommission.com\/en\/wp-json\/wp\/v2\/posts\/37824\/revisions"}],"predecessor-version":[{"id":37830,"href":"https:\/\/spainfilmcommission.com\/en\/wp-json\/wp\/v2\/posts\/37824\/revisions\/37830"}],"wp:featuredmedia":[{"embeddable":true,"href":"https:\/\/spainfilmcommission.com\/en\/wp-json\/wp\/v2\/media\/37826"}],"wp:attachment":[{"href":"https:\/\/spainfilmcommission.com\/en\/wp-json\/wp\/v2\/media?parent=37824"}],"wp:term":[{"taxonomy":"category","embeddable":true,"href":"https:\/\/spainfilmcommission.com\/en\/wp-json\/wp\/v2\/categories?post=37824"},{"taxonomy":"post_tag","embeddable":true,"href":"https:\/\/spainfilmcommission.com\/en\/wp-json\/wp\/v2\/tags?post=37824"}],"curies":[{"name":"wp","href":"https:\/\/api.w.org\/{rel}","templated":true}]}}