{"id":37632,"date":"2026-03-12T17:29:48","date_gmt":"2026-03-12T16:29:48","guid":{"rendered":"https:\/\/spainfilmcommission.com\/?p=37632"},"modified":"2026-03-12T18:10:07","modified_gmt":"2026-03-12T17:10:07","slug":"spain-film-commission-refuerza-en-mafiz-festival-de-malaga-su-vision-integral-del-sector-audiovisual","status":"publish","type":"post","link":"https:\/\/spainfilmcommission.com\/en\/blog\/spain-film-commission-refuerza-en-mafiz-festival-de-malaga-su-vision-integral-del-sector-audiovisual\/","title":{"rendered":"Spain Film Commission refuerza en MAFIZ-Festival de M\u00e1laga su visi\u00f3n integral del sector audiovisual"},"content":{"rendered":"<ul>\n<li><em><span style=\"font-weight: 400;\">J<\/span><span style=\"font-weight: 400;\">uan Manuel Guimer\u00e1ns, presidente de Spain Film Commission<\/span><span style=\"font-weight: 400;\"> destaca sobre la celebraci\u00f3n de la <\/span><span style=\"font-weight: 400;\">Asamblea General de socios durante el festival,<\/span><span style=\"font-weight: 400;\"> \u201cla consolidaci\u00f3n del compromiso <\/span><span style=\"font-weight: 400;\">del conjunto de socios para seguir desarrollando proyectos estrat\u00e9gicos que refuercen el valor y el potencial del sector audiovisual espa\u00f1ol como referente internacional\u201d<\/span><\/em><\/li>\n<\/ul>\n<p>\u00a0<\/p>\n<ul>\n<li style=\"font-weight: 400;\" aria-level=\"1\"><i><span style=\"font-weight: 400;\">Spain Film Commission reconoce a <\/span><\/i><i><span style=\"font-weight: 400;\">Andaluc\u00eda Film Commission y la Consejer\u00eda de Turismo y Andaluc\u00eda Exterior de la Junta de Andaluc\u00eda, por el proyecto <\/span><\/i><i><span style=\"font-weight: 400;\">\u201cLa Gran Ruta de Cine por Andaluc\u00eda\u201d como Mejor Experiencia de Turismo de Pantalla 2026<\/span><\/i><\/li>\n<\/ul>\n<p>\u00a0<\/p>\n<ul>\n<li style=\"font-weight: 400;\" aria-level=\"1\"><i><span style=\"font-weight: 400;\">Los socios participan en el taller formativo impartido por el Director de la C\u00e1tedra Spain Film Commission de Industria de los Rodajes &#8211;\u00a0 Universidad Pablo de Olavide analizando el programa de <\/span><\/i><i><span style=\"font-weight: 400;\">formaci\u00f3n y desarrollo de estudios en \u00e1reas estrat\u00e9gicas para el desarrollo y promoci\u00f3n de la industria de los rodajes<\/span><\/i><\/li>\n<\/ul>\n<p>\u00a0<\/p>\n<ul>\n<li style=\"font-weight: 400;\" aria-level=\"1\"><i><span style=\"font-weight: 400;\">AENA se presenta ante los socios de Spain Film Commission como nuevo miembro de su Consejo de Patronos, abriendo nuevos campos a la colaboraci\u00f3n en materia de localizaciones singulares y desarrollo de proyectos internacionales<\/span><\/i><\/li>\n<\/ul>\n<p>\u00a0<\/p>\n<p><b>M\u00e1laga, 12 de marzo de 2026 &#8211; <\/b><a href=\"https:\/\/www.shootinginspain.info\/\"><span style=\"font-weight: 400;\">Spain Film Commission<\/span><\/a> <span style=\"font-weight: 400;\">ha finalizado una intensa y <\/span><span style=\"font-weight: 400;\">f<\/span><span style=\"font-weight: 400;\">ruct\u00edfera agenda de actividades en el marco de la 29\u00aa edici\u00f3n del<\/span> <a href=\"https:\/\/mafiz.es\"><span style=\"font-weight: 400;\">MAFIZ &#8211; Festival de M\u00e1laga<\/span><\/a><span style=\"font-weight: 400;\">. <\/span><b>Las acciones m\u00e1s destacadas han sido el taller de formaci\u00f3n <\/b><span style=\"font-weight: 400;\">en colaboraci\u00f3n con la C\u00e1tedra SFC de la Industria de los Rodajes &#8211; Universidad Pablo de Olavide, la celebraci\u00f3n de la primera <\/span><b>Asamblea General de socios del a\u00f1o 2026<\/b><span style=\"font-weight: 400;\">, <\/span><span style=\"font-weight: 400;\">la <\/span><b>presentaci\u00f3n oficial de AENA, y su amplio cat\u00e1logo de espacios singulares de rodaje,<\/b><span style=\"font-weight: 400;\"> como nuevo miembro del Consejo de Patronos de Spain Film Commission, y <\/span><b>la entrega del pr<\/b><b>emio a la Mejor Experiencia de Turismo de Pantalla<\/b><span style=\"font-weight: 400;\">, que en su primera edici\u00f3n reconoce al proyecto \u201cLa Gran Ruta de Cine por Andaluc\u00eda\u201d.<\/span><\/p>\n<p><span style=\"font-weight: 400;\">En palabras de Juan Manuel Guimer\u00e1ns, presidente de Spain Film Commission, \u201c<\/span><i><span style=\"font-weight: 400;\">Un a\u00f1o m\u00e1s, nuestra presencia en el Festival de M\u00e1laga reafirma nuestra visi\u00f3n integral y compromiso con el fortalecimiento del sector audiovisual espa\u00f1ol. En un certamen que, junto a su mercado -MAFIZ-, se ha consolidado como una plataforma clave para la industria espa\u00f1ola, encontramos el marco perfecto para el desarrollo de actividades que refuercen nuestras alianzas estrat\u00e9gicas e impulsen la proyecci\u00f3n y el desarrollo de un ecosistema audiovisual s\u00f3lido, competitivo y conectado con los territorios.<\/span><\/i><span style=\"font-weight: 400;\">\u201d\u00a0<\/span><\/p>\n<p><b>La Mejor Experiencia de Turismo de Pantalla en Andaluc\u00eda<\/b><\/p>\n<p><span style=\"font-weight: 400;\">Uno de los momentos destacados de la participaci\u00f3n de Spain Film Commission en el MAFIZ &#8211; Festival de M\u00e1laga ha sido la <\/span><b>entrega del premio a la \u201cMejor Experiencia de Turismo de Pantalla\u201d, <\/b><span style=\"font-weight: 400;\">que forma parte del conjunto de reconocimientos de la organizaci\u00f3n a destacados agentes que contribuyen a la promoci\u00f3n de Espa\u00f1a como territorio de rodajes. Este premio, que se concede por primera vez en 2026, <\/span><b>reconoce a Andaluc\u00eda Film Commission y la Consejer\u00eda de Turismo y Andaluc\u00eda Exterior de la Junta de Andaluc\u00eda por el proyecto \u201cLa Gran Ruta de Cine por Andaluc\u00eda\u201d<\/b><span style=\"font-weight: 400;\">.\u00a0<\/span><\/p>\n<p><span style=\"font-weight: 400;\">El premio, que se anunci\u00f3 el pasado 23 de enero durante la octava edici\u00f3n de FITUR Screen en Madrid, no pudo ser entregado debido al luto decretado por el tr\u00e1gico accidente ferroviario de Adamuz, por lo que la Junta Directiva de SFC decidi\u00f3 trasladar el acto a la propia Comunidad Aut\u00f3noma de Andaluc\u00eda como finalmente ha sucedido. De este modo, tras la celebraci\u00f3n de la Asamblea general de socios, en la Oficina de Turismo Andaluz de la capital malacitana, <\/span><span style=\"font-weight: 400;\">D\u00aa Gemma del Corral Parra, directora general de Promoci\u00f3n y Fomento del Turismo de la Junta de Andaluc\u00eda junto a la Directora de Andaluc\u00eda Film Commission han recogido el reconocimiento, ante destacados representantes del audiovisual en Andaluc\u00eda, como el Director del Festival de Sevilla, Manuel Crist\u00f3bal, el Presidente de la Andaluc\u00eda Film Commission y ex-presidente de SFC, Carlos Rosado, o el conocido empresario andaluz del sector de exhibici\u00f3n, Luis Carlos Mill\u00e1n, entre otros.<\/span><\/p>\n<p><span style=\"font-weight: 400;\">En palabras de<\/span><b> Piluca Querol,<\/b> <b>directora de Andaluc\u00eda Film Commission:<\/b> <i><span style=\"font-weight: 400;\">\u201cun reconocimiento que adem\u00e1s de poner en valor nuestro trabajo desarrollada durante m\u00e1s de dos d\u00e9cadas en Andaluc\u00eda, es un merecido reconocimiento al creciente papel del audiovisual como motor de desarrollo econ\u00f3mico y cultural, as\u00ed como a la capacidad de las producciones cinematogr\u00e1ficas y televisivas para generar nuevas narrativas de destino y atraer visitantes a los territorios.\u201d\u00a0<\/span><\/i><\/p>\n<p><span style=\"font-weight: 400;\">\u201c<\/span><b>La Gran Ruta de Cine por Andaluc\u00eda\u201d fue seleccionada por la Junta Directiva de Spain Film Commission por ser uno de los proyectos m\u00e1s completos y veteranos de turismo de pantalla desarrollados en Espa\u00f1a<\/b><span style=\"font-weight: 400;\">. La iniciativa convierte el extraordinario patrimonio audiovisual de la comunidad en una experiencia tur\u00edstica accesible y atractiva que integra cultura, territorio e industria audiovisual, consolidando a Andaluc\u00eda como uno de los grandes destinos internacionales de turismo cinematogr\u00e1fico.<\/span><\/p>\n<p><b>Asamblea General de socios, compromiso de crecimiento conjunto<\/b><\/p>\n<p><span style=\"font-weight: 400;\">Durante el Festival de M\u00e1laga, Spain Film Commission ha celebrado tambi\u00e9n la primera de las dos Asambleas generales de socios que sus Estatutos prev\u00e9n cada a\u00f1o, un encuentro clave para la coordinaci\u00f3n de la red nacional de film commissions y film offices\u00a0\u00a0<\/span><\/p>\n<p><span style=\"font-weight: 400;\">La Asamblea, que ha contado con la presencia de m\u00e1s de <\/span><span style=\"font-weight: 400;\">30 socios de toda Espa\u00f1a, <\/span><span style=\"font-weight: 400;\">adem\u00e1s de analizar las solicitudes de nuevo ingreso, aprobar las cuentas de 2025 y los presupuestos de 2026, <\/span><b>ha permitido analizar espacios de mejora interna de la organizaci\u00f3n, compartir inquietudes y necesidades entre territorios y grupos de trabajo y reforzar el trabajo conjunto para seguir posicionando a Espa\u00f1a como el hub audiovisual de referencia en la Uni\u00f3n Europea<\/b><span style=\"font-weight: 400;\">.<\/span><\/p>\n<p><span style=\"font-weight: 400;\">Adem\u00e1s, el encuentro ha servido para analizar los proyectos estrat\u00e9gicos a desarrollar en 2026, de la mano de la financiaci\u00f3n y colaboraci\u00f3n con instituciones estatales,\u00a0 fundamentalmente con los Ministerios de Transformaci\u00f3n Tecnol\u00f3gica y de la Funci\u00f3n P\u00fablica (Secretar\u00eda de Estado de Digitalizaci\u00f3n e Inteligencia Artificial), Industria y Turismo (Secretar\u00eda de Estado de Turismo) y Cultura y Deporte (Subsecretar\u00eda de Cultura e ICAA). Como iniciativas m\u00e1s destacadas se han apuntado el nuevo informe sobre el impacto econ\u00f3mico, social y territorial de la industria audiovisual en Espa\u00f1a, el desarrollo de soluciones tecnol\u00f3gicas al servicio de las localizaciones espa\u00f1olas, y el desarrollo de un ambicioso plan de mercados nacional e internacional bajo la denominaci\u00f3n \u201cSpain Film\u201d.<\/span><\/p>\n<p><span style=\"font-weight: 400;\">De igual modo, se han aprobado los recursos para seguir impulsando iniciativas propias como FITUR Screen o Shooting Locations Marketplace, que completar\u00e1n el trabajo en mercados de todo el mundo, a los que SFC acudir\u00e1 de la mano de sus colaboradores nacionales, de sus socios internacionales (AFCI, EUFCN e IBEROFIC), as\u00ed como de su creciente Consejo de Patronos, compuesto ya por 5 entidades de referencia (Telef\u00f3nica, IZEN, NETFLIX, AMAZON y AENA)\u00a0 y al que se espera puedan sumarse nuevas entidades a lo largo de 2026.<\/span><\/p>\n<p><span style=\"font-weight: 400;\">Los socios han acordado, finalmente, que sus pr\u00f3ximas Asambleas ordinarias se celebrar\u00e1n en Arag\u00f3n y Cantabria, en fechas a\u00fan por determinar, con el objetivo de seguir consolidando el papel de la red como interlocutor clave entre las instituciones, los territorios y la industria audiovisual, en un contexto de crecimiento del sector y de creciente competencia internacional por atraer rodajes. En este sentido, Juan Manuel Guimer\u00e1ns, presidente de Spain Film Commission, que comenzaba la sesi\u00f3n agradeciendo a la direcci\u00f3n del Festival de M\u00e1laga, en la persona de <\/span><span style=\"font-weight: 400;\">Juan Antonio Vigar<\/span><span style=\"font-weight: 400;\">, responsable a su vez de la M\u00e1laga Film Office, su extraordinaria acogida, reiterando \u201c<\/span><i><span style=\"font-weight: 400;\">el compromiso de SFC de seguir contribuyendo a la consolidaci\u00f3n de la producci\u00f3n nacional espa\u00f1ola, a su m\u00e1xima difusi\u00f3n por todo el pa\u00eds y a la preservaci\u00f3n de nuestro patrimonio audiovisual, sin olvidar aquello que ha contribuido decisivamente al crecimiento experimentado en los \u00faltimos a\u00f1os, y que es fundamentalmente la capacidad de atracci\u00f3n de actividad audiovisual internacional\u201d<\/span><\/i><span style=\"font-weight: 400;\">.<\/span><\/p>\n<p><b>La formaci\u00f3n que impulsa el sector y retiene talento<\/b><\/p>\n<p><span style=\"font-weight: 400;\">Los actos de Spain Film Commission en M\u00e1laga, se completaron con un <\/span><b>taller de formaci\u00f3n dirigido a los socios de la organizaci\u00f3n desarrollado por el Director de la C\u00e1tedra SFC de la Industria de los Rodajes &#8211; Universidad Pablo de Olavide, el Dr. Jes\u00fas Cambra<\/b><span style=\"font-weight: 400;\">, en el que se analizaron los trabajos desarrollados durante 2025, con especial atenci\u00f3n a diversos estudios sobre la relaci\u00f3n entre audiovisual y promoci\u00f3n de destinos tur\u00edsticos, que demuestran el valor adicional de las im\u00e1genes vinculadas a producciones audiovisuales en campa\u00f1as de promoci\u00f3n.<\/span><\/p>\n<p><span style=\"font-weight: 400;\">Esta actividad forma parte del programa de acci\u00f3n anual de la C\u00e1tedra, un proyecto de colaboraci\u00f3n impulsado por Spain Film Commission desde 2024 junto a la Universidad Pablo de Olavide de Sevilla, que agrupa a cerca de una veintena de Universidades de toda Espa\u00f1a. Una iniciativa que promueve el avance hacia la formaci\u00f3n permanente y actualizaci\u00f3n de conocimientos de los profesionales del sector audiovisual, y la generaci\u00f3n de todo tipo de estudios e informes en los diferentes campos que interesan al sector. En palabras de<\/span><span style=\"font-weight: 400;\">l Dr. Cambra<\/span><span style=\"font-weight: 400;\">: \u201c<\/span><i><span style=\"font-weight: 400;\">La c\u00e1tedra, que cuenta en la actualidad con colaboraciones de profesorado de toda Espa\u00f1a y de Universidades de varios pa\u00edses extranjeros, se basa en el modelo de las c\u00e1tedras de empresa, permitiendo una gran apertura de la universidad al tejido empresarial e institucional y a los generadores de riqueza y desarrollo, estableciendo una conexi\u00f3n crucial con el sector productivo. Es por ello, que nuestro trabajo pretende apoyar, desde el conocimiento acad\u00e9mico y la investigaci\u00f3n cient\u00edfica, a la industria de los rodajes en todas sus facetas de valor, que resultan fundamentales tambi\u00e9n para la mejora y la retenci\u00f3n del talento nacional<\/span><\/i><span style=\"font-weight: 400;\">.\u201d<\/span><\/p>\n<p><span style=\"font-weight: 400;\">Adicionalmente a estas actividades, el d\u00eda 10 se llev\u00f3 a cabo una <\/span><b>breve presentaci\u00f3n de AENA como nuevo miembro del Consejo de Patronos de SFC, <\/b><span style=\"font-weight: 400;\">en la que el operador aeroportuario espa\u00f1ol, el m\u00e1s importante del mundo en volumen de viajeros gestionado, se present\u00f3 oficialmente a los socios de Spain Film Commission, como colaborador de primer nivel en t\u00e9rminos de localizaciones singulares y espacios de promoci\u00f3n. Una oportunidad para difundir el potencial de los aeropuertos de la red de Aena, en Espa\u00f1a <\/span><span style=\"font-weight: 400;\">y en el mundo, como escenarios de pel\u00edculas y de otro tipo de obras audiovisuales. Su liderazgo en conectividad y su capacidad de gesti\u00f3n de infraestructuras estrat\u00e9gicas aportan un valor diferencial en un momento en el que Espa\u00f1a consolida su posici\u00f3n como hub audiovisual europeo.<\/span><\/p>\n<p><span style=\"font-weight: 400;\">La intensa agenda llevada a cabo durante esta edici\u00f3n de MAFIZ-Festival de M\u00e1laga, ha incluido la <\/span><b>asistencia, apoyo y participaci\u00f3n en todo tipo de encuentros institucionales <\/b><span style=\"font-weight: 400;\">vinculados a la industria espa\u00f1ola, como las <\/span><b>Jornadas de la Asociaci\u00f3n de Productoras de Cine Publicitario<\/b><span style=\"font-weight: 400;\">, los diversos encuentros promovidos por la representaci\u00f3n de diversas Comunidades Aut\u00f3nomas, o <\/span><b>la presentaci\u00f3n, junto al Embajador de la India en Espa\u00f1a, Mr. Jayant Khobragade, y de destacados representantes del ICAA, de la primera coproducci\u00f3n audiovisual hispano-india, el documental \u201cMUDRAS, Bailando hilos invisibles\u201d<\/b><span style=\"font-weight: 400;\">, de la productora espa\u00f1ola Anna Saura, y que da el pistoletazo de salida a las acciones del <\/span><b>A\u00f1o Dual Espa\u00f1a-India 2026<\/b><span style=\"font-weight: 400;\"> en nuestro pa\u00eds, en el que Spain Film Commission juega un papel destacado.<\/span><\/p>\n<p><b>La actividad de SFC en esta edici\u00f3n ha sido posible gracias al apoyo y la colaboraci\u00f3n del conjunto de los socios de la red, habiendo participado presencialmente, representantes de <\/b>Andaluc\u00eda Film Commission, Arag\u00f3n Film Commission, Asturias Para\u00edso Natural Film Commission, \u00c1vila Film Office, Barcelona Film Commission, Bilbao Bizkaia Film Commission, Burgos Film Commission, Canary Island Film, Cantabria Film Commission, Carmona Film Commission, Castilla y Le\u00f3n Film Commission, Catalunya Film Commission, Extremadura Film Commission, Film Madrid Region, Ibiza Film Commission, Illes Balears Film Commission, Madrid Film Office, M\u00e1laga Film Office, M\u00e1laga Film Commission, Mallorca Film Commission, Menorca Film Commission, Monegros Film Commission, Navarra Film Commission, Pe\u00f1\u00edscola Film Office, Regi\u00f3n de Murcia Film Commission, R\u00edas Baixas Film Commission, Segovia Film Commission, Sevilla Film And Events, Terrassa Film Office, Valencia Film Office, Valladolid Film Commission, Vigo Film Office, Zaragoza Film Office.<\/p>\n<p>\u00a0<\/p>\n<p>\u00a0<\/p>\n<p>\u00a0<\/p>\n\n\n<figure class=\"wp-block-gallery has-nested-images columns-default is-cropped wp-block-gallery-1 is-layout-flex wp-block-gallery-is-layout-flex\">\n<figure class=\"wp-block-image size-large\"><img fetchpriority=\"high\" decoding=\"async\" width=\"768\" height=\"1024\" data-id=\"37657\" src=\"https:\/\/spainfilmcommission.com\/wp-content\/uploads\/2026\/03\/IMG_6330-2-768x1024.jpeg\" alt=\"\" class=\"wp-image-37657\" srcset=\"https:\/\/spainfilmcommission.com\/wp-content\/uploads\/2026\/03\/IMG_6330-2-768x1024.jpeg 768w, https:\/\/spainfilmcommission.com\/wp-content\/uploads\/2026\/03\/IMG_6330-2-225x300.jpeg 225w, https:\/\/spainfilmcommission.com\/wp-content\/uploads\/2026\/03\/IMG_6330-2-1152x1536.jpeg 1152w, https:\/\/spainfilmcommission.com\/wp-content\/uploads\/2026\/03\/IMG_6330-2-scaled.jpeg 1536w\" sizes=\"(max-width: 768px) 100vw, 768px\" \/><figcaption class=\"wp-element-caption\">Entrega de Premio &#8220;Mejor Ruta de Turismo de Pantalla&#8221; por &#8220;La Ruta de Cine por Andaluc\u00eda&#8221;<\/figcaption><\/figure>\n\n\n\n<figure class=\"wp-block-image size-large\"><img decoding=\"async\" width=\"768\" height=\"1024\" data-id=\"37663\" src=\"https:\/\/spainfilmcommission.com\/wp-content\/uploads\/2026\/03\/IMG_0207-1-768x1024.jpeg\" alt=\"\" class=\"wp-image-37663\" srcset=\"https:\/\/spainfilmcommission.com\/wp-content\/uploads\/2026\/03\/IMG_0207-1-768x1024.jpeg 768w, https:\/\/spainfilmcommission.com\/wp-content\/uploads\/2026\/03\/IMG_0207-1-225x300.jpeg 225w, https:\/\/spainfilmcommission.com\/wp-content\/uploads\/2026\/03\/IMG_0207-1-1152x1536.jpeg 1152w, https:\/\/spainfilmcommission.com\/wp-content\/uploads\/2026\/03\/IMG_0207-1-scaled.jpeg 1536w\" sizes=\"(max-width: 768px) 100vw, 768px\" \/><figcaption class=\"wp-element-caption\">Presentaci\u00f3n de Aena como nuevo miembro del Consejo de Patronos de SFC<\/figcaption><\/figure>\n\n\n\n<figure class=\"wp-block-image size-large\"><img decoding=\"async\" width=\"1024\" height=\"768\" data-id=\"37659\" src=\"https:\/\/spainfilmcommission.com\/wp-content\/uploads\/2026\/03\/IMG_6284-1-1024x768.jpeg\" alt=\"\" class=\"wp-image-37659\" srcset=\"https:\/\/spainfilmcommission.com\/wp-content\/uploads\/2026\/03\/IMG_6284-1-1024x768.jpeg 1024w, https:\/\/spainfilmcommission.com\/wp-content\/uploads\/2026\/03\/IMG_6284-1-300x225.jpeg 300w, https:\/\/spainfilmcommission.com\/wp-content\/uploads\/2026\/03\/IMG_6284-1-768x576.jpeg 768w, https:\/\/spainfilmcommission.com\/wp-content\/uploads\/2026\/03\/IMG_6284-1-1536x1152.jpeg 1536w, https:\/\/spainfilmcommission.com\/wp-content\/uploads\/2026\/03\/IMG_6284-1-scaled.jpeg 2048w\" sizes=\"(max-width: 1024px) 100vw, 1024px\" \/><figcaption class=\"wp-element-caption\">Taller formativo de la C\u00e1tedra de la Industria de los Rodajes en colaboraci\u00f3n con la UPO<\/figcaption><\/figure>\n\n\n\n<figure class=\"wp-block-image size-large\"><img loading=\"lazy\" decoding=\"async\" width=\"768\" height=\"1024\" data-id=\"37661\" src=\"https:\/\/spainfilmcommission.com\/wp-content\/uploads\/2026\/03\/IMG_6199-1-768x1024.jpeg\" alt=\"\" class=\"wp-image-37661\" srcset=\"https:\/\/spainfilmcommission.com\/wp-content\/uploads\/2026\/03\/IMG_6199-1-768x1024.jpeg 768w, https:\/\/spainfilmcommission.com\/wp-content\/uploads\/2026\/03\/IMG_6199-1-225x300.jpeg 225w, https:\/\/spainfilmcommission.com\/wp-content\/uploads\/2026\/03\/IMG_6199-1-1152x1536.jpeg 1152w, https:\/\/spainfilmcommission.com\/wp-content\/uploads\/2026\/03\/IMG_6199-1-scaled.jpeg 1536w\" sizes=\"(max-width: 768px) 100vw, 768px\" \/><figcaption class=\"wp-element-caption\">Visita institucional de Francisco de la Torre, Alcalde de M\u00e1laga, al stand de SFC<\/figcaption><\/figure>\n<\/figure>\n\n\n\n<figure class=\"wp-block-gallery has-nested-images columns-default is-cropped wp-block-gallery-2 is-layout-flex wp-block-gallery-is-layout-flex\"><\/figure>\n","protected":false},"excerpt":{"rendered":"<p>Juan Manuel Guimer\u00e1ns, presidente de Spain Film Commission destaca sobre la celebraci\u00f3n de la Asamblea General de socios durante el festival, \u201cla consolidaci\u00f3n del compromiso del conjunto de socios para [&hellip;]<\/p>\n","protected":false},"author":57,"featured_media":37633,"comment_status":"closed","ping_status":"closed","sticky":false,"template":"","format":"standard","meta":{"footnotes":""},"categories":[38],"tags":[],"class_list":["post-37632","post","type-post","status-publish","format-standard","has-post-thumbnail","hentry","category-noticias"],"yoast_head":"<!-- This site is optimized with the Yoast SEO plugin v27.3 - https:\/\/yoast.com\/product\/yoast-seo-wordpress\/ -->\n<title>Spain Film Commission refuerza en MAFIZ-Festival de M\u00e1laga su visi\u00f3n integral del sector audiovisual - Spain Film Commission<\/title>\n<meta name=\"description\" content=\"Spain Film Commission ha finalizado una intensa y fruct\u00edfera agenda de actividades en el marco de la 29\u00aa edici\u00f3n del MAFIZ \u2013 Festival de M\u00e1laga. Las acciones m\u00e1s destacadas han sido el taller de formaci\u00f3n en colaboraci\u00f3n con la C\u00e1tedra SFC de la Industria de los Rodajes \u2013 Universidad Pablo de Olavide, la celebraci\u00f3n de la primera Asamblea General de socios del a\u00f1o 2026, la presentaci\u00f3n oficial de AENA, y su amplio cat\u00e1logo de espacios singulares de rodaje, como nuevo miembro del Consejo de Patronos de Spain Film Commission, y la entrega del premio a la Mejor Experiencia de Turismo de Pantalla, que en su primera edici\u00f3n reconoce al proyecto \u201cLa Gran Ruta de Cine por Andaluc\u00eda\u201d.\" \/>\n<meta name=\"robots\" content=\"index, follow, max-snippet:-1, max-image-preview:large, max-video-preview:-1\" \/>\n<link rel=\"canonical\" href=\"https:\/\/spainfilmcommission.com\/en\/blog\/spain-film-commission-refuerza-en-mafiz-festival-de-malaga-su-vision-integral-del-sector-audiovisual\/\" \/>\n<meta property=\"og:locale\" content=\"en_US\" \/>\n<meta property=\"og:type\" content=\"article\" \/>\n<meta property=\"og:title\" content=\"Spain Film Commission refuerza en MAFIZ-Festival de M\u00e1laga su visi\u00f3n integral del sector audiovisual - Spain Film Commission\" \/>\n<meta property=\"og:description\" content=\"Spain Film Commission ha finalizado una intensa y fruct\u00edfera agenda de actividades en el marco de la 29\u00aa edici\u00f3n del MAFIZ \u2013 Festival de M\u00e1laga. Las acciones m\u00e1s destacadas han sido el taller de formaci\u00f3n en colaboraci\u00f3n con la C\u00e1tedra SFC de la Industria de los Rodajes \u2013 Universidad Pablo de Olavide, la celebraci\u00f3n de la primera Asamblea General de socios del a\u00f1o 2026, la presentaci\u00f3n oficial de AENA, y su amplio cat\u00e1logo de espacios singulares de rodaje, como nuevo miembro del Consejo de Patronos de Spain Film Commission, y la entrega del premio a la Mejor Experiencia de Turismo de Pantalla, que en su primera edici\u00f3n reconoce al proyecto \u201cLa Gran Ruta de Cine por Andaluc\u00eda\u201d.\" \/>\n<meta property=\"og:url\" content=\"https:\/\/spainfilmcommission.com\/en\/blog\/spain-film-commission-refuerza-en-mafiz-festival-de-malaga-su-vision-integral-del-sector-audiovisual\/\" \/>\n<meta property=\"og:site_name\" content=\"Spain Film Commission\" \/>\n<meta property=\"article:published_time\" content=\"2026-03-12T16:29:48+00:00\" \/>\n<meta property=\"article:modified_time\" content=\"2026-03-12T17:10:07+00:00\" \/>\n<meta property=\"og:image\" content=\"https:\/\/spainfilmcommission.com\/wp-content\/uploads\/2026\/03\/FOTO-FAMILIA-ENTREGA-PREMIO-1.jpg\" \/>\n\t<meta property=\"og:image:width\" content=\"1596\" \/>\n\t<meta property=\"og:image:height\" content=\"1043\" \/>\n\t<meta property=\"og:image:type\" content=\"image\/jpeg\" \/>\n<meta name=\"author\" content=\"admin_sfc\" \/>\n<meta name=\"twitter:card\" content=\"summary_large_image\" \/>\n<meta name=\"twitter:label1\" content=\"Written by\" \/>\n\t<meta name=\"twitter:data1\" content=\"admin_sfc\" \/>\n\t<meta name=\"twitter:label2\" content=\"Est. reading time\" \/>\n\t<meta name=\"twitter:data2\" content=\"11 minutes\" \/>\n<script type=\"application\/ld+json\" class=\"yoast-schema-graph\">{\"@context\":\"https:\\\/\\\/schema.org\",\"@graph\":[{\"@type\":\"Article\",\"@id\":\"https:\\\/\\\/spainfilmcommission.com\\\/en\\\/blog\\\/spain-film-commission-refuerza-en-mafiz-festival-de-malaga-su-vision-integral-del-sector-audiovisual\\\/#article\",\"isPartOf\":{\"@id\":\"https:\\\/\\\/spainfilmcommission.com\\\/en\\\/blog\\\/spain-film-commission-refuerza-en-mafiz-festival-de-malaga-su-vision-integral-del-sector-audiovisual\\\/\"},\"author\":{\"name\":\"admin_sfc\",\"@id\":\"https:\\\/\\\/spainfilmcommission.com\\\/en\\\/#\\\/schema\\\/person\\\/2c139497e1f3f1d330424ab32ad5c19c\"},\"headline\":\"Spain Film Commission refuerza en MAFIZ-Festival de M\u00e1laga su visi\u00f3n integral del sector audiovisual\",\"datePublished\":\"2026-03-12T16:29:48+00:00\",\"dateModified\":\"2026-03-12T17:10:07+00:00\",\"mainEntityOfPage\":{\"@id\":\"https:\\\/\\\/spainfilmcommission.com\\\/en\\\/blog\\\/spain-film-commission-refuerza-en-mafiz-festival-de-malaga-su-vision-integral-del-sector-audiovisual\\\/\"},\"wordCount\":2181,\"publisher\":{\"@id\":\"https:\\\/\\\/spainfilmcommission.com\\\/en\\\/#organization\"},\"image\":{\"@id\":\"https:\\\/\\\/spainfilmcommission.com\\\/en\\\/blog\\\/spain-film-commission-refuerza-en-mafiz-festival-de-malaga-su-vision-integral-del-sector-audiovisual\\\/#primaryimage\"},\"thumbnailUrl\":\"https:\\\/\\\/spainfilmcommission.com\\\/wp-content\\\/uploads\\\/2026\\\/03\\\/FOTO-FAMILIA-ENTREGA-PREMIO-1.jpg\",\"articleSection\":[\"Noticias\"],\"inLanguage\":\"en-US\"},{\"@type\":\"WebPage\",\"@id\":\"https:\\\/\\\/spainfilmcommission.com\\\/en\\\/blog\\\/spain-film-commission-refuerza-en-mafiz-festival-de-malaga-su-vision-integral-del-sector-audiovisual\\\/\",\"url\":\"https:\\\/\\\/spainfilmcommission.com\\\/en\\\/blog\\\/spain-film-commission-refuerza-en-mafiz-festival-de-malaga-su-vision-integral-del-sector-audiovisual\\\/\",\"name\":\"Spain Film Commission refuerza en MAFIZ-Festival de M\u00e1laga su visi\u00f3n integral del sector audiovisual - Spain Film Commission\",\"isPartOf\":{\"@id\":\"https:\\\/\\\/spainfilmcommission.com\\\/en\\\/#website\"},\"primaryImageOfPage\":{\"@id\":\"https:\\\/\\\/spainfilmcommission.com\\\/en\\\/blog\\\/spain-film-commission-refuerza-en-mafiz-festival-de-malaga-su-vision-integral-del-sector-audiovisual\\\/#primaryimage\"},\"image\":{\"@id\":\"https:\\\/\\\/spainfilmcommission.com\\\/en\\\/blog\\\/spain-film-commission-refuerza-en-mafiz-festival-de-malaga-su-vision-integral-del-sector-audiovisual\\\/#primaryimage\"},\"thumbnailUrl\":\"https:\\\/\\\/spainfilmcommission.com\\\/wp-content\\\/uploads\\\/2026\\\/03\\\/FOTO-FAMILIA-ENTREGA-PREMIO-1.jpg\",\"datePublished\":\"2026-03-12T16:29:48+00:00\",\"dateModified\":\"2026-03-12T17:10:07+00:00\",\"description\":\"Spain Film Commission ha finalizado una intensa y fruct\u00edfera agenda de actividades en el marco de la 29\u00aa edici\u00f3n del MAFIZ \u2013 Festival de M\u00e1laga. Las acciones m\u00e1s destacadas han sido el taller de formaci\u00f3n en colaboraci\u00f3n con la C\u00e1tedra SFC de la Industria de los Rodajes \u2013 Universidad Pablo de Olavide, la celebraci\u00f3n de la primera Asamblea General de socios del a\u00f1o 2026, la presentaci\u00f3n oficial de AENA, y su amplio cat\u00e1logo de espacios singulares de rodaje, como nuevo miembro del Consejo de Patronos de Spain Film Commission, y la entrega del premio a la Mejor Experiencia de Turismo de Pantalla, que en su primera edici\u00f3n reconoce al proyecto \u201cLa Gran Ruta de Cine por Andaluc\u00eda\u201d.\",\"breadcrumb\":{\"@id\":\"https:\\\/\\\/spainfilmcommission.com\\\/en\\\/blog\\\/spain-film-commission-refuerza-en-mafiz-festival-de-malaga-su-vision-integral-del-sector-audiovisual\\\/#breadcrumb\"},\"inLanguage\":\"en-US\",\"potentialAction\":[{\"@type\":\"ReadAction\",\"target\":[\"https:\\\/\\\/spainfilmcommission.com\\\/en\\\/blog\\\/spain-film-commission-refuerza-en-mafiz-festival-de-malaga-su-vision-integral-del-sector-audiovisual\\\/\"]}]},{\"@type\":\"ImageObject\",\"inLanguage\":\"en-US\",\"@id\":\"https:\\\/\\\/spainfilmcommission.com\\\/en\\\/blog\\\/spain-film-commission-refuerza-en-mafiz-festival-de-malaga-su-vision-integral-del-sector-audiovisual\\\/#primaryimage\",\"url\":\"https:\\\/\\\/spainfilmcommission.com\\\/wp-content\\\/uploads\\\/2026\\\/03\\\/FOTO-FAMILIA-ENTREGA-PREMIO-1.jpg\",\"contentUrl\":\"https:\\\/\\\/spainfilmcommission.com\\\/wp-content\\\/uploads\\\/2026\\\/03\\\/FOTO-FAMILIA-ENTREGA-PREMIO-1.jpg\",\"width\":1596,\"height\":1043},{\"@type\":\"BreadcrumbList\",\"@id\":\"https:\\\/\\\/spainfilmcommission.com\\\/en\\\/blog\\\/spain-film-commission-refuerza-en-mafiz-festival-de-malaga-su-vision-integral-del-sector-audiovisual\\\/#breadcrumb\",\"itemListElement\":[{\"@type\":\"ListItem\",\"position\":1,\"name\":\"Portada\",\"item\":\"https:\\\/\\\/spainfilmcommission.com\\\/en\\\/\"},{\"@type\":\"ListItem\",\"position\":2,\"name\":\"Spain Film Commission refuerza en MAFIZ-Festival de M\u00e1laga su visi\u00f3n integral del sector audiovisual\"}]},{\"@type\":\"WebSite\",\"@id\":\"https:\\\/\\\/spainfilmcommission.com\\\/en\\\/#website\",\"url\":\"https:\\\/\\\/spainfilmcommission.com\\\/en\\\/\",\"name\":\"Spain Film Commission\",\"description\":\"\",\"publisher\":{\"@id\":\"https:\\\/\\\/spainfilmcommission.com\\\/en\\\/#organization\"},\"potentialAction\":[{\"@type\":\"SearchAction\",\"target\":{\"@type\":\"EntryPoint\",\"urlTemplate\":\"https:\\\/\\\/spainfilmcommission.com\\\/en\\\/?s={search_term_string}\"},\"query-input\":{\"@type\":\"PropertyValueSpecification\",\"valueRequired\":true,\"valueName\":\"search_term_string\"}}],\"inLanguage\":\"en-US\"},{\"@type\":\"Organization\",\"@id\":\"https:\\\/\\\/spainfilmcommission.com\\\/en\\\/#organization\",\"name\":\"Spain Film Commission\",\"url\":\"https:\\\/\\\/spainfilmcommission.com\\\/en\\\/\",\"logo\":{\"@type\":\"ImageObject\",\"inLanguage\":\"en-US\",\"@id\":\"https:\\\/\\\/spainfilmcommission.com\\\/en\\\/#\\\/schema\\\/logo\\\/image\\\/\",\"url\":\"https:\\\/\\\/spainfilmcommission.com\\\/wp-content\\\/uploads\\\/2024\\\/07\\\/SPC_COLOR.png\",\"contentUrl\":\"https:\\\/\\\/spainfilmcommission.com\\\/wp-content\\\/uploads\\\/2024\\\/07\\\/SPC_COLOR.png\",\"width\":1665,\"height\":1665,\"caption\":\"Spain Film Commission\"},\"image\":{\"@id\":\"https:\\\/\\\/spainfilmcommission.com\\\/en\\\/#\\\/schema\\\/logo\\\/image\\\/\"}},{\"@type\":\"Person\",\"@id\":\"https:\\\/\\\/spainfilmcommission.com\\\/en\\\/#\\\/schema\\\/person\\\/2c139497e1f3f1d330424ab32ad5c19c\",\"name\":\"admin_sfc\",\"image\":{\"@type\":\"ImageObject\",\"inLanguage\":\"en-US\",\"@id\":\"https:\\\/\\\/secure.gravatar.com\\\/avatar\\\/f06061f8836c87bc33143decdd70d30d1212ed16ccafd73454a40dfc2a046aed?s=96&d=mm&r=g\",\"url\":\"https:\\\/\\\/secure.gravatar.com\\\/avatar\\\/f06061f8836c87bc33143decdd70d30d1212ed16ccafd73454a40dfc2a046aed?s=96&d=mm&r=g\",\"contentUrl\":\"https:\\\/\\\/secure.gravatar.com\\\/avatar\\\/f06061f8836c87bc33143decdd70d30d1212ed16ccafd73454a40dfc2a046aed?s=96&d=mm&r=g\",\"caption\":\"admin_sfc\"}}]}<\/script>\n<!-- \/ Yoast SEO plugin. -->","yoast_head_json":{"title":"Spain Film Commission refuerza en MAFIZ-Festival de M\u00e1laga su visi\u00f3n integral del sector audiovisual - Spain Film Commission","description":"Spain Film Commission ha finalizado una intensa y fruct\u00edfera agenda de actividades en el marco de la 29\u00aa edici\u00f3n del MAFIZ \u2013 Festival de M\u00e1laga. Las acciones m\u00e1s destacadas han sido el taller de formaci\u00f3n en colaboraci\u00f3n con la C\u00e1tedra SFC de la Industria de los Rodajes \u2013 Universidad Pablo de Olavide, la celebraci\u00f3n de la primera Asamblea General de socios del a\u00f1o 2026, la presentaci\u00f3n oficial de AENA, y su amplio cat\u00e1logo de espacios singulares de rodaje, como nuevo miembro del Consejo de Patronos de Spain Film Commission, y la entrega del premio a la Mejor Experiencia de Turismo de Pantalla, que en su primera edici\u00f3n reconoce al proyecto \u201cLa Gran Ruta de Cine por Andaluc\u00eda\u201d.","robots":{"index":"index","follow":"follow","max-snippet":"max-snippet:-1","max-image-preview":"max-image-preview:large","max-video-preview":"max-video-preview:-1"},"canonical":"https:\/\/spainfilmcommission.com\/en\/blog\/spain-film-commission-refuerza-en-mafiz-festival-de-malaga-su-vision-integral-del-sector-audiovisual\/","og_locale":"en_US","og_type":"article","og_title":"Spain Film Commission refuerza en MAFIZ-Festival de M\u00e1laga su visi\u00f3n integral del sector audiovisual - Spain Film Commission","og_description":"Spain Film Commission ha finalizado una intensa y fruct\u00edfera agenda de actividades en el marco de la 29\u00aa edici\u00f3n del MAFIZ \u2013 Festival de M\u00e1laga. Las acciones m\u00e1s destacadas han sido el taller de formaci\u00f3n en colaboraci\u00f3n con la C\u00e1tedra SFC de la Industria de los Rodajes \u2013 Universidad Pablo de Olavide, la celebraci\u00f3n de la primera Asamblea General de socios del a\u00f1o 2026, la presentaci\u00f3n oficial de AENA, y su amplio cat\u00e1logo de espacios singulares de rodaje, como nuevo miembro del Consejo de Patronos de Spain Film Commission, y la entrega del premio a la Mejor Experiencia de Turismo de Pantalla, que en su primera edici\u00f3n reconoce al proyecto \u201cLa Gran Ruta de Cine por Andaluc\u00eda\u201d.","og_url":"https:\/\/spainfilmcommission.com\/en\/blog\/spain-film-commission-refuerza-en-mafiz-festival-de-malaga-su-vision-integral-del-sector-audiovisual\/","og_site_name":"Spain Film Commission","article_published_time":"2026-03-12T16:29:48+00:00","article_modified_time":"2026-03-12T17:10:07+00:00","og_image":[{"width":1596,"height":1043,"url":"https:\/\/spainfilmcommission.com\/wp-content\/uploads\/2026\/03\/FOTO-FAMILIA-ENTREGA-PREMIO-1.jpg","type":"image\/jpeg"}],"author":"admin_sfc","twitter_card":"summary_large_image","twitter_misc":{"Written by":"admin_sfc","Est. reading time":"11 minutes"},"schema":{"@context":"https:\/\/schema.org","@graph":[{"@type":"Article","@id":"https:\/\/spainfilmcommission.com\/en\/blog\/spain-film-commission-refuerza-en-mafiz-festival-de-malaga-su-vision-integral-del-sector-audiovisual\/#article","isPartOf":{"@id":"https:\/\/spainfilmcommission.com\/en\/blog\/spain-film-commission-refuerza-en-mafiz-festival-de-malaga-su-vision-integral-del-sector-audiovisual\/"},"author":{"name":"admin_sfc","@id":"https:\/\/spainfilmcommission.com\/en\/#\/schema\/person\/2c139497e1f3f1d330424ab32ad5c19c"},"headline":"Spain Film Commission refuerza en MAFIZ-Festival de M\u00e1laga su visi\u00f3n integral del sector audiovisual","datePublished":"2026-03-12T16:29:48+00:00","dateModified":"2026-03-12T17:10:07+00:00","mainEntityOfPage":{"@id":"https:\/\/spainfilmcommission.com\/en\/blog\/spain-film-commission-refuerza-en-mafiz-festival-de-malaga-su-vision-integral-del-sector-audiovisual\/"},"wordCount":2181,"publisher":{"@id":"https:\/\/spainfilmcommission.com\/en\/#organization"},"image":{"@id":"https:\/\/spainfilmcommission.com\/en\/blog\/spain-film-commission-refuerza-en-mafiz-festival-de-malaga-su-vision-integral-del-sector-audiovisual\/#primaryimage"},"thumbnailUrl":"https:\/\/spainfilmcommission.com\/wp-content\/uploads\/2026\/03\/FOTO-FAMILIA-ENTREGA-PREMIO-1.jpg","articleSection":["Noticias"],"inLanguage":"en-US"},{"@type":"WebPage","@id":"https:\/\/spainfilmcommission.com\/en\/blog\/spain-film-commission-refuerza-en-mafiz-festival-de-malaga-su-vision-integral-del-sector-audiovisual\/","url":"https:\/\/spainfilmcommission.com\/en\/blog\/spain-film-commission-refuerza-en-mafiz-festival-de-malaga-su-vision-integral-del-sector-audiovisual\/","name":"Spain Film Commission refuerza en MAFIZ-Festival de M\u00e1laga su visi\u00f3n integral del sector audiovisual - Spain Film Commission","isPartOf":{"@id":"https:\/\/spainfilmcommission.com\/en\/#website"},"primaryImageOfPage":{"@id":"https:\/\/spainfilmcommission.com\/en\/blog\/spain-film-commission-refuerza-en-mafiz-festival-de-malaga-su-vision-integral-del-sector-audiovisual\/#primaryimage"},"image":{"@id":"https:\/\/spainfilmcommission.com\/en\/blog\/spain-film-commission-refuerza-en-mafiz-festival-de-malaga-su-vision-integral-del-sector-audiovisual\/#primaryimage"},"thumbnailUrl":"https:\/\/spainfilmcommission.com\/wp-content\/uploads\/2026\/03\/FOTO-FAMILIA-ENTREGA-PREMIO-1.jpg","datePublished":"2026-03-12T16:29:48+00:00","dateModified":"2026-03-12T17:10:07+00:00","description":"Spain Film Commission ha finalizado una intensa y fruct\u00edfera agenda de actividades en el marco de la 29\u00aa edici\u00f3n del MAFIZ \u2013 Festival de M\u00e1laga. Las acciones m\u00e1s destacadas han sido el taller de formaci\u00f3n en colaboraci\u00f3n con la C\u00e1tedra SFC de la Industria de los Rodajes \u2013 Universidad Pablo de Olavide, la celebraci\u00f3n de la primera Asamblea General de socios del a\u00f1o 2026, la presentaci\u00f3n oficial de AENA, y su amplio cat\u00e1logo de espacios singulares de rodaje, como nuevo miembro del Consejo de Patronos de Spain Film Commission, y la entrega del premio a la Mejor Experiencia de Turismo de Pantalla, que en su primera edici\u00f3n reconoce al proyecto \u201cLa Gran Ruta de Cine por Andaluc\u00eda\u201d.","breadcrumb":{"@id":"https:\/\/spainfilmcommission.com\/en\/blog\/spain-film-commission-refuerza-en-mafiz-festival-de-malaga-su-vision-integral-del-sector-audiovisual\/#breadcrumb"},"inLanguage":"en-US","potentialAction":[{"@type":"ReadAction","target":["https:\/\/spainfilmcommission.com\/en\/blog\/spain-film-commission-refuerza-en-mafiz-festival-de-malaga-su-vision-integral-del-sector-audiovisual\/"]}]},{"@type":"ImageObject","inLanguage":"en-US","@id":"https:\/\/spainfilmcommission.com\/en\/blog\/spain-film-commission-refuerza-en-mafiz-festival-de-malaga-su-vision-integral-del-sector-audiovisual\/#primaryimage","url":"https:\/\/spainfilmcommission.com\/wp-content\/uploads\/2026\/03\/FOTO-FAMILIA-ENTREGA-PREMIO-1.jpg","contentUrl":"https:\/\/spainfilmcommission.com\/wp-content\/uploads\/2026\/03\/FOTO-FAMILIA-ENTREGA-PREMIO-1.jpg","width":1596,"height":1043},{"@type":"BreadcrumbList","@id":"https:\/\/spainfilmcommission.com\/en\/blog\/spain-film-commission-refuerza-en-mafiz-festival-de-malaga-su-vision-integral-del-sector-audiovisual\/#breadcrumb","itemListElement":[{"@type":"ListItem","position":1,"name":"Portada","item":"https:\/\/spainfilmcommission.com\/en\/"},{"@type":"ListItem","position":2,"name":"Spain Film Commission refuerza en MAFIZ-Festival de M\u00e1laga su visi\u00f3n integral del sector audiovisual"}]},{"@type":"WebSite","@id":"https:\/\/spainfilmcommission.com\/en\/#website","url":"https:\/\/spainfilmcommission.com\/en\/","name":"Spain Film Commission","description":"","publisher":{"@id":"https:\/\/spainfilmcommission.com\/en\/#organization"},"potentialAction":[{"@type":"SearchAction","target":{"@type":"EntryPoint","urlTemplate":"https:\/\/spainfilmcommission.com\/en\/?s={search_term_string}"},"query-input":{"@type":"PropertyValueSpecification","valueRequired":true,"valueName":"search_term_string"}}],"inLanguage":"en-US"},{"@type":"Organization","@id":"https:\/\/spainfilmcommission.com\/en\/#organization","name":"Spain Film Commission","url":"https:\/\/spainfilmcommission.com\/en\/","logo":{"@type":"ImageObject","inLanguage":"en-US","@id":"https:\/\/spainfilmcommission.com\/en\/#\/schema\/logo\/image\/","url":"https:\/\/spainfilmcommission.com\/wp-content\/uploads\/2024\/07\/SPC_COLOR.png","contentUrl":"https:\/\/spainfilmcommission.com\/wp-content\/uploads\/2024\/07\/SPC_COLOR.png","width":1665,"height":1665,"caption":"Spain Film Commission"},"image":{"@id":"https:\/\/spainfilmcommission.com\/en\/#\/schema\/logo\/image\/"}},{"@type":"Person","@id":"https:\/\/spainfilmcommission.com\/en\/#\/schema\/person\/2c139497e1f3f1d330424ab32ad5c19c","name":"admin_sfc","image":{"@type":"ImageObject","inLanguage":"en-US","@id":"https:\/\/secure.gravatar.com\/avatar\/f06061f8836c87bc33143decdd70d30d1212ed16ccafd73454a40dfc2a046aed?s=96&d=mm&r=g","url":"https:\/\/secure.gravatar.com\/avatar\/f06061f8836c87bc33143decdd70d30d1212ed16ccafd73454a40dfc2a046aed?s=96&d=mm&r=g","contentUrl":"https:\/\/secure.gravatar.com\/avatar\/f06061f8836c87bc33143decdd70d30d1212ed16ccafd73454a40dfc2a046aed?s=96&d=mm&r=g","caption":"admin_sfc"}}]}},"_links":{"self":[{"href":"https:\/\/spainfilmcommission.com\/en\/wp-json\/wp\/v2\/posts\/37632","targetHints":{"allow":["GET"]}}],"collection":[{"href":"https:\/\/spainfilmcommission.com\/en\/wp-json\/wp\/v2\/posts"}],"about":[{"href":"https:\/\/spainfilmcommission.com\/en\/wp-json\/wp\/v2\/types\/post"}],"author":[{"embeddable":true,"href":"https:\/\/spainfilmcommission.com\/en\/wp-json\/wp\/v2\/users\/57"}],"replies":[{"embeddable":true,"href":"https:\/\/spainfilmcommission.com\/en\/wp-json\/wp\/v2\/comments?post=37632"}],"version-history":[{"count":0,"href":"https:\/\/spainfilmcommission.com\/en\/wp-json\/wp\/v2\/posts\/37632\/revisions"}],"wp:featuredmedia":[{"embeddable":true,"href":"https:\/\/spainfilmcommission.com\/en\/wp-json\/wp\/v2\/media\/37633"}],"wp:attachment":[{"href":"https:\/\/spainfilmcommission.com\/en\/wp-json\/wp\/v2\/media?parent=37632"}],"wp:term":[{"taxonomy":"category","embeddable":true,"href":"https:\/\/spainfilmcommission.com\/en\/wp-json\/wp\/v2\/categories?post=37632"},{"taxonomy":"post_tag","embeddable":true,"href":"https:\/\/spainfilmcommission.com\/en\/wp-json\/wp\/v2\/tags?post=37632"}],"curies":[{"name":"wp","href":"https:\/\/api.w.org\/{rel}","templated":true}]}}