{"id":37410,"date":"2026-02-18T11:25:51","date_gmt":"2026-02-18T10:25:51","guid":{"rendered":"https:\/\/spainfilmcommission.com\/?p=37410"},"modified":"2026-02-18T11:26:06","modified_gmt":"2026-02-18T10:26:06","slug":"spain-film-commission-closes-its-most-international-edition-of-the-european-film-market-in-berlin","status":"publish","type":"post","link":"https:\/\/spainfilmcommission.com\/en\/blog\/spain-film-commission-closes-its-most-international-edition-of-the-european-film-market-in-berlin\/","title":{"rendered":"Spain Film Commission closes its most international edition of the European Film Market in Berlin"},"content":{"rendered":"<ul>\n<li style=\"font-weight: 400;\" aria-level=\"1\"><i>The organization, alongside its national counterparts in Italy and Portugal, organized a large-scale meeting between producers and film commissions <\/i><\/li>\n<\/ul>\n<ul>\n<li style=\"font-weight: 400;\" aria-level=\"1\"><i>SFC actively participated in the annual assembly of the European Film Commission Network (EUFCN), which approved the 2026 annual action plan<\/i><\/li>\n<\/ul>\n<ul>\n<li style=\"font-weight: 400;\" aria-level=\"1\"><i>Juan Manuel Guimer\u00e1ns, president of SFC, presents Spain&#8217;s experience in economic impact analysis and public policies in favor of the audiovisual sector at the forum organized by AFCI, Olsberg SPI, and Netflix<\/i><\/li>\n<\/ul>\n<ul>\n<li style=\"font-weight: 400;\" aria-level=\"1\"><i>EFM closes with the opening of the exhibition \u201cThe Talent Behind the Cameras\u201d at the Spanish Embassy, organized by the Andaluc\u00eda Film Commission<\/i><\/li>\n<\/ul>\n<p>Madrid, February 18, 2026 &#8211; As part of the European Film Market (EFM), held in parallel with the 76th edition of the Berlinale (Berlin International Film Festival), <a href=\"https:\/\/spainfilmcommission.com\/en\/\">Spain Film Commission<\/a> has rolled out a wide range of activities aimed at strengthening Spain&#8217;s positioning and brand as a strategic destination for audiovisual production with international impact, and at consolidating key alliances in the European arena.<\/p>\n<p>The most notable activities began at Netflix&#8217;s headquarters in Berlin, at the forum \u201cEconomic Impact Reporting as Strategy\u201d, which featured Juan Manuel Guimer\u00e1ns, president of the Spain Film Commission, alongside Claire Brooks, executive director of AFCI; Joshua Dedman, consultant at Olsberg SPI; Leonidas Christopoulos, CEO of EKKOMED; and Christiane Krone-Raab, from the Berlin Brandenburg Film Commission. The debate focused on the importance of having rigorous data as a basis for designing effective and sustainable public policies. In this context, Spain was presented as one of the most relevant case studies, thanks to the   <a href=\"https:\/\/spainfilmcommission.com\/en\/shooting-in-spain\/study-of-the-economic-impact-of-international-film-shootings-in-spain\/\">Economic Impact Study of International Filming in Spain<\/a>, developed in 2024 by the Spain Film Commission and Olsberg SPI, in collaboration with PROFILM, which analyzed the impact of international film and television productions. <\/p>\n<p>When analyzing this impact in detail, <b>Guimer\u00e1ns<\/b> highlighted three key elements: the commitment of the Spanish authorities and the production sector to explain, with data, the relevance of this activity for the economy as a whole and the territories in which it is carried out, as it is an industry that generates a direct, indirect, and induced economic effect of great value and high diversification in all types of related sectors beyond the audiovisual sector itself; the effect on employment, as it is a sector that generates and demands skilled and quality employment, contributing to increasing high value-added professional training and digital skills; and the contribution to territorial balance between different areas of the country, resulting from the multiplication of productions and their diversification throughout Spain.<\/p>\n<p>Another major milestone was the \u201cItalian, Portugal, and Spain Film Commission: Connecting Producers\u201d meeting, organized by SFC together with the national entities of Italy and Portugal, which brought together more than 150 professionals from the three countries with a common goal: to increase knowledge and strengthen co-production opportunities. The event was full to capacity, confirming the growing interest in creating synergies between countries that share values, culture, talent, diversity of locations, and a competitive incentive framework. <\/p>\n<p>The association also played an active role in the annual meeting of the EUFCN (European Union of Film Commissions Network), which presented its 2026 action plan, including renewed participation by the European association in one of SFC&#8217;s key events, the Shooting Locations Marketplace, scheduled for October in the city of Valladolid. The day ended at the Spanish Embassy in Berlin with the opening of the exhibition \u201cThe Talent Behind the Cameras,\u201d organized by the Andalusia Film Commission with the support of the Ministry of Culture of the diplomatic delegation, RTV Andaluc\u00eda, and the Andalusian Audiovisual Cluster. <\/p>\n<p>The exhibition was inaugurated by <b>Pascual Navarro<\/b>the Spanish Ambassador in Berlin, together with <b>Piluca Querol<\/b>director of the Andaluc\u00eda Film Commission and vice president of SFC, and <b>Carlos Rosado<\/b>, president of AFC and former president of SFC, who recalled that in 2026 the organization will celebrate 25 years of service to Spain and all its territories, promoting our country&#8217;s brand around the world, He also thanked the Spanish institutions that recognize and support this role, such as the Ministry of Culture, represented at the event by <b>Carmen P\u00e1ez<\/b>, subsecretary of Culture of the Government of Spain.<\/p>\n<p>The Spain Film Commission&#8217;s presence in Berlin was rounded off by supporting initiatives from collaborating institutions and entities. On the one hand, members of the SFC Board of Trustees, such as  Clara Ruip\u00e9rez de Azc\u00e1rate, Director of Intellectual and Industrial Property at Telef\u00f3nica, who spoke at the event \u201cDistinct but Connected; Key Issues in the Audiovisual Sector,\u201dreinforcing the association&#8217;s commitment to analyzing the structural challenges facing the sector and building strong public-private partnerships. On the other, institutions such as the  ICAA (Institute of Cinematography and Audiovisual Arts), which organized a wide range of events, presentations, and meetings, culminating in a round table discussion led by Carmen P\u00e1ez on one of the key challenges facing the Spanish audiovisual sector: its international marketing.<\/p>\n<p>With this participation, Spain Film Commission successfully closes another edition of the European Film Market with the participation of thirteen partners from its network (Andaluc\u00eda Film Commission, Asturias Film Commission, Bilbao Bizkaia Film Commission, Canary Islands Film, Cantabria Film Commission, Catalunya Film Commission, Galicia Film Commission, Ibiza Film Commission, Film Madrid Region, Madrid Film Office, Menorca Film Commission, Navarra Film Commission, and Vitoria-Gasteiz \/ \u00c1lava Film Commission), consolidating its role as a strategic partner in the main international forums and reaffirming its commitment to the sustainable, competitive, and innovative growth of the Spanish audiovisual industry.<\/p>\n<p>\t\t\t\t\t\t\t<a href=\"https:\/\/spainfilmcommission.com\/wp-content\/uploads\/2026\/02\/Panel_-Economic-Impact-Reporting-as-Strategy-scaled.jpg\" data-elementor-open-lightbox=\"yes\" data-elementor-lightbox-slideshow=\"ac9dfdc\" data-elementor-lightbox-title=\"Panel_ Economic Impact Reporting as Strategy\" data-e-action-hash=\"#elementor-action%3Aaction%3Dlightbox%26settings%3DeyJpZCI6MzczOTYsInVybCI6Imh0dHBzOlwvXC9zcGFpbmZpbG1jb21taXNzaW9uLmNvbVwvd3AtY29udGVudFwvdXBsb2Fkc1wvMjAyNlwvMDJcL1BhbmVsXy1FY29ub21pYy1JbXBhY3QtUmVwb3J0aW5nLWFzLVN0cmF0ZWd5LXNjYWxlZC5qcGciLCJzbGlkZXNob3ciOiJhYzlkZmRjIn0%3D\"><br \/>\n\t\t\t\t\t\t\t\t\t\t\t\t\t\t<\/a><br \/>\n\t\t\t\t\t\t\t<a href=\"https:\/\/spainfilmcommission.com\/wp-content\/uploads\/2026\/02\/Humans-Machines_-Artificial-Creation_.jpg\" data-elementor-open-lightbox=\"yes\" data-elementor-lightbox-slideshow=\"ac9dfdc\" data-elementor-lightbox-title=\"Humans &amp; Machines_ Artificial Creation_\" data-e-action-hash=\"#elementor-action%3Aaction%3Dlightbox%26settings%3DeyJpZCI6MzczOTgsInVybCI6Imh0dHBzOlwvXC9zcGFpbmZpbG1jb21taXNzaW9uLmNvbVwvd3AtY29udGVudFwvdXBsb2Fkc1wvMjAyNlwvMDJcL0h1bWFucy1NYWNoaW5lc18tQXJ0aWZpY2lhbC1DcmVhdGlvbl8uanBnIiwic2xpZGVzaG93IjoiYWM5ZGZkYyJ9\"><br \/>\n\t\t\t\t\t\t\t\t\t\t\t\t\t\t<\/a><br \/>\n\t\t\t\t\t\t\t<a href=\"https:\/\/spainfilmcommission.com\/wp-content\/uploads\/2026\/02\/Calvia-es-cine.jpg\" data-elementor-open-lightbox=\"yes\" data-elementor-lightbox-slideshow=\"ac9dfdc\" data-elementor-lightbox-title=\"Calvia\u0300 es cine\" data-e-action-hash=\"#elementor-action%3Aaction%3Dlightbox%26settings%3DeyJpZCI6Mzc0MDAsInVybCI6Imh0dHBzOlwvXC9zcGFpbmZpbG1jb21taXNzaW9uLmNvbVwvd3AtY29udGVudFwvdXBsb2Fkc1wvMjAyNlwvMDJcL0NhbHZpYS1lcy1jaW5lLmpwZyIsInNsaWRlc2hvdyI6ImFjOWRmZGMifQ%3D%3D\"><br \/>\n\t\t\t\t\t\t\t\t\t\t\t\t\t\t<\/a><br \/>\n\t\t\t\t\t\t\t<a href=\"https:\/\/spainfilmcommission.com\/wp-content\/uploads\/2026\/02\/Andalucia-Film-Commission_-_El-talento-tras-la-escena_-.jpg\" data-elementor-open-lightbox=\"yes\" data-elementor-lightbox-slideshow=\"ac9dfdc\" data-elementor-lightbox-title=\"Andaluci\u0301a Film Commission_ _El talento tras la escena_\" data-e-action-hash=\"#elementor-action%3Aaction%3Dlightbox%26settings%3DeyJpZCI6Mzc0MDIsInVybCI6Imh0dHBzOlwvXC9zcGFpbmZpbG1jb21taXNzaW9uLmNvbVwvd3AtY29udGVudFwvdXBsb2Fkc1wvMjAyNlwvMDJcL0FuZGFsdWNpYS1GaWxtLUNvbW1pc3Npb25fLV9FbC10YWxlbnRvLXRyYXMtbGEtZXNjZW5hXy0uanBnIiwic2xpZGVzaG93IjoiYWM5ZGZkYyJ9\"><br \/>\n\t\t\t\t\t\t\t\t\t\t\t\t\t\t<\/a><\/p>\n","protected":false},"excerpt":{"rendered":"<p>The organization, alongside its national counterparts in Italy and Portugal, organized a large-scale meeting between producers and film commissions SFC actively participated in the annual assembly of the European Film [&hellip;]<\/p>\n","protected":false},"author":57,"featured_media":37394,"comment_status":"closed","ping_status":"closed","sticky":false,"template":"","format":"standard","meta":{"footnotes":""},"categories":[55],"tags":[],"class_list":["post-37410","post","type-post","status-publish","format-standard","has-post-thumbnail","hentry","category-news-2"],"yoast_head":"<!-- This site is optimized with the Yoast SEO plugin v27.3 - https:\/\/yoast.com\/product\/yoast-seo-wordpress\/ -->\n<title>Spain Film Commission closes its most international edition of the European Film Market in Berlin - Spain Film Commission<\/title>\n<meta name=\"description\" content=\"As part of the European Film Market (EFM), held in parallel with the 76th edition of the Berlinale (Berlin International Film Festival), Spain Film Commission has rolled out a wide range of activities aimed at strengthening Spain&#039;s positioning and brand as a strategic destination for audiovisual production with international impact, and at consolidating key alliances in the European arena.\" \/>\n<meta name=\"robots\" content=\"index, follow, max-snippet:-1, max-image-preview:large, max-video-preview:-1\" \/>\n<link rel=\"canonical\" href=\"https:\/\/spainfilmcommission.com\/en\/blog\/spain-film-commission-closes-its-most-international-edition-of-the-european-film-market-in-berlin\/\" \/>\n<meta property=\"og:locale\" content=\"en_US\" \/>\n<meta property=\"og:type\" content=\"article\" \/>\n<meta property=\"og:title\" content=\"Spain Film Commission closes its most international edition of the European Film Market in Berlin - Spain Film Commission\" \/>\n<meta property=\"og:description\" content=\"As part of the European Film Market (EFM), held in parallel with the 76th edition of the Berlinale (Berlin International Film Festival), Spain Film Commission has rolled out a wide range of activities aimed at strengthening Spain&#039;s positioning and brand as a strategic destination for audiovisual production with international impact, and at consolidating key alliances in the European arena.\" \/>\n<meta property=\"og:url\" content=\"https:\/\/spainfilmcommission.com\/en\/blog\/spain-film-commission-closes-its-most-international-edition-of-the-european-film-market-in-berlin\/\" \/>\n<meta property=\"og:site_name\" content=\"Spain Film Commission\" \/>\n<meta property=\"article:published_time\" content=\"2026-02-18T10:25:51+00:00\" \/>\n<meta property=\"article:modified_time\" content=\"2026-02-18T10:26:06+00:00\" \/>\n<meta property=\"og:image\" content=\"https:\/\/spainfilmcommission.com\/wp-content\/uploads\/2026\/02\/European-Film-Market-Berlinale-2026.jpeg\" \/>\n\t<meta property=\"og:image:width\" content=\"2048\" \/>\n\t<meta property=\"og:image:height\" content=\"1536\" \/>\n\t<meta property=\"og:image:type\" content=\"image\/jpeg\" \/>\n<meta name=\"author\" content=\"admin_sfc\" \/>\n<meta name=\"twitter:card\" content=\"summary_large_image\" \/>\n<meta name=\"twitter:label1\" content=\"Written by\" \/>\n\t<meta name=\"twitter:data1\" content=\"admin_sfc\" \/>\n\t<meta name=\"twitter:label2\" content=\"Est. reading time\" \/>\n\t<meta name=\"twitter:data2\" content=\"4 minutes\" \/>\n<script type=\"application\/ld+json\" class=\"yoast-schema-graph\">{\"@context\":\"https:\\\/\\\/schema.org\",\"@graph\":[{\"@type\":\"Article\",\"@id\":\"https:\\\/\\\/spainfilmcommission.com\\\/en\\\/blog\\\/spain-film-commission-closes-its-most-international-edition-of-the-european-film-market-in-berlin\\\/#article\",\"isPartOf\":{\"@id\":\"https:\\\/\\\/spainfilmcommission.com\\\/en\\\/blog\\\/spain-film-commission-closes-its-most-international-edition-of-the-european-film-market-in-berlin\\\/\"},\"author\":{\"name\":\"admin_sfc\",\"@id\":\"https:\\\/\\\/spainfilmcommission.com\\\/en\\\/#\\\/schema\\\/person\\\/2c139497e1f3f1d330424ab32ad5c19c\"},\"headline\":\"Spain Film Commission closes its most international edition of the European Film Market in Berlin\",\"datePublished\":\"2026-02-18T10:25:51+00:00\",\"dateModified\":\"2026-02-18T10:26:06+00:00\",\"mainEntityOfPage\":{\"@id\":\"https:\\\/\\\/spainfilmcommission.com\\\/en\\\/blog\\\/spain-film-commission-closes-its-most-international-edition-of-the-european-film-market-in-berlin\\\/\"},\"wordCount\":920,\"publisher\":{\"@id\":\"https:\\\/\\\/spainfilmcommission.com\\\/en\\\/#organization\"},\"image\":{\"@id\":\"https:\\\/\\\/spainfilmcommission.com\\\/en\\\/blog\\\/spain-film-commission-closes-its-most-international-edition-of-the-european-film-market-in-berlin\\\/#primaryimage\"},\"thumbnailUrl\":\"https:\\\/\\\/spainfilmcommission.com\\\/wp-content\\\/uploads\\\/2026\\\/02\\\/European-Film-Market-Berlinale-2026.jpeg\",\"articleSection\":[\"News\"],\"inLanguage\":\"en-US\"},{\"@type\":\"WebPage\",\"@id\":\"https:\\\/\\\/spainfilmcommission.com\\\/en\\\/blog\\\/spain-film-commission-closes-its-most-international-edition-of-the-european-film-market-in-berlin\\\/\",\"url\":\"https:\\\/\\\/spainfilmcommission.com\\\/en\\\/blog\\\/spain-film-commission-closes-its-most-international-edition-of-the-european-film-market-in-berlin\\\/\",\"name\":\"Spain Film Commission closes its most international edition of the European Film Market in Berlin - Spain Film Commission\",\"isPartOf\":{\"@id\":\"https:\\\/\\\/spainfilmcommission.com\\\/en\\\/#website\"},\"primaryImageOfPage\":{\"@id\":\"https:\\\/\\\/spainfilmcommission.com\\\/en\\\/blog\\\/spain-film-commission-closes-its-most-international-edition-of-the-european-film-market-in-berlin\\\/#primaryimage\"},\"image\":{\"@id\":\"https:\\\/\\\/spainfilmcommission.com\\\/en\\\/blog\\\/spain-film-commission-closes-its-most-international-edition-of-the-european-film-market-in-berlin\\\/#primaryimage\"},\"thumbnailUrl\":\"https:\\\/\\\/spainfilmcommission.com\\\/wp-content\\\/uploads\\\/2026\\\/02\\\/European-Film-Market-Berlinale-2026.jpeg\",\"datePublished\":\"2026-02-18T10:25:51+00:00\",\"dateModified\":\"2026-02-18T10:26:06+00:00\",\"description\":\"As part of the European Film Market (EFM), held in parallel with the 76th edition of the Berlinale (Berlin International Film Festival), Spain Film Commission has rolled out a wide range of activities aimed at strengthening Spain's positioning and brand as a strategic destination for audiovisual production with international impact, and at consolidating key alliances in the European arena.\",\"breadcrumb\":{\"@id\":\"https:\\\/\\\/spainfilmcommission.com\\\/en\\\/blog\\\/spain-film-commission-closes-its-most-international-edition-of-the-european-film-market-in-berlin\\\/#breadcrumb\"},\"inLanguage\":\"en-US\",\"potentialAction\":[{\"@type\":\"ReadAction\",\"target\":[\"https:\\\/\\\/spainfilmcommission.com\\\/en\\\/blog\\\/spain-film-commission-closes-its-most-international-edition-of-the-european-film-market-in-berlin\\\/\"]}]},{\"@type\":\"ImageObject\",\"inLanguage\":\"en-US\",\"@id\":\"https:\\\/\\\/spainfilmcommission.com\\\/en\\\/blog\\\/spain-film-commission-closes-its-most-international-edition-of-the-european-film-market-in-berlin\\\/#primaryimage\",\"url\":\"https:\\\/\\\/spainfilmcommission.com\\\/wp-content\\\/uploads\\\/2026\\\/02\\\/European-Film-Market-Berlinale-2026.jpeg\",\"contentUrl\":\"https:\\\/\\\/spainfilmcommission.com\\\/wp-content\\\/uploads\\\/2026\\\/02\\\/European-Film-Market-Berlinale-2026.jpeg\",\"width\":2048,\"height\":1536},{\"@type\":\"BreadcrumbList\",\"@id\":\"https:\\\/\\\/spainfilmcommission.com\\\/en\\\/blog\\\/spain-film-commission-closes-its-most-international-edition-of-the-european-film-market-in-berlin\\\/#breadcrumb\",\"itemListElement\":[{\"@type\":\"ListItem\",\"position\":1,\"name\":\"Portada\",\"item\":\"https:\\\/\\\/spainfilmcommission.com\\\/en\\\/\"},{\"@type\":\"ListItem\",\"position\":2,\"name\":\"Spain Film Commission closes its most international edition of the European Film Market in Berlin\"}]},{\"@type\":\"WebSite\",\"@id\":\"https:\\\/\\\/spainfilmcommission.com\\\/en\\\/#website\",\"url\":\"https:\\\/\\\/spainfilmcommission.com\\\/en\\\/\",\"name\":\"Spain Film Commission\",\"description\":\"\",\"publisher\":{\"@id\":\"https:\\\/\\\/spainfilmcommission.com\\\/en\\\/#organization\"},\"potentialAction\":[{\"@type\":\"SearchAction\",\"target\":{\"@type\":\"EntryPoint\",\"urlTemplate\":\"https:\\\/\\\/spainfilmcommission.com\\\/en\\\/?s={search_term_string}\"},\"query-input\":{\"@type\":\"PropertyValueSpecification\",\"valueRequired\":true,\"valueName\":\"search_term_string\"}}],\"inLanguage\":\"en-US\"},{\"@type\":\"Organization\",\"@id\":\"https:\\\/\\\/spainfilmcommission.com\\\/en\\\/#organization\",\"name\":\"Spain Film Commission\",\"url\":\"https:\\\/\\\/spainfilmcommission.com\\\/en\\\/\",\"logo\":{\"@type\":\"ImageObject\",\"inLanguage\":\"en-US\",\"@id\":\"https:\\\/\\\/spainfilmcommission.com\\\/en\\\/#\\\/schema\\\/logo\\\/image\\\/\",\"url\":\"https:\\\/\\\/spainfilmcommission.com\\\/wp-content\\\/uploads\\\/2024\\\/07\\\/SPC_COLOR.png\",\"contentUrl\":\"https:\\\/\\\/spainfilmcommission.com\\\/wp-content\\\/uploads\\\/2024\\\/07\\\/SPC_COLOR.png\",\"width\":1665,\"height\":1665,\"caption\":\"Spain Film Commission\"},\"image\":{\"@id\":\"https:\\\/\\\/spainfilmcommission.com\\\/en\\\/#\\\/schema\\\/logo\\\/image\\\/\"}},{\"@type\":\"Person\",\"@id\":\"https:\\\/\\\/spainfilmcommission.com\\\/en\\\/#\\\/schema\\\/person\\\/2c139497e1f3f1d330424ab32ad5c19c\",\"name\":\"admin_sfc\",\"image\":{\"@type\":\"ImageObject\",\"inLanguage\":\"en-US\",\"@id\":\"https:\\\/\\\/secure.gravatar.com\\\/avatar\\\/f06061f8836c87bc33143decdd70d30d1212ed16ccafd73454a40dfc2a046aed?s=96&d=mm&r=g\",\"url\":\"https:\\\/\\\/secure.gravatar.com\\\/avatar\\\/f06061f8836c87bc33143decdd70d30d1212ed16ccafd73454a40dfc2a046aed?s=96&d=mm&r=g\",\"contentUrl\":\"https:\\\/\\\/secure.gravatar.com\\\/avatar\\\/f06061f8836c87bc33143decdd70d30d1212ed16ccafd73454a40dfc2a046aed?s=96&d=mm&r=g\",\"caption\":\"admin_sfc\"}}]}<\/script>\n<!-- \/ Yoast SEO plugin. -->","yoast_head_json":{"title":"Spain Film Commission closes its most international edition of the European Film Market in Berlin - Spain Film Commission","description":"As part of the European Film Market (EFM), held in parallel with the 76th edition of the Berlinale (Berlin International Film Festival), Spain Film Commission has rolled out a wide range of activities aimed at strengthening Spain's positioning and brand as a strategic destination for audiovisual production with international impact, and at consolidating key alliances in the European arena.","robots":{"index":"index","follow":"follow","max-snippet":"max-snippet:-1","max-image-preview":"max-image-preview:large","max-video-preview":"max-video-preview:-1"},"canonical":"https:\/\/spainfilmcommission.com\/en\/blog\/spain-film-commission-closes-its-most-international-edition-of-the-european-film-market-in-berlin\/","og_locale":"en_US","og_type":"article","og_title":"Spain Film Commission closes its most international edition of the European Film Market in Berlin - Spain Film Commission","og_description":"As part of the European Film Market (EFM), held in parallel with the 76th edition of the Berlinale (Berlin International Film Festival), Spain Film Commission has rolled out a wide range of activities aimed at strengthening Spain's positioning and brand as a strategic destination for audiovisual production with international impact, and at consolidating key alliances in the European arena.","og_url":"https:\/\/spainfilmcommission.com\/en\/blog\/spain-film-commission-closes-its-most-international-edition-of-the-european-film-market-in-berlin\/","og_site_name":"Spain Film Commission","article_published_time":"2026-02-18T10:25:51+00:00","article_modified_time":"2026-02-18T10:26:06+00:00","og_image":[{"width":2048,"height":1536,"url":"https:\/\/spainfilmcommission.com\/wp-content\/uploads\/2026\/02\/European-Film-Market-Berlinale-2026.jpeg","type":"image\/jpeg"}],"author":"admin_sfc","twitter_card":"summary_large_image","twitter_misc":{"Written by":"admin_sfc","Est. reading time":"4 minutes"},"schema":{"@context":"https:\/\/schema.org","@graph":[{"@type":"Article","@id":"https:\/\/spainfilmcommission.com\/en\/blog\/spain-film-commission-closes-its-most-international-edition-of-the-european-film-market-in-berlin\/#article","isPartOf":{"@id":"https:\/\/spainfilmcommission.com\/en\/blog\/spain-film-commission-closes-its-most-international-edition-of-the-european-film-market-in-berlin\/"},"author":{"name":"admin_sfc","@id":"https:\/\/spainfilmcommission.com\/en\/#\/schema\/person\/2c139497e1f3f1d330424ab32ad5c19c"},"headline":"Spain Film Commission closes its most international edition of the European Film Market in Berlin","datePublished":"2026-02-18T10:25:51+00:00","dateModified":"2026-02-18T10:26:06+00:00","mainEntityOfPage":{"@id":"https:\/\/spainfilmcommission.com\/en\/blog\/spain-film-commission-closes-its-most-international-edition-of-the-european-film-market-in-berlin\/"},"wordCount":920,"publisher":{"@id":"https:\/\/spainfilmcommission.com\/en\/#organization"},"image":{"@id":"https:\/\/spainfilmcommission.com\/en\/blog\/spain-film-commission-closes-its-most-international-edition-of-the-european-film-market-in-berlin\/#primaryimage"},"thumbnailUrl":"https:\/\/spainfilmcommission.com\/wp-content\/uploads\/2026\/02\/European-Film-Market-Berlinale-2026.jpeg","articleSection":["News"],"inLanguage":"en-US"},{"@type":"WebPage","@id":"https:\/\/spainfilmcommission.com\/en\/blog\/spain-film-commission-closes-its-most-international-edition-of-the-european-film-market-in-berlin\/","url":"https:\/\/spainfilmcommission.com\/en\/blog\/spain-film-commission-closes-its-most-international-edition-of-the-european-film-market-in-berlin\/","name":"Spain Film Commission closes its most international edition of the European Film Market in Berlin - Spain Film Commission","isPartOf":{"@id":"https:\/\/spainfilmcommission.com\/en\/#website"},"primaryImageOfPage":{"@id":"https:\/\/spainfilmcommission.com\/en\/blog\/spain-film-commission-closes-its-most-international-edition-of-the-european-film-market-in-berlin\/#primaryimage"},"image":{"@id":"https:\/\/spainfilmcommission.com\/en\/blog\/spain-film-commission-closes-its-most-international-edition-of-the-european-film-market-in-berlin\/#primaryimage"},"thumbnailUrl":"https:\/\/spainfilmcommission.com\/wp-content\/uploads\/2026\/02\/European-Film-Market-Berlinale-2026.jpeg","datePublished":"2026-02-18T10:25:51+00:00","dateModified":"2026-02-18T10:26:06+00:00","description":"As part of the European Film Market (EFM), held in parallel with the 76th edition of the Berlinale (Berlin International Film Festival), Spain Film Commission has rolled out a wide range of activities aimed at strengthening Spain's positioning and brand as a strategic destination for audiovisual production with international impact, and at consolidating key alliances in the European arena.","breadcrumb":{"@id":"https:\/\/spainfilmcommission.com\/en\/blog\/spain-film-commission-closes-its-most-international-edition-of-the-european-film-market-in-berlin\/#breadcrumb"},"inLanguage":"en-US","potentialAction":[{"@type":"ReadAction","target":["https:\/\/spainfilmcommission.com\/en\/blog\/spain-film-commission-closes-its-most-international-edition-of-the-european-film-market-in-berlin\/"]}]},{"@type":"ImageObject","inLanguage":"en-US","@id":"https:\/\/spainfilmcommission.com\/en\/blog\/spain-film-commission-closes-its-most-international-edition-of-the-european-film-market-in-berlin\/#primaryimage","url":"https:\/\/spainfilmcommission.com\/wp-content\/uploads\/2026\/02\/European-Film-Market-Berlinale-2026.jpeg","contentUrl":"https:\/\/spainfilmcommission.com\/wp-content\/uploads\/2026\/02\/European-Film-Market-Berlinale-2026.jpeg","width":2048,"height":1536},{"@type":"BreadcrumbList","@id":"https:\/\/spainfilmcommission.com\/en\/blog\/spain-film-commission-closes-its-most-international-edition-of-the-european-film-market-in-berlin\/#breadcrumb","itemListElement":[{"@type":"ListItem","position":1,"name":"Portada","item":"https:\/\/spainfilmcommission.com\/en\/"},{"@type":"ListItem","position":2,"name":"Spain Film Commission closes its most international edition of the European Film Market in Berlin"}]},{"@type":"WebSite","@id":"https:\/\/spainfilmcommission.com\/en\/#website","url":"https:\/\/spainfilmcommission.com\/en\/","name":"Spain Film Commission","description":"","publisher":{"@id":"https:\/\/spainfilmcommission.com\/en\/#organization"},"potentialAction":[{"@type":"SearchAction","target":{"@type":"EntryPoint","urlTemplate":"https:\/\/spainfilmcommission.com\/en\/?s={search_term_string}"},"query-input":{"@type":"PropertyValueSpecification","valueRequired":true,"valueName":"search_term_string"}}],"inLanguage":"en-US"},{"@type":"Organization","@id":"https:\/\/spainfilmcommission.com\/en\/#organization","name":"Spain Film Commission","url":"https:\/\/spainfilmcommission.com\/en\/","logo":{"@type":"ImageObject","inLanguage":"en-US","@id":"https:\/\/spainfilmcommission.com\/en\/#\/schema\/logo\/image\/","url":"https:\/\/spainfilmcommission.com\/wp-content\/uploads\/2024\/07\/SPC_COLOR.png","contentUrl":"https:\/\/spainfilmcommission.com\/wp-content\/uploads\/2024\/07\/SPC_COLOR.png","width":1665,"height":1665,"caption":"Spain Film Commission"},"image":{"@id":"https:\/\/spainfilmcommission.com\/en\/#\/schema\/logo\/image\/"}},{"@type":"Person","@id":"https:\/\/spainfilmcommission.com\/en\/#\/schema\/person\/2c139497e1f3f1d330424ab32ad5c19c","name":"admin_sfc","image":{"@type":"ImageObject","inLanguage":"en-US","@id":"https:\/\/secure.gravatar.com\/avatar\/f06061f8836c87bc33143decdd70d30d1212ed16ccafd73454a40dfc2a046aed?s=96&d=mm&r=g","url":"https:\/\/secure.gravatar.com\/avatar\/f06061f8836c87bc33143decdd70d30d1212ed16ccafd73454a40dfc2a046aed?s=96&d=mm&r=g","contentUrl":"https:\/\/secure.gravatar.com\/avatar\/f06061f8836c87bc33143decdd70d30d1212ed16ccafd73454a40dfc2a046aed?s=96&d=mm&r=g","caption":"admin_sfc"}}]}},"_links":{"self":[{"href":"https:\/\/spainfilmcommission.com\/en\/wp-json\/wp\/v2\/posts\/37410","targetHints":{"allow":["GET"]}}],"collection":[{"href":"https:\/\/spainfilmcommission.com\/en\/wp-json\/wp\/v2\/posts"}],"about":[{"href":"https:\/\/spainfilmcommission.com\/en\/wp-json\/wp\/v2\/types\/post"}],"author":[{"embeddable":true,"href":"https:\/\/spainfilmcommission.com\/en\/wp-json\/wp\/v2\/users\/57"}],"replies":[{"embeddable":true,"href":"https:\/\/spainfilmcommission.com\/en\/wp-json\/wp\/v2\/comments?post=37410"}],"version-history":[{"count":0,"href":"https:\/\/spainfilmcommission.com\/en\/wp-json\/wp\/v2\/posts\/37410\/revisions"}],"wp:featuredmedia":[{"embeddable":true,"href":"https:\/\/spainfilmcommission.com\/en\/wp-json\/wp\/v2\/media\/37394"}],"wp:attachment":[{"href":"https:\/\/spainfilmcommission.com\/en\/wp-json\/wp\/v2\/media?parent=37410"}],"wp:term":[{"taxonomy":"category","embeddable":true,"href":"https:\/\/spainfilmcommission.com\/en\/wp-json\/wp\/v2\/categories?post=37410"},{"taxonomy":"post_tag","embeddable":true,"href":"https:\/\/spainfilmcommission.com\/en\/wp-json\/wp\/v2\/tags?post=37410"}],"curies":[{"name":"wp","href":"https:\/\/api.w.org\/{rel}","templated":true}]}}