{"id":36790,"date":"2026-01-22T09:32:28","date_gmt":"2026-01-22T08:32:28","guid":{"rendered":"https:\/\/spainfilmcommission.com\/?p=36790"},"modified":"2026-01-22T09:32:46","modified_gmt":"2026-01-22T08:32:46","slug":"arranca-fitur-screen-2026-la-edicion-mas-diversa-en-cuanto-a-destinos-participantes","status":"publish","type":"post","link":"https:\/\/spainfilmcommission.com\/en\/blog\/arranca-fitur-screen-2026-la-edicion-mas-diversa-en-cuanto-a-destinos-participantes\/","title":{"rendered":"Arranca FITUR Screen 2026, la edici\u00f3n m\u00e1s diversa en cuanto a destinos participantes"},"content":{"rendered":"\t\t<div data-elementor-type=\"wp-post\" data-elementor-id=\"36790\" class=\"elementor elementor-36790\" data-elementor-post-type=\"post\">\n\t\t\t\t<div class=\"elementor-element elementor-element-ed7af0 e-flex e-con-boxed e-con e-parent\" data-id=\"ed7af0\" data-element_type=\"container\" data-e-type=\"container\">\n\t\t\t\t\t<div class=\"e-con-inner\">\n\t\t\t\t<div class=\"elementor-element elementor-element-1b548f30 elementor-widget elementor-widget-text-editor\" data-id=\"1b548f30\" data-element_type=\"widget\" data-e-type=\"widget\" data-widget_type=\"text-editor.default\">\n\t\t\t\t<div class=\"elementor-widget-container\">\n\t\t\t\t\t\t\t\t\t<ul><li style=\"font-weight: 400;\" aria-level=\"1\"><i><span style=\"font-weight: 400;\">La organizaci\u00f3n, en coherencia con el luto oficial decretado por el tr\u00e1gico accidente ocurrido en Andaluc\u00eda, cancel\u00f3 la inauguraci\u00f3n oficial y guard\u00f3 un minuto de silencio por las v\u00edctimas<\/span><\/i><\/li><\/ul><ul><li style=\"font-weight: 400;\" aria-level=\"1\"><i><span style=\"font-weight: 400;\">La VIII edici\u00f3n cuenta con la participaci\u00f3n especial de Brasil, Morelia (M\u00e9xico) y Madhya Pradesh (India), adem\u00e1s de diez territorios nacionales<\/span><\/i><\/li><\/ul><p><b><br \/>Madrid, 21 de enero de 2026 &#8211; <\/b><a href=\"https:\/\/spainfilmcommission.com\/\"><span style=\"font-weight: 400;\">Spain Film Commission<\/span><\/a><span style=\"font-weight: 400;\"> dio el pistoletazo de salida a la <\/span><b>octava edici\u00f3n de <\/b><a href=\"https:\/\/www.ifema.es\/fitur\/areas\/fitur-screen\"><b>FITUR Screen<\/b><\/a><span style=\"font-weight: 400;\">, organizada junto con IFEMA, que se celebrar\u00e1 hasta el viernes 23 de enero en el <\/span><b>Pabell\u00f3n 10A15 de IFEMA Madrid. <\/b><span style=\"font-weight: 400;\">Este espacio reunir\u00e1 durante los tres d\u00edas a profesionales nacionales e internacionales del turismo, de la industria audiovisual y tambi\u00e9n a <\/span><i><span style=\"font-weight: 400;\">film commissions <\/span><\/i><span style=\"font-weight: 400;\">y <\/span><i><span style=\"font-weight: 400;\">film offices<\/span><\/i><span style=\"font-weight: 400;\">, consolid\u00e1ndose como un punto de encuentro clave para analizar tendencias, explorar oportunidades de negocio y reforzar la colaboraci\u00f3n entre destinos y el sector audiovisual.<\/span><\/p><p><span style=\"font-weight: 400;\">La <\/span><b>jornada inaugural de FITUR Screen 2026<\/b><span style=\"font-weight: 400;\"> comenz\u00f3 con un emotivo momento de silencio en recuerdo y solidaridad con las v\u00edctimas del tr\u00e1gico accidente ferroviario ocurrido en Adamuz, C\u00f3rdoba, el pasado domingo, al que se unieron los socios y profesionales presentes, quienes compartieron el pesar por la tragedia.<\/span><\/p><p><span style=\"font-weight: 400;\">Juan Manuel Guimer\u00e1ns, presidente de Spain Film Commission, dio la bienvenida a los asistentes, agradeciendo su presencia y destacando la importancia de la colaboraci\u00f3n y las sinergias entre el turismo y el sector audiovisual, especialmente en el marco de esta edici\u00f3n de FITUR Screen.\u00a0<\/span><\/p><p><span style=\"font-weight: 400;\">La edici\u00f3n continu\u00f3 con la presentaci\u00f3n de la <\/span><b>Illes Balears Film Commission<\/b><span style=\"font-weight: 400;\">. Diana de la Cuadra, directora del Instituto de Industrias Culturales de Illes Balears, comenz\u00f3 su intervenci\u00f3n expresando su satisfacci\u00f3n por la celebraci\u00f3n de la V edici\u00f3n de Conecta, Magaluf-Mallorca. Asegur\u00f3 que las islas est\u00e1n preparadas para afrontar los retos del sector, destacando la red insular de <\/span><i><span style=\"font-weight: 400;\">film commissions <\/span><\/i><span style=\"font-weight: 400;\">como uno de sus puntos fuertes. Adem\u00e1s, mencion\u00f3 la decisi\u00f3n estrat\u00e9gica de elegir Magaluf como sede para este evento. Por su parte, G\u00e9raldine Gonard, fundadora de Conecta Event, celebr\u00f3 el crecimiento y la evoluci\u00f3n de este mercado, subrayando que la d\u00e9cima edici\u00f3n es &#8220;un cap\u00edtulo especial&#8221; para la industria. La directiva destac\u00f3 que el objetivo no era el volumen, sino la calidad y la capacidad de conectar a los tomadores de decisiones clave con el talento local de las Islas Baleares. Jaume Bauz\u00e0, Consejero de Turismo, Cultura y Deportes del Gobierno de Illes Balears, concluy\u00f3 esta presentaci\u00f3n resaltando el respaldo institucional a Conecta, basado en tres pilares fundamentales: cultura, turismo y econom\u00eda.<\/span><\/p><p><span style=\"font-weight: 400;\">La <\/span><b>Comisi\u00f3n F\u00edlmica de Morelia <\/b><span style=\"font-weight: 400;\">fue la siguiente en presentar su propuesta en FITUR Screen. Fatima Ch\u00e1vez Alcaraz, secretaria de Cultura de Morelia, destac\u00f3 los esfuerzos de la ciudad por atraer producciones internacionales, simplificando tr\u00e1mites y ofreciendo incentivos para todo lo relacionado con el rodaje. Alfonso Mart\u00ednez Alc\u00e1zar, presidente municipal de Morelia, a\u00f1adi\u00f3 que la ciudad se ha consolidado como un importante destino de rodajes, gracias a sus incentivos y su infraestructura, subrayando que filmar en Morelia es significativamente m\u00e1s econ\u00f3mico que en Espa\u00f1a. Tambi\u00e9n mencion\u00f3 la estrecha relaci\u00f3n con el Festival de Morelia, que otorga pase directo a las producciones que elijan esta ciudad para sus rodajes.<\/span><\/p><p><span style=\"font-weight: 400;\">Otra de los grandes protagonistas de la jornada fue la presentaci\u00f3n oficial de la <\/span><b>Vitoria-Gasteiz \/ Araba Film Commission,<\/b><span style=\"font-weight: 400;\"> la nueva apuesta de la regi\u00f3n que surge de la necesidad de unir fuerzas ante la creciente demanda del sector. Durante la intervenci\u00f3n,\u00a0 Mar\u00eda Nanclares, concejala del departamento de Promoci\u00f3n Econ\u00f3mica, Empleo, Comercio y Turismo del Ayuntamiento de Vitoria-Gasteiz habl\u00f3 de la singularidad del territorio alav\u00e9s, destacando su diversidad paisaj\u00edstica y cultural, ideal para la realizaci\u00f3n de cine internacional. Ander Larrinaga, director del departamento de Desarrollo Econ\u00f3mico y Sostenibilidad de la Diputaci\u00f3n Foral de \u00c1lava, mencion\u00f3 los altos incentivos econ\u00f3micos, que pueden alcanzar hasta el 70 % de los costes de producci\u00f3n, lo que convierte a \u00c1lava en un destino competitivo para las producciones audiovisuales. Adem\u00e1s, \u00c1lvaro Ben\u00edtez, productor ejecutivo de la serie INNATO, relat\u00f3 su experiencia positiva rodando en la ciudad, destacando la colaboraci\u00f3n de las instituciones y los beneficios de los incentivos locales.<\/span><\/p><p><span style=\"font-weight: 400;\">A continuaci\u00f3n, la <\/span><b>Comunitat Valenciana <\/b><span style=\"font-weight: 400;\">fue protagonista de una conversaci\u00f3n en la que participaron diferentes profesionales de la regi\u00f3n, desde <\/span><i><span style=\"font-weight: 400;\">film commissioners <\/span><\/i><span style=\"font-weight: 400;\">y directores de festivales hasta Ferm\u00edn Crespo, director de la Sociedad Proyectos para la Transformaci\u00f3n Digital (SPTD) de la Comunidad Valenciana y responsable de Ciudad de la Luz. Durante la ponencia se destac\u00f3 el papel fundamental de las producciones cinematogr\u00e1ficas en la Comunitat Valenciana, subrayando c\u00f3mo los rodajes se han convertido en una herramienta de promoci\u00f3n exterior irrenunciable. Se puso de manifiesto que el cine no solo posiciona a la regi\u00f3n en el mapa internacional (recordando que el 40 % de los turistas extranjeros conoce los destinos espa\u00f1oles a trav\u00e9s de la pantalla), sino que act\u00faa como un motor clave para fomentar un turismo de calidad, cultural y desestacionalizado. El espectador actual busca experimentar en primera persona las localizaciones que ha visto en la ficci\u00f3n, atra\u00eddo por el valor a\u00f1adido de esta tierra y es la cultura el motor m\u00e1s potente para elevar el perfil tur\u00edstico.<\/span><\/p><p><span style=\"font-weight: 400;\">Por \u00faltimo y como colof\u00f3n de la jornada del mi\u00e9rcoles, <\/span><b>R\u00edas Baixas Film Commission, <\/b><span style=\"font-weight: 400;\">con la participaci\u00f3n de Jessica Casti\u00f1eira, responsable de R\u00edas Baixas Film Commission; Miguel Lorenzo, productor ejecutivo de \u201cEl jardinero\u201d (DLO Producciones) e I\u00f1aki Gaztelumendi, experto en turismo de pantalla. La ponencia puso en valor R\u00edas Baixas como destino de rodajes y turismo. Miguel Lorenzo, productor ejecutivo de la serie &#8220;El jardinero&#8221; (DLO Producciones), habl\u00f3 de R\u00edas Baixas como el destino ideal para el rodaje de la serie, algo que ten\u00edan decidido antes incluso de escribir el guion. Tambi\u00e9n destac\u00f3 que Galicia se ha convertido en una regi\u00f3n puntera debido a la existencia de equipos locales cualificados que permiten, por ejemplo, optimizar costes de desplazamiento. Por su parte, I\u00f1aki Gaztelumendi explic\u00f3 c\u00f3mo el Programa Experiencias y el talento humano transforman producciones de \u00e9xito en un valor a\u00f1adido para el territorio. Indic\u00f3 que mediante este programa se busca convertir producciones audiovisuales de \u00e9xito en una oportunidad para el turismo local.<\/span><\/p>\t\t\t\t\t\t\t\t<\/div>\n\t\t\t\t<\/div>\n\t\t\t\t\t<\/div>\n\t\t\t\t<\/div>\n\t\t<div class=\"elementor-element elementor-element-234e342 e-flex e-con-boxed e-con e-parent\" data-id=\"234e342\" data-element_type=\"container\" data-e-type=\"container\">\n\t\t\t\t\t<div class=\"e-con-inner\">\n\t\t\t\t<div class=\"elementor-element elementor-element-ac9dfdc elementor-widget elementor-widget-gallery\" data-id=\"ac9dfdc\" data-element_type=\"widget\" data-e-type=\"widget\" data-settings=\"{&quot;lazyload&quot;:&quot;yes&quot;,&quot;gallery_layout&quot;:&quot;grid&quot;,&quot;columns&quot;:4,&quot;columns_tablet&quot;:2,&quot;columns_mobile&quot;:1,&quot;gap&quot;:{&quot;unit&quot;:&quot;px&quot;,&quot;size&quot;:10,&quot;sizes&quot;:[]},&quot;gap_tablet&quot;:{&quot;unit&quot;:&quot;px&quot;,&quot;size&quot;:10,&quot;sizes&quot;:[]},&quot;gap_mobile&quot;:{&quot;unit&quot;:&quot;px&quot;,&quot;size&quot;:10,&quot;sizes&quot;:[]},&quot;link_to&quot;:&quot;file&quot;,&quot;aspect_ratio&quot;:&quot;3:2&quot;,&quot;overlay_background&quot;:&quot;yes&quot;,&quot;content_hover_animation&quot;:&quot;fade-in&quot;}\" data-widget_type=\"gallery.default\">\n\t\t\t\t<div class=\"elementor-widget-container\">\n\t\t\t\t\t\t\t<div class=\"elementor-gallery__container\">\n\t\t\t\t\t\t\t<a class=\"e-gallery-item elementor-gallery-item elementor-animated-content\" href=\"https:\/\/spainfilmcommission.com\/wp-content\/uploads\/2026\/01\/DSC00607-scaled.jpeg\" data-elementor-open-lightbox=\"yes\" data-elementor-lightbox-slideshow=\"ac9dfdc\" data-elementor-lightbox-title=\"DSC00607\" data-e-action-hash=\"#elementor-action%3Aaction%3Dlightbox%26settings%3DeyJpZCI6MzY3OTIsInVybCI6Imh0dHBzOlwvXC9zcGFpbmZpbG1jb21taXNzaW9uLmNvbVwvd3AtY29udGVudFwvdXBsb2Fkc1wvMjAyNlwvMDFcL0RTQzAwNjA3LXNjYWxlZC5qcGVnIiwic2xpZGVzaG93IjoiYWM5ZGZkYyJ9\">\n\t\t\t\t\t<div class=\"e-gallery-image elementor-gallery-item__image\" data-thumbnail=\"https:\/\/spainfilmcommission.com\/wp-content\/uploads\/2026\/01\/DSC00607-300x200.jpeg\" data-width=\"300\" data-height=\"200\" aria-label=\"\" role=\"img\" ><\/div>\n\t\t\t\t\t\t\t\t\t\t\t<div class=\"elementor-gallery-item__overlay\"><\/div>\n\t\t\t\t\t\t\t\t\t\t\t\t\t\t<\/a>\n\t\t\t\t\t\t\t<a class=\"e-gallery-item elementor-gallery-item elementor-animated-content\" href=\"https:\/\/spainfilmcommission.com\/wp-content\/uploads\/2026\/01\/DSC00664-scaled.jpeg\" data-elementor-open-lightbox=\"yes\" data-elementor-lightbox-slideshow=\"ac9dfdc\" data-elementor-lightbox-title=\"DSC00664\" data-e-action-hash=\"#elementor-action%3Aaction%3Dlightbox%26settings%3DeyJpZCI6MzY3OTQsInVybCI6Imh0dHBzOlwvXC9zcGFpbmZpbG1jb21taXNzaW9uLmNvbVwvd3AtY29udGVudFwvdXBsb2Fkc1wvMjAyNlwvMDFcL0RTQzAwNjY0LXNjYWxlZC5qcGVnIiwic2xpZGVzaG93IjoiYWM5ZGZkYyJ9\">\n\t\t\t\t\t<div class=\"e-gallery-image elementor-gallery-item__image\" data-thumbnail=\"https:\/\/spainfilmcommission.com\/wp-content\/uploads\/2026\/01\/DSC00664-300x200.jpeg\" data-width=\"300\" data-height=\"200\" aria-label=\"\" role=\"img\" ><\/div>\n\t\t\t\t\t\t\t\t\t\t\t<div class=\"elementor-gallery-item__overlay\"><\/div>\n\t\t\t\t\t\t\t\t\t\t\t\t\t\t<\/a>\n\t\t\t\t\t\t\t<a class=\"e-gallery-item elementor-gallery-item elementor-animated-content\" href=\"https:\/\/spainfilmcommission.com\/wp-content\/uploads\/2026\/01\/DSC00818-scaled.jpeg\" data-elementor-open-lightbox=\"yes\" data-elementor-lightbox-slideshow=\"ac9dfdc\" data-elementor-lightbox-title=\"DSC00818\" data-e-action-hash=\"#elementor-action%3Aaction%3Dlightbox%26settings%3DeyJpZCI6MzY3OTYsInVybCI6Imh0dHBzOlwvXC9zcGFpbmZpbG1jb21taXNzaW9uLmNvbVwvd3AtY29udGVudFwvdXBsb2Fkc1wvMjAyNlwvMDFcL0RTQzAwODE4LXNjYWxlZC5qcGVnIiwic2xpZGVzaG93IjoiYWM5ZGZkYyJ9\">\n\t\t\t\t\t<div class=\"e-gallery-image elementor-gallery-item__image\" data-thumbnail=\"https:\/\/spainfilmcommission.com\/wp-content\/uploads\/2026\/01\/DSC00818-300x200.jpeg\" data-width=\"300\" data-height=\"200\" aria-label=\"\" role=\"img\" ><\/div>\n\t\t\t\t\t\t\t\t\t\t\t<div class=\"elementor-gallery-item__overlay\"><\/div>\n\t\t\t\t\t\t\t\t\t\t\t\t\t\t<\/a>\n\t\t\t\t\t\t\t<a class=\"e-gallery-item elementor-gallery-item elementor-animated-content\" href=\"https:\/\/spainfilmcommission.com\/wp-content\/uploads\/2026\/01\/DSC00980-scaled.jpeg\" data-elementor-open-lightbox=\"yes\" data-elementor-lightbox-slideshow=\"ac9dfdc\" data-elementor-lightbox-title=\"DSC00980\" data-e-action-hash=\"#elementor-action%3Aaction%3Dlightbox%26settings%3DeyJpZCI6MzY3OTgsInVybCI6Imh0dHBzOlwvXC9zcGFpbmZpbG1jb21taXNzaW9uLmNvbVwvd3AtY29udGVudFwvdXBsb2Fkc1wvMjAyNlwvMDFcL0RTQzAwOTgwLXNjYWxlZC5qcGVnIiwic2xpZGVzaG93IjoiYWM5ZGZkYyJ9\">\n\t\t\t\t\t<div class=\"e-gallery-image elementor-gallery-item__image\" data-thumbnail=\"https:\/\/spainfilmcommission.com\/wp-content\/uploads\/2026\/01\/DSC00980-300x200.jpeg\" data-width=\"300\" data-height=\"200\" aria-label=\"\" role=\"img\" ><\/div>\n\t\t\t\t\t\t\t\t\t\t\t<div class=\"elementor-gallery-item__overlay\"><\/div>\n\t\t\t\t\t\t\t\t\t\t\t\t\t\t<\/a>\n\t\t\t\t\t\t\t<a class=\"e-gallery-item elementor-gallery-item elementor-animated-content\" href=\"https:\/\/spainfilmcommission.com\/wp-content\/uploads\/2026\/01\/DSC01109-scaled.jpeg\" data-elementor-open-lightbox=\"yes\" data-elementor-lightbox-slideshow=\"ac9dfdc\" data-elementor-lightbox-title=\"DSC01109\" data-e-action-hash=\"#elementor-action%3Aaction%3Dlightbox%26settings%3DeyJpZCI6MzY4MDAsInVybCI6Imh0dHBzOlwvXC9zcGFpbmZpbG1jb21taXNzaW9uLmNvbVwvd3AtY29udGVudFwvdXBsb2Fkc1wvMjAyNlwvMDFcL0RTQzAxMTA5LXNjYWxlZC5qcGVnIiwic2xpZGVzaG93IjoiYWM5ZGZkYyJ9\">\n\t\t\t\t\t<div class=\"e-gallery-image elementor-gallery-item__image\" data-thumbnail=\"https:\/\/spainfilmcommission.com\/wp-content\/uploads\/2026\/01\/DSC01109-300x200.jpeg\" data-width=\"300\" data-height=\"200\" aria-label=\"\" role=\"img\" ><\/div>\n\t\t\t\t\t\t\t\t\t\t\t<div class=\"elementor-gallery-item__overlay\"><\/div>\n\t\t\t\t\t\t\t\t\t\t\t\t\t\t<\/a>\n\t\t\t\t\t\t\t<a class=\"e-gallery-item elementor-gallery-item elementor-animated-content\" href=\"https:\/\/spainfilmcommission.com\/wp-content\/uploads\/2026\/01\/DSC09864-scaled.jpeg\" data-elementor-open-lightbox=\"yes\" data-elementor-lightbox-slideshow=\"ac9dfdc\" data-elementor-lightbox-title=\"DSC09864\" data-e-action-hash=\"#elementor-action%3Aaction%3Dlightbox%26settings%3DeyJpZCI6MzY4MDIsInVybCI6Imh0dHBzOlwvXC9zcGFpbmZpbG1jb21taXNzaW9uLmNvbVwvd3AtY29udGVudFwvdXBsb2Fkc1wvMjAyNlwvMDFcL0RTQzA5ODY0LXNjYWxlZC5qcGVnIiwic2xpZGVzaG93IjoiYWM5ZGZkYyJ9\">\n\t\t\t\t\t<div class=\"e-gallery-image elementor-gallery-item__image\" data-thumbnail=\"https:\/\/spainfilmcommission.com\/wp-content\/uploads\/2026\/01\/DSC09864-200x300.jpeg\" data-width=\"200\" data-height=\"300\" aria-label=\"\" role=\"img\" ><\/div>\n\t\t\t\t\t\t\t\t\t\t\t<div class=\"elementor-gallery-item__overlay\"><\/div>\n\t\t\t\t\t\t\t\t\t\t\t\t\t\t<\/a>\n\t\t\t\t\t<\/div>\n\t\t\t\t\t<\/div>\n\t\t\t\t<\/div>\n\t\t\t\t\t<\/div>\n\t\t\t\t<\/div>\n\t\t<div class=\"elementor-element elementor-element-54aa8ed e-flex e-con-boxed e-con e-parent\" data-id=\"54aa8ed\" data-element_type=\"container\" data-e-type=\"container\">\n\t\t\t\t\t<div class=\"e-con-inner\">\n\t\t\t\t\t<\/div>\n\t\t\t\t<\/div>\n\t\t\t\t<\/div>\n\t\t","protected":false},"excerpt":{"rendered":"<p>La organizaci\u00f3n, en coherencia con el luto oficial decretado por el tr\u00e1gico accidente ocurrido en Andaluc\u00eda, cancel\u00f3 la inauguraci\u00f3n oficial y guard\u00f3 un minuto de silencio por las v\u00edctimas La [&hellip;]<\/p>\n","protected":false},"author":57,"featured_media":36798,"comment_status":"closed","ping_status":"closed","sticky":false,"template":"","format":"standard","meta":{"footnotes":""},"categories":[38],"tags":[],"class_list":["post-36790","post","type-post","status-publish","format-standard","has-post-thumbnail","hentry","category-noticias"],"yoast_head":"<!-- This site is optimized with the Yoast SEO plugin v27.3 - https:\/\/yoast.com\/product\/yoast-seo-wordpress\/ -->\n<title>Arranca FITUR Screen 2026, la edici\u00f3n m\u00e1s diversa en cuanto a destinos participantes - Spain Film Commission<\/title>\n<meta name=\"description\" content=\"Spain Film Commission dio el pistoletazo de salida a la octava edici\u00f3n de FITUR Screen, organizada junto con IFEMA, que se celebrar\u00e1 hasta el viernes 23 de enero en el Pabell\u00f3n 10A15 de IFEMA Madrid. Este espacio reunir\u00e1 durante los tres d\u00edas a profesionales nacionales e internacionales del turismo, de la industria audiovisual y tambi\u00e9n a film commissions y film offices, consolid\u00e1ndose como un punto de encuentro clave para analizar tendencias, explorar oportunidades de negocio y reforzar la colaboraci\u00f3n entre destinos y el sector audiovisual.\" \/>\n<meta name=\"robots\" content=\"index, follow, max-snippet:-1, max-image-preview:large, max-video-preview:-1\" \/>\n<link rel=\"canonical\" href=\"https:\/\/spainfilmcommission.com\/en\/blog\/arranca-fitur-screen-2026-la-edicion-mas-diversa-en-cuanto-a-destinos-participantes\/\" \/>\n<meta property=\"og:locale\" content=\"en_US\" \/>\n<meta property=\"og:type\" content=\"article\" \/>\n<meta property=\"og:title\" content=\"Arranca FITUR Screen 2026, la edici\u00f3n m\u00e1s diversa en cuanto a destinos participantes - Spain Film Commission\" \/>\n<meta property=\"og:description\" content=\"Spain Film Commission dio el pistoletazo de salida a la octava edici\u00f3n de FITUR Screen, organizada junto con IFEMA, que se celebrar\u00e1 hasta el viernes 23 de enero en el Pabell\u00f3n 10A15 de IFEMA Madrid. Este espacio reunir\u00e1 durante los tres d\u00edas a profesionales nacionales e internacionales del turismo, de la industria audiovisual y tambi\u00e9n a film commissions y film offices, consolid\u00e1ndose como un punto de encuentro clave para analizar tendencias, explorar oportunidades de negocio y reforzar la colaboraci\u00f3n entre destinos y el sector audiovisual.\" \/>\n<meta property=\"og:url\" content=\"https:\/\/spainfilmcommission.com\/en\/blog\/arranca-fitur-screen-2026-la-edicion-mas-diversa-en-cuanto-a-destinos-participantes\/\" \/>\n<meta property=\"og:site_name\" content=\"Spain Film Commission\" \/>\n<meta property=\"article:published_time\" content=\"2026-01-22T08:32:28+00:00\" \/>\n<meta property=\"article:modified_time\" content=\"2026-01-22T08:32:46+00:00\" \/>\n<meta property=\"og:image\" content=\"https:\/\/spainfilmcommission.com\/wp-content\/uploads\/2026\/01\/DSC00980-scaled.jpeg\" \/>\n\t<meta property=\"og:image:width\" content=\"2560\" \/>\n\t<meta property=\"og:image:height\" content=\"1707\" \/>\n\t<meta property=\"og:image:type\" content=\"image\/jpeg\" \/>\n<meta name=\"author\" content=\"admin_sfc\" \/>\n<meta name=\"twitter:card\" content=\"summary_large_image\" \/>\n<meta name=\"twitter:label1\" content=\"Written by\" \/>\n\t<meta name=\"twitter:data1\" content=\"admin_sfc\" \/>\n\t<meta name=\"twitter:label2\" content=\"Est. reading time\" \/>\n\t<meta name=\"twitter:data2\" content=\"5 minutes\" \/>\n<script type=\"application\/ld+json\" class=\"yoast-schema-graph\">{\"@context\":\"https:\\\/\\\/schema.org\",\"@graph\":[{\"@type\":\"Article\",\"@id\":\"https:\\\/\\\/spainfilmcommission.com\\\/en\\\/blog\\\/arranca-fitur-screen-2026-la-edicion-mas-diversa-en-cuanto-a-destinos-participantes\\\/#article\",\"isPartOf\":{\"@id\":\"https:\\\/\\\/spainfilmcommission.com\\\/en\\\/blog\\\/arranca-fitur-screen-2026-la-edicion-mas-diversa-en-cuanto-a-destinos-participantes\\\/\"},\"author\":{\"name\":\"admin_sfc\",\"@id\":\"https:\\\/\\\/spainfilmcommission.com\\\/en\\\/#\\\/schema\\\/person\\\/2c139497e1f3f1d330424ab32ad5c19c\"},\"headline\":\"Arranca FITUR Screen 2026, la edici\u00f3n m\u00e1s diversa en cuanto a destinos participantes\",\"datePublished\":\"2026-01-22T08:32:28+00:00\",\"dateModified\":\"2026-01-22T08:32:46+00:00\",\"mainEntityOfPage\":{\"@id\":\"https:\\\/\\\/spainfilmcommission.com\\\/en\\\/blog\\\/arranca-fitur-screen-2026-la-edicion-mas-diversa-en-cuanto-a-destinos-participantes\\\/\"},\"wordCount\":1101,\"publisher\":{\"@id\":\"https:\\\/\\\/spainfilmcommission.com\\\/en\\\/#organization\"},\"image\":{\"@id\":\"https:\\\/\\\/spainfilmcommission.com\\\/en\\\/blog\\\/arranca-fitur-screen-2026-la-edicion-mas-diversa-en-cuanto-a-destinos-participantes\\\/#primaryimage\"},\"thumbnailUrl\":\"https:\\\/\\\/spainfilmcommission.com\\\/wp-content\\\/uploads\\\/2026\\\/01\\\/DSC00980-scaled.jpeg\",\"articleSection\":[\"Noticias\"],\"inLanguage\":\"en-US\"},{\"@type\":\"WebPage\",\"@id\":\"https:\\\/\\\/spainfilmcommission.com\\\/en\\\/blog\\\/arranca-fitur-screen-2026-la-edicion-mas-diversa-en-cuanto-a-destinos-participantes\\\/\",\"url\":\"https:\\\/\\\/spainfilmcommission.com\\\/en\\\/blog\\\/arranca-fitur-screen-2026-la-edicion-mas-diversa-en-cuanto-a-destinos-participantes\\\/\",\"name\":\"Arranca FITUR Screen 2026, la edici\u00f3n m\u00e1s diversa en cuanto a destinos participantes - Spain Film Commission\",\"isPartOf\":{\"@id\":\"https:\\\/\\\/spainfilmcommission.com\\\/en\\\/#website\"},\"primaryImageOfPage\":{\"@id\":\"https:\\\/\\\/spainfilmcommission.com\\\/en\\\/blog\\\/arranca-fitur-screen-2026-la-edicion-mas-diversa-en-cuanto-a-destinos-participantes\\\/#primaryimage\"},\"image\":{\"@id\":\"https:\\\/\\\/spainfilmcommission.com\\\/en\\\/blog\\\/arranca-fitur-screen-2026-la-edicion-mas-diversa-en-cuanto-a-destinos-participantes\\\/#primaryimage\"},\"thumbnailUrl\":\"https:\\\/\\\/spainfilmcommission.com\\\/wp-content\\\/uploads\\\/2026\\\/01\\\/DSC00980-scaled.jpeg\",\"datePublished\":\"2026-01-22T08:32:28+00:00\",\"dateModified\":\"2026-01-22T08:32:46+00:00\",\"description\":\"Spain Film Commission dio el pistoletazo de salida a la octava edici\u00f3n de FITUR Screen, organizada junto con IFEMA, que se celebrar\u00e1 hasta el viernes 23 de enero en el Pabell\u00f3n 10A15 de IFEMA Madrid. Este espacio reunir\u00e1 durante los tres d\u00edas a profesionales nacionales e internacionales del turismo, de la industria audiovisual y tambi\u00e9n a film commissions y film offices, consolid\u00e1ndose como un punto de encuentro clave para analizar tendencias, explorar oportunidades de negocio y reforzar la colaboraci\u00f3n entre destinos y el sector audiovisual.\",\"breadcrumb\":{\"@id\":\"https:\\\/\\\/spainfilmcommission.com\\\/en\\\/blog\\\/arranca-fitur-screen-2026-la-edicion-mas-diversa-en-cuanto-a-destinos-participantes\\\/#breadcrumb\"},\"inLanguage\":\"en-US\",\"potentialAction\":[{\"@type\":\"ReadAction\",\"target\":[\"https:\\\/\\\/spainfilmcommission.com\\\/en\\\/blog\\\/arranca-fitur-screen-2026-la-edicion-mas-diversa-en-cuanto-a-destinos-participantes\\\/\"]}]},{\"@type\":\"ImageObject\",\"inLanguage\":\"en-US\",\"@id\":\"https:\\\/\\\/spainfilmcommission.com\\\/en\\\/blog\\\/arranca-fitur-screen-2026-la-edicion-mas-diversa-en-cuanto-a-destinos-participantes\\\/#primaryimage\",\"url\":\"https:\\\/\\\/spainfilmcommission.com\\\/wp-content\\\/uploads\\\/2026\\\/01\\\/DSC00980-scaled.jpeg\",\"contentUrl\":\"https:\\\/\\\/spainfilmcommission.com\\\/wp-content\\\/uploads\\\/2026\\\/01\\\/DSC00980-scaled.jpeg\",\"width\":2560,\"height\":1707},{\"@type\":\"BreadcrumbList\",\"@id\":\"https:\\\/\\\/spainfilmcommission.com\\\/en\\\/blog\\\/arranca-fitur-screen-2026-la-edicion-mas-diversa-en-cuanto-a-destinos-participantes\\\/#breadcrumb\",\"itemListElement\":[{\"@type\":\"ListItem\",\"position\":1,\"name\":\"Portada\",\"item\":\"https:\\\/\\\/spainfilmcommission.com\\\/en\\\/\"},{\"@type\":\"ListItem\",\"position\":2,\"name\":\"Arranca FITUR Screen 2026, la edici\u00f3n m\u00e1s diversa en cuanto a destinos participantes\"}]},{\"@type\":\"WebSite\",\"@id\":\"https:\\\/\\\/spainfilmcommission.com\\\/en\\\/#website\",\"url\":\"https:\\\/\\\/spainfilmcommission.com\\\/en\\\/\",\"name\":\"Spain Film Commission\",\"description\":\"\",\"publisher\":{\"@id\":\"https:\\\/\\\/spainfilmcommission.com\\\/en\\\/#organization\"},\"potentialAction\":[{\"@type\":\"SearchAction\",\"target\":{\"@type\":\"EntryPoint\",\"urlTemplate\":\"https:\\\/\\\/spainfilmcommission.com\\\/en\\\/?s={search_term_string}\"},\"query-input\":{\"@type\":\"PropertyValueSpecification\",\"valueRequired\":true,\"valueName\":\"search_term_string\"}}],\"inLanguage\":\"en-US\"},{\"@type\":\"Organization\",\"@id\":\"https:\\\/\\\/spainfilmcommission.com\\\/en\\\/#organization\",\"name\":\"Spain Film Commission\",\"url\":\"https:\\\/\\\/spainfilmcommission.com\\\/en\\\/\",\"logo\":{\"@type\":\"ImageObject\",\"inLanguage\":\"en-US\",\"@id\":\"https:\\\/\\\/spainfilmcommission.com\\\/en\\\/#\\\/schema\\\/logo\\\/image\\\/\",\"url\":\"https:\\\/\\\/spainfilmcommission.com\\\/wp-content\\\/uploads\\\/2024\\\/07\\\/SPC_COLOR.png\",\"contentUrl\":\"https:\\\/\\\/spainfilmcommission.com\\\/wp-content\\\/uploads\\\/2024\\\/07\\\/SPC_COLOR.png\",\"width\":1665,\"height\":1665,\"caption\":\"Spain Film Commission\"},\"image\":{\"@id\":\"https:\\\/\\\/spainfilmcommission.com\\\/en\\\/#\\\/schema\\\/logo\\\/image\\\/\"}},{\"@type\":\"Person\",\"@id\":\"https:\\\/\\\/spainfilmcommission.com\\\/en\\\/#\\\/schema\\\/person\\\/2c139497e1f3f1d330424ab32ad5c19c\",\"name\":\"admin_sfc\",\"image\":{\"@type\":\"ImageObject\",\"inLanguage\":\"en-US\",\"@id\":\"https:\\\/\\\/secure.gravatar.com\\\/avatar\\\/f06061f8836c87bc33143decdd70d30d1212ed16ccafd73454a40dfc2a046aed?s=96&d=mm&r=g\",\"url\":\"https:\\\/\\\/secure.gravatar.com\\\/avatar\\\/f06061f8836c87bc33143decdd70d30d1212ed16ccafd73454a40dfc2a046aed?s=96&d=mm&r=g\",\"contentUrl\":\"https:\\\/\\\/secure.gravatar.com\\\/avatar\\\/f06061f8836c87bc33143decdd70d30d1212ed16ccafd73454a40dfc2a046aed?s=96&d=mm&r=g\",\"caption\":\"admin_sfc\"}}]}<\/script>\n<!-- \/ Yoast SEO plugin. -->","yoast_head_json":{"title":"Arranca FITUR Screen 2026, la edici\u00f3n m\u00e1s diversa en cuanto a destinos participantes - Spain Film Commission","description":"Spain Film Commission dio el pistoletazo de salida a la octava edici\u00f3n de FITUR Screen, organizada junto con IFEMA, que se celebrar\u00e1 hasta el viernes 23 de enero en el Pabell\u00f3n 10A15 de IFEMA Madrid. Este espacio reunir\u00e1 durante los tres d\u00edas a profesionales nacionales e internacionales del turismo, de la industria audiovisual y tambi\u00e9n a film commissions y film offices, consolid\u00e1ndose como un punto de encuentro clave para analizar tendencias, explorar oportunidades de negocio y reforzar la colaboraci\u00f3n entre destinos y el sector audiovisual.","robots":{"index":"index","follow":"follow","max-snippet":"max-snippet:-1","max-image-preview":"max-image-preview:large","max-video-preview":"max-video-preview:-1"},"canonical":"https:\/\/spainfilmcommission.com\/en\/blog\/arranca-fitur-screen-2026-la-edicion-mas-diversa-en-cuanto-a-destinos-participantes\/","og_locale":"en_US","og_type":"article","og_title":"Arranca FITUR Screen 2026, la edici\u00f3n m\u00e1s diversa en cuanto a destinos participantes - Spain Film Commission","og_description":"Spain Film Commission dio el pistoletazo de salida a la octava edici\u00f3n de FITUR Screen, organizada junto con IFEMA, que se celebrar\u00e1 hasta el viernes 23 de enero en el Pabell\u00f3n 10A15 de IFEMA Madrid. Este espacio reunir\u00e1 durante los tres d\u00edas a profesionales nacionales e internacionales del turismo, de la industria audiovisual y tambi\u00e9n a film commissions y film offices, consolid\u00e1ndose como un punto de encuentro clave para analizar tendencias, explorar oportunidades de negocio y reforzar la colaboraci\u00f3n entre destinos y el sector audiovisual.","og_url":"https:\/\/spainfilmcommission.com\/en\/blog\/arranca-fitur-screen-2026-la-edicion-mas-diversa-en-cuanto-a-destinos-participantes\/","og_site_name":"Spain Film Commission","article_published_time":"2026-01-22T08:32:28+00:00","article_modified_time":"2026-01-22T08:32:46+00:00","og_image":[{"width":2560,"height":1707,"url":"https:\/\/spainfilmcommission.com\/wp-content\/uploads\/2026\/01\/DSC00980-scaled.jpeg","type":"image\/jpeg"}],"author":"admin_sfc","twitter_card":"summary_large_image","twitter_misc":{"Written by":"admin_sfc","Est. reading time":"5 minutes"},"schema":{"@context":"https:\/\/schema.org","@graph":[{"@type":"Article","@id":"https:\/\/spainfilmcommission.com\/en\/blog\/arranca-fitur-screen-2026-la-edicion-mas-diversa-en-cuanto-a-destinos-participantes\/#article","isPartOf":{"@id":"https:\/\/spainfilmcommission.com\/en\/blog\/arranca-fitur-screen-2026-la-edicion-mas-diversa-en-cuanto-a-destinos-participantes\/"},"author":{"name":"admin_sfc","@id":"https:\/\/spainfilmcommission.com\/en\/#\/schema\/person\/2c139497e1f3f1d330424ab32ad5c19c"},"headline":"Arranca FITUR Screen 2026, la edici\u00f3n m\u00e1s diversa en cuanto a destinos participantes","datePublished":"2026-01-22T08:32:28+00:00","dateModified":"2026-01-22T08:32:46+00:00","mainEntityOfPage":{"@id":"https:\/\/spainfilmcommission.com\/en\/blog\/arranca-fitur-screen-2026-la-edicion-mas-diversa-en-cuanto-a-destinos-participantes\/"},"wordCount":1101,"publisher":{"@id":"https:\/\/spainfilmcommission.com\/en\/#organization"},"image":{"@id":"https:\/\/spainfilmcommission.com\/en\/blog\/arranca-fitur-screen-2026-la-edicion-mas-diversa-en-cuanto-a-destinos-participantes\/#primaryimage"},"thumbnailUrl":"https:\/\/spainfilmcommission.com\/wp-content\/uploads\/2026\/01\/DSC00980-scaled.jpeg","articleSection":["Noticias"],"inLanguage":"en-US"},{"@type":"WebPage","@id":"https:\/\/spainfilmcommission.com\/en\/blog\/arranca-fitur-screen-2026-la-edicion-mas-diversa-en-cuanto-a-destinos-participantes\/","url":"https:\/\/spainfilmcommission.com\/en\/blog\/arranca-fitur-screen-2026-la-edicion-mas-diversa-en-cuanto-a-destinos-participantes\/","name":"Arranca FITUR Screen 2026, la edici\u00f3n m\u00e1s diversa en cuanto a destinos participantes - Spain Film Commission","isPartOf":{"@id":"https:\/\/spainfilmcommission.com\/en\/#website"},"primaryImageOfPage":{"@id":"https:\/\/spainfilmcommission.com\/en\/blog\/arranca-fitur-screen-2026-la-edicion-mas-diversa-en-cuanto-a-destinos-participantes\/#primaryimage"},"image":{"@id":"https:\/\/spainfilmcommission.com\/en\/blog\/arranca-fitur-screen-2026-la-edicion-mas-diversa-en-cuanto-a-destinos-participantes\/#primaryimage"},"thumbnailUrl":"https:\/\/spainfilmcommission.com\/wp-content\/uploads\/2026\/01\/DSC00980-scaled.jpeg","datePublished":"2026-01-22T08:32:28+00:00","dateModified":"2026-01-22T08:32:46+00:00","description":"Spain Film Commission dio el pistoletazo de salida a la octava edici\u00f3n de FITUR Screen, organizada junto con IFEMA, que se celebrar\u00e1 hasta el viernes 23 de enero en el Pabell\u00f3n 10A15 de IFEMA Madrid. Este espacio reunir\u00e1 durante los tres d\u00edas a profesionales nacionales e internacionales del turismo, de la industria audiovisual y tambi\u00e9n a film commissions y film offices, consolid\u00e1ndose como un punto de encuentro clave para analizar tendencias, explorar oportunidades de negocio y reforzar la colaboraci\u00f3n entre destinos y el sector audiovisual.","breadcrumb":{"@id":"https:\/\/spainfilmcommission.com\/en\/blog\/arranca-fitur-screen-2026-la-edicion-mas-diversa-en-cuanto-a-destinos-participantes\/#breadcrumb"},"inLanguage":"en-US","potentialAction":[{"@type":"ReadAction","target":["https:\/\/spainfilmcommission.com\/en\/blog\/arranca-fitur-screen-2026-la-edicion-mas-diversa-en-cuanto-a-destinos-participantes\/"]}]},{"@type":"ImageObject","inLanguage":"en-US","@id":"https:\/\/spainfilmcommission.com\/en\/blog\/arranca-fitur-screen-2026-la-edicion-mas-diversa-en-cuanto-a-destinos-participantes\/#primaryimage","url":"https:\/\/spainfilmcommission.com\/wp-content\/uploads\/2026\/01\/DSC00980-scaled.jpeg","contentUrl":"https:\/\/spainfilmcommission.com\/wp-content\/uploads\/2026\/01\/DSC00980-scaled.jpeg","width":2560,"height":1707},{"@type":"BreadcrumbList","@id":"https:\/\/spainfilmcommission.com\/en\/blog\/arranca-fitur-screen-2026-la-edicion-mas-diversa-en-cuanto-a-destinos-participantes\/#breadcrumb","itemListElement":[{"@type":"ListItem","position":1,"name":"Portada","item":"https:\/\/spainfilmcommission.com\/en\/"},{"@type":"ListItem","position":2,"name":"Arranca FITUR Screen 2026, la edici\u00f3n m\u00e1s diversa en cuanto a destinos participantes"}]},{"@type":"WebSite","@id":"https:\/\/spainfilmcommission.com\/en\/#website","url":"https:\/\/spainfilmcommission.com\/en\/","name":"Spain Film Commission","description":"","publisher":{"@id":"https:\/\/spainfilmcommission.com\/en\/#organization"},"potentialAction":[{"@type":"SearchAction","target":{"@type":"EntryPoint","urlTemplate":"https:\/\/spainfilmcommission.com\/en\/?s={search_term_string}"},"query-input":{"@type":"PropertyValueSpecification","valueRequired":true,"valueName":"search_term_string"}}],"inLanguage":"en-US"},{"@type":"Organization","@id":"https:\/\/spainfilmcommission.com\/en\/#organization","name":"Spain Film Commission","url":"https:\/\/spainfilmcommission.com\/en\/","logo":{"@type":"ImageObject","inLanguage":"en-US","@id":"https:\/\/spainfilmcommission.com\/en\/#\/schema\/logo\/image\/","url":"https:\/\/spainfilmcommission.com\/wp-content\/uploads\/2024\/07\/SPC_COLOR.png","contentUrl":"https:\/\/spainfilmcommission.com\/wp-content\/uploads\/2024\/07\/SPC_COLOR.png","width":1665,"height":1665,"caption":"Spain Film Commission"},"image":{"@id":"https:\/\/spainfilmcommission.com\/en\/#\/schema\/logo\/image\/"}},{"@type":"Person","@id":"https:\/\/spainfilmcommission.com\/en\/#\/schema\/person\/2c139497e1f3f1d330424ab32ad5c19c","name":"admin_sfc","image":{"@type":"ImageObject","inLanguage":"en-US","@id":"https:\/\/secure.gravatar.com\/avatar\/f06061f8836c87bc33143decdd70d30d1212ed16ccafd73454a40dfc2a046aed?s=96&d=mm&r=g","url":"https:\/\/secure.gravatar.com\/avatar\/f06061f8836c87bc33143decdd70d30d1212ed16ccafd73454a40dfc2a046aed?s=96&d=mm&r=g","contentUrl":"https:\/\/secure.gravatar.com\/avatar\/f06061f8836c87bc33143decdd70d30d1212ed16ccafd73454a40dfc2a046aed?s=96&d=mm&r=g","caption":"admin_sfc"}}]}},"_links":{"self":[{"href":"https:\/\/spainfilmcommission.com\/en\/wp-json\/wp\/v2\/posts\/36790","targetHints":{"allow":["GET"]}}],"collection":[{"href":"https:\/\/spainfilmcommission.com\/en\/wp-json\/wp\/v2\/posts"}],"about":[{"href":"https:\/\/spainfilmcommission.com\/en\/wp-json\/wp\/v2\/types\/post"}],"author":[{"embeddable":true,"href":"https:\/\/spainfilmcommission.com\/en\/wp-json\/wp\/v2\/users\/57"}],"replies":[{"embeddable":true,"href":"https:\/\/spainfilmcommission.com\/en\/wp-json\/wp\/v2\/comments?post=36790"}],"version-history":[{"count":0,"href":"https:\/\/spainfilmcommission.com\/en\/wp-json\/wp\/v2\/posts\/36790\/revisions"}],"wp:featuredmedia":[{"embeddable":true,"href":"https:\/\/spainfilmcommission.com\/en\/wp-json\/wp\/v2\/media\/36798"}],"wp:attachment":[{"href":"https:\/\/spainfilmcommission.com\/en\/wp-json\/wp\/v2\/media?parent=36790"}],"wp:term":[{"taxonomy":"category","embeddable":true,"href":"https:\/\/spainfilmcommission.com\/en\/wp-json\/wp\/v2\/categories?post=36790"},{"taxonomy":"post_tag","embeddable":true,"href":"https:\/\/spainfilmcommission.com\/en\/wp-json\/wp\/v2\/tags?post=36790"}],"curies":[{"name":"wp","href":"https:\/\/api.w.org\/{rel}","templated":true}]}}