{"id":36755,"date":"2026-01-20T15:05:42","date_gmt":"2026-01-20T14:05:42","guid":{"rendered":"https:\/\/spainfilmcommission.com\/?p=36755"},"modified":"2026-01-20T15:20:48","modified_gmt":"2026-01-20T14:20:48","slug":"enrique-cerezo-embajador-honorario-de-spain-film-commission-en-su-25o-aniversario","status":"publish","type":"post","link":"https:\/\/spainfilmcommission.com\/en\/blog\/enrique-cerezo-embajador-honorario-de-spain-film-commission-en-su-25o-aniversario\/","title":{"rendered":"Enrique Cerezo, Embajador honorario de Spain Film Commission en su 25\u00ba aniversario"},"content":{"rendered":"\t\t<div data-elementor-type=\"wp-post\" data-elementor-id=\"36755\" class=\"elementor elementor-36755\" data-elementor-post-type=\"post\">\n\t\t\t\t<div class=\"elementor-element elementor-element-ed7af0 e-flex e-con-boxed e-con e-parent\" data-id=\"ed7af0\" data-element_type=\"container\" data-e-type=\"container\">\n\t\t\t\t\t<div class=\"e-con-inner\">\n\t\t\t\t<div class=\"elementor-element elementor-element-1b548f30 elementor-widget elementor-widget-text-editor\" data-id=\"1b548f30\" data-element_type=\"widget\" data-e-type=\"widget\" data-widget_type=\"text-editor.default\">\n\t\t\t\t<div class=\"elementor-widget-container\">\n\t\t\t\t\t\t\t\t\t<ul><li style=\"font-weight: 400;\" aria-level=\"1\"><i><span style=\"font-weight: 400;\">La organizaci\u00f3n, en coherencia con el luto oficial decretado por el tr\u00e1gico accidente ocurrido en Andaluc\u00eda, cancela la inauguraci\u00f3n de FITUR Screen y pasa al viernes su programa institucional<\/span><\/i><\/li><\/ul><ul><li style=\"font-weight: 400;\" aria-level=\"1\"><i><span style=\"font-weight: 400;\">Spain Film Commission, que cumple 25 a\u00f1os de actividad, reconoce tambi\u00e9n a Yash Raj Films, Atrece Creaciones, Romer\u00eda y a La Gran Ruta de Cine por Andaluc\u00eda, en sus premios FITUR Screen 2026<\/span><\/i><\/li><\/ul><ul><li style=\"font-weight: 400;\" aria-level=\"1\"><i><span style=\"font-weight: 400;\">Juan Manuel Guimer\u00e1ns, presidente de SFC: \u201cEstos premios reflejan la madurez del sector audiovisual espa\u00f1ol y el valor estrat\u00e9gico de la amplia red de colaboraci\u00f3n nacional e internacional que Spain Film Commission es capaz de generar\u201d<\/span><\/i><\/li><\/ul><p><b><br \/>Madrid, 20 de enero de 2026 &#8211; <\/b><a href=\"https:\/\/spainfilmcommission.com\/\"><span style=\"font-weight: 400;\">Spain Film Commission<\/span><\/a><span style=\"font-weight: 400;\">, en coherencia con el luto oficial decretado por el tr\u00e1gico accidente ocurrido en Andaluc\u00eda y en se\u00f1al de respeto y solidaridad con las v\u00edctimas y sus familias, ha decidido <\/span><b>cancelar la inauguraci\u00f3n<\/b><span style=\"font-weight: 400;\"> de FITUR Screen prevista para el mi\u00e9rcoles d\u00eda 21 y <\/span><b>celebrar\u00e1 sus actos institucionales el viernes d\u00eda 23<\/b><span style=\"font-weight: 400;\">. Asimismo, se realizar\u00e1 un <\/span><b>minuto de silencio <\/b><span style=\"font-weight: 400;\">en memoria de las v\u00edctimas el mi\u00e9rcoles d\u00eda 21 a las 10:15 horas.<\/span><\/p><p><span style=\"font-weight: 400;\">FITUR Screen, el espacio especializado que conecta la industria audiovisual y tur\u00edstica dentro de FITUR, se celebrar\u00e1 del 21 al 23 de enero de 2026 en el Pabell\u00f3n 10 de IFEMA Madrid. En este marco, la organizaci\u00f3n anuncia los galardonados de los <\/span><b>Premios Spain Film Commission 2026<\/b><span style=\"font-weight: 400;\">, unos reconocimientos que distinguen la excelencia, el impacto y la proyecci\u00f3n internacional de la industria audiovisual en Espa\u00f1a. Estos premios se entregar\u00e1n en un acto celebrado en FITUR Screen el viernes 23 a partir de las 11.15 h.<\/span><\/p><p><span style=\"font-weight: 400;\">En esta edici\u00f3n, Spain Film Commission reconoce la trayectoria profesional, la capacidad creativa y el valor estrat\u00e9gico de profesionales, proyectos y entidades que han contribuyen de manera decisiva al posicionamiento de Espa\u00f1a como uno de los grandes destinos internacionales para los rodajes y el desarrollo del audiovisual, generando a su vez, desde una actividad que apuesta por la sostenibilidad, un impulso a la promoci\u00f3n del pa\u00eds como l\u00edder mundial en turismo.<br \/><br \/><\/span><\/p><p><b><i>Embajador Spain Film Commission<\/i><\/b><\/p><p><span style=\"font-weight: 400;\">Este a\u00f1o, el galard\u00f3n recae en <\/span><b>Enrique Cerezo, presidente de EGEDA, <\/b><span style=\"font-weight: 400;\">en reconocimiento a una trayectoria excepcional vinculada al cine espa\u00f1ol, a la defensa de los derechos de los productores audiovisuales y a su firme compromiso con la preservaci\u00f3n y difusi\u00f3n del patrimonio cinematogr\u00e1fico de nuestro pa\u00eds.\u00a0<\/span><\/p><p><span style=\"font-weight: 400;\">Productor de m\u00e1s de un centenar de pel\u00edculas y figura clave del sector audiovisual desde hace d\u00e9cadas, Enrique Cerezo ha desempe\u00f1ado un papel fundamental en la modernizaci\u00f3n de la industria, la internacionalizaci\u00f3n del cine espa\u00f1ol y la puesta en valor de su legado hist\u00f3rico, contribuyendo de forma decisiva a reforzar la imagen de Espa\u00f1a como pa\u00eds de cine.<br \/><br \/><\/span><\/p><p><b><i>Premio Mejor Producci\u00f3n 2025<\/i><\/b><\/p><p><span style=\"font-weight: 400;\">El Premio Mejor Producci\u00f3n 2025, que reconoce a la producci\u00f3n audiovisual rodada en nuestro pa\u00eds que mejor utiliza las localizaciones espa\u00f1olas, se concede a <\/span><b><i>Romer\u00eda<\/i><\/b><span style=\"font-weight: 400;\">, dirigida por Carla Sim\u00f3n, una ambiciosa coproducci\u00f3n que cierra la aclamada trilog\u00eda familiar tras Estiu 1993 y Alcarr\u00e0s.\u00a0<\/span><\/p><p><span style=\"font-weight: 400;\">Rodada \u00edntegramente en la provincia de Pontevedra, con las R\u00edas Baixas como escenario principal, <\/span><i><span style=\"font-weight: 400;\">Romer\u00eda<\/span><\/i><span style=\"font-weight: 400;\"> destaca por su sensibilidad narrativa, su excelencia art\u00edstica y su capacidad para integrar el territorio en el relato cinematogr\u00e1fico. Tras su estreno mundial en el Festival de Cannes 2025, la pel\u00edcula se ha consolidado como uno de los grandes hitos recientes del cine espa\u00f1ol, con una destacada trayectoria nacional e internacional.<br \/><br \/><\/span><\/p><p><b><i>Premio Mejor Experiencia de Turismo de Pantalla 2025<\/i><\/b><\/p><p><span style=\"font-weight: 400;\">Este nuevo reconocimiento, vinculado al desarrollo por Spain Film Commission de un nuevo modelo para la creaci\u00f3n de productos tur\u00edsticos de base audiovisual en el marco del programa \u201cExperiencias de Turismo de Espa\u00f1a\u201d de la Secretar\u00eda de Estado de Turismo del Gobierno de Espa\u00f1a en el marco del Plan de Recuperaci\u00f3n, Transformaci\u00f3n y Resiliencia y los fondos Next-Generation EU, se estrena con la distinci\u00f3n a <\/span><b><i>La Gran Ruta de Cine por Andaluc\u00eda<\/i><\/b><span style=\"font-weight: 400;\">. El proyecto est\u00e1 impulsado por Andaluc\u00eda Film Commission con el apoyo de la Consejer\u00eda de Turismo de la Junta de Andaluc\u00eda que, si bien no asistir\u00e1n a esta edici\u00f3n de FITUR, la asociaci\u00f3n har\u00e1 entrega directa en Sevilla.\u00a0<\/span><\/p><p><span style=\"font-weight: 400;\">Se trata de una iniciativa pionera y plenamente consolidada que conecta el patrimonio audiovisual andaluz con su territorio real a trav\u00e9s de rutas cinematogr\u00e1ficas, mapas de cine, plataformas digitales y herramientas innovadoras como aplicaciones m\u00f3viles y contenidos geolocalizados. <\/span><i><span style=\"font-weight: 400;\">La Gran Ruta de Cine por Andaluc\u00eda<\/span><\/i><span style=\"font-weight: 400;\"> se ha convertido en un referente nacional e internacional de turismo de pantalla, contribuyendo a diversificar la oferta tur\u00edstica y a distribuir los beneficios del turismo por toda la comunidad.<br \/><br \/><\/span><\/p><p><b><i>Global Visionaries Awards<\/i><\/b><\/p><p><span style=\"font-weight: 400;\">La categor\u00eda Global Visionaries Awards es otra de las novedades de esta edici\u00f3n, en la cual Spain Film Commission reconoce a entidades que representan una visi\u00f3n innovadora y transformadora de las relaciones de cooperaci\u00f3n audiovisual internacional con Espa\u00f1a.\u00a0<\/span><\/p><p><span style=\"font-weight: 400;\">En 2026, a\u00f1o en que Espa\u00f1a e India celebran el \u201cA\u00f1o Dual de la Cultura, el Turismo y la Inteligencia Artificial\u201d, al que FITUR Screen dedica una parte relevante de su programaci\u00f3n, incluyendo una presentaci\u00f3n especial por parte del Embajador de India en Espa\u00f1a, Jayant Kobragadhe el viernes 23, a las 11.45 h., se ha elegido a dos productoras clave en las relaciones de producci\u00f3n entre Espa\u00f1a y el gigante asi\u00e1tico.\u00a0<\/span><\/p><p><span style=\"font-weight: 400;\">Por un lado, <\/span><b><i>Yash Raj Films<\/i><\/b><span style=\"font-weight: 400;\">, el estudio cinematogr\u00e1fico m\u00e1s prestigioso e influyente de la India, cuya apuesta continuada por Espa\u00f1a como plat\u00f3 internacional de escenas clave en sus grandes producciones est\u00e1 en fase de consolidaci\u00f3n despu\u00e9s de los \u00e9xitos de Pathaan y War2, a la espera del estreno mundial de Alpha. Sus rodajes en territorios como Baleares, Andaluc\u00eda, Castilla y Le\u00f3n o Castilla-La Mancha han reforzado la proyecci\u00f3n de nuestro pa\u00eds en el mercado asi\u00e1tico, atrayendo la atenci\u00f3n de otras productoras indias y han puesto en valor la eficacia de la red de film commissions espa\u00f1olas.<\/span><\/p><p><span style=\"font-weight: 400;\">Y, finalmente, se reconoce a <\/span><b>Atrece Creaciones<\/b><span style=\"font-weight: 400;\">, productora independiente fundada por Anna Saura, por su clara visi\u00f3n autoral, su proyecci\u00f3n internacional y su capacidad para impulsar proyectos innovadores que conectan culturas y territorios, incluyendo la primera coproducci\u00f3n hispano-india de la historia, \u201cMudras\u201d, pel\u00edcula que ser\u00e1 estrenada pr\u00f3ximamente, y que formar\u00e1 parte de la representaci\u00f3n espa\u00f1ola en la edici\u00f3n 2026 del IFFI (India International Film Festival) de Goa, en el mes de noviembre, en el que Espa\u00f1a ser\u00e1 pa\u00eds invitado, como recientemente ha anunciado el Ministro de Cultura espa\u00f1ol, Ernest Urtasun.<\/span><\/p>\t\t\t\t\t\t\t\t<\/div>\n\t\t\t\t<\/div>\n\t\t\t\t\t<\/div>\n\t\t\t\t<\/div>\n\t\t<div class=\"elementor-element elementor-element-234e342 e-flex e-con-boxed e-con e-parent\" data-id=\"234e342\" data-element_type=\"container\" data-e-type=\"container\">\n\t\t\t\t\t<div class=\"e-con-inner\">\n\t\t\t\t<div class=\"elementor-element elementor-element-ac9dfdc elementor-widget elementor-widget-gallery\" data-id=\"ac9dfdc\" data-element_type=\"widget\" data-e-type=\"widget\" data-settings=\"{&quot;lazyload&quot;:&quot;yes&quot;,&quot;gallery_layout&quot;:&quot;grid&quot;,&quot;columns&quot;:4,&quot;columns_tablet&quot;:2,&quot;columns_mobile&quot;:1,&quot;gap&quot;:{&quot;unit&quot;:&quot;px&quot;,&quot;size&quot;:10,&quot;sizes&quot;:[]},&quot;gap_tablet&quot;:{&quot;unit&quot;:&quot;px&quot;,&quot;size&quot;:10,&quot;sizes&quot;:[]},&quot;gap_mobile&quot;:{&quot;unit&quot;:&quot;px&quot;,&quot;size&quot;:10,&quot;sizes&quot;:[]},&quot;link_to&quot;:&quot;file&quot;,&quot;aspect_ratio&quot;:&quot;3:2&quot;,&quot;overlay_background&quot;:&quot;yes&quot;,&quot;content_hover_animation&quot;:&quot;fade-in&quot;}\" data-widget_type=\"gallery.default\">\n\t\t\t\t<div class=\"elementor-widget-container\">\n\t\t\t\t\t\t\t<div class=\"elementor-gallery__container\">\n\t\t\t\t\t\t\t<a class=\"e-gallery-item elementor-gallery-item elementor-animated-content\" href=\"https:\/\/spainfilmcommission.com\/wp-content\/uploads\/2026\/01\/FITUR-SCREEN-2026-English-3.png\" data-elementor-open-lightbox=\"yes\" data-elementor-lightbox-slideshow=\"ac9dfdc\" data-elementor-lightbox-title=\"FITUR SCREEN 2026 (English)\" data-e-action-hash=\"#elementor-action%3Aaction%3Dlightbox%26settings%3DeyJpZCI6MzY3NjIsInVybCI6Imh0dHBzOlwvXC9zcGFpbmZpbG1jb21taXNzaW9uLmNvbVwvd3AtY29udGVudFwvdXBsb2Fkc1wvMjAyNlwvMDFcL0ZJVFVSLVNDUkVFTi0yMDI2LUVuZ2xpc2gtMy5wbmciLCJzbGlkZXNob3ciOiJhYzlkZmRjIn0%3D\">\n\t\t\t\t\t<div class=\"e-gallery-image elementor-gallery-item__image\" data-thumbnail=\"https:\/\/spainfilmcommission.com\/wp-content\/uploads\/2026\/01\/FITUR-SCREEN-2026-English-3-212x300.png\" data-width=\"212\" data-height=\"300\" aria-label=\"\" role=\"img\" ><\/div>\n\t\t\t\t\t\t\t\t\t\t\t<div class=\"elementor-gallery-item__overlay\"><\/div>\n\t\t\t\t\t\t\t\t\t\t\t\t\t\t<\/a>\n\t\t\t\t\t\t\t<a class=\"e-gallery-item elementor-gallery-item elementor-animated-content\" href=\"https:\/\/spainfilmcommission.com\/wp-content\/uploads\/2026\/01\/FITUR-SCREEN-2026-Espanol-3.png\" data-elementor-open-lightbox=\"yes\" data-elementor-lightbox-slideshow=\"ac9dfdc\" data-elementor-lightbox-title=\"FITUR SCREEN 2026 (Espan\u0303ol)\" data-e-action-hash=\"#elementor-action%3Aaction%3Dlightbox%26settings%3DeyJpZCI6MzY3NjQsInVybCI6Imh0dHBzOlwvXC9zcGFpbmZpbG1jb21taXNzaW9uLmNvbVwvd3AtY29udGVudFwvdXBsb2Fkc1wvMjAyNlwvMDFcL0ZJVFVSLVNDUkVFTi0yMDI2LUVzcGFub2wtMy5wbmciLCJzbGlkZXNob3ciOiJhYzlkZmRjIn0%3D\">\n\t\t\t\t\t<div class=\"e-gallery-image elementor-gallery-item__image\" data-thumbnail=\"https:\/\/spainfilmcommission.com\/wp-content\/uploads\/2026\/01\/FITUR-SCREEN-2026-Espanol-3-212x300.png\" data-width=\"212\" data-height=\"300\" aria-label=\"\" role=\"img\" ><\/div>\n\t\t\t\t\t\t\t\t\t\t\t<div class=\"elementor-gallery-item__overlay\"><\/div>\n\t\t\t\t\t\t\t\t\t\t\t\t\t\t<\/a>\n\t\t\t\t\t<\/div>\n\t\t\t\t\t<\/div>\n\t\t\t\t<\/div>\n\t\t\t\t\t<\/div>\n\t\t\t\t<\/div>\n\t\t<div class=\"elementor-element elementor-element-54aa8ed e-flex e-con-boxed e-con e-parent\" data-id=\"54aa8ed\" data-element_type=\"container\" data-e-type=\"container\">\n\t\t\t\t\t<div class=\"e-con-inner\">\n\t\t\t\t\t<\/div>\n\t\t\t\t<\/div>\n\t\t\t\t<\/div>\n\t\t","protected":false},"excerpt":{"rendered":"<p>La organizaci\u00f3n, en coherencia con el luto oficial decretado por el tr\u00e1gico accidente ocurrido en Andaluc\u00eda, cancela la inauguraci\u00f3n de FITUR Screen y pasa al viernes su programa institucional Spain [&hellip;]<\/p>\n","protected":false},"author":57,"featured_media":36760,"comment_status":"closed","ping_status":"closed","sticky":false,"template":"","format":"standard","meta":{"footnotes":""},"categories":[38],"tags":[],"class_list":["post-36755","post","type-post","status-publish","format-standard","has-post-thumbnail","hentry","category-noticias"],"yoast_head":"<!-- This site is optimized with the Yoast SEO plugin v27.3 - https:\/\/yoast.com\/product\/yoast-seo-wordpress\/ -->\n<title>Enrique Cerezo, Embajador honorario de Spain Film Commission en su 25\u00ba aniversario - Spain Film Commission<\/title>\n<meta name=\"description\" content=\"En esta edici\u00f3n, Spain Film Commission reconoce la trayectoria profesional, la capacidad creativa y el valor estrat\u00e9gico de profesionales, proyectos y entidades que han contribuyen de manera decisiva al posicionamiento de Espa\u00f1a como uno de los grandes destinos internacionales para los rodajes y el desarrollo del audiovisual, generando a su vez, desde una actividad que apuesta por la sostenibilidad, un impulso a la promoci\u00f3n del pa\u00eds como l\u00edder mundial en turismo.\" \/>\n<meta name=\"robots\" content=\"index, follow, max-snippet:-1, max-image-preview:large, max-video-preview:-1\" \/>\n<link rel=\"canonical\" href=\"https:\/\/spainfilmcommission.com\/en\/blog\/enrique-cerezo-embajador-honorario-de-spain-film-commission-en-su-25o-aniversario\/\" \/>\n<meta property=\"og:locale\" content=\"en_US\" \/>\n<meta property=\"og:type\" content=\"article\" \/>\n<meta property=\"og:title\" content=\"Enrique Cerezo, Embajador honorario de Spain Film Commission en su 25\u00ba aniversario - Spain Film Commission\" \/>\n<meta property=\"og:description\" content=\"En esta edici\u00f3n, Spain Film Commission reconoce la trayectoria profesional, la capacidad creativa y el valor estrat\u00e9gico de profesionales, proyectos y entidades que han contribuyen de manera decisiva al posicionamiento de Espa\u00f1a como uno de los grandes destinos internacionales para los rodajes y el desarrollo del audiovisual, generando a su vez, desde una actividad que apuesta por la sostenibilidad, un impulso a la promoci\u00f3n del pa\u00eds como l\u00edder mundial en turismo.\" \/>\n<meta property=\"og:url\" content=\"https:\/\/spainfilmcommission.com\/en\/blog\/enrique-cerezo-embajador-honorario-de-spain-film-commission-en-su-25o-aniversario\/\" \/>\n<meta property=\"og:site_name\" content=\"Spain Film Commission\" \/>\n<meta property=\"article:published_time\" content=\"2026-01-20T14:05:42+00:00\" \/>\n<meta property=\"article:modified_time\" content=\"2026-01-20T14:20:48+00:00\" \/>\n<meta property=\"og:image\" content=\"https:\/\/spainfilmcommission.com\/wp-content\/uploads\/2026\/01\/Portada-NdP-1.png\" \/>\n\t<meta property=\"og:image:width\" content=\"1920\" \/>\n\t<meta property=\"og:image:height\" content=\"1080\" \/>\n\t<meta property=\"og:image:type\" content=\"image\/png\" \/>\n<meta name=\"author\" content=\"admin_sfc\" \/>\n<meta name=\"twitter:card\" content=\"summary_large_image\" \/>\n<meta name=\"twitter:label1\" content=\"Written by\" \/>\n\t<meta name=\"twitter:data1\" content=\"admin_sfc\" \/>\n\t<meta name=\"twitter:label2\" content=\"Est. reading time\" \/>\n\t<meta name=\"twitter:data2\" content=\"6 minutes\" \/>\n<script type=\"application\/ld+json\" class=\"yoast-schema-graph\">{\"@context\":\"https:\\\/\\\/schema.org\",\"@graph\":[{\"@type\":\"Article\",\"@id\":\"https:\\\/\\\/spainfilmcommission.com\\\/en\\\/blog\\\/enrique-cerezo-embajador-honorario-de-spain-film-commission-en-su-25o-aniversario\\\/#article\",\"isPartOf\":{\"@id\":\"https:\\\/\\\/spainfilmcommission.com\\\/en\\\/blog\\\/enrique-cerezo-embajador-honorario-de-spain-film-commission-en-su-25o-aniversario\\\/\"},\"author\":{\"name\":\"admin_sfc\",\"@id\":\"https:\\\/\\\/spainfilmcommission.com\\\/en\\\/#\\\/schema\\\/person\\\/2c139497e1f3f1d330424ab32ad5c19c\"},\"headline\":\"Enrique Cerezo, Embajador honorario de Spain Film Commission en su 25\u00ba aniversario\",\"datePublished\":\"2026-01-20T14:05:42+00:00\",\"dateModified\":\"2026-01-20T14:20:48+00:00\",\"mainEntityOfPage\":{\"@id\":\"https:\\\/\\\/spainfilmcommission.com\\\/en\\\/blog\\\/enrique-cerezo-embajador-honorario-de-spain-film-commission-en-su-25o-aniversario\\\/\"},\"wordCount\":1160,\"publisher\":{\"@id\":\"https:\\\/\\\/spainfilmcommission.com\\\/en\\\/#organization\"},\"image\":{\"@id\":\"https:\\\/\\\/spainfilmcommission.com\\\/en\\\/blog\\\/enrique-cerezo-embajador-honorario-de-spain-film-commission-en-su-25o-aniversario\\\/#primaryimage\"},\"thumbnailUrl\":\"https:\\\/\\\/spainfilmcommission.com\\\/wp-content\\\/uploads\\\/2026\\\/01\\\/Portada-NdP-1.png\",\"articleSection\":[\"Noticias\"],\"inLanguage\":\"en-US\"},{\"@type\":\"WebPage\",\"@id\":\"https:\\\/\\\/spainfilmcommission.com\\\/en\\\/blog\\\/enrique-cerezo-embajador-honorario-de-spain-film-commission-en-su-25o-aniversario\\\/\",\"url\":\"https:\\\/\\\/spainfilmcommission.com\\\/en\\\/blog\\\/enrique-cerezo-embajador-honorario-de-spain-film-commission-en-su-25o-aniversario\\\/\",\"name\":\"Enrique Cerezo, Embajador honorario de Spain Film Commission en su 25\u00ba aniversario - Spain Film Commission\",\"isPartOf\":{\"@id\":\"https:\\\/\\\/spainfilmcommission.com\\\/en\\\/#website\"},\"primaryImageOfPage\":{\"@id\":\"https:\\\/\\\/spainfilmcommission.com\\\/en\\\/blog\\\/enrique-cerezo-embajador-honorario-de-spain-film-commission-en-su-25o-aniversario\\\/#primaryimage\"},\"image\":{\"@id\":\"https:\\\/\\\/spainfilmcommission.com\\\/en\\\/blog\\\/enrique-cerezo-embajador-honorario-de-spain-film-commission-en-su-25o-aniversario\\\/#primaryimage\"},\"thumbnailUrl\":\"https:\\\/\\\/spainfilmcommission.com\\\/wp-content\\\/uploads\\\/2026\\\/01\\\/Portada-NdP-1.png\",\"datePublished\":\"2026-01-20T14:05:42+00:00\",\"dateModified\":\"2026-01-20T14:20:48+00:00\",\"description\":\"En esta edici\u00f3n, Spain Film Commission reconoce la trayectoria profesional, la capacidad creativa y el valor estrat\u00e9gico de profesionales, proyectos y entidades que han contribuyen de manera decisiva al posicionamiento de Espa\u00f1a como uno de los grandes destinos internacionales para los rodajes y el desarrollo del audiovisual, generando a su vez, desde una actividad que apuesta por la sostenibilidad, un impulso a la promoci\u00f3n del pa\u00eds como l\u00edder mundial en turismo.\",\"breadcrumb\":{\"@id\":\"https:\\\/\\\/spainfilmcommission.com\\\/en\\\/blog\\\/enrique-cerezo-embajador-honorario-de-spain-film-commission-en-su-25o-aniversario\\\/#breadcrumb\"},\"inLanguage\":\"en-US\",\"potentialAction\":[{\"@type\":\"ReadAction\",\"target\":[\"https:\\\/\\\/spainfilmcommission.com\\\/en\\\/blog\\\/enrique-cerezo-embajador-honorario-de-spain-film-commission-en-su-25o-aniversario\\\/\"]}]},{\"@type\":\"ImageObject\",\"inLanguage\":\"en-US\",\"@id\":\"https:\\\/\\\/spainfilmcommission.com\\\/en\\\/blog\\\/enrique-cerezo-embajador-honorario-de-spain-film-commission-en-su-25o-aniversario\\\/#primaryimage\",\"url\":\"https:\\\/\\\/spainfilmcommission.com\\\/wp-content\\\/uploads\\\/2026\\\/01\\\/Portada-NdP-1.png\",\"contentUrl\":\"https:\\\/\\\/spainfilmcommission.com\\\/wp-content\\\/uploads\\\/2026\\\/01\\\/Portada-NdP-1.png\",\"width\":1920,\"height\":1080},{\"@type\":\"BreadcrumbList\",\"@id\":\"https:\\\/\\\/spainfilmcommission.com\\\/en\\\/blog\\\/enrique-cerezo-embajador-honorario-de-spain-film-commission-en-su-25o-aniversario\\\/#breadcrumb\",\"itemListElement\":[{\"@type\":\"ListItem\",\"position\":1,\"name\":\"Portada\",\"item\":\"https:\\\/\\\/spainfilmcommission.com\\\/en\\\/\"},{\"@type\":\"ListItem\",\"position\":2,\"name\":\"Enrique Cerezo, Embajador honorario de Spain Film Commission en su 25\u00ba aniversario\"}]},{\"@type\":\"WebSite\",\"@id\":\"https:\\\/\\\/spainfilmcommission.com\\\/en\\\/#website\",\"url\":\"https:\\\/\\\/spainfilmcommission.com\\\/en\\\/\",\"name\":\"Spain Film Commission\",\"description\":\"\",\"publisher\":{\"@id\":\"https:\\\/\\\/spainfilmcommission.com\\\/en\\\/#organization\"},\"potentialAction\":[{\"@type\":\"SearchAction\",\"target\":{\"@type\":\"EntryPoint\",\"urlTemplate\":\"https:\\\/\\\/spainfilmcommission.com\\\/en\\\/?s={search_term_string}\"},\"query-input\":{\"@type\":\"PropertyValueSpecification\",\"valueRequired\":true,\"valueName\":\"search_term_string\"}}],\"inLanguage\":\"en-US\"},{\"@type\":\"Organization\",\"@id\":\"https:\\\/\\\/spainfilmcommission.com\\\/en\\\/#organization\",\"name\":\"Spain Film Commission\",\"url\":\"https:\\\/\\\/spainfilmcommission.com\\\/en\\\/\",\"logo\":{\"@type\":\"ImageObject\",\"inLanguage\":\"en-US\",\"@id\":\"https:\\\/\\\/spainfilmcommission.com\\\/en\\\/#\\\/schema\\\/logo\\\/image\\\/\",\"url\":\"https:\\\/\\\/spainfilmcommission.com\\\/wp-content\\\/uploads\\\/2024\\\/07\\\/SPC_COLOR.png\",\"contentUrl\":\"https:\\\/\\\/spainfilmcommission.com\\\/wp-content\\\/uploads\\\/2024\\\/07\\\/SPC_COLOR.png\",\"width\":1665,\"height\":1665,\"caption\":\"Spain Film Commission\"},\"image\":{\"@id\":\"https:\\\/\\\/spainfilmcommission.com\\\/en\\\/#\\\/schema\\\/logo\\\/image\\\/\"}},{\"@type\":\"Person\",\"@id\":\"https:\\\/\\\/spainfilmcommission.com\\\/en\\\/#\\\/schema\\\/person\\\/2c139497e1f3f1d330424ab32ad5c19c\",\"name\":\"admin_sfc\",\"image\":{\"@type\":\"ImageObject\",\"inLanguage\":\"en-US\",\"@id\":\"https:\\\/\\\/secure.gravatar.com\\\/avatar\\\/f06061f8836c87bc33143decdd70d30d1212ed16ccafd73454a40dfc2a046aed?s=96&d=mm&r=g\",\"url\":\"https:\\\/\\\/secure.gravatar.com\\\/avatar\\\/f06061f8836c87bc33143decdd70d30d1212ed16ccafd73454a40dfc2a046aed?s=96&d=mm&r=g\",\"contentUrl\":\"https:\\\/\\\/secure.gravatar.com\\\/avatar\\\/f06061f8836c87bc33143decdd70d30d1212ed16ccafd73454a40dfc2a046aed?s=96&d=mm&r=g\",\"caption\":\"admin_sfc\"}}]}<\/script>\n<!-- \/ Yoast SEO plugin. -->","yoast_head_json":{"title":"Enrique Cerezo, Embajador honorario de Spain Film Commission en su 25\u00ba aniversario - Spain Film Commission","description":"En esta edici\u00f3n, Spain Film Commission reconoce la trayectoria profesional, la capacidad creativa y el valor estrat\u00e9gico de profesionales, proyectos y entidades que han contribuyen de manera decisiva al posicionamiento de Espa\u00f1a como uno de los grandes destinos internacionales para los rodajes y el desarrollo del audiovisual, generando a su vez, desde una actividad que apuesta por la sostenibilidad, un impulso a la promoci\u00f3n del pa\u00eds como l\u00edder mundial en turismo.","robots":{"index":"index","follow":"follow","max-snippet":"max-snippet:-1","max-image-preview":"max-image-preview:large","max-video-preview":"max-video-preview:-1"},"canonical":"https:\/\/spainfilmcommission.com\/en\/blog\/enrique-cerezo-embajador-honorario-de-spain-film-commission-en-su-25o-aniversario\/","og_locale":"en_US","og_type":"article","og_title":"Enrique Cerezo, Embajador honorario de Spain Film Commission en su 25\u00ba aniversario - Spain Film Commission","og_description":"En esta edici\u00f3n, Spain Film Commission reconoce la trayectoria profesional, la capacidad creativa y el valor estrat\u00e9gico de profesionales, proyectos y entidades que han contribuyen de manera decisiva al posicionamiento de Espa\u00f1a como uno de los grandes destinos internacionales para los rodajes y el desarrollo del audiovisual, generando a su vez, desde una actividad que apuesta por la sostenibilidad, un impulso a la promoci\u00f3n del pa\u00eds como l\u00edder mundial en turismo.","og_url":"https:\/\/spainfilmcommission.com\/en\/blog\/enrique-cerezo-embajador-honorario-de-spain-film-commission-en-su-25o-aniversario\/","og_site_name":"Spain Film Commission","article_published_time":"2026-01-20T14:05:42+00:00","article_modified_time":"2026-01-20T14:20:48+00:00","og_image":[{"width":1920,"height":1080,"url":"https:\/\/spainfilmcommission.com\/wp-content\/uploads\/2026\/01\/Portada-NdP-1.png","type":"image\/png"}],"author":"admin_sfc","twitter_card":"summary_large_image","twitter_misc":{"Written by":"admin_sfc","Est. reading time":"6 minutes"},"schema":{"@context":"https:\/\/schema.org","@graph":[{"@type":"Article","@id":"https:\/\/spainfilmcommission.com\/en\/blog\/enrique-cerezo-embajador-honorario-de-spain-film-commission-en-su-25o-aniversario\/#article","isPartOf":{"@id":"https:\/\/spainfilmcommission.com\/en\/blog\/enrique-cerezo-embajador-honorario-de-spain-film-commission-en-su-25o-aniversario\/"},"author":{"name":"admin_sfc","@id":"https:\/\/spainfilmcommission.com\/en\/#\/schema\/person\/2c139497e1f3f1d330424ab32ad5c19c"},"headline":"Enrique Cerezo, Embajador honorario de Spain Film Commission en su 25\u00ba aniversario","datePublished":"2026-01-20T14:05:42+00:00","dateModified":"2026-01-20T14:20:48+00:00","mainEntityOfPage":{"@id":"https:\/\/spainfilmcommission.com\/en\/blog\/enrique-cerezo-embajador-honorario-de-spain-film-commission-en-su-25o-aniversario\/"},"wordCount":1160,"publisher":{"@id":"https:\/\/spainfilmcommission.com\/en\/#organization"},"image":{"@id":"https:\/\/spainfilmcommission.com\/en\/blog\/enrique-cerezo-embajador-honorario-de-spain-film-commission-en-su-25o-aniversario\/#primaryimage"},"thumbnailUrl":"https:\/\/spainfilmcommission.com\/wp-content\/uploads\/2026\/01\/Portada-NdP-1.png","articleSection":["Noticias"],"inLanguage":"en-US"},{"@type":"WebPage","@id":"https:\/\/spainfilmcommission.com\/en\/blog\/enrique-cerezo-embajador-honorario-de-spain-film-commission-en-su-25o-aniversario\/","url":"https:\/\/spainfilmcommission.com\/en\/blog\/enrique-cerezo-embajador-honorario-de-spain-film-commission-en-su-25o-aniversario\/","name":"Enrique Cerezo, Embajador honorario de Spain Film Commission en su 25\u00ba aniversario - Spain Film Commission","isPartOf":{"@id":"https:\/\/spainfilmcommission.com\/en\/#website"},"primaryImageOfPage":{"@id":"https:\/\/spainfilmcommission.com\/en\/blog\/enrique-cerezo-embajador-honorario-de-spain-film-commission-en-su-25o-aniversario\/#primaryimage"},"image":{"@id":"https:\/\/spainfilmcommission.com\/en\/blog\/enrique-cerezo-embajador-honorario-de-spain-film-commission-en-su-25o-aniversario\/#primaryimage"},"thumbnailUrl":"https:\/\/spainfilmcommission.com\/wp-content\/uploads\/2026\/01\/Portada-NdP-1.png","datePublished":"2026-01-20T14:05:42+00:00","dateModified":"2026-01-20T14:20:48+00:00","description":"En esta edici\u00f3n, Spain Film Commission reconoce la trayectoria profesional, la capacidad creativa y el valor estrat\u00e9gico de profesionales, proyectos y entidades que han contribuyen de manera decisiva al posicionamiento de Espa\u00f1a como uno de los grandes destinos internacionales para los rodajes y el desarrollo del audiovisual, generando a su vez, desde una actividad que apuesta por la sostenibilidad, un impulso a la promoci\u00f3n del pa\u00eds como l\u00edder mundial en turismo.","breadcrumb":{"@id":"https:\/\/spainfilmcommission.com\/en\/blog\/enrique-cerezo-embajador-honorario-de-spain-film-commission-en-su-25o-aniversario\/#breadcrumb"},"inLanguage":"en-US","potentialAction":[{"@type":"ReadAction","target":["https:\/\/spainfilmcommission.com\/en\/blog\/enrique-cerezo-embajador-honorario-de-spain-film-commission-en-su-25o-aniversario\/"]}]},{"@type":"ImageObject","inLanguage":"en-US","@id":"https:\/\/spainfilmcommission.com\/en\/blog\/enrique-cerezo-embajador-honorario-de-spain-film-commission-en-su-25o-aniversario\/#primaryimage","url":"https:\/\/spainfilmcommission.com\/wp-content\/uploads\/2026\/01\/Portada-NdP-1.png","contentUrl":"https:\/\/spainfilmcommission.com\/wp-content\/uploads\/2026\/01\/Portada-NdP-1.png","width":1920,"height":1080},{"@type":"BreadcrumbList","@id":"https:\/\/spainfilmcommission.com\/en\/blog\/enrique-cerezo-embajador-honorario-de-spain-film-commission-en-su-25o-aniversario\/#breadcrumb","itemListElement":[{"@type":"ListItem","position":1,"name":"Portada","item":"https:\/\/spainfilmcommission.com\/en\/"},{"@type":"ListItem","position":2,"name":"Enrique Cerezo, Embajador honorario de Spain Film Commission en su 25\u00ba aniversario"}]},{"@type":"WebSite","@id":"https:\/\/spainfilmcommission.com\/en\/#website","url":"https:\/\/spainfilmcommission.com\/en\/","name":"Spain Film Commission","description":"","publisher":{"@id":"https:\/\/spainfilmcommission.com\/en\/#organization"},"potentialAction":[{"@type":"SearchAction","target":{"@type":"EntryPoint","urlTemplate":"https:\/\/spainfilmcommission.com\/en\/?s={search_term_string}"},"query-input":{"@type":"PropertyValueSpecification","valueRequired":true,"valueName":"search_term_string"}}],"inLanguage":"en-US"},{"@type":"Organization","@id":"https:\/\/spainfilmcommission.com\/en\/#organization","name":"Spain Film Commission","url":"https:\/\/spainfilmcommission.com\/en\/","logo":{"@type":"ImageObject","inLanguage":"en-US","@id":"https:\/\/spainfilmcommission.com\/en\/#\/schema\/logo\/image\/","url":"https:\/\/spainfilmcommission.com\/wp-content\/uploads\/2024\/07\/SPC_COLOR.png","contentUrl":"https:\/\/spainfilmcommission.com\/wp-content\/uploads\/2024\/07\/SPC_COLOR.png","width":1665,"height":1665,"caption":"Spain Film Commission"},"image":{"@id":"https:\/\/spainfilmcommission.com\/en\/#\/schema\/logo\/image\/"}},{"@type":"Person","@id":"https:\/\/spainfilmcommission.com\/en\/#\/schema\/person\/2c139497e1f3f1d330424ab32ad5c19c","name":"admin_sfc","image":{"@type":"ImageObject","inLanguage":"en-US","@id":"https:\/\/secure.gravatar.com\/avatar\/f06061f8836c87bc33143decdd70d30d1212ed16ccafd73454a40dfc2a046aed?s=96&d=mm&r=g","url":"https:\/\/secure.gravatar.com\/avatar\/f06061f8836c87bc33143decdd70d30d1212ed16ccafd73454a40dfc2a046aed?s=96&d=mm&r=g","contentUrl":"https:\/\/secure.gravatar.com\/avatar\/f06061f8836c87bc33143decdd70d30d1212ed16ccafd73454a40dfc2a046aed?s=96&d=mm&r=g","caption":"admin_sfc"}}]}},"_links":{"self":[{"href":"https:\/\/spainfilmcommission.com\/en\/wp-json\/wp\/v2\/posts\/36755","targetHints":{"allow":["GET"]}}],"collection":[{"href":"https:\/\/spainfilmcommission.com\/en\/wp-json\/wp\/v2\/posts"}],"about":[{"href":"https:\/\/spainfilmcommission.com\/en\/wp-json\/wp\/v2\/types\/post"}],"author":[{"embeddable":true,"href":"https:\/\/spainfilmcommission.com\/en\/wp-json\/wp\/v2\/users\/57"}],"replies":[{"embeddable":true,"href":"https:\/\/spainfilmcommission.com\/en\/wp-json\/wp\/v2\/comments?post=36755"}],"version-history":[{"count":0,"href":"https:\/\/spainfilmcommission.com\/en\/wp-json\/wp\/v2\/posts\/36755\/revisions"}],"wp:featuredmedia":[{"embeddable":true,"href":"https:\/\/spainfilmcommission.com\/en\/wp-json\/wp\/v2\/media\/36760"}],"wp:attachment":[{"href":"https:\/\/spainfilmcommission.com\/en\/wp-json\/wp\/v2\/media?parent=36755"}],"wp:term":[{"taxonomy":"category","embeddable":true,"href":"https:\/\/spainfilmcommission.com\/en\/wp-json\/wp\/v2\/categories?post=36755"},{"taxonomy":"post_tag","embeddable":true,"href":"https:\/\/spainfilmcommission.com\/en\/wp-json\/wp\/v2\/tags?post=36755"}],"curies":[{"name":"wp","href":"https:\/\/api.w.org\/{rel}","templated":true}]}}