{"id":36502,"date":"2025-11-19T13:09:33","date_gmt":"2025-11-19T12:09:33","guid":{"rendered":"https:\/\/spainfilmcommission.com\/?p=36502"},"modified":"2025-12-10T10:54:57","modified_gmt":"2025-12-10T09:54:57","slug":"spain-film-commission-celebra-en-madrid-su-segunda-asamblea-anual-de-socios","status":"publish","type":"post","link":"https:\/\/spainfilmcommission.com\/en\/blog\/spain-film-commission-celebra-en-madrid-su-segunda-asamblea-anual-de-socios\/","title":{"rendered":"Spain Film Commission celebra en Madrid su segunda Asamblea anual de socios"},"content":{"rendered":"\t\t<div data-elementor-type=\"wp-post\" data-elementor-id=\"36502\" class=\"elementor elementor-36502\" data-elementor-post-type=\"post\">\n\t\t\t\t<div class=\"elementor-element elementor-element-ed7af0 e-flex e-con-boxed e-con e-parent\" data-id=\"ed7af0\" data-element_type=\"container\" data-e-type=\"container\">\n\t\t\t\t\t<div class=\"e-con-inner\">\n\t\t\t\t<div class=\"elementor-element elementor-element-1b548f30 elementor-widget elementor-widget-text-editor\" data-id=\"1b548f30\" data-element_type=\"widget\" data-e-type=\"widget\" data-widget_type=\"text-editor.default\">\n\t\t\t\t<div class=\"elementor-widget-container\">\n\t\t\t\t\t\t\t\t\t<ul>\n<li style=\"font-weight: 400;\" aria-level=\"1\"><i><span style=\"font-weight: 400;\">La red nacional de film commissions y film offices se reuni\u00f3 los d\u00edas 17 y 18 de noviembre en la capital para definir estrategias, aprobar planes y presentar nuevas iniciativas de cara a 2026<\/span><\/i><\/li>\n<li style=\"font-weight: 400;\" aria-level=\"1\"><i><span style=\"font-weight: 400;\">Asistieron 26 socios de todo el territorio espa\u00f1ol, comprometidos con fortalecer la industria de los rodajes en cada una de sus localidades<\/span><\/i><\/li>\n<\/ul>\n<p><b>Madrid, 19 de noviembre de 2025.<\/b><span style=\"font-weight: 400;\"> &#8211; La red de Spain Film Commission, compuesta actualmente por 48 socios, <\/span><i><span style=\"font-weight: 400;\">film commissions<\/span><\/i><span style=\"font-weight: 400;\"> y <\/span><i><span style=\"font-weight: 400;\">film offices <\/span><\/i><span style=\"font-weight: 400;\">de toda Espa\u00f1a, celebr\u00f3 en Madrid su segunda Asamblea anual. Durante dos intensas jornadas, celebradas los d\u00edas 17 y 18 de noviembre en la sede de Film Madrid Region, se definieron l\u00edneas estrat\u00e9gicas fundamentales para la promoci\u00f3n de Espa\u00f1a como destino de rodajes, se fortalecieron lazos entre los socios y se present\u00f3 oficialmente el plan enmarcado en la nueva ayuda estatal recibida por parte de la Secretar\u00eda de Estado de Digitalizaci\u00f3n e Inteligencia Artificial. Este plan tiene como objetivo visibilizar el valor de la actividad audiovisual en Espa\u00f1a, apoyar la producci\u00f3n nacional y atraer la inversi\u00f3n extranjera al conjunto de&nbsp; territorios.<\/span><\/p>\n<p><span style=\"font-weight: 400;\">El programa de la Asamblea, organizado por la Junta Directiva de Spain Film Commission, comenz\u00f3 con una bienvenida oficial en la que particip\u00f3 el <\/span><b>Consejero de Cultura, Turismo y Deporte de la Comunidad de Madrid, Mariano de Paco<\/b><span style=\"font-weight: 400;\">, quien destac\u00f3 la relevancia del sector audiovisual para el desarrollo territorial y la competitividad cultural del pa\u00eds y abog\u00f3 por la colaboraci\u00f3n de las administraciones con la industria.<\/span><\/p>\n<p><span style=\"font-weight: 400;\">Otro punto destacado de la jornada fue la sesi\u00f3n impartida por <\/span><b>Clara Ruip\u00e9rez de Azc\u00e1rate, Directora de Propiedad Intelectual del Grupo Telef\u00f3nica<\/b><span style=\"font-weight: 400;\">, miembro del Comit\u00e9 de Direcci\u00f3n y del Consejo de Administraci\u00f3n de Movistar+, adem\u00e1s de parte del Consejo de Patronos de Spain Film Commission. Bajo el t\u00edtulo \u201cEl alcance internacional del audiovisual creado en Espa\u00f1a\u201d, Ruip\u00e9rez analiz\u00f3 el impacto global de los contenidos nacionales, las oportunidades de expansi\u00f3n y el papel de las alianzas estrat\u00e9gicas para aumentar la visibilidad exterior de las producciones espa\u00f1olas.<\/span><\/p>\n<p><span style=\"font-weight: 400;\">La jornada concluy\u00f3 con un <\/span><b>c\u00f3ctel ofrecido por Madrid Film Region<\/b><span style=\"font-weight: 400;\">, que sirvi\u00f3 como punto de encuentro informal para estrechar la colaboraci\u00f3n entre los socios.<\/span><\/p>\n<p><span style=\"font-weight: 400;\">&#8220;Es crucial que nuestros socios se re\u00fanan de manera presencial en este tipo de encuentros, ya que solo a trav\u00e9s del contacto directo podemos fortalecer los lazos entre todos nosotros. Estas jornadas permiten no solo la reflexi\u00f3n y definici\u00f3n de estrategias, sino tambi\u00e9n un espacio para el intercambio de ideas y la colaboraci\u00f3n. La intensa actividad que desarrollamos desde la organizaci\u00f3n requiere de la implicaci\u00f3n activa de todos los socios, y estar f\u00edsicamente presentes facilita un mayor compromiso y coordinaci\u00f3n para continuar promoviendo Espa\u00f1a como un destino de rodajes de referencia&#8221;, explica <\/span><b>Juan Manuel Guimer\u00e1ns, presidente de Spain Film Commission.<\/b><\/p>\n<p><span style=\"font-weight: 400;\">En esta cita anual, la red reafirm\u00f3 su compromiso con el desarrollo de la industria audiovisual, la atracci\u00f3n de rodajes y la elecci\u00f3n de Espa\u00f1a como destino de referencia, y trabaj\u00f3 en su plan estrat\u00e9gico para el a\u00f1o 2026.<\/span><\/p>\t\t\t\t\t\t\t\t<\/div>\n\t\t\t\t<\/div>\n\t\t\t\t\t<\/div>\n\t\t\t\t<\/div>\n\t\t<div class=\"elementor-element elementor-element-234e342 e-flex e-con-boxed e-con e-parent\" data-id=\"234e342\" data-element_type=\"container\" data-e-type=\"container\">\n\t\t\t\t\t<div class=\"e-con-inner\">\n\t\t\t\t<div class=\"elementor-element elementor-element-ac9dfdc elementor-widget elementor-widget-gallery\" data-id=\"ac9dfdc\" data-element_type=\"widget\" data-e-type=\"widget\" data-settings=\"{&quot;lazyload&quot;:&quot;yes&quot;,&quot;gallery_layout&quot;:&quot;grid&quot;,&quot;columns&quot;:4,&quot;columns_tablet&quot;:2,&quot;columns_mobile&quot;:1,&quot;gap&quot;:{&quot;unit&quot;:&quot;px&quot;,&quot;size&quot;:10,&quot;sizes&quot;:[]},&quot;gap_tablet&quot;:{&quot;unit&quot;:&quot;px&quot;,&quot;size&quot;:10,&quot;sizes&quot;:[]},&quot;gap_mobile&quot;:{&quot;unit&quot;:&quot;px&quot;,&quot;size&quot;:10,&quot;sizes&quot;:[]},&quot;link_to&quot;:&quot;file&quot;,&quot;aspect_ratio&quot;:&quot;3:2&quot;,&quot;overlay_background&quot;:&quot;yes&quot;,&quot;content_hover_animation&quot;:&quot;fade-in&quot;}\" data-widget_type=\"gallery.default\">\n\t\t\t\t<div class=\"elementor-widget-container\">\n\t\t\t\t\t\t\t<div class=\"elementor-gallery__container\">\n\t\t\t\t\t\t\t<a class=\"e-gallery-item elementor-gallery-item elementor-animated-content\" href=\"https:\/\/spainfilmcommission.com\/wp-content\/uploads\/2025\/11\/Asamblea-SFC-2-scaled.png\" data-elementor-open-lightbox=\"yes\" data-elementor-lightbox-slideshow=\"ac9dfdc\" data-elementor-lightbox-title=\"Asamblea SFC 2\" data-e-action-hash=\"#elementor-action%3Aaction%3Dlightbox%26settings%3DeyJpZCI6MzY1MDYsInVybCI6Imh0dHBzOlwvXC9zcGFpbmZpbG1jb21taXNzaW9uLmNvbVwvd3AtY29udGVudFwvdXBsb2Fkc1wvMjAyNVwvMTFcL0FzYW1ibGVhLVNGQy0yLXNjYWxlZC5wbmciLCJzbGlkZXNob3ciOiJhYzlkZmRjIn0%3D\">\n\t\t\t\t\t<div class=\"e-gallery-image elementor-gallery-item__image\" data-thumbnail=\"https:\/\/spainfilmcommission.com\/wp-content\/uploads\/2025\/11\/Asamblea-SFC-2-225x300.png\" data-width=\"225\" data-height=\"300\" aria-label=\"\" role=\"img\" ><\/div>\n\t\t\t\t\t\t\t\t\t\t\t<div class=\"elementor-gallery-item__overlay\"><\/div>\n\t\t\t\t\t\t\t\t\t\t\t\t\t\t<\/a>\n\t\t\t\t\t\t\t<a class=\"e-gallery-item elementor-gallery-item elementor-animated-content\" href=\"https:\/\/spainfilmcommission.com\/wp-content\/uploads\/2025\/11\/Asamblea-SFC-3.jpg\" data-elementor-open-lightbox=\"yes\" data-elementor-lightbox-slideshow=\"ac9dfdc\" data-elementor-lightbox-title=\"Asamblea SFC 3\" data-e-action-hash=\"#elementor-action%3Aaction%3Dlightbox%26settings%3DeyJpZCI6MzY1MDgsInVybCI6Imh0dHBzOlwvXC9zcGFpbmZpbG1jb21taXNzaW9uLmNvbVwvd3AtY29udGVudFwvdXBsb2Fkc1wvMjAyNVwvMTFcL0FzYW1ibGVhLVNGQy0zLmpwZyIsInNsaWRlc2hvdyI6ImFjOWRmZGMifQ%3D%3D\">\n\t\t\t\t\t<div class=\"e-gallery-image elementor-gallery-item__image\" data-thumbnail=\"https:\/\/spainfilmcommission.com\/wp-content\/uploads\/2025\/11\/Asamblea-SFC-3-225x300.jpg\" data-width=\"225\" data-height=\"300\" aria-label=\"\" role=\"img\" ><\/div>\n\t\t\t\t\t\t\t\t\t\t\t<div class=\"elementor-gallery-item__overlay\"><\/div>\n\t\t\t\t\t\t\t\t\t\t\t\t\t\t<\/a>\n\t\t\t\t\t\t\t<a class=\"e-gallery-item elementor-gallery-item elementor-animated-content\" href=\"https:\/\/spainfilmcommission.com\/wp-content\/uploads\/2025\/11\/Asamblea-SFC-1-scaled.png\" data-elementor-open-lightbox=\"yes\" data-elementor-lightbox-slideshow=\"ac9dfdc\" data-elementor-lightbox-title=\"Asamblea SFC 1\" data-e-action-hash=\"#elementor-action%3Aaction%3Dlightbox%26settings%3DeyJpZCI6MzY1MDMsInVybCI6Imh0dHBzOlwvXC9zcGFpbmZpbG1jb21taXNzaW9uLmNvbVwvd3AtY29udGVudFwvdXBsb2Fkc1wvMjAyNVwvMTFcL0FzYW1ibGVhLVNGQy0xLXNjYWxlZC5wbmciLCJzbGlkZXNob3ciOiJhYzlkZmRjIn0%3D\">\n\t\t\t\t\t<div class=\"e-gallery-image elementor-gallery-item__image\" data-thumbnail=\"https:\/\/spainfilmcommission.com\/wp-content\/uploads\/2025\/11\/Asamblea-SFC-1-300x152.png\" data-width=\"300\" data-height=\"152\" aria-label=\"\" role=\"img\" ><\/div>\n\t\t\t\t\t\t\t\t\t\t\t<div class=\"elementor-gallery-item__overlay\"><\/div>\n\t\t\t\t\t\t\t\t\t\t\t\t\t\t<\/a>\n\t\t\t\t\t<\/div>\n\t\t\t\t\t<\/div>\n\t\t\t\t<\/div>\n\t\t\t\t\t<\/div>\n\t\t\t\t<\/div>\n\t\t<div class=\"elementor-element elementor-element-54aa8ed e-flex e-con-boxed e-con e-parent\" data-id=\"54aa8ed\" data-element_type=\"container\" data-e-type=\"container\">\n\t\t\t\t\t<div class=\"e-con-inner\">\n\t\t\t\t\t<\/div>\n\t\t\t\t<\/div>\n\t\t\t\t<\/div>\n\t\t","protected":false},"excerpt":{"rendered":"<p>La red nacional de film commissions y film offices se reuni\u00f3 los d\u00edas 17 y 18 de noviembre en la capital para definir estrategias, aprobar planes y presentar nuevas iniciativas [&hellip;]<\/p>\n","protected":false},"author":57,"featured_media":36503,"comment_status":"closed","ping_status":"closed","sticky":false,"template":"","format":"standard","meta":{"footnotes":""},"categories":[38],"tags":[],"class_list":["post-36502","post","type-post","status-publish","format-standard","has-post-thumbnail","hentry","category-noticias"],"yoast_head":"<!-- This site is optimized with the Yoast SEO plugin v27.3 - https:\/\/yoast.com\/product\/yoast-seo-wordpress\/ -->\n<title>Spain Film Commission celebra en Madrid su segunda Asamblea anual de socios - Spain Film Commission<\/title>\n<meta name=\"description\" content=\"La red de Spain Film Commission, compuesta actualmente por 48 socios, film commissions y film offices de toda Espa\u00f1a, celebr\u00f3 en Madrid su segunda Asamblea anual. Durante dos intensas jornadas, celebradas los d\u00edas 17 y 18 de noviembre en la sede de Film Madrid Region, se definieron l\u00edneas estrat\u00e9gicas fundamentales para la promoci\u00f3n de Espa\u00f1a como destino de rodajes, se fortalecieron lazos entre los socios y se present\u00f3 oficialmente el plan enmarcado en la nueva ayuda estatal recibida por parte de la Secretar\u00eda de Estado de Digitalizaci\u00f3n e Inteligencia Artificial. Este plan tiene como objetivo visibilizar el valor de la actividad audiovisual en Espa\u00f1a, apoyar la producci\u00f3n nacional y atraer la inversi\u00f3n extranjera al conjunto de territorios.\" \/>\n<meta name=\"robots\" content=\"index, follow, max-snippet:-1, max-image-preview:large, max-video-preview:-1\" \/>\n<link rel=\"canonical\" href=\"https:\/\/spainfilmcommission.com\/en\/blog\/spain-film-commission-celebra-en-madrid-su-segunda-asamblea-anual-de-socios\/\" \/>\n<meta property=\"og:locale\" content=\"en_US\" \/>\n<meta property=\"og:type\" content=\"article\" \/>\n<meta property=\"og:title\" content=\"Spain Film Commission celebra en Madrid su segunda Asamblea anual de socios - Spain Film Commission\" \/>\n<meta property=\"og:description\" content=\"La red de Spain Film Commission, compuesta actualmente por 48 socios, film commissions y film offices de toda Espa\u00f1a, celebr\u00f3 en Madrid su segunda Asamblea anual. Durante dos intensas jornadas, celebradas los d\u00edas 17 y 18 de noviembre en la sede de Film Madrid Region, se definieron l\u00edneas estrat\u00e9gicas fundamentales para la promoci\u00f3n de Espa\u00f1a como destino de rodajes, se fortalecieron lazos entre los socios y se present\u00f3 oficialmente el plan enmarcado en la nueva ayuda estatal recibida por parte de la Secretar\u00eda de Estado de Digitalizaci\u00f3n e Inteligencia Artificial. Este plan tiene como objetivo visibilizar el valor de la actividad audiovisual en Espa\u00f1a, apoyar la producci\u00f3n nacional y atraer la inversi\u00f3n extranjera al conjunto de territorios.\" \/>\n<meta property=\"og:url\" content=\"https:\/\/spainfilmcommission.com\/en\/blog\/spain-film-commission-celebra-en-madrid-su-segunda-asamblea-anual-de-socios\/\" \/>\n<meta property=\"og:site_name\" content=\"Spain Film Commission\" \/>\n<meta property=\"article:published_time\" content=\"2025-11-19T12:09:33+00:00\" \/>\n<meta property=\"article:modified_time\" content=\"2025-12-10T09:54:57+00:00\" \/>\n<meta property=\"og:image\" content=\"https:\/\/spainfilmcommission.com\/wp-content\/uploads\/2025\/11\/Asamblea-SFC-1-1024x518.png\" \/>\n\t<meta property=\"og:image:width\" content=\"1024\" \/>\n\t<meta property=\"og:image:height\" content=\"518\" \/>\n\t<meta property=\"og:image:type\" content=\"image\/png\" \/>\n<meta name=\"author\" content=\"admin_sfc\" \/>\n<meta name=\"twitter:card\" content=\"summary_large_image\" \/>\n<meta name=\"twitter:label1\" content=\"Written by\" \/>\n\t<meta name=\"twitter:data1\" content=\"admin_sfc\" \/>\n\t<meta name=\"twitter:label2\" content=\"Est. reading time\" \/>\n\t<meta name=\"twitter:data2\" content=\"3 minutes\" \/>\n<script type=\"application\/ld+json\" class=\"yoast-schema-graph\">{\"@context\":\"https:\\\/\\\/schema.org\",\"@graph\":[{\"@type\":\"Article\",\"@id\":\"https:\\\/\\\/spainfilmcommission.com\\\/en\\\/blog\\\/spain-film-commission-celebra-en-madrid-su-segunda-asamblea-anual-de-socios\\\/#article\",\"isPartOf\":{\"@id\":\"https:\\\/\\\/spainfilmcommission.com\\\/en\\\/blog\\\/spain-film-commission-celebra-en-madrid-su-segunda-asamblea-anual-de-socios\\\/\"},\"author\":{\"name\":\"admin_sfc\",\"@id\":\"https:\\\/\\\/spainfilmcommission.com\\\/en\\\/#\\\/schema\\\/person\\\/2c139497e1f3f1d330424ab32ad5c19c\"},\"headline\":\"Spain Film Commission celebra en Madrid su segunda Asamblea anual de socios\",\"datePublished\":\"2025-11-19T12:09:33+00:00\",\"dateModified\":\"2025-12-10T09:54:57+00:00\",\"mainEntityOfPage\":{\"@id\":\"https:\\\/\\\/spainfilmcommission.com\\\/en\\\/blog\\\/spain-film-commission-celebra-en-madrid-su-segunda-asamblea-anual-de-socios\\\/\"},\"wordCount\":545,\"publisher\":{\"@id\":\"https:\\\/\\\/spainfilmcommission.com\\\/en\\\/#organization\"},\"image\":{\"@id\":\"https:\\\/\\\/spainfilmcommission.com\\\/en\\\/blog\\\/spain-film-commission-celebra-en-madrid-su-segunda-asamblea-anual-de-socios\\\/#primaryimage\"},\"thumbnailUrl\":\"https:\\\/\\\/spainfilmcommission.com\\\/wp-content\\\/uploads\\\/2025\\\/11\\\/Asamblea-SFC-1-scaled.png\",\"articleSection\":[\"Noticias\"],\"inLanguage\":\"en-US\"},{\"@type\":\"WebPage\",\"@id\":\"https:\\\/\\\/spainfilmcommission.com\\\/en\\\/blog\\\/spain-film-commission-celebra-en-madrid-su-segunda-asamblea-anual-de-socios\\\/\",\"url\":\"https:\\\/\\\/spainfilmcommission.com\\\/en\\\/blog\\\/spain-film-commission-celebra-en-madrid-su-segunda-asamblea-anual-de-socios\\\/\",\"name\":\"Spain Film Commission celebra en Madrid su segunda Asamblea anual de socios - Spain Film Commission\",\"isPartOf\":{\"@id\":\"https:\\\/\\\/spainfilmcommission.com\\\/en\\\/#website\"},\"primaryImageOfPage\":{\"@id\":\"https:\\\/\\\/spainfilmcommission.com\\\/en\\\/blog\\\/spain-film-commission-celebra-en-madrid-su-segunda-asamblea-anual-de-socios\\\/#primaryimage\"},\"image\":{\"@id\":\"https:\\\/\\\/spainfilmcommission.com\\\/en\\\/blog\\\/spain-film-commission-celebra-en-madrid-su-segunda-asamblea-anual-de-socios\\\/#primaryimage\"},\"thumbnailUrl\":\"https:\\\/\\\/spainfilmcommission.com\\\/wp-content\\\/uploads\\\/2025\\\/11\\\/Asamblea-SFC-1-scaled.png\",\"datePublished\":\"2025-11-19T12:09:33+00:00\",\"dateModified\":\"2025-12-10T09:54:57+00:00\",\"description\":\"La red de Spain Film Commission, compuesta actualmente por 48 socios, film commissions y film offices de toda Espa\u00f1a, celebr\u00f3 en Madrid su segunda Asamblea anual. Durante dos intensas jornadas, celebradas los d\u00edas 17 y 18 de noviembre en la sede de Film Madrid Region, se definieron l\u00edneas estrat\u00e9gicas fundamentales para la promoci\u00f3n de Espa\u00f1a como destino de rodajes, se fortalecieron lazos entre los socios y se present\u00f3 oficialmente el plan enmarcado en la nueva ayuda estatal recibida por parte de la Secretar\u00eda de Estado de Digitalizaci\u00f3n e Inteligencia Artificial. Este plan tiene como objetivo visibilizar el valor de la actividad audiovisual en Espa\u00f1a, apoyar la producci\u00f3n nacional y atraer la inversi\u00f3n extranjera al conjunto de territorios.\",\"breadcrumb\":{\"@id\":\"https:\\\/\\\/spainfilmcommission.com\\\/en\\\/blog\\\/spain-film-commission-celebra-en-madrid-su-segunda-asamblea-anual-de-socios\\\/#breadcrumb\"},\"inLanguage\":\"en-US\",\"potentialAction\":[{\"@type\":\"ReadAction\",\"target\":[\"https:\\\/\\\/spainfilmcommission.com\\\/en\\\/blog\\\/spain-film-commission-celebra-en-madrid-su-segunda-asamblea-anual-de-socios\\\/\"]}]},{\"@type\":\"ImageObject\",\"inLanguage\":\"en-US\",\"@id\":\"https:\\\/\\\/spainfilmcommission.com\\\/en\\\/blog\\\/spain-film-commission-celebra-en-madrid-su-segunda-asamblea-anual-de-socios\\\/#primaryimage\",\"url\":\"https:\\\/\\\/spainfilmcommission.com\\\/wp-content\\\/uploads\\\/2025\\\/11\\\/Asamblea-SFC-1-scaled.png\",\"contentUrl\":\"https:\\\/\\\/spainfilmcommission.com\\\/wp-content\\\/uploads\\\/2025\\\/11\\\/Asamblea-SFC-1-scaled.png\",\"width\":2048,\"height\":1035},{\"@type\":\"BreadcrumbList\",\"@id\":\"https:\\\/\\\/spainfilmcommission.com\\\/en\\\/blog\\\/spain-film-commission-celebra-en-madrid-su-segunda-asamblea-anual-de-socios\\\/#breadcrumb\",\"itemListElement\":[{\"@type\":\"ListItem\",\"position\":1,\"name\":\"Portada\",\"item\":\"https:\\\/\\\/spainfilmcommission.com\\\/en\\\/\"},{\"@type\":\"ListItem\",\"position\":2,\"name\":\"Spain Film Commission celebra en Madrid su segunda Asamblea anual de socios\"}]},{\"@type\":\"WebSite\",\"@id\":\"https:\\\/\\\/spainfilmcommission.com\\\/en\\\/#website\",\"url\":\"https:\\\/\\\/spainfilmcommission.com\\\/en\\\/\",\"name\":\"Spain Film Commission\",\"description\":\"\",\"publisher\":{\"@id\":\"https:\\\/\\\/spainfilmcommission.com\\\/en\\\/#organization\"},\"potentialAction\":[{\"@type\":\"SearchAction\",\"target\":{\"@type\":\"EntryPoint\",\"urlTemplate\":\"https:\\\/\\\/spainfilmcommission.com\\\/en\\\/?s={search_term_string}\"},\"query-input\":{\"@type\":\"PropertyValueSpecification\",\"valueRequired\":true,\"valueName\":\"search_term_string\"}}],\"inLanguage\":\"en-US\"},{\"@type\":\"Organization\",\"@id\":\"https:\\\/\\\/spainfilmcommission.com\\\/en\\\/#organization\",\"name\":\"Spain Film Commission\",\"url\":\"https:\\\/\\\/spainfilmcommission.com\\\/en\\\/\",\"logo\":{\"@type\":\"ImageObject\",\"inLanguage\":\"en-US\",\"@id\":\"https:\\\/\\\/spainfilmcommission.com\\\/en\\\/#\\\/schema\\\/logo\\\/image\\\/\",\"url\":\"https:\\\/\\\/spainfilmcommission.com\\\/wp-content\\\/uploads\\\/2024\\\/07\\\/SPC_COLOR.png\",\"contentUrl\":\"https:\\\/\\\/spainfilmcommission.com\\\/wp-content\\\/uploads\\\/2024\\\/07\\\/SPC_COLOR.png\",\"width\":1665,\"height\":1665,\"caption\":\"Spain Film Commission\"},\"image\":{\"@id\":\"https:\\\/\\\/spainfilmcommission.com\\\/en\\\/#\\\/schema\\\/logo\\\/image\\\/\"}},{\"@type\":\"Person\",\"@id\":\"https:\\\/\\\/spainfilmcommission.com\\\/en\\\/#\\\/schema\\\/person\\\/2c139497e1f3f1d330424ab32ad5c19c\",\"name\":\"admin_sfc\",\"image\":{\"@type\":\"ImageObject\",\"inLanguage\":\"en-US\",\"@id\":\"https:\\\/\\\/secure.gravatar.com\\\/avatar\\\/f06061f8836c87bc33143decdd70d30d1212ed16ccafd73454a40dfc2a046aed?s=96&d=mm&r=g\",\"url\":\"https:\\\/\\\/secure.gravatar.com\\\/avatar\\\/f06061f8836c87bc33143decdd70d30d1212ed16ccafd73454a40dfc2a046aed?s=96&d=mm&r=g\",\"contentUrl\":\"https:\\\/\\\/secure.gravatar.com\\\/avatar\\\/f06061f8836c87bc33143decdd70d30d1212ed16ccafd73454a40dfc2a046aed?s=96&d=mm&r=g\",\"caption\":\"admin_sfc\"}}]}<\/script>\n<!-- \/ Yoast SEO plugin. -->","yoast_head_json":{"title":"Spain Film Commission celebra en Madrid su segunda Asamblea anual de socios - Spain Film Commission","description":"La red de Spain Film Commission, compuesta actualmente por 48 socios, film commissions y film offices de toda Espa\u00f1a, celebr\u00f3 en Madrid su segunda Asamblea anual. Durante dos intensas jornadas, celebradas los d\u00edas 17 y 18 de noviembre en la sede de Film Madrid Region, se definieron l\u00edneas estrat\u00e9gicas fundamentales para la promoci\u00f3n de Espa\u00f1a como destino de rodajes, se fortalecieron lazos entre los socios y se present\u00f3 oficialmente el plan enmarcado en la nueva ayuda estatal recibida por parte de la Secretar\u00eda de Estado de Digitalizaci\u00f3n e Inteligencia Artificial. Este plan tiene como objetivo visibilizar el valor de la actividad audiovisual en Espa\u00f1a, apoyar la producci\u00f3n nacional y atraer la inversi\u00f3n extranjera al conjunto de territorios.","robots":{"index":"index","follow":"follow","max-snippet":"max-snippet:-1","max-image-preview":"max-image-preview:large","max-video-preview":"max-video-preview:-1"},"canonical":"https:\/\/spainfilmcommission.com\/en\/blog\/spain-film-commission-celebra-en-madrid-su-segunda-asamblea-anual-de-socios\/","og_locale":"en_US","og_type":"article","og_title":"Spain Film Commission celebra en Madrid su segunda Asamblea anual de socios - Spain Film Commission","og_description":"La red de Spain Film Commission, compuesta actualmente por 48 socios, film commissions y film offices de toda Espa\u00f1a, celebr\u00f3 en Madrid su segunda Asamblea anual. Durante dos intensas jornadas, celebradas los d\u00edas 17 y 18 de noviembre en la sede de Film Madrid Region, se definieron l\u00edneas estrat\u00e9gicas fundamentales para la promoci\u00f3n de Espa\u00f1a como destino de rodajes, se fortalecieron lazos entre los socios y se present\u00f3 oficialmente el plan enmarcado en la nueva ayuda estatal recibida por parte de la Secretar\u00eda de Estado de Digitalizaci\u00f3n e Inteligencia Artificial. Este plan tiene como objetivo visibilizar el valor de la actividad audiovisual en Espa\u00f1a, apoyar la producci\u00f3n nacional y atraer la inversi\u00f3n extranjera al conjunto de territorios.","og_url":"https:\/\/spainfilmcommission.com\/en\/blog\/spain-film-commission-celebra-en-madrid-su-segunda-asamblea-anual-de-socios\/","og_site_name":"Spain Film Commission","article_published_time":"2025-11-19T12:09:33+00:00","article_modified_time":"2025-12-10T09:54:57+00:00","og_image":[{"width":1024,"height":518,"url":"https:\/\/spainfilmcommission.com\/wp-content\/uploads\/2025\/11\/Asamblea-SFC-1-1024x518.png","type":"image\/png"}],"author":"admin_sfc","twitter_card":"summary_large_image","twitter_misc":{"Written by":"admin_sfc","Est. reading time":"3 minutes"},"schema":{"@context":"https:\/\/schema.org","@graph":[{"@type":"Article","@id":"https:\/\/spainfilmcommission.com\/en\/blog\/spain-film-commission-celebra-en-madrid-su-segunda-asamblea-anual-de-socios\/#article","isPartOf":{"@id":"https:\/\/spainfilmcommission.com\/en\/blog\/spain-film-commission-celebra-en-madrid-su-segunda-asamblea-anual-de-socios\/"},"author":{"name":"admin_sfc","@id":"https:\/\/spainfilmcommission.com\/en\/#\/schema\/person\/2c139497e1f3f1d330424ab32ad5c19c"},"headline":"Spain Film Commission celebra en Madrid su segunda Asamblea anual de socios","datePublished":"2025-11-19T12:09:33+00:00","dateModified":"2025-12-10T09:54:57+00:00","mainEntityOfPage":{"@id":"https:\/\/spainfilmcommission.com\/en\/blog\/spain-film-commission-celebra-en-madrid-su-segunda-asamblea-anual-de-socios\/"},"wordCount":545,"publisher":{"@id":"https:\/\/spainfilmcommission.com\/en\/#organization"},"image":{"@id":"https:\/\/spainfilmcommission.com\/en\/blog\/spain-film-commission-celebra-en-madrid-su-segunda-asamblea-anual-de-socios\/#primaryimage"},"thumbnailUrl":"https:\/\/spainfilmcommission.com\/wp-content\/uploads\/2025\/11\/Asamblea-SFC-1-scaled.png","articleSection":["Noticias"],"inLanguage":"en-US"},{"@type":"WebPage","@id":"https:\/\/spainfilmcommission.com\/en\/blog\/spain-film-commission-celebra-en-madrid-su-segunda-asamblea-anual-de-socios\/","url":"https:\/\/spainfilmcommission.com\/en\/blog\/spain-film-commission-celebra-en-madrid-su-segunda-asamblea-anual-de-socios\/","name":"Spain Film Commission celebra en Madrid su segunda Asamblea anual de socios - Spain Film Commission","isPartOf":{"@id":"https:\/\/spainfilmcommission.com\/en\/#website"},"primaryImageOfPage":{"@id":"https:\/\/spainfilmcommission.com\/en\/blog\/spain-film-commission-celebra-en-madrid-su-segunda-asamblea-anual-de-socios\/#primaryimage"},"image":{"@id":"https:\/\/spainfilmcommission.com\/en\/blog\/spain-film-commission-celebra-en-madrid-su-segunda-asamblea-anual-de-socios\/#primaryimage"},"thumbnailUrl":"https:\/\/spainfilmcommission.com\/wp-content\/uploads\/2025\/11\/Asamblea-SFC-1-scaled.png","datePublished":"2025-11-19T12:09:33+00:00","dateModified":"2025-12-10T09:54:57+00:00","description":"La red de Spain Film Commission, compuesta actualmente por 48 socios, film commissions y film offices de toda Espa\u00f1a, celebr\u00f3 en Madrid su segunda Asamblea anual. Durante dos intensas jornadas, celebradas los d\u00edas 17 y 18 de noviembre en la sede de Film Madrid Region, se definieron l\u00edneas estrat\u00e9gicas fundamentales para la promoci\u00f3n de Espa\u00f1a como destino de rodajes, se fortalecieron lazos entre los socios y se present\u00f3 oficialmente el plan enmarcado en la nueva ayuda estatal recibida por parte de la Secretar\u00eda de Estado de Digitalizaci\u00f3n e Inteligencia Artificial. Este plan tiene como objetivo visibilizar el valor de la actividad audiovisual en Espa\u00f1a, apoyar la producci\u00f3n nacional y atraer la inversi\u00f3n extranjera al conjunto de territorios.","breadcrumb":{"@id":"https:\/\/spainfilmcommission.com\/en\/blog\/spain-film-commission-celebra-en-madrid-su-segunda-asamblea-anual-de-socios\/#breadcrumb"},"inLanguage":"en-US","potentialAction":[{"@type":"ReadAction","target":["https:\/\/spainfilmcommission.com\/en\/blog\/spain-film-commission-celebra-en-madrid-su-segunda-asamblea-anual-de-socios\/"]}]},{"@type":"ImageObject","inLanguage":"en-US","@id":"https:\/\/spainfilmcommission.com\/en\/blog\/spain-film-commission-celebra-en-madrid-su-segunda-asamblea-anual-de-socios\/#primaryimage","url":"https:\/\/spainfilmcommission.com\/wp-content\/uploads\/2025\/11\/Asamblea-SFC-1-scaled.png","contentUrl":"https:\/\/spainfilmcommission.com\/wp-content\/uploads\/2025\/11\/Asamblea-SFC-1-scaled.png","width":2048,"height":1035},{"@type":"BreadcrumbList","@id":"https:\/\/spainfilmcommission.com\/en\/blog\/spain-film-commission-celebra-en-madrid-su-segunda-asamblea-anual-de-socios\/#breadcrumb","itemListElement":[{"@type":"ListItem","position":1,"name":"Portada","item":"https:\/\/spainfilmcommission.com\/en\/"},{"@type":"ListItem","position":2,"name":"Spain Film Commission celebra en Madrid su segunda Asamblea anual de socios"}]},{"@type":"WebSite","@id":"https:\/\/spainfilmcommission.com\/en\/#website","url":"https:\/\/spainfilmcommission.com\/en\/","name":"Spain Film Commission","description":"","publisher":{"@id":"https:\/\/spainfilmcommission.com\/en\/#organization"},"potentialAction":[{"@type":"SearchAction","target":{"@type":"EntryPoint","urlTemplate":"https:\/\/spainfilmcommission.com\/en\/?s={search_term_string}"},"query-input":{"@type":"PropertyValueSpecification","valueRequired":true,"valueName":"search_term_string"}}],"inLanguage":"en-US"},{"@type":"Organization","@id":"https:\/\/spainfilmcommission.com\/en\/#organization","name":"Spain Film Commission","url":"https:\/\/spainfilmcommission.com\/en\/","logo":{"@type":"ImageObject","inLanguage":"en-US","@id":"https:\/\/spainfilmcommission.com\/en\/#\/schema\/logo\/image\/","url":"https:\/\/spainfilmcommission.com\/wp-content\/uploads\/2024\/07\/SPC_COLOR.png","contentUrl":"https:\/\/spainfilmcommission.com\/wp-content\/uploads\/2024\/07\/SPC_COLOR.png","width":1665,"height":1665,"caption":"Spain Film Commission"},"image":{"@id":"https:\/\/spainfilmcommission.com\/en\/#\/schema\/logo\/image\/"}},{"@type":"Person","@id":"https:\/\/spainfilmcommission.com\/en\/#\/schema\/person\/2c139497e1f3f1d330424ab32ad5c19c","name":"admin_sfc","image":{"@type":"ImageObject","inLanguage":"en-US","@id":"https:\/\/secure.gravatar.com\/avatar\/f06061f8836c87bc33143decdd70d30d1212ed16ccafd73454a40dfc2a046aed?s=96&d=mm&r=g","url":"https:\/\/secure.gravatar.com\/avatar\/f06061f8836c87bc33143decdd70d30d1212ed16ccafd73454a40dfc2a046aed?s=96&d=mm&r=g","contentUrl":"https:\/\/secure.gravatar.com\/avatar\/f06061f8836c87bc33143decdd70d30d1212ed16ccafd73454a40dfc2a046aed?s=96&d=mm&r=g","caption":"admin_sfc"}}]}},"_links":{"self":[{"href":"https:\/\/spainfilmcommission.com\/en\/wp-json\/wp\/v2\/posts\/36502","targetHints":{"allow":["GET"]}}],"collection":[{"href":"https:\/\/spainfilmcommission.com\/en\/wp-json\/wp\/v2\/posts"}],"about":[{"href":"https:\/\/spainfilmcommission.com\/en\/wp-json\/wp\/v2\/types\/post"}],"author":[{"embeddable":true,"href":"https:\/\/spainfilmcommission.com\/en\/wp-json\/wp\/v2\/users\/57"}],"replies":[{"embeddable":true,"href":"https:\/\/spainfilmcommission.com\/en\/wp-json\/wp\/v2\/comments?post=36502"}],"version-history":[{"count":0,"href":"https:\/\/spainfilmcommission.com\/en\/wp-json\/wp\/v2\/posts\/36502\/revisions"}],"wp:featuredmedia":[{"embeddable":true,"href":"https:\/\/spainfilmcommission.com\/en\/wp-json\/wp\/v2\/media\/36503"}],"wp:attachment":[{"href":"https:\/\/spainfilmcommission.com\/en\/wp-json\/wp\/v2\/media?parent=36502"}],"wp:term":[{"taxonomy":"category","embeddable":true,"href":"https:\/\/spainfilmcommission.com\/en\/wp-json\/wp\/v2\/categories?post=36502"},{"taxonomy":"post_tag","embeddable":true,"href":"https:\/\/spainfilmcommission.com\/en\/wp-json\/wp\/v2\/tags?post=36502"}],"curies":[{"name":"wp","href":"https:\/\/api.w.org\/{rel}","templated":true}]}}