{"id":36377,"date":"2025-10-30T10:47:12","date_gmt":"2025-10-30T09:47:12","guid":{"rendered":"https:\/\/spainfilmcommission.com\/?p=36377"},"modified":"2025-10-30T10:47:38","modified_gmt":"2025-10-30T09:47:38","slug":"spain-film-commission-recibe-una-nueva-ayuda-estatal-para-seguir-consolidando-espana-como-hub-audiovisual","status":"publish","type":"post","link":"https:\/\/spainfilmcommission.com\/en\/blog\/spain-film-commission-recibe-una-nueva-ayuda-estatal-para-seguir-consolidando-espana-como-hub-audiovisual\/","title":{"rendered":"Spain Film Commission recibe una nueva ayuda estatal para seguir consolidando Espa\u00f1a como Hub Audiovisual"},"content":{"rendered":"\t\t<div data-elementor-type=\"wp-post\" data-elementor-id=\"36377\" class=\"elementor elementor-36377\" data-elementor-post-type=\"post\">\n\t\t\t\t<div class=\"elementor-element elementor-element-ed7af0 e-flex e-con-boxed e-con e-parent\" data-id=\"ed7af0\" data-element_type=\"container\" data-e-type=\"container\">\n\t\t\t\t\t<div class=\"e-con-inner\">\n\t\t\t\t<div class=\"elementor-element elementor-element-1b548f30 elementor-widget elementor-widget-text-editor\" data-id=\"1b548f30\" data-element_type=\"widget\" data-e-type=\"widget\" data-widget_type=\"text-editor.default\">\n\t\t\t\t<div class=\"elementor-widget-container\">\n\t\t\t\t\t\t\t\t\t<ul><li style=\"font-weight: 400;\" aria-level=\"1\"><i><span style=\"font-weight: 400;\">En l\u00ednea con los objetivos del Plan Espa\u00f1a Hub Audiovisual de Europa, la ayuda del Ministerio para la Transformaci\u00f3n Digital y de la Funci\u00f3n P\u00fablica apoyar\u00e1 el desarrollo de tres proyectos concretos: un estudio de impacto del sector audiovisual en Espa\u00f1a, un programa de promoci\u00f3n internacional SPAIN FILM 25-26 y la creaci\u00f3n de una innovadora plataforma integral de localizaciones<\/span><\/i><\/li><\/ul><ul><li style=\"font-weight: 400;\" aria-level=\"1\"><i><span style=\"font-weight: 400;\">La subvenci\u00f3n por importe de 500.000 \u20ac, con plazo de ejecuci\u00f3n 2025-2026 y concedida a trav\u00e9s de la Secretar\u00eda de Estado de Digitalizaci\u00f3n e Inteligencia Artificial, servir\u00e1 para hacer visible el valor de la actividad audiovisual en Espa\u00f1a, apoyar la producci\u00f3n nacional y atraer la inversi\u00f3n extranjera al conjunto de\u00a0 territorios<\/span><\/i><\/li><\/ul><p>\u00a0<\/p><p><b>Madrid, 30 de octubre de 2025 &#8211; <\/b><span style=\"font-weight: 400;\">El Bolet\u00edn Oficial del Estado publica en el d\u00eda de hoy el Real Decreto 974\/2025, de 29 de octubre, por el que se regula la concesi\u00f3n directa de una subvenci\u00f3n a <\/span><a href=\"https:\/\/spainfilmcommission.com\/\"><span style=\"font-weight: 400;\">Spain Film Commission<\/span><\/a><span style=\"font-weight: 400;\"> por valor de 500.000 <\/span><span style=\"font-weight: 400;\">\u20ac. <\/span><span style=\"font-weight: 400;\">Esta ayuda, promovida por el Ministerio para la Transformaci\u00f3n Digital y de la Funci\u00f3n P\u00fablica, a trav\u00e9s de la Secretar\u00eda de Estado de Digitalizaci\u00f3n e Inteligencia Artificial, refuerza el compromiso estatal con la promoci\u00f3n de las inversiones en el sector audiovisual espa\u00f1ol, en l\u00ednea con los objetivos del Plan Espa\u00f1a, Hub Audiovisual de Europa, enmarcado en el Plan de Recuperaci\u00f3n, Transformaci\u00f3n y Resiliencia.<\/span><\/p><p><span style=\"font-weight: 400;\">Gracias a esta nueva colaboraci\u00f3n, Spain Film Commission desarrollar\u00e1 tres proyectos estrat\u00e9gicos durante el periodo 2025-2026, orientados a fortalecer la competitividad del pa\u00eds como destino de rodajes, consolidar su liderazgo dentro del ecosistema audiovisual europeo y favorecer la retenci\u00f3n de valor en los diferentes territorios que conforman nuestro pa\u00eds.<\/span><\/p><p><span style=\"font-weight: 400;\">En primer lugar, un nuevo <\/span><b>estudio integral del impacto de los rodajes audiovisuales en Espa\u00f1a<\/b><span style=\"font-weight: 400;\">, que permitir\u00e1 medir de forma rigurosa el impacto econ\u00f3mico, social y territorial del conjunto de la producci\u00f3n audiovisual en Espa\u00f1a, tanto extranjera como nacional, ampliando y actualizando los datos de estudios anteriores.<\/span><\/p><p><span style=\"font-weight: 400;\">En segundo lugar, un <\/span><b>programa de promoci\u00f3n internacional<\/b><span style=\"font-weight: 400;\"> dirigido a consolidar la presencia del sector audiovisual espa\u00f1ol en los principales mercados internacionales,\u00a0 y el atractivo de nuestro pa\u00eds como destino de inversiones, reforzando la internacionalizaci\u00f3n de la industria espa\u00f1ola, en especial de las pymes, y contribuyendo a mejorar las alianzas estrat\u00e9gicas con el sector global de la producci\u00f3n.<\/span><\/p><p><span style=\"font-weight: 400;\">En tercer lugar, una <\/span><b>innovadora plataforma integral de localizaciones de Espa\u00f1a<\/b><span style=\"font-weight: 400;\">, que conectar\u00e1 pel\u00edculas, series y otros productos audiovisuales con las localizaciones reales y virtuales de nuestro pa\u00eds, mediante tecnolog\u00edas avanzadas de reconocimiento visual e inteligencia artificial. Este proyecto supone un paso decisivo hacia la digitalizaci\u00f3n del cat\u00e1logo de escenarios espa\u00f1oles, facilitando su accesibilidad para productores nacionales e internacionales, al tiempo que se contribuye a asegurar su integridad y la retenci\u00f3n del valor para los territorios y comunidades locales.<\/span><\/p><p>\u00a0<\/p><p><b><i>Un impulso a la atracci\u00f3n de rodajes y al desarrollo territorial<\/i><\/b><\/p><p><span style=\"font-weight: 400;\">Seg\u00fan el <\/span><a href=\"https:\/\/spainfilmcommission.com\/rodar-en-espana\/estudio-impacto-economico\/\"><span style=\"font-weight: 400;\">Estudio del Impacto Econ\u00f3mico de los Rodajes Internacionales en Espa\u00f1a<\/span><\/a><span style=\"font-weight: 400;\"> de Spain Film Commission (2024), con la colaboraci\u00f3n de PROFILM, y elaborado por la consultora brit\u00e1nica Olsberg SPI, cada euro invertido en incentivos fiscales a rodajes internacionales genera un retorno de nueve euros en la econom\u00eda espa\u00f1ola. La nueva subvenci\u00f3n contribuir\u00e1 a conocer mejor el impacto integral del sector, mediante la elaboraci\u00f3n de un informe integrador que incluya la producci\u00f3n nacional, y ayudar\u00e1 a reforzar este impacto, con la promoci\u00f3n de los diferentes territorios y la atracci\u00f3n de nuevos agentes p\u00fablicos y privados a dicha promoci\u00f3n.<\/span><\/p><p><span style=\"font-weight: 400;\">El estudio de 2024 puso de manifiesto el efecto multiplicador del audiovisual en sectores como el alojamiento, la hosteler\u00eda, el transporte y los servicios t\u00e9cnicos, lo que lo convierte en una actividad de alto valor a\u00f1adido, que adem\u00e1s beneficia a todos los territorios, en especial a aquellos que cuentan con oficinas t\u00e9cnicas especializadas integradas en Spain Film Commission.<\/span><\/p><p><span style=\"font-weight: 400;\">\u201cEsta nueva subvenci\u00f3n, m\u00e1s all\u00e1 del impacto puntual decisivo para desarrollar proyectos concretos que consideramos estrat\u00e9gicos, la recibimos como un reconocimiento al trabajo de toda la red de Spain Film Commission a lo largo de los \u00faltimos a\u00f1os, una responsabilidad que asumimos con compromiso, y un apoyo que confiamos se mantenga en el tiempo. Cada euro invertido servir\u00e1 para fortalecer el ecosistema audiovisual espa\u00f1ol, con una mirada muy especial en la producci\u00f3n vinculada al territorio y a las comunidades locales y regionales, que es en definitiva nuestra misi\u00f3n principal. Es una inversi\u00f3n colectiva que impulsar\u00e1 la competitividad, la sostenibilidad y la proyecci\u00f3n internacional de nuestro pa\u00eds como Hub Audiovisual\u201d, explica <\/span><b>Juan Manuel Guimer\u00e1ns<\/b><span style=\"font-weight: 400;\">, presidente de la organizaci\u00f3n.<\/span><\/p><p>\u00a0<\/p><p><b><i>Spain Film Commission, un agente \u00fanico\u00a0<\/i><\/b><\/p><p><span style=\"font-weight: 400;\">La subvenci\u00f3n otorgada con el car\u00e1cter de nominativa y directa, como el propio Real Decreto indica, se basa en el car\u00e1cter singular de Spain Film Commission, que se define como \u201c\u00fanico agente del sector audiovisual espa\u00f1ol que posee la capacidad de actuar como puente entre todo el resto de los actores del sector, sean p\u00fablicos o privados, nacionales o territoriales, espa\u00f1oles o extranjeros, generalistas o especializados, y en todos y cada uno de los segmentos y soportes de la actividad que constituye la industria de los rodajes\u201d. Un caso \u00fanico, pero est\u00e1ndar en el plano internacional, pues el modelo de las <\/span><i><span style=\"font-weight: 400;\">film commissions<\/span><\/i><span style=\"font-weight: 400;\"> existe en todo el mundo, con notable \u00e9xito en los principales pa\u00edses en t\u00e9rminos de influencia audiovisual.<\/span><\/p><p><span style=\"font-weight: 400;\">Spain Film Commission es una asociaci\u00f3n sin \u00e1nimo de lucro que coordina una red de cerca de 50 <\/span><i><span style=\"font-weight: 400;\">film commissions<\/span><\/i><span style=\"font-weight: 400;\"> y<\/span><i><span style=\"font-weight: 400;\"> film offices<\/span><\/i><span style=\"font-weight: 400;\"> de toda Espa\u00f1a, liderando el posicionamiento del pa\u00eds en la industria de los rodajes y convirti\u00e9ndolo en destino preferente para todo tipo de producciones. Desde su fundaci\u00f3n en 2001, Spain Film Commission ha trabajado para posicionar a Espa\u00f1a como un destino ideal para rodajes audiovisuales. A lo largo de estos a\u00f1os, ha coordinado los esfuerzos de la red convirti\u00e9ndose en un referente en la industria audiovisual a nivel nacional e internacional. Es tambi\u00e9n uno de los fundadores y actuales miembros de la EUFCN (European Film Commission Network), pertenece a la AFCI (Association of Film Commissioners International) y es miembro asociado de ONU Turismo.<\/span><\/p><p><span style=\"font-weight: 400;\">La asociaci\u00f3n, que hace un a\u00f1o renov\u00f3 su Junta Directiva y que cumplir\u00e1 en 2026 un cuarto de siglo de existencia, ha vivido un importante crecimiento en los \u00faltimos a\u00f1os, gracias en buena medida a su participaci\u00f3n en el Spain Audiovisual Hub, un proyecto incluido en el Plan de Recuperaci\u00f3n, Transformaci\u00f3n y Resiliencia, y considerado modelo en toda Europa. Dicho Plan permiti\u00f3 a SFC el desarrollo de diferentes proyectos estrat\u00e9gicos enmarcados en los ejes fundamentales de la industria audiovisual, como el turismo de pantalla, el fortalecimiento de la imagen del pa\u00eds como destino de rodajes, la medici\u00f3n del impacto econ\u00f3mico e industria del audiovisual, la sostenibilidad en el sector, la implementaci\u00f3n de tecnolog\u00eda, el v\u00ednculo con industrias en otros mercados y un largo etc\u00e9tera que dieron como resultado el reconocimiento internacional a trav\u00e9s de galardones como \u201cFilm Commission of the Year\u201d en los Global Production Awards 2025 en el marco del pasado Festival de Cannes.<\/span><\/p><p>\u00a0<\/p>\t\t\t\t\t\t\t\t<\/div>\n\t\t\t\t<\/div>\n\t\t\t\t\t<\/div>\n\t\t\t\t<\/div>\n\t\t<div class=\"elementor-element elementor-element-234e342 e-flex e-con-boxed e-con e-parent\" data-id=\"234e342\" data-element_type=\"container\" data-e-type=\"container\">\n\t\t\t\t\t<div class=\"e-con-inner\">\n\t\t\t\t\t<\/div>\n\t\t\t\t<\/div>\n\t\t<div class=\"elementor-element elementor-element-54aa8ed e-flex e-con-boxed e-con e-parent\" data-id=\"54aa8ed\" data-element_type=\"container\" data-e-type=\"container\">\n\t\t\t\t\t<div class=\"e-con-inner\">\n\t\t\t\t\t<\/div>\n\t\t\t\t<\/div>\n\t\t\t\t<\/div>\n\t\t","protected":false},"excerpt":{"rendered":"<p>En l\u00ednea con los objetivos del Plan Espa\u00f1a Hub Audiovisual de Europa, la ayuda del Ministerio para la Transformaci\u00f3n Digital y de la Funci\u00f3n P\u00fablica apoyar\u00e1 el desarrollo de tres [&hellip;]<\/p>\n","protected":false},"author":57,"featured_media":36382,"comment_status":"closed","ping_status":"closed","sticky":false,"template":"","format":"standard","meta":{"footnotes":""},"categories":[38],"tags":[],"class_list":["post-36377","post","type-post","status-publish","format-standard","has-post-thumbnail","hentry","category-noticias"],"yoast_head":"<!-- This site is optimized with the Yoast SEO plugin v27.3 - https:\/\/yoast.com\/product\/yoast-seo-wordpress\/ -->\n<title>Spain Film Commission recibe una nueva ayuda estatal para seguir consolidando Espa\u00f1a como Hub Audiovisual - Spain Film Commission<\/title>\n<meta name=\"description\" content=\"El Bolet\u00edn Oficial del Estado publica en el d\u00eda de hoy el Real Decreto 974\/2025, de 29 de octubre, por el que se regula la concesi\u00f3n directa de una subvenci\u00f3n a Spain Film Commission por valor de 500.000 \u20ac. Esta ayuda, promovida por el Ministerio para la Transformaci\u00f3n Digital y de la Funci\u00f3n P\u00fablica, a trav\u00e9s de la Secretar\u00eda de Estado de Digitalizaci\u00f3n e Inteligencia Artificial, refuerza el compromiso estatal con la promoci\u00f3n de las inversiones en el sector audiovisual espa\u00f1ol, en l\u00ednea con los objetivos del Plan Espa\u00f1a, Hub Audiovisual de Europa, enmarcado en el Plan de Recuperaci\u00f3n, Transformaci\u00f3n y Resiliencia.\" \/>\n<meta name=\"robots\" content=\"index, follow, max-snippet:-1, max-image-preview:large, max-video-preview:-1\" \/>\n<link rel=\"canonical\" href=\"https:\/\/spainfilmcommission.com\/en\/blog\/spain-film-commission-recibe-una-nueva-ayuda-estatal-para-seguir-consolidando-espana-como-hub-audiovisual\/\" \/>\n<meta property=\"og:locale\" content=\"en_US\" \/>\n<meta property=\"og:type\" content=\"article\" \/>\n<meta property=\"og:title\" content=\"Spain Film Commission recibe una nueva ayuda estatal para seguir consolidando Espa\u00f1a como Hub Audiovisual - Spain Film Commission\" \/>\n<meta property=\"og:description\" content=\"El Bolet\u00edn Oficial del Estado publica en el d\u00eda de hoy el Real Decreto 974\/2025, de 29 de octubre, por el que se regula la concesi\u00f3n directa de una subvenci\u00f3n a Spain Film Commission por valor de 500.000 \u20ac. Esta ayuda, promovida por el Ministerio para la Transformaci\u00f3n Digital y de la Funci\u00f3n P\u00fablica, a trav\u00e9s de la Secretar\u00eda de Estado de Digitalizaci\u00f3n e Inteligencia Artificial, refuerza el compromiso estatal con la promoci\u00f3n de las inversiones en el sector audiovisual espa\u00f1ol, en l\u00ednea con los objetivos del Plan Espa\u00f1a, Hub Audiovisual de Europa, enmarcado en el Plan de Recuperaci\u00f3n, Transformaci\u00f3n y Resiliencia.\" \/>\n<meta property=\"og:url\" content=\"https:\/\/spainfilmcommission.com\/en\/blog\/spain-film-commission-recibe-una-nueva-ayuda-estatal-para-seguir-consolidando-espana-como-hub-audiovisual\/\" \/>\n<meta property=\"og:site_name\" content=\"Spain Film Commission\" \/>\n<meta property=\"article:published_time\" content=\"2025-10-30T09:47:12+00:00\" \/>\n<meta property=\"article:modified_time\" content=\"2025-10-30T09:47:38+00:00\" \/>\n<meta property=\"og:image\" content=\"https:\/\/spainfilmcommission.com\/wp-content\/uploads\/2025\/10\/SFC.png\" \/>\n\t<meta property=\"og:image:width\" content=\"640\" \/>\n\t<meta property=\"og:image:height\" content=\"400\" \/>\n\t<meta property=\"og:image:type\" content=\"image\/png\" \/>\n<meta name=\"author\" content=\"admin_sfc\" \/>\n<meta name=\"twitter:card\" content=\"summary_large_image\" \/>\n<meta name=\"twitter:label1\" content=\"Written by\" \/>\n\t<meta name=\"twitter:data1\" content=\"admin_sfc\" \/>\n\t<meta name=\"twitter:label2\" content=\"Est. reading time\" \/>\n\t<meta name=\"twitter:data2\" content=\"6 minutes\" \/>\n<script type=\"application\/ld+json\" class=\"yoast-schema-graph\">{\"@context\":\"https:\\\/\\\/schema.org\",\"@graph\":[{\"@type\":\"Article\",\"@id\":\"https:\\\/\\\/spainfilmcommission.com\\\/en\\\/blog\\\/spain-film-commission-recibe-una-nueva-ayuda-estatal-para-seguir-consolidando-espana-como-hub-audiovisual\\\/#article\",\"isPartOf\":{\"@id\":\"https:\\\/\\\/spainfilmcommission.com\\\/en\\\/blog\\\/spain-film-commission-recibe-una-nueva-ayuda-estatal-para-seguir-consolidando-espana-como-hub-audiovisual\\\/\"},\"author\":{\"name\":\"admin_sfc\",\"@id\":\"https:\\\/\\\/spainfilmcommission.com\\\/en\\\/#\\\/schema\\\/person\\\/2c139497e1f3f1d330424ab32ad5c19c\"},\"headline\":\"Spain Film Commission recibe una nueva ayuda estatal para seguir consolidando Espa\u00f1a como Hub Audiovisual\",\"datePublished\":\"2025-10-30T09:47:12+00:00\",\"dateModified\":\"2025-10-30T09:47:38+00:00\",\"mainEntityOfPage\":{\"@id\":\"https:\\\/\\\/spainfilmcommission.com\\\/en\\\/blog\\\/spain-film-commission-recibe-una-nueva-ayuda-estatal-para-seguir-consolidando-espana-como-hub-audiovisual\\\/\"},\"wordCount\":1266,\"publisher\":{\"@id\":\"https:\\\/\\\/spainfilmcommission.com\\\/en\\\/#organization\"},\"image\":{\"@id\":\"https:\\\/\\\/spainfilmcommission.com\\\/en\\\/blog\\\/spain-film-commission-recibe-una-nueva-ayuda-estatal-para-seguir-consolidando-espana-como-hub-audiovisual\\\/#primaryimage\"},\"thumbnailUrl\":\"https:\\\/\\\/spainfilmcommission.com\\\/wp-content\\\/uploads\\\/2025\\\/10\\\/SFC.png\",\"articleSection\":[\"Noticias\"],\"inLanguage\":\"en-US\"},{\"@type\":\"WebPage\",\"@id\":\"https:\\\/\\\/spainfilmcommission.com\\\/en\\\/blog\\\/spain-film-commission-recibe-una-nueva-ayuda-estatal-para-seguir-consolidando-espana-como-hub-audiovisual\\\/\",\"url\":\"https:\\\/\\\/spainfilmcommission.com\\\/en\\\/blog\\\/spain-film-commission-recibe-una-nueva-ayuda-estatal-para-seguir-consolidando-espana-como-hub-audiovisual\\\/\",\"name\":\"Spain Film Commission recibe una nueva ayuda estatal para seguir consolidando Espa\u00f1a como Hub Audiovisual - Spain Film Commission\",\"isPartOf\":{\"@id\":\"https:\\\/\\\/spainfilmcommission.com\\\/en\\\/#website\"},\"primaryImageOfPage\":{\"@id\":\"https:\\\/\\\/spainfilmcommission.com\\\/en\\\/blog\\\/spain-film-commission-recibe-una-nueva-ayuda-estatal-para-seguir-consolidando-espana-como-hub-audiovisual\\\/#primaryimage\"},\"image\":{\"@id\":\"https:\\\/\\\/spainfilmcommission.com\\\/en\\\/blog\\\/spain-film-commission-recibe-una-nueva-ayuda-estatal-para-seguir-consolidando-espana-como-hub-audiovisual\\\/#primaryimage\"},\"thumbnailUrl\":\"https:\\\/\\\/spainfilmcommission.com\\\/wp-content\\\/uploads\\\/2025\\\/10\\\/SFC.png\",\"datePublished\":\"2025-10-30T09:47:12+00:00\",\"dateModified\":\"2025-10-30T09:47:38+00:00\",\"description\":\"El Bolet\u00edn Oficial del Estado publica en el d\u00eda de hoy el Real Decreto 974\\\/2025, de 29 de octubre, por el que se regula la concesi\u00f3n directa de una subvenci\u00f3n a Spain Film Commission por valor de 500.000 \u20ac. Esta ayuda, promovida por el Ministerio para la Transformaci\u00f3n Digital y de la Funci\u00f3n P\u00fablica, a trav\u00e9s de la Secretar\u00eda de Estado de Digitalizaci\u00f3n e Inteligencia Artificial, refuerza el compromiso estatal con la promoci\u00f3n de las inversiones en el sector audiovisual espa\u00f1ol, en l\u00ednea con los objetivos del Plan Espa\u00f1a, Hub Audiovisual de Europa, enmarcado en el Plan de Recuperaci\u00f3n, Transformaci\u00f3n y Resiliencia.\",\"breadcrumb\":{\"@id\":\"https:\\\/\\\/spainfilmcommission.com\\\/en\\\/blog\\\/spain-film-commission-recibe-una-nueva-ayuda-estatal-para-seguir-consolidando-espana-como-hub-audiovisual\\\/#breadcrumb\"},\"inLanguage\":\"en-US\",\"potentialAction\":[{\"@type\":\"ReadAction\",\"target\":[\"https:\\\/\\\/spainfilmcommission.com\\\/en\\\/blog\\\/spain-film-commission-recibe-una-nueva-ayuda-estatal-para-seguir-consolidando-espana-como-hub-audiovisual\\\/\"]}]},{\"@type\":\"ImageObject\",\"inLanguage\":\"en-US\",\"@id\":\"https:\\\/\\\/spainfilmcommission.com\\\/en\\\/blog\\\/spain-film-commission-recibe-una-nueva-ayuda-estatal-para-seguir-consolidando-espana-como-hub-audiovisual\\\/#primaryimage\",\"url\":\"https:\\\/\\\/spainfilmcommission.com\\\/wp-content\\\/uploads\\\/2025\\\/10\\\/SFC.png\",\"contentUrl\":\"https:\\\/\\\/spainfilmcommission.com\\\/wp-content\\\/uploads\\\/2025\\\/10\\\/SFC.png\",\"width\":640,\"height\":400},{\"@type\":\"BreadcrumbList\",\"@id\":\"https:\\\/\\\/spainfilmcommission.com\\\/en\\\/blog\\\/spain-film-commission-recibe-una-nueva-ayuda-estatal-para-seguir-consolidando-espana-como-hub-audiovisual\\\/#breadcrumb\",\"itemListElement\":[{\"@type\":\"ListItem\",\"position\":1,\"name\":\"Portada\",\"item\":\"https:\\\/\\\/spainfilmcommission.com\\\/en\\\/\"},{\"@type\":\"ListItem\",\"position\":2,\"name\":\"Spain Film Commission recibe una nueva ayuda estatal para seguir consolidando Espa\u00f1a como Hub Audiovisual\"}]},{\"@type\":\"WebSite\",\"@id\":\"https:\\\/\\\/spainfilmcommission.com\\\/en\\\/#website\",\"url\":\"https:\\\/\\\/spainfilmcommission.com\\\/en\\\/\",\"name\":\"Spain Film Commission\",\"description\":\"\",\"publisher\":{\"@id\":\"https:\\\/\\\/spainfilmcommission.com\\\/en\\\/#organization\"},\"potentialAction\":[{\"@type\":\"SearchAction\",\"target\":{\"@type\":\"EntryPoint\",\"urlTemplate\":\"https:\\\/\\\/spainfilmcommission.com\\\/en\\\/?s={search_term_string}\"},\"query-input\":{\"@type\":\"PropertyValueSpecification\",\"valueRequired\":true,\"valueName\":\"search_term_string\"}}],\"inLanguage\":\"en-US\"},{\"@type\":\"Organization\",\"@id\":\"https:\\\/\\\/spainfilmcommission.com\\\/en\\\/#organization\",\"name\":\"Spain Film Commission\",\"url\":\"https:\\\/\\\/spainfilmcommission.com\\\/en\\\/\",\"logo\":{\"@type\":\"ImageObject\",\"inLanguage\":\"en-US\",\"@id\":\"https:\\\/\\\/spainfilmcommission.com\\\/en\\\/#\\\/schema\\\/logo\\\/image\\\/\",\"url\":\"https:\\\/\\\/spainfilmcommission.com\\\/wp-content\\\/uploads\\\/2024\\\/07\\\/SPC_COLOR.png\",\"contentUrl\":\"https:\\\/\\\/spainfilmcommission.com\\\/wp-content\\\/uploads\\\/2024\\\/07\\\/SPC_COLOR.png\",\"width\":1665,\"height\":1665,\"caption\":\"Spain Film Commission\"},\"image\":{\"@id\":\"https:\\\/\\\/spainfilmcommission.com\\\/en\\\/#\\\/schema\\\/logo\\\/image\\\/\"}},{\"@type\":\"Person\",\"@id\":\"https:\\\/\\\/spainfilmcommission.com\\\/en\\\/#\\\/schema\\\/person\\\/2c139497e1f3f1d330424ab32ad5c19c\",\"name\":\"admin_sfc\",\"image\":{\"@type\":\"ImageObject\",\"inLanguage\":\"en-US\",\"@id\":\"https:\\\/\\\/secure.gravatar.com\\\/avatar\\\/f06061f8836c87bc33143decdd70d30d1212ed16ccafd73454a40dfc2a046aed?s=96&d=mm&r=g\",\"url\":\"https:\\\/\\\/secure.gravatar.com\\\/avatar\\\/f06061f8836c87bc33143decdd70d30d1212ed16ccafd73454a40dfc2a046aed?s=96&d=mm&r=g\",\"contentUrl\":\"https:\\\/\\\/secure.gravatar.com\\\/avatar\\\/f06061f8836c87bc33143decdd70d30d1212ed16ccafd73454a40dfc2a046aed?s=96&d=mm&r=g\",\"caption\":\"admin_sfc\"}}]}<\/script>\n<!-- \/ Yoast SEO plugin. -->","yoast_head_json":{"title":"Spain Film Commission recibe una nueva ayuda estatal para seguir consolidando Espa\u00f1a como Hub Audiovisual - Spain Film Commission","description":"El Bolet\u00edn Oficial del Estado publica en el d\u00eda de hoy el Real Decreto 974\/2025, de 29 de octubre, por el que se regula la concesi\u00f3n directa de una subvenci\u00f3n a Spain Film Commission por valor de 500.000 \u20ac. Esta ayuda, promovida por el Ministerio para la Transformaci\u00f3n Digital y de la Funci\u00f3n P\u00fablica, a trav\u00e9s de la Secretar\u00eda de Estado de Digitalizaci\u00f3n e Inteligencia Artificial, refuerza el compromiso estatal con la promoci\u00f3n de las inversiones en el sector audiovisual espa\u00f1ol, en l\u00ednea con los objetivos del Plan Espa\u00f1a, Hub Audiovisual de Europa, enmarcado en el Plan de Recuperaci\u00f3n, Transformaci\u00f3n y Resiliencia.","robots":{"index":"index","follow":"follow","max-snippet":"max-snippet:-1","max-image-preview":"max-image-preview:large","max-video-preview":"max-video-preview:-1"},"canonical":"https:\/\/spainfilmcommission.com\/en\/blog\/spain-film-commission-recibe-una-nueva-ayuda-estatal-para-seguir-consolidando-espana-como-hub-audiovisual\/","og_locale":"en_US","og_type":"article","og_title":"Spain Film Commission recibe una nueva ayuda estatal para seguir consolidando Espa\u00f1a como Hub Audiovisual - Spain Film Commission","og_description":"El Bolet\u00edn Oficial del Estado publica en el d\u00eda de hoy el Real Decreto 974\/2025, de 29 de octubre, por el que se regula la concesi\u00f3n directa de una subvenci\u00f3n a Spain Film Commission por valor de 500.000 \u20ac. Esta ayuda, promovida por el Ministerio para la Transformaci\u00f3n Digital y de la Funci\u00f3n P\u00fablica, a trav\u00e9s de la Secretar\u00eda de Estado de Digitalizaci\u00f3n e Inteligencia Artificial, refuerza el compromiso estatal con la promoci\u00f3n de las inversiones en el sector audiovisual espa\u00f1ol, en l\u00ednea con los objetivos del Plan Espa\u00f1a, Hub Audiovisual de Europa, enmarcado en el Plan de Recuperaci\u00f3n, Transformaci\u00f3n y Resiliencia.","og_url":"https:\/\/spainfilmcommission.com\/en\/blog\/spain-film-commission-recibe-una-nueva-ayuda-estatal-para-seguir-consolidando-espana-como-hub-audiovisual\/","og_site_name":"Spain Film Commission","article_published_time":"2025-10-30T09:47:12+00:00","article_modified_time":"2025-10-30T09:47:38+00:00","og_image":[{"width":640,"height":400,"url":"https:\/\/spainfilmcommission.com\/wp-content\/uploads\/2025\/10\/SFC.png","type":"image\/png"}],"author":"admin_sfc","twitter_card":"summary_large_image","twitter_misc":{"Written by":"admin_sfc","Est. reading time":"6 minutes"},"schema":{"@context":"https:\/\/schema.org","@graph":[{"@type":"Article","@id":"https:\/\/spainfilmcommission.com\/en\/blog\/spain-film-commission-recibe-una-nueva-ayuda-estatal-para-seguir-consolidando-espana-como-hub-audiovisual\/#article","isPartOf":{"@id":"https:\/\/spainfilmcommission.com\/en\/blog\/spain-film-commission-recibe-una-nueva-ayuda-estatal-para-seguir-consolidando-espana-como-hub-audiovisual\/"},"author":{"name":"admin_sfc","@id":"https:\/\/spainfilmcommission.com\/en\/#\/schema\/person\/2c139497e1f3f1d330424ab32ad5c19c"},"headline":"Spain Film Commission recibe una nueva ayuda estatal para seguir consolidando Espa\u00f1a como Hub Audiovisual","datePublished":"2025-10-30T09:47:12+00:00","dateModified":"2025-10-30T09:47:38+00:00","mainEntityOfPage":{"@id":"https:\/\/spainfilmcommission.com\/en\/blog\/spain-film-commission-recibe-una-nueva-ayuda-estatal-para-seguir-consolidando-espana-como-hub-audiovisual\/"},"wordCount":1266,"publisher":{"@id":"https:\/\/spainfilmcommission.com\/en\/#organization"},"image":{"@id":"https:\/\/spainfilmcommission.com\/en\/blog\/spain-film-commission-recibe-una-nueva-ayuda-estatal-para-seguir-consolidando-espana-como-hub-audiovisual\/#primaryimage"},"thumbnailUrl":"https:\/\/spainfilmcommission.com\/wp-content\/uploads\/2025\/10\/SFC.png","articleSection":["Noticias"],"inLanguage":"en-US"},{"@type":"WebPage","@id":"https:\/\/spainfilmcommission.com\/en\/blog\/spain-film-commission-recibe-una-nueva-ayuda-estatal-para-seguir-consolidando-espana-como-hub-audiovisual\/","url":"https:\/\/spainfilmcommission.com\/en\/blog\/spain-film-commission-recibe-una-nueva-ayuda-estatal-para-seguir-consolidando-espana-como-hub-audiovisual\/","name":"Spain Film Commission recibe una nueva ayuda estatal para seguir consolidando Espa\u00f1a como Hub Audiovisual - Spain Film Commission","isPartOf":{"@id":"https:\/\/spainfilmcommission.com\/en\/#website"},"primaryImageOfPage":{"@id":"https:\/\/spainfilmcommission.com\/en\/blog\/spain-film-commission-recibe-una-nueva-ayuda-estatal-para-seguir-consolidando-espana-como-hub-audiovisual\/#primaryimage"},"image":{"@id":"https:\/\/spainfilmcommission.com\/en\/blog\/spain-film-commission-recibe-una-nueva-ayuda-estatal-para-seguir-consolidando-espana-como-hub-audiovisual\/#primaryimage"},"thumbnailUrl":"https:\/\/spainfilmcommission.com\/wp-content\/uploads\/2025\/10\/SFC.png","datePublished":"2025-10-30T09:47:12+00:00","dateModified":"2025-10-30T09:47:38+00:00","description":"El Bolet\u00edn Oficial del Estado publica en el d\u00eda de hoy el Real Decreto 974\/2025, de 29 de octubre, por el que se regula la concesi\u00f3n directa de una subvenci\u00f3n a Spain Film Commission por valor de 500.000 \u20ac. Esta ayuda, promovida por el Ministerio para la Transformaci\u00f3n Digital y de la Funci\u00f3n P\u00fablica, a trav\u00e9s de la Secretar\u00eda de Estado de Digitalizaci\u00f3n e Inteligencia Artificial, refuerza el compromiso estatal con la promoci\u00f3n de las inversiones en el sector audiovisual espa\u00f1ol, en l\u00ednea con los objetivos del Plan Espa\u00f1a, Hub Audiovisual de Europa, enmarcado en el Plan de Recuperaci\u00f3n, Transformaci\u00f3n y Resiliencia.","breadcrumb":{"@id":"https:\/\/spainfilmcommission.com\/en\/blog\/spain-film-commission-recibe-una-nueva-ayuda-estatal-para-seguir-consolidando-espana-como-hub-audiovisual\/#breadcrumb"},"inLanguage":"en-US","potentialAction":[{"@type":"ReadAction","target":["https:\/\/spainfilmcommission.com\/en\/blog\/spain-film-commission-recibe-una-nueva-ayuda-estatal-para-seguir-consolidando-espana-como-hub-audiovisual\/"]}]},{"@type":"ImageObject","inLanguage":"en-US","@id":"https:\/\/spainfilmcommission.com\/en\/blog\/spain-film-commission-recibe-una-nueva-ayuda-estatal-para-seguir-consolidando-espana-como-hub-audiovisual\/#primaryimage","url":"https:\/\/spainfilmcommission.com\/wp-content\/uploads\/2025\/10\/SFC.png","contentUrl":"https:\/\/spainfilmcommission.com\/wp-content\/uploads\/2025\/10\/SFC.png","width":640,"height":400},{"@type":"BreadcrumbList","@id":"https:\/\/spainfilmcommission.com\/en\/blog\/spain-film-commission-recibe-una-nueva-ayuda-estatal-para-seguir-consolidando-espana-como-hub-audiovisual\/#breadcrumb","itemListElement":[{"@type":"ListItem","position":1,"name":"Portada","item":"https:\/\/spainfilmcommission.com\/en\/"},{"@type":"ListItem","position":2,"name":"Spain Film Commission recibe una nueva ayuda estatal para seguir consolidando Espa\u00f1a como Hub Audiovisual"}]},{"@type":"WebSite","@id":"https:\/\/spainfilmcommission.com\/en\/#website","url":"https:\/\/spainfilmcommission.com\/en\/","name":"Spain Film Commission","description":"","publisher":{"@id":"https:\/\/spainfilmcommission.com\/en\/#organization"},"potentialAction":[{"@type":"SearchAction","target":{"@type":"EntryPoint","urlTemplate":"https:\/\/spainfilmcommission.com\/en\/?s={search_term_string}"},"query-input":{"@type":"PropertyValueSpecification","valueRequired":true,"valueName":"search_term_string"}}],"inLanguage":"en-US"},{"@type":"Organization","@id":"https:\/\/spainfilmcommission.com\/en\/#organization","name":"Spain Film Commission","url":"https:\/\/spainfilmcommission.com\/en\/","logo":{"@type":"ImageObject","inLanguage":"en-US","@id":"https:\/\/spainfilmcommission.com\/en\/#\/schema\/logo\/image\/","url":"https:\/\/spainfilmcommission.com\/wp-content\/uploads\/2024\/07\/SPC_COLOR.png","contentUrl":"https:\/\/spainfilmcommission.com\/wp-content\/uploads\/2024\/07\/SPC_COLOR.png","width":1665,"height":1665,"caption":"Spain Film Commission"},"image":{"@id":"https:\/\/spainfilmcommission.com\/en\/#\/schema\/logo\/image\/"}},{"@type":"Person","@id":"https:\/\/spainfilmcommission.com\/en\/#\/schema\/person\/2c139497e1f3f1d330424ab32ad5c19c","name":"admin_sfc","image":{"@type":"ImageObject","inLanguage":"en-US","@id":"https:\/\/secure.gravatar.com\/avatar\/f06061f8836c87bc33143decdd70d30d1212ed16ccafd73454a40dfc2a046aed?s=96&d=mm&r=g","url":"https:\/\/secure.gravatar.com\/avatar\/f06061f8836c87bc33143decdd70d30d1212ed16ccafd73454a40dfc2a046aed?s=96&d=mm&r=g","contentUrl":"https:\/\/secure.gravatar.com\/avatar\/f06061f8836c87bc33143decdd70d30d1212ed16ccafd73454a40dfc2a046aed?s=96&d=mm&r=g","caption":"admin_sfc"}}]}},"_links":{"self":[{"href":"https:\/\/spainfilmcommission.com\/en\/wp-json\/wp\/v2\/posts\/36377","targetHints":{"allow":["GET"]}}],"collection":[{"href":"https:\/\/spainfilmcommission.com\/en\/wp-json\/wp\/v2\/posts"}],"about":[{"href":"https:\/\/spainfilmcommission.com\/en\/wp-json\/wp\/v2\/types\/post"}],"author":[{"embeddable":true,"href":"https:\/\/spainfilmcommission.com\/en\/wp-json\/wp\/v2\/users\/57"}],"replies":[{"embeddable":true,"href":"https:\/\/spainfilmcommission.com\/en\/wp-json\/wp\/v2\/comments?post=36377"}],"version-history":[{"count":0,"href":"https:\/\/spainfilmcommission.com\/en\/wp-json\/wp\/v2\/posts\/36377\/revisions"}],"wp:featuredmedia":[{"embeddable":true,"href":"https:\/\/spainfilmcommission.com\/en\/wp-json\/wp\/v2\/media\/36382"}],"wp:attachment":[{"href":"https:\/\/spainfilmcommission.com\/en\/wp-json\/wp\/v2\/media?parent=36377"}],"wp:term":[{"taxonomy":"category","embeddable":true,"href":"https:\/\/spainfilmcommission.com\/en\/wp-json\/wp\/v2\/categories?post=36377"},{"taxonomy":"post_tag","embeddable":true,"href":"https:\/\/spainfilmcommission.com\/en\/wp-json\/wp\/v2\/tags?post=36377"}],"curies":[{"name":"wp","href":"https:\/\/api.w.org\/{rel}","templated":true}]}}