{"id":36346,"date":"2025-10-20T17:23:31","date_gmt":"2025-10-20T15:23:31","guid":{"rendered":"https:\/\/spainfilmcommission.com\/?p=36346"},"modified":"2025-10-20T17:24:07","modified_gmt":"2025-10-20T15:24:07","slug":"spain-film-commission-celebra-la-5a-edicion-de-shooting-locations-marketplace-en-valladolid-con-participantes-de-24-paises","status":"publish","type":"post","link":"https:\/\/spainfilmcommission.com\/en\/blog\/spain-film-commission-celebra-la-5a-edicion-de-shooting-locations-marketplace-en-valladolid-con-participantes-de-24-paises\/","title":{"rendered":"Spain Film Commission celebra la 5\u00aa edici\u00f3n de Shooting Locations Marketplace en Valladolid con participantes de 24 pa\u00edses"},"content":{"rendered":"\t\t<div data-elementor-type=\"wp-post\" data-elementor-id=\"36346\" class=\"elementor elementor-36346\" data-elementor-post-type=\"post\">\n\t\t\t\t<div class=\"elementor-element elementor-element-ed7af0 e-flex e-con-boxed e-con e-parent\" data-id=\"ed7af0\" data-element_type=\"container\" data-e-type=\"container\">\n\t\t\t\t\t<div class=\"e-con-inner\">\n\t\t\t\t<div class=\"elementor-element elementor-element-1b548f30 elementor-widget elementor-widget-text-editor\" data-id=\"1b548f30\" data-element_type=\"widget\" data-e-type=\"widget\" data-widget_type=\"text-editor.default\">\n\t\t\t\t<div class=\"elementor-widget-container\">\n\t\t\t\t\t\t\t\t\t<ul><li style=\"font-weight: 400;\" aria-level=\"1\"><i><span style=\"font-weight: 400;\">M\u00e1s de 70 localizadores y productores se dieron cita en Valladolid para fortalecer alianzas internacionales<\/span><\/i><\/li><\/ul><ul><li style=\"font-weight: 400;\" aria-level=\"1\"><i><span style=\"font-weight: 400;\">El evento consolid\u00f3 su posici\u00f3n como principal mercado europeo de localizaciones audiovisuales<\/span><\/i><\/li><\/ul><ul><li style=\"font-weight: 400;\" aria-level=\"1\"><i><span style=\"font-weight: 400;\">Spain Film Commission, con la presencia de 23 de sus socios, destac\u00f3 la relevancia del sector audiovisual espa\u00f1ol y su capacidad de atraer rodajes internacionales<\/span><\/i><\/li><\/ul><p>\u00a0<\/p><p><b>Madrid, 17 de octubre de 2025 &#8211; <\/b><span style=\"font-weight: 400;\">La quinta edici\u00f3n de <\/span><a href=\"https:\/\/feriavalladolid.com\/shootinglocationsmarketplace\/en\/homepage-en\/\"><b>Shooting Locations Marketplace<\/b><\/a><span style=\"font-weight: 400;\">, celebrada los d\u00edas 15 y 16 de octubre en la <\/span><b>Feria de Valladolid<\/b><span style=\"font-weight: 400;\">, concluy\u00f3 con un balance muy positivo. El encuentro, organizado por <\/span><b>Feria de Valladolid<\/b><span style=\"font-weight: 400;\"> en colaboraci\u00f3n con <\/span><a href=\"https:\/\/spainfilmcommission.com\/\"><b>Spain Film Commission<\/b><\/a><span style=\"font-weight: 400;\">, reuni\u00f3 a profesionales de <\/span><b>24 pa\u00edses<\/b><span style=\"font-weight: 400;\">, as\u00ed como a 25 miembros de la asociaci\u00f3n, confirmando su papel como <\/span><b>referente internacional en el mercado de localizaciones para rodajes audiovisuales<\/b><span style=\"font-weight: 400;\">.<\/span><\/p><p><span style=\"font-weight: 400;\">Durante dos intensas jornadas, <\/span><b>m\u00e1s de 70 localizadores y productores<\/b><span style=\"font-weight: 400;\"> procedentes de grandes compa\u00f1\u00edas como <\/span><b>Amazon Studios, Marvel, CBS o Focus Features<\/b><span style=\"font-weight: 400;\"> mantuvieron reuniones con representantes de film commissions, estudios, empresas de servicios y destinos tur\u00edsticos. El evento cont\u00f3 con la participaci\u00f3n de entidades de <\/span><b>Espa\u00f1a, Portugal, Jordania, Estonia y Hungr\u00eda<\/b><span style=\"font-weight: 400;\">, y la incorporaci\u00f3n de <\/span><b>nuevos territorios como Tailandia, Corea del Sur, Arabia Saud\u00ed (Al-Ula)<\/b><span style=\"font-weight: 400;\"> o <\/span><b>el Kurdist\u00e1n<\/b><span style=\"font-weight: 400;\">, adem\u00e1s de la <\/span><b>Red Iberoamericana de Film Commissions<\/b><span style=\"font-weight: 400;\">, lo que refuerza su alcance global.<\/span><\/p><p><span style=\"font-weight: 400;\">El presidente de Spain Film Commission, <\/span><b>Juan Manuel Guimer\u00e1ns<\/b><span style=\"font-weight: 400;\">, subray\u00f3 durante su intervenci\u00f3n que \u201cesta cita confirma la capacidad de Espa\u00f1a para liderar el di\u00e1logo internacional sobre rodajes y localizaciones. Nuestra red demuestra que el pa\u00eds no solo ofrece diversidad y talento, sino una estructura profesional s\u00f3lida que impulsa la competitividad de la industria audiovisual europea\u201d.<\/span><\/p><p><span style=\"font-weight: 400;\">Por su parte, el director general de Feria de Valladolid, <\/span><b>Alberto Alonso<\/b><span style=\"font-weight: 400;\">, destac\u00f3 que \u201cShooting Locations Marketplace se ha consolidado como un espacio \u00fanico en Europa, donde se generan oportunidades reales de negocio y colaboraci\u00f3n. El respaldo institucional y la participaci\u00f3n internacional confirman el papel de Valladolid como punto estrat\u00e9gico para la industria audiovisual\u201d.<\/span><\/p><p><span style=\"font-weight: 400;\">El programa incluy\u00f3 conferencias y mesas redondas que abordaron temas como <\/span><b>la irrupci\u00f3n de las localizaciones asi\u00e1ticas<\/b><span style=\"font-weight: 400;\">, <\/span><b>los retos de la competitividad global<\/b><span style=\"font-weight: 400;\"> o <\/span><b>la sostenibilidad en los rodajes<\/b><span style=\"font-weight: 400;\">, adem\u00e1s de visitas profesionales a diversas localizaciones de <\/span><b>Castilla y Le\u00f3n, Andaluc\u00eda, Galicia, Asturias, Barcelona y Canarias<\/b><span style=\"font-weight: 400;\">, as\u00ed como a los destinos internacionales invitados, <\/span><b>Centro de Portugal y Noruega<\/b><span style=\"font-weight: 400;\">.<\/span><\/p><p><span style=\"font-weight: 400;\">La celebraci\u00f3n de esta quinta edici\u00f3n supone un nuevo hito en la colaboraci\u00f3n entre <\/span><b>Spain Film Commission<\/b><span style=\"font-weight: 400;\"> y <\/span><b>Feria de Valladolid<\/b><span style=\"font-weight: 400;\">, entidades que trabajan conjuntamente desde 2021 para <\/span><b>reforzar la internacionalizaci\u00f3n del sector audiovisual espa\u00f1ol<\/b><span style=\"font-weight: 400;\"> y promover el <\/span><b>turismo cinematogr\u00e1fico<\/b><span style=\"font-weight: 400;\"> como motor de desarrollo territorial.<\/span><\/p><p><span style=\"font-weight: 400;\">Andaluc\u00eda Film Commission, Arag\u00f3n Film Commission, Asturias Para\u00edso Natural Film Commission, Bilbao Bizkaia Film Commission, Burgos Film Commission, Cantabria Film Commission, Castilla y Le\u00f3n Film Commission, Catalunya Film Commission, Film Valencia, Galicia Film Commission &#8211; AGADIC, Madrid Film Office, Mallorca Film Commission, Menorca Film Commission, Regi\u00f3n de Murcia Film Commission, R\u00edas Baixas Film Commission, Salamanca Film Commission, Santiago de Compostela Film Commission, Sevilla Film and Events, Segovia Film Commission, Soria Film Commission, Valencia Film Office, Valladolid Film Commission y Zaragoza Film Office fueron los socios de la red que participaron en esta \u00faltima edici\u00f3n.<\/span><\/p><p>\u00a0<\/p>\t\t\t\t\t\t\t\t<\/div>\n\t\t\t\t<\/div>\n\t\t\t\t\t<\/div>\n\t\t\t\t<\/div>\n\t\t<div class=\"elementor-element elementor-element-234e342 e-flex e-con-boxed e-con e-parent\" data-id=\"234e342\" data-element_type=\"container\" data-e-type=\"container\">\n\t\t\t\t\t<div class=\"e-con-inner\">\n\t\t\t\t<div class=\"elementor-element elementor-element-ac9dfdc elementor-widget elementor-widget-gallery\" data-id=\"ac9dfdc\" data-element_type=\"widget\" data-e-type=\"widget\" data-settings=\"{&quot;lazyload&quot;:&quot;yes&quot;,&quot;gallery_layout&quot;:&quot;grid&quot;,&quot;columns&quot;:4,&quot;columns_tablet&quot;:2,&quot;columns_mobile&quot;:1,&quot;gap&quot;:{&quot;unit&quot;:&quot;px&quot;,&quot;size&quot;:10,&quot;sizes&quot;:[]},&quot;gap_tablet&quot;:{&quot;unit&quot;:&quot;px&quot;,&quot;size&quot;:10,&quot;sizes&quot;:[]},&quot;gap_mobile&quot;:{&quot;unit&quot;:&quot;px&quot;,&quot;size&quot;:10,&quot;sizes&quot;:[]},&quot;link_to&quot;:&quot;file&quot;,&quot;aspect_ratio&quot;:&quot;3:2&quot;,&quot;overlay_background&quot;:&quot;yes&quot;,&quot;content_hover_animation&quot;:&quot;fade-in&quot;}\" data-widget_type=\"gallery.default\">\n\t\t\t\t<div class=\"elementor-widget-container\">\n\t\t\t\t\t\t\t<div class=\"elementor-gallery__container\">\n\t\t\t\t\t\t\t<a class=\"e-gallery-item elementor-gallery-item elementor-animated-content\" href=\"https:\/\/spainfilmcommission.com\/wp-content\/uploads\/2025\/10\/Foto-institucional-1-1-scaled.jpg\" data-elementor-open-lightbox=\"yes\" data-elementor-lightbox-slideshow=\"ac9dfdc\" data-elementor-lightbox-title=\"Foto institucional 1\" data-e-action-hash=\"#elementor-action%3Aaction%3Dlightbox%26settings%3DeyJpZCI6MzYzNTAsInVybCI6Imh0dHBzOlwvXC9zcGFpbmZpbG1jb21taXNzaW9uLmNvbVwvd3AtY29udGVudFwvdXBsb2Fkc1wvMjAyNVwvMTBcL0ZvdG8taW5zdGl0dWNpb25hbC0xLTEtc2NhbGVkLmpwZyIsInNsaWRlc2hvdyI6ImFjOWRmZGMifQ%3D%3D\">\n\t\t\t\t\t<div class=\"e-gallery-image elementor-gallery-item__image\" data-thumbnail=\"https:\/\/spainfilmcommission.com\/wp-content\/uploads\/2025\/10\/Foto-institucional-1-1-300x200.jpg\" data-width=\"300\" data-height=\"200\" aria-label=\"\" role=\"img\" ><\/div>\n\t\t\t\t\t\t\t\t\t\t\t<div class=\"elementor-gallery-item__overlay\"><\/div>\n\t\t\t\t\t\t\t\t\t\t\t\t\t\t<\/a>\n\t\t\t\t\t\t\t<a class=\"e-gallery-item elementor-gallery-item elementor-animated-content\" href=\"https:\/\/spainfilmcommission.com\/wp-content\/uploads\/2025\/10\/SFC-_-Foto-de-familia-2-scaled.jpg\" data-elementor-open-lightbox=\"yes\" data-elementor-lightbox-slideshow=\"ac9dfdc\" data-elementor-lightbox-title=\"SFC _ Foto de familia 2\" data-e-action-hash=\"#elementor-action%3Aaction%3Dlightbox%26settings%3DeyJpZCI6MzYzNTIsInVybCI6Imh0dHBzOlwvXC9zcGFpbmZpbG1jb21taXNzaW9uLmNvbVwvd3AtY29udGVudFwvdXBsb2Fkc1wvMjAyNVwvMTBcL1NGQy1fLUZvdG8tZGUtZmFtaWxpYS0yLXNjYWxlZC5qcGciLCJzbGlkZXNob3ciOiJhYzlkZmRjIn0%3D\">\n\t\t\t\t\t<div class=\"e-gallery-image elementor-gallery-item__image\" data-thumbnail=\"https:\/\/spainfilmcommission.com\/wp-content\/uploads\/2025\/10\/SFC-_-Foto-de-familia-2-300x200.jpg\" data-width=\"300\" data-height=\"200\" aria-label=\"\" role=\"img\" ><\/div>\n\t\t\t\t\t\t\t\t\t\t\t<div class=\"elementor-gallery-item__overlay\"><\/div>\n\t\t\t\t\t\t\t\t\t\t\t\t\t\t<\/a>\n\t\t\t\t\t\t\t<a class=\"e-gallery-item elementor-gallery-item elementor-animated-content\" href=\"https:\/\/spainfilmcommission.com\/wp-content\/uploads\/2025\/10\/SFC-_-Foto-de-familia-3-scaled.jpg\" data-elementor-open-lightbox=\"yes\" data-elementor-lightbox-slideshow=\"ac9dfdc\" data-elementor-lightbox-title=\"SFC _ Foto de familia 3\" data-e-action-hash=\"#elementor-action%3Aaction%3Dlightbox%26settings%3DeyJpZCI6MzYzNTQsInVybCI6Imh0dHBzOlwvXC9zcGFpbmZpbG1jb21taXNzaW9uLmNvbVwvd3AtY29udGVudFwvdXBsb2Fkc1wvMjAyNVwvMTBcL1NGQy1fLUZvdG8tZGUtZmFtaWxpYS0zLXNjYWxlZC5qcGciLCJzbGlkZXNob3ciOiJhYzlkZmRjIn0%3D\">\n\t\t\t\t\t<div class=\"e-gallery-image elementor-gallery-item__image\" data-thumbnail=\"https:\/\/spainfilmcommission.com\/wp-content\/uploads\/2025\/10\/SFC-_-Foto-de-familia-3-300x200.jpg\" data-width=\"300\" data-height=\"200\" aria-label=\"\" role=\"img\" ><\/div>\n\t\t\t\t\t\t\t\t\t\t\t<div class=\"elementor-gallery-item__overlay\"><\/div>\n\t\t\t\t\t\t\t\t\t\t\t\t\t\t<\/a>\n\t\t\t\t\t\t\t<a class=\"e-gallery-item elementor-gallery-item elementor-animated-content\" href=\"https:\/\/spainfilmcommission.com\/wp-content\/uploads\/2025\/10\/Mesa-_-Juanma-1-scaled.jpg\" data-elementor-open-lightbox=\"yes\" data-elementor-lightbox-slideshow=\"ac9dfdc\" data-elementor-lightbox-title=\"Mesa _ Juanma 1\" data-e-action-hash=\"#elementor-action%3Aaction%3Dlightbox%26settings%3DeyJpZCI6MzYzNTYsInVybCI6Imh0dHBzOlwvXC9zcGFpbmZpbG1jb21taXNzaW9uLmNvbVwvd3AtY29udGVudFwvdXBsb2Fkc1wvMjAyNVwvMTBcL01lc2EtXy1KdWFubWEtMS1zY2FsZWQuanBnIiwic2xpZGVzaG93IjoiYWM5ZGZkYyJ9\">\n\t\t\t\t\t<div class=\"e-gallery-image elementor-gallery-item__image\" data-thumbnail=\"https:\/\/spainfilmcommission.com\/wp-content\/uploads\/2025\/10\/Mesa-_-Juanma-1-300x200.jpg\" data-width=\"300\" data-height=\"200\" aria-label=\"\" role=\"img\" ><\/div>\n\t\t\t\t\t\t\t\t\t\t\t<div class=\"elementor-gallery-item__overlay\"><\/div>\n\t\t\t\t\t\t\t\t\t\t\t\t\t\t<\/a>\n\t\t\t\t\t\t\t<a class=\"e-gallery-item elementor-gallery-item elementor-animated-content\" href=\"https:\/\/spainfilmcommission.com\/wp-content\/uploads\/2025\/10\/Inauguracion-_-Juanma-6-scaled.jpg\" data-elementor-open-lightbox=\"yes\" data-elementor-lightbox-slideshow=\"ac9dfdc\" data-elementor-lightbox-title=\"Inauguracio\u0301n _ Juanma 6\" data-e-action-hash=\"#elementor-action%3Aaction%3Dlightbox%26settings%3DeyJpZCI6MzYzNTgsInVybCI6Imh0dHBzOlwvXC9zcGFpbmZpbG1jb21taXNzaW9uLmNvbVwvd3AtY29udGVudFwvdXBsb2Fkc1wvMjAyNVwvMTBcL0luYXVndXJhY2lvbi1fLUp1YW5tYS02LXNjYWxlZC5qcGciLCJzbGlkZXNob3ciOiJhYzlkZmRjIn0%3D\">\n\t\t\t\t\t<div class=\"e-gallery-image elementor-gallery-item__image\" data-thumbnail=\"https:\/\/spainfilmcommission.com\/wp-content\/uploads\/2025\/10\/Inauguracion-_-Juanma-6-300x200.jpg\" data-width=\"300\" data-height=\"200\" aria-label=\"\" role=\"img\" ><\/div>\n\t\t\t\t\t\t\t\t\t\t\t<div class=\"elementor-gallery-item__overlay\"><\/div>\n\t\t\t\t\t\t\t\t\t\t\t\t\t\t<\/a>\n\t\t\t\t\t<\/div>\n\t\t\t\t\t<\/div>\n\t\t\t\t<\/div>\n\t\t\t\t\t<\/div>\n\t\t\t\t<\/div>\n\t\t<div class=\"elementor-element elementor-element-54aa8ed e-flex e-con-boxed e-con e-parent\" data-id=\"54aa8ed\" data-element_type=\"container\" data-e-type=\"container\">\n\t\t\t\t\t<div class=\"e-con-inner\">\n\t\t\t\t\t<\/div>\n\t\t\t\t<\/div>\n\t\t\t\t<\/div>\n\t\t","protected":false},"excerpt":{"rendered":"<p>M\u00e1s de 70 localizadores y productores se dieron cita en Valladolid para fortalecer alianzas internacionales El evento consolid\u00f3 su posici\u00f3n como principal mercado europeo de localizaciones audiovisuales Spain Film Commission, [&hellip;]<\/p>\n","protected":false},"author":57,"featured_media":36347,"comment_status":"closed","ping_status":"closed","sticky":false,"template":"","format":"standard","meta":{"footnotes":""},"categories":[38],"tags":[],"class_list":["post-36346","post","type-post","status-publish","format-standard","has-post-thumbnail","hentry","category-noticias"],"yoast_head":"<!-- This site is optimized with the Yoast SEO plugin v27.3 - https:\/\/yoast.com\/product\/yoast-seo-wordpress\/ -->\n<title>Spain Film Commission celebra la 5\u00aa edici\u00f3n de Shooting Locations Marketplace en Valladolid con participantes de 24 pa\u00edses - Spain Film Commission<\/title>\n<meta name=\"description\" content=\"La quinta edici\u00f3n de Shooting Locations Marketplace, celebrada los d\u00edas 15 y 16 de octubre en la Feria de Valladolid, concluy\u00f3 con un balance muy positivo. El encuentro, organizado por Feria de Valladolid en colaboraci\u00f3n con Spain Film Commission, reuni\u00f3 a profesionales de 24 pa\u00edses, as\u00ed como a 25 miembros de la asociaci\u00f3n, confirmando su papel como referente internacional en el mercado de localizaciones para rodajes audiovisuales.\" \/>\n<meta name=\"robots\" content=\"index, follow, max-snippet:-1, max-image-preview:large, max-video-preview:-1\" \/>\n<link rel=\"canonical\" href=\"https:\/\/spainfilmcommission.com\/en\/blog\/spain-film-commission-celebra-la-5a-edicion-de-shooting-locations-marketplace-en-valladolid-con-participantes-de-24-paises\/\" \/>\n<meta property=\"og:locale\" content=\"en_US\" \/>\n<meta property=\"og:type\" content=\"article\" \/>\n<meta property=\"og:title\" content=\"Spain Film Commission celebra la 5\u00aa edici\u00f3n de Shooting Locations Marketplace en Valladolid con participantes de 24 pa\u00edses - Spain Film Commission\" \/>\n<meta property=\"og:description\" content=\"La quinta edici\u00f3n de Shooting Locations Marketplace, celebrada los d\u00edas 15 y 16 de octubre en la Feria de Valladolid, concluy\u00f3 con un balance muy positivo. El encuentro, organizado por Feria de Valladolid en colaboraci\u00f3n con Spain Film Commission, reuni\u00f3 a profesionales de 24 pa\u00edses, as\u00ed como a 25 miembros de la asociaci\u00f3n, confirmando su papel como referente internacional en el mercado de localizaciones para rodajes audiovisuales.\" \/>\n<meta property=\"og:url\" content=\"https:\/\/spainfilmcommission.com\/en\/blog\/spain-film-commission-celebra-la-5a-edicion-de-shooting-locations-marketplace-en-valladolid-con-participantes-de-24-paises\/\" \/>\n<meta property=\"og:site_name\" content=\"Spain Film Commission\" \/>\n<meta property=\"article:published_time\" content=\"2025-10-20T15:23:31+00:00\" \/>\n<meta property=\"article:modified_time\" content=\"2025-10-20T15:24:07+00:00\" \/>\n<meta property=\"og:image\" content=\"https:\/\/spainfilmcommission.com\/wp-content\/uploads\/2025\/10\/Foto-institucional-1-scaled.jpg\" \/>\n\t<meta property=\"og:image:width\" content=\"2048\" \/>\n\t<meta property=\"og:image:height\" content=\"1366\" \/>\n\t<meta property=\"og:image:type\" content=\"image\/jpeg\" \/>\n<meta name=\"author\" content=\"admin_sfc\" \/>\n<meta name=\"twitter:card\" content=\"summary_large_image\" \/>\n<meta name=\"twitter:label1\" content=\"Written by\" \/>\n\t<meta name=\"twitter:data1\" content=\"admin_sfc\" \/>\n\t<meta name=\"twitter:label2\" content=\"Est. reading time\" \/>\n\t<meta name=\"twitter:data2\" content=\"3 minutes\" \/>\n<script type=\"application\/ld+json\" class=\"yoast-schema-graph\">{\"@context\":\"https:\\\/\\\/schema.org\",\"@graph\":[{\"@type\":\"Article\",\"@id\":\"https:\\\/\\\/spainfilmcommission.com\\\/en\\\/blog\\\/spain-film-commission-celebra-la-5a-edicion-de-shooting-locations-marketplace-en-valladolid-con-participantes-de-24-paises\\\/#article\",\"isPartOf\":{\"@id\":\"https:\\\/\\\/spainfilmcommission.com\\\/en\\\/blog\\\/spain-film-commission-celebra-la-5a-edicion-de-shooting-locations-marketplace-en-valladolid-con-participantes-de-24-paises\\\/\"},\"author\":{\"name\":\"admin_sfc\",\"@id\":\"https:\\\/\\\/spainfilmcommission.com\\\/en\\\/#\\\/schema\\\/person\\\/2c139497e1f3f1d330424ab32ad5c19c\"},\"headline\":\"Spain Film Commission celebra la 5\u00aa edici\u00f3n de Shooting Locations Marketplace en Valladolid con participantes de 24 pa\u00edses\",\"datePublished\":\"2025-10-20T15:23:31+00:00\",\"dateModified\":\"2025-10-20T15:24:07+00:00\",\"mainEntityOfPage\":{\"@id\":\"https:\\\/\\\/spainfilmcommission.com\\\/en\\\/blog\\\/spain-film-commission-celebra-la-5a-edicion-de-shooting-locations-marketplace-en-valladolid-con-participantes-de-24-paises\\\/\"},\"wordCount\":567,\"publisher\":{\"@id\":\"https:\\\/\\\/spainfilmcommission.com\\\/en\\\/#organization\"},\"image\":{\"@id\":\"https:\\\/\\\/spainfilmcommission.com\\\/en\\\/blog\\\/spain-film-commission-celebra-la-5a-edicion-de-shooting-locations-marketplace-en-valladolid-con-participantes-de-24-paises\\\/#primaryimage\"},\"thumbnailUrl\":\"https:\\\/\\\/spainfilmcommission.com\\\/wp-content\\\/uploads\\\/2025\\\/10\\\/Foto-institucional-1-scaled.jpg\",\"articleSection\":[\"Noticias\"],\"inLanguage\":\"en-US\"},{\"@type\":\"WebPage\",\"@id\":\"https:\\\/\\\/spainfilmcommission.com\\\/en\\\/blog\\\/spain-film-commission-celebra-la-5a-edicion-de-shooting-locations-marketplace-en-valladolid-con-participantes-de-24-paises\\\/\",\"url\":\"https:\\\/\\\/spainfilmcommission.com\\\/en\\\/blog\\\/spain-film-commission-celebra-la-5a-edicion-de-shooting-locations-marketplace-en-valladolid-con-participantes-de-24-paises\\\/\",\"name\":\"Spain Film Commission celebra la 5\u00aa edici\u00f3n de Shooting Locations Marketplace en Valladolid con participantes de 24 pa\u00edses - Spain Film Commission\",\"isPartOf\":{\"@id\":\"https:\\\/\\\/spainfilmcommission.com\\\/en\\\/#website\"},\"primaryImageOfPage\":{\"@id\":\"https:\\\/\\\/spainfilmcommission.com\\\/en\\\/blog\\\/spain-film-commission-celebra-la-5a-edicion-de-shooting-locations-marketplace-en-valladolid-con-participantes-de-24-paises\\\/#primaryimage\"},\"image\":{\"@id\":\"https:\\\/\\\/spainfilmcommission.com\\\/en\\\/blog\\\/spain-film-commission-celebra-la-5a-edicion-de-shooting-locations-marketplace-en-valladolid-con-participantes-de-24-paises\\\/#primaryimage\"},\"thumbnailUrl\":\"https:\\\/\\\/spainfilmcommission.com\\\/wp-content\\\/uploads\\\/2025\\\/10\\\/Foto-institucional-1-scaled.jpg\",\"datePublished\":\"2025-10-20T15:23:31+00:00\",\"dateModified\":\"2025-10-20T15:24:07+00:00\",\"description\":\"La quinta edici\u00f3n de Shooting Locations Marketplace, celebrada los d\u00edas 15 y 16 de octubre en la Feria de Valladolid, concluy\u00f3 con un balance muy positivo. El encuentro, organizado por Feria de Valladolid en colaboraci\u00f3n con Spain Film Commission, reuni\u00f3 a profesionales de 24 pa\u00edses, as\u00ed como a 25 miembros de la asociaci\u00f3n, confirmando su papel como referente internacional en el mercado de localizaciones para rodajes audiovisuales.\",\"breadcrumb\":{\"@id\":\"https:\\\/\\\/spainfilmcommission.com\\\/en\\\/blog\\\/spain-film-commission-celebra-la-5a-edicion-de-shooting-locations-marketplace-en-valladolid-con-participantes-de-24-paises\\\/#breadcrumb\"},\"inLanguage\":\"en-US\",\"potentialAction\":[{\"@type\":\"ReadAction\",\"target\":[\"https:\\\/\\\/spainfilmcommission.com\\\/en\\\/blog\\\/spain-film-commission-celebra-la-5a-edicion-de-shooting-locations-marketplace-en-valladolid-con-participantes-de-24-paises\\\/\"]}]},{\"@type\":\"ImageObject\",\"inLanguage\":\"en-US\",\"@id\":\"https:\\\/\\\/spainfilmcommission.com\\\/en\\\/blog\\\/spain-film-commission-celebra-la-5a-edicion-de-shooting-locations-marketplace-en-valladolid-con-participantes-de-24-paises\\\/#primaryimage\",\"url\":\"https:\\\/\\\/spainfilmcommission.com\\\/wp-content\\\/uploads\\\/2025\\\/10\\\/Foto-institucional-1-scaled.jpg\",\"contentUrl\":\"https:\\\/\\\/spainfilmcommission.com\\\/wp-content\\\/uploads\\\/2025\\\/10\\\/Foto-institucional-1-scaled.jpg\",\"width\":2048,\"height\":1366},{\"@type\":\"BreadcrumbList\",\"@id\":\"https:\\\/\\\/spainfilmcommission.com\\\/en\\\/blog\\\/spain-film-commission-celebra-la-5a-edicion-de-shooting-locations-marketplace-en-valladolid-con-participantes-de-24-paises\\\/#breadcrumb\",\"itemListElement\":[{\"@type\":\"ListItem\",\"position\":1,\"name\":\"Portada\",\"item\":\"https:\\\/\\\/spainfilmcommission.com\\\/en\\\/\"},{\"@type\":\"ListItem\",\"position\":2,\"name\":\"Spain Film Commission celebra la 5\u00aa edici\u00f3n de Shooting Locations Marketplace en Valladolid con participantes de 24 pa\u00edses\"}]},{\"@type\":\"WebSite\",\"@id\":\"https:\\\/\\\/spainfilmcommission.com\\\/en\\\/#website\",\"url\":\"https:\\\/\\\/spainfilmcommission.com\\\/en\\\/\",\"name\":\"Spain Film Commission\",\"description\":\"\",\"publisher\":{\"@id\":\"https:\\\/\\\/spainfilmcommission.com\\\/en\\\/#organization\"},\"potentialAction\":[{\"@type\":\"SearchAction\",\"target\":{\"@type\":\"EntryPoint\",\"urlTemplate\":\"https:\\\/\\\/spainfilmcommission.com\\\/en\\\/?s={search_term_string}\"},\"query-input\":{\"@type\":\"PropertyValueSpecification\",\"valueRequired\":true,\"valueName\":\"search_term_string\"}}],\"inLanguage\":\"en-US\"},{\"@type\":\"Organization\",\"@id\":\"https:\\\/\\\/spainfilmcommission.com\\\/en\\\/#organization\",\"name\":\"Spain Film Commission\",\"url\":\"https:\\\/\\\/spainfilmcommission.com\\\/en\\\/\",\"logo\":{\"@type\":\"ImageObject\",\"inLanguage\":\"en-US\",\"@id\":\"https:\\\/\\\/spainfilmcommission.com\\\/en\\\/#\\\/schema\\\/logo\\\/image\\\/\",\"url\":\"https:\\\/\\\/spainfilmcommission.com\\\/wp-content\\\/uploads\\\/2024\\\/07\\\/SPC_COLOR.png\",\"contentUrl\":\"https:\\\/\\\/spainfilmcommission.com\\\/wp-content\\\/uploads\\\/2024\\\/07\\\/SPC_COLOR.png\",\"width\":1665,\"height\":1665,\"caption\":\"Spain Film Commission\"},\"image\":{\"@id\":\"https:\\\/\\\/spainfilmcommission.com\\\/en\\\/#\\\/schema\\\/logo\\\/image\\\/\"}},{\"@type\":\"Person\",\"@id\":\"https:\\\/\\\/spainfilmcommission.com\\\/en\\\/#\\\/schema\\\/person\\\/2c139497e1f3f1d330424ab32ad5c19c\",\"name\":\"admin_sfc\",\"image\":{\"@type\":\"ImageObject\",\"inLanguage\":\"en-US\",\"@id\":\"https:\\\/\\\/secure.gravatar.com\\\/avatar\\\/f06061f8836c87bc33143decdd70d30d1212ed16ccafd73454a40dfc2a046aed?s=96&d=mm&r=g\",\"url\":\"https:\\\/\\\/secure.gravatar.com\\\/avatar\\\/f06061f8836c87bc33143decdd70d30d1212ed16ccafd73454a40dfc2a046aed?s=96&d=mm&r=g\",\"contentUrl\":\"https:\\\/\\\/secure.gravatar.com\\\/avatar\\\/f06061f8836c87bc33143decdd70d30d1212ed16ccafd73454a40dfc2a046aed?s=96&d=mm&r=g\",\"caption\":\"admin_sfc\"}}]}<\/script>\n<!-- \/ Yoast SEO plugin. -->","yoast_head_json":{"title":"Spain Film Commission celebra la 5\u00aa edici\u00f3n de Shooting Locations Marketplace en Valladolid con participantes de 24 pa\u00edses - Spain Film Commission","description":"La quinta edici\u00f3n de Shooting Locations Marketplace, celebrada los d\u00edas 15 y 16 de octubre en la Feria de Valladolid, concluy\u00f3 con un balance muy positivo. El encuentro, organizado por Feria de Valladolid en colaboraci\u00f3n con Spain Film Commission, reuni\u00f3 a profesionales de 24 pa\u00edses, as\u00ed como a 25 miembros de la asociaci\u00f3n, confirmando su papel como referente internacional en el mercado de localizaciones para rodajes audiovisuales.","robots":{"index":"index","follow":"follow","max-snippet":"max-snippet:-1","max-image-preview":"max-image-preview:large","max-video-preview":"max-video-preview:-1"},"canonical":"https:\/\/spainfilmcommission.com\/en\/blog\/spain-film-commission-celebra-la-5a-edicion-de-shooting-locations-marketplace-en-valladolid-con-participantes-de-24-paises\/","og_locale":"en_US","og_type":"article","og_title":"Spain Film Commission celebra la 5\u00aa edici\u00f3n de Shooting Locations Marketplace en Valladolid con participantes de 24 pa\u00edses - Spain Film Commission","og_description":"La quinta edici\u00f3n de Shooting Locations Marketplace, celebrada los d\u00edas 15 y 16 de octubre en la Feria de Valladolid, concluy\u00f3 con un balance muy positivo. El encuentro, organizado por Feria de Valladolid en colaboraci\u00f3n con Spain Film Commission, reuni\u00f3 a profesionales de 24 pa\u00edses, as\u00ed como a 25 miembros de la asociaci\u00f3n, confirmando su papel como referente internacional en el mercado de localizaciones para rodajes audiovisuales.","og_url":"https:\/\/spainfilmcommission.com\/en\/blog\/spain-film-commission-celebra-la-5a-edicion-de-shooting-locations-marketplace-en-valladolid-con-participantes-de-24-paises\/","og_site_name":"Spain Film Commission","article_published_time":"2025-10-20T15:23:31+00:00","article_modified_time":"2025-10-20T15:24:07+00:00","og_image":[{"width":2048,"height":1366,"url":"https:\/\/spainfilmcommission.com\/wp-content\/uploads\/2025\/10\/Foto-institucional-1-scaled.jpg","type":"image\/jpeg"}],"author":"admin_sfc","twitter_card":"summary_large_image","twitter_misc":{"Written by":"admin_sfc","Est. reading time":"3 minutes"},"schema":{"@context":"https:\/\/schema.org","@graph":[{"@type":"Article","@id":"https:\/\/spainfilmcommission.com\/en\/blog\/spain-film-commission-celebra-la-5a-edicion-de-shooting-locations-marketplace-en-valladolid-con-participantes-de-24-paises\/#article","isPartOf":{"@id":"https:\/\/spainfilmcommission.com\/en\/blog\/spain-film-commission-celebra-la-5a-edicion-de-shooting-locations-marketplace-en-valladolid-con-participantes-de-24-paises\/"},"author":{"name":"admin_sfc","@id":"https:\/\/spainfilmcommission.com\/en\/#\/schema\/person\/2c139497e1f3f1d330424ab32ad5c19c"},"headline":"Spain Film Commission celebra la 5\u00aa edici\u00f3n de Shooting Locations Marketplace en Valladolid con participantes de 24 pa\u00edses","datePublished":"2025-10-20T15:23:31+00:00","dateModified":"2025-10-20T15:24:07+00:00","mainEntityOfPage":{"@id":"https:\/\/spainfilmcommission.com\/en\/blog\/spain-film-commission-celebra-la-5a-edicion-de-shooting-locations-marketplace-en-valladolid-con-participantes-de-24-paises\/"},"wordCount":567,"publisher":{"@id":"https:\/\/spainfilmcommission.com\/en\/#organization"},"image":{"@id":"https:\/\/spainfilmcommission.com\/en\/blog\/spain-film-commission-celebra-la-5a-edicion-de-shooting-locations-marketplace-en-valladolid-con-participantes-de-24-paises\/#primaryimage"},"thumbnailUrl":"https:\/\/spainfilmcommission.com\/wp-content\/uploads\/2025\/10\/Foto-institucional-1-scaled.jpg","articleSection":["Noticias"],"inLanguage":"en-US"},{"@type":"WebPage","@id":"https:\/\/spainfilmcommission.com\/en\/blog\/spain-film-commission-celebra-la-5a-edicion-de-shooting-locations-marketplace-en-valladolid-con-participantes-de-24-paises\/","url":"https:\/\/spainfilmcommission.com\/en\/blog\/spain-film-commission-celebra-la-5a-edicion-de-shooting-locations-marketplace-en-valladolid-con-participantes-de-24-paises\/","name":"Spain Film Commission celebra la 5\u00aa edici\u00f3n de Shooting Locations Marketplace en Valladolid con participantes de 24 pa\u00edses - Spain Film Commission","isPartOf":{"@id":"https:\/\/spainfilmcommission.com\/en\/#website"},"primaryImageOfPage":{"@id":"https:\/\/spainfilmcommission.com\/en\/blog\/spain-film-commission-celebra-la-5a-edicion-de-shooting-locations-marketplace-en-valladolid-con-participantes-de-24-paises\/#primaryimage"},"image":{"@id":"https:\/\/spainfilmcommission.com\/en\/blog\/spain-film-commission-celebra-la-5a-edicion-de-shooting-locations-marketplace-en-valladolid-con-participantes-de-24-paises\/#primaryimage"},"thumbnailUrl":"https:\/\/spainfilmcommission.com\/wp-content\/uploads\/2025\/10\/Foto-institucional-1-scaled.jpg","datePublished":"2025-10-20T15:23:31+00:00","dateModified":"2025-10-20T15:24:07+00:00","description":"La quinta edici\u00f3n de Shooting Locations Marketplace, celebrada los d\u00edas 15 y 16 de octubre en la Feria de Valladolid, concluy\u00f3 con un balance muy positivo. El encuentro, organizado por Feria de Valladolid en colaboraci\u00f3n con Spain Film Commission, reuni\u00f3 a profesionales de 24 pa\u00edses, as\u00ed como a 25 miembros de la asociaci\u00f3n, confirmando su papel como referente internacional en el mercado de localizaciones para rodajes audiovisuales.","breadcrumb":{"@id":"https:\/\/spainfilmcommission.com\/en\/blog\/spain-film-commission-celebra-la-5a-edicion-de-shooting-locations-marketplace-en-valladolid-con-participantes-de-24-paises\/#breadcrumb"},"inLanguage":"en-US","potentialAction":[{"@type":"ReadAction","target":["https:\/\/spainfilmcommission.com\/en\/blog\/spain-film-commission-celebra-la-5a-edicion-de-shooting-locations-marketplace-en-valladolid-con-participantes-de-24-paises\/"]}]},{"@type":"ImageObject","inLanguage":"en-US","@id":"https:\/\/spainfilmcommission.com\/en\/blog\/spain-film-commission-celebra-la-5a-edicion-de-shooting-locations-marketplace-en-valladolid-con-participantes-de-24-paises\/#primaryimage","url":"https:\/\/spainfilmcommission.com\/wp-content\/uploads\/2025\/10\/Foto-institucional-1-scaled.jpg","contentUrl":"https:\/\/spainfilmcommission.com\/wp-content\/uploads\/2025\/10\/Foto-institucional-1-scaled.jpg","width":2048,"height":1366},{"@type":"BreadcrumbList","@id":"https:\/\/spainfilmcommission.com\/en\/blog\/spain-film-commission-celebra-la-5a-edicion-de-shooting-locations-marketplace-en-valladolid-con-participantes-de-24-paises\/#breadcrumb","itemListElement":[{"@type":"ListItem","position":1,"name":"Portada","item":"https:\/\/spainfilmcommission.com\/en\/"},{"@type":"ListItem","position":2,"name":"Spain Film Commission celebra la 5\u00aa edici\u00f3n de Shooting Locations Marketplace en Valladolid con participantes de 24 pa\u00edses"}]},{"@type":"WebSite","@id":"https:\/\/spainfilmcommission.com\/en\/#website","url":"https:\/\/spainfilmcommission.com\/en\/","name":"Spain Film Commission","description":"","publisher":{"@id":"https:\/\/spainfilmcommission.com\/en\/#organization"},"potentialAction":[{"@type":"SearchAction","target":{"@type":"EntryPoint","urlTemplate":"https:\/\/spainfilmcommission.com\/en\/?s={search_term_string}"},"query-input":{"@type":"PropertyValueSpecification","valueRequired":true,"valueName":"search_term_string"}}],"inLanguage":"en-US"},{"@type":"Organization","@id":"https:\/\/spainfilmcommission.com\/en\/#organization","name":"Spain Film Commission","url":"https:\/\/spainfilmcommission.com\/en\/","logo":{"@type":"ImageObject","inLanguage":"en-US","@id":"https:\/\/spainfilmcommission.com\/en\/#\/schema\/logo\/image\/","url":"https:\/\/spainfilmcommission.com\/wp-content\/uploads\/2024\/07\/SPC_COLOR.png","contentUrl":"https:\/\/spainfilmcommission.com\/wp-content\/uploads\/2024\/07\/SPC_COLOR.png","width":1665,"height":1665,"caption":"Spain Film Commission"},"image":{"@id":"https:\/\/spainfilmcommission.com\/en\/#\/schema\/logo\/image\/"}},{"@type":"Person","@id":"https:\/\/spainfilmcommission.com\/en\/#\/schema\/person\/2c139497e1f3f1d330424ab32ad5c19c","name":"admin_sfc","image":{"@type":"ImageObject","inLanguage":"en-US","@id":"https:\/\/secure.gravatar.com\/avatar\/f06061f8836c87bc33143decdd70d30d1212ed16ccafd73454a40dfc2a046aed?s=96&d=mm&r=g","url":"https:\/\/secure.gravatar.com\/avatar\/f06061f8836c87bc33143decdd70d30d1212ed16ccafd73454a40dfc2a046aed?s=96&d=mm&r=g","contentUrl":"https:\/\/secure.gravatar.com\/avatar\/f06061f8836c87bc33143decdd70d30d1212ed16ccafd73454a40dfc2a046aed?s=96&d=mm&r=g","caption":"admin_sfc"}}]}},"_links":{"self":[{"href":"https:\/\/spainfilmcommission.com\/en\/wp-json\/wp\/v2\/posts\/36346","targetHints":{"allow":["GET"]}}],"collection":[{"href":"https:\/\/spainfilmcommission.com\/en\/wp-json\/wp\/v2\/posts"}],"about":[{"href":"https:\/\/spainfilmcommission.com\/en\/wp-json\/wp\/v2\/types\/post"}],"author":[{"embeddable":true,"href":"https:\/\/spainfilmcommission.com\/en\/wp-json\/wp\/v2\/users\/57"}],"replies":[{"embeddable":true,"href":"https:\/\/spainfilmcommission.com\/en\/wp-json\/wp\/v2\/comments?post=36346"}],"version-history":[{"count":0,"href":"https:\/\/spainfilmcommission.com\/en\/wp-json\/wp\/v2\/posts\/36346\/revisions"}],"wp:featuredmedia":[{"embeddable":true,"href":"https:\/\/spainfilmcommission.com\/en\/wp-json\/wp\/v2\/media\/36347"}],"wp:attachment":[{"href":"https:\/\/spainfilmcommission.com\/en\/wp-json\/wp\/v2\/media?parent=36346"}],"wp:term":[{"taxonomy":"category","embeddable":true,"href":"https:\/\/spainfilmcommission.com\/en\/wp-json\/wp\/v2\/categories?post=36346"},{"taxonomy":"post_tag","embeddable":true,"href":"https:\/\/spainfilmcommission.com\/en\/wp-json\/wp\/v2\/tags?post=36346"}],"curies":[{"name":"wp","href":"https:\/\/api.w.org\/{rel}","templated":true}]}}